{"id":16925,"date":"2023-04-26T08:34:38","date_gmt":"2023-04-26T06:34:38","guid":{"rendered":"https:\/\/mdkoswiecim.pl\/?p=16925"},"modified":"2023-04-26T08:34:39","modified_gmt":"2023-04-26T06:34:39","slug":"zmiana-godzin-zajec-2-maja","status":"publish","type":"post","link":"https:\/\/mdkoswiecim.pl\/index.php\/2023\/04\/26\/zmiana-godzin-zajec-2-maja\/","title":{"rendered":"ZMIANA GODZIN ZAJ\u0118\u0106 2 MAJA"},"content":{"rendered":"\n<p>Informujemy, \u017ce zmianie ulegaj\u0105 godziny zaj\u0119\u0107 w dniu 2 maja b.r.<\/p>\n\n\n\n<p>Poni\u017cej przedstawiamy harmonogram&#8230;<\/p>\n\n\n\n<figure class=\"wp-block-table\"><table><tbody><tr><td rowspan=\"9\"><strong>2.05.2023<\/strong><br><br><br><br><br><br><br><br><strong>WTOREK<\/strong><br><\/td><td><strong>Zaj\u0119cia<\/strong><\/td><td><strong>Nauczyciel<\/strong><\/td><td><strong>Plac\u00f3wka<\/strong><\/td><td><strong>Godzina zaj\u0119\u0107<\/strong><\/td><\/tr><tr><td><strong>Plastyka<\/strong><br><\/td><td>M. Dom\u017ca\u0142<\/td><td><br>MDK<\/td><td><br>9:00-10:30<\/td><\/tr><tr><td><strong>Warsztaty plastyczne<\/strong><br><\/td><td>E.Wardza\u0142a-Sere\u015b<\/td><td>MDK<\/td><td>9:00-11:15<\/td><\/tr><tr><td><strong>Plastyka<\/strong><\/td><td>M. Dom\u017ca\u0142<\/td><td><br>MDK<\/td><td><br>10:30-12:00<\/td><\/tr><tr><td><strong>Gra na gitarze<\/strong><\/td><td>J. Majcherek<\/td><td><br>MDK<\/td><td>10:00-11:30<\/td><\/tr><tr><td><strong>Ukulele<\/strong><br><\/td><td>K. Sibik<\/td><td>MDK<\/td><td>11:00-12:30<\/td><\/tr><tr><td><strong>Gra na gitarze gr. \u015bredniozaawansowana<\/strong><\/td><td>K. Sibik<\/td><td>MDK<\/td><td>12:30-14:00<\/td><\/tr><tr><td><strong>Gra na gitarze<\/strong><br><\/td><td>J. Majcherek<\/td><td>PIWNICA<\/td><td>11:35-13:05<\/td><\/tr><tr><td><strong>Badminton<\/strong><br><\/td><td>T. Kantyka<\/td><td>SP 2 O\u015bwi\u0119cim<\/td><td>17:30-19:00<\/td><\/tr><\/tbody><\/table><\/figure>\n","protected":false},"excerpt":{"rendered":"<p>Informujemy, \u017ce zmianie ulegaj\u0105 godziny zaj\u0119\u0107 w dniu 2 maja b.r. Poni\u017cej przedstawiamy harmonogram&#8230; 2.05.2023 WTOREK Zaj\u0119cia Nauczyciel Plac\u00f3wka Godzina zaj\u0119\u0107 Plastyka M. Dom\u017ca\u0142 MDK 9:00-10:30 Warsztaty plastyczne E.Wardza\u0142a-Sere\u015b MDK 9:00-11:15 Plastyka M. Dom\u017ca\u0142 MDK 10:30-12:00 Gra na gitarze J. Majcherek MDK 10:00-11:30 Ukulele K. Sibik MDK 11:00-12:30 Gra na gitarze gr. \u015bredniozaawansowana K. Sibik [&hellip;]<\/p>\n","protected":false},"author":3,"featured_media":16923,"comment_status":"closed","ping_status":"closed","sticky":false,"template":"","format":"standard","meta":{"footnotes":""},"categories":[108],"tags":[],"class_list":["post-16925","post","type-post","status-publish","format-standard","has-post-thumbnail","hentry","category-aktualnosci"],"yoast_head":"<!-- This site is optimized with the Yoast SEO plugin v16.1.1 - https:\/\/yoast.com\/wordpress\/plugins\/seo\/ -->\n<title>ZMIANA GODZIN ZAJ\u0118\u0106 2 MAJA - MDK<\/title>\n<link rel=\"canonical\" href=\"https:\/\/mdkoswiecim.pl\/index.php\/2023\/04\/26\/zmiana-godzin-zajec-2-maja\/\" \/>\n<meta property=\"og:locale\" content=\"pl_PL\" \/>\n<meta property=\"og:type\" content=\"article\" \/>\n<meta property=\"og:title\" content=\"ZMIANA GODZIN ZAJ\u0118\u0106 2 MAJA - MDK\" \/>\n<meta property=\"og:description\" content=\"Informujemy, \u017ce zmianie ulegaj\u0105 godziny zaj\u0119\u0107 w dniu 2 maja b.r. Poni\u017cej przedstawiamy harmonogram&#8230; 2.05.2023 WTOREK Zaj\u0119cia Nauczyciel Plac\u00f3wka Godzina zaj\u0119\u0107 Plastyka M. Dom\u017ca\u0142 MDK 9:00-10:30 Warsztaty plastyczne E.Wardza\u0142a-Sere\u015b MDK 9:00-11:15 Plastyka M. Dom\u017ca\u0142 MDK 10:30-12:00 Gra na gitarze J. Majcherek MDK 10:00-11:30 Ukulele K. Sibik MDK 11:00-12:30 Gra na gitarze gr. \u015bredniozaawansowana K. Sibik [&hellip;]\" \/>\n<meta property=\"og:url\" content=\"https:\/\/mdkoswiecim.pl\/index.php\/2023\/04\/26\/zmiana-godzin-zajec-2-maja\/\" \/>\n<meta property=\"og:site_name\" content=\"MDK\" \/>\n<meta property=\"article:published_time\" content=\"2023-04-26T06:34:38+00:00\" \/>\n<meta property=\"article:modified_time\" content=\"2023-04-26T06:34:39+00:00\" \/>\n<meta property=\"og:image\" content=\"https:\/\/mdkoswiecim.pl\/wp-content\/uploads\/2023\/04\/warning-gc049d732e_1280.png\" \/>\n\t<meta property=\"og:image:width\" content=\"1280\" \/>\n\t<meta property=\"og:image:height\" content=\"1105\" \/>\n<meta name=\"twitter:card\" content=\"summary_large_image\" \/>\n<meta name=\"twitter:label1\" content=\"Szacowany czas czytania\">\n\t<meta name=\"twitter:data1\" content=\"1 minuta\">\n<script type=\"application\/ld+json\" class=\"yoast-schema-graph\">{\"@context\":\"https:\/\/schema.org\",\"@graph\":[{\"@type\":\"WebSite\",\"@id\":\"https:\/\/mdkoswiecim.pl\/#website\",\"url\":\"https:\/\/mdkoswiecim.pl\/\",\"name\":\"MDK\",\"description\":\"M\\u0142odzie\\u017cowy Dom Kultury w O\\u015bwi\\u0119cimiu\",\"potentialAction\":[{\"@type\":\"SearchAction\",\"target\":\"https:\/\/mdkoswiecim.pl\/?s={search_term_string}\",\"query-input\":\"required name=search_term_string\"}],\"inLanguage\":\"pl-PL\"},{\"@type\":\"ImageObject\",\"@id\":\"https:\/\/mdkoswiecim.pl\/index.php\/2023\/04\/26\/zmiana-godzin-zajec-2-maja\/#primaryimage\",\"inLanguage\":\"pl-PL\",\"url\":\"https:\/\/mdkoswiecim.pl\/wp-content\/uploads\/2023\/04\/warning-gc049d732e_1280.png\",\"contentUrl\":\"https:\/\/mdkoswiecim.pl\/wp-content\/uploads\/2023\/04\/warning-gc049d732e_1280.png\",\"width\":1280,\"height\":1105},{\"@type\":\"WebPage\",\"@id\":\"https:\/\/mdkoswiecim.pl\/index.php\/2023\/04\/26\/zmiana-godzin-zajec-2-maja\/#webpage\",\"url\":\"https:\/\/mdkoswiecim.pl\/index.php\/2023\/04\/26\/zmiana-godzin-zajec-2-maja\/\",\"name\":\"ZMIANA GODZIN ZAJ\\u0118\\u0106 2 MAJA - MDK\",\"isPartOf\":{\"@id\":\"https:\/\/mdkoswiecim.pl\/#website\"},\"primaryImageOfPage\":{\"@id\":\"https:\/\/mdkoswiecim.pl\/index.php\/2023\/04\/26\/zmiana-godzin-zajec-2-maja\/#primaryimage\"},\"datePublished\":\"2023-04-26T06:34:38+00:00\",\"dateModified\":\"2023-04-26T06:34:39+00:00\",\"author\":{\"@id\":\"https:\/\/mdkoswiecim.pl\/#\/schema\/person\/d9c1081e4cfefcbccad7ec11fa250f7a\"},\"breadcrumb\":{\"@id\":\"https:\/\/mdkoswiecim.pl\/index.php\/2023\/04\/26\/zmiana-godzin-zajec-2-maja\/#breadcrumb\"},\"inLanguage\":\"pl-PL\",\"potentialAction\":[{\"@type\":\"ReadAction\",\"target\":[\"https:\/\/mdkoswiecim.pl\/index.php\/2023\/04\/26\/zmiana-godzin-zajec-2-maja\/\"]}]},{\"@type\":\"BreadcrumbList\",\"@id\":\"https:\/\/mdkoswiecim.pl\/index.php\/2023\/04\/26\/zmiana-godzin-zajec-2-maja\/#breadcrumb\",\"itemListElement\":[{\"@type\":\"ListItem\",\"position\":1,\"item\":{\"@type\":\"WebPage\",\"@id\":\"https:\/\/mdkoswiecim.pl\/\",\"url\":\"https:\/\/mdkoswiecim.pl\/\",\"name\":\"Strona g\\u0142\\u00f3wna\"}},{\"@type\":\"ListItem\",\"position\":2,\"item\":{\"@type\":\"WebPage\",\"@id\":\"https:\/\/mdkoswiecim.pl\/index.php\/2023\/04\/26\/zmiana-godzin-zajec-2-maja\/\",\"url\":\"https:\/\/mdkoswiecim.pl\/index.php\/2023\/04\/26\/zmiana-godzin-zajec-2-maja\/\",\"name\":\"ZMIANA GODZIN ZAJ\\u0118\\u0106 2 MAJA\"}}]},{\"@type\":\"Person\",\"@id\":\"https:\/\/mdkoswiecim.pl\/#\/schema\/person\/d9c1081e4cfefcbccad7ec11fa250f7a\",\"name\":\"alina.kwarciak\",\"image\":{\"@type\":\"ImageObject\",\"@id\":\"https:\/\/mdkoswiecim.pl\/#personlogo\",\"inLanguage\":\"pl-PL\",\"url\":\"https:\/\/secure.gravatar.com\/avatar\/cce8f640650bbd69c0efc0afd2dddb7945a94129b978796401e58cac1eb8b87b?s=96&d=mm&r=g\",\"contentUrl\":\"https:\/\/secure.gravatar.com\/avatar\/cce8f640650bbd69c0efc0afd2dddb7945a94129b978796401e58cac1eb8b87b?s=96&d=mm&r=g\",\"caption\":\"alina.kwarciak\"}}]}<\/script>\n<!-- \/ Yoast SEO plugin. -->","_links":{"self":[{"href":"https:\/\/mdkoswiecim.pl\/index.php\/wp-json\/wp\/v2\/posts\/16925","targetHints":{"allow":["GET"]}}],"collection":[{"href":"https:\/\/mdkoswiecim.pl\/index.php\/wp-json\/wp\/v2\/posts"}],"about":[{"href":"https:\/\/mdkoswiecim.pl\/index.php\/wp-json\/wp\/v2\/types\/post"}],"author":[{"embeddable":true,"href":"https:\/\/mdkoswiecim.pl\/index.php\/wp-json\/wp\/v2\/users\/3"}],"replies":[{"embeddable":true,"href":"https:\/\/mdkoswiecim.pl\/index.php\/wp-json\/wp\/v2\/comments?post=16925"}],"version-history":[{"count":1,"href":"https:\/\/mdkoswiecim.pl\/index.php\/wp-json\/wp\/v2\/posts\/16925\/revisions"}],"predecessor-version":[{"id":16926,"href":"https:\/\/mdkoswiecim.pl\/index.php\/wp-json\/wp\/v2\/posts\/16925\/revisions\/16926"}],"wp:featuredmedia":[{"embeddable":true,"href":"https:\/\/mdkoswiecim.pl\/index.php\/wp-json\/wp\/v2\/media\/16923"}],"wp:attachment":[{"href":"https:\/\/mdkoswiecim.pl\/index.php\/wp-json\/wp\/v2\/media?parent=16925"}],"wp:term":[{"taxonomy":"category","embeddable":true,"href":"https:\/\/mdkoswiecim.pl\/index.php\/wp-json\/wp\/v2\/categories?post=16925"},{"taxonomy":"post_tag","embeddable":true,"href":"https:\/\/mdkoswiecim.pl\/index.php\/wp-json\/wp\/v2\/tags?post=16925"}],"curies":[{"name":"wp","href":"https:\/\/api.w.org\/{rel}","templated":true}]}}