{"id":16905,"date":"2023-04-20T14:26:38","date_gmt":"2023-04-20T12:26:38","guid":{"rendered":"https:\/\/mdkoswiecim.pl\/?p=16905"},"modified":"2023-10-16T14:43:52","modified_gmt":"2023-10-16T12:43:52","slug":"wakacje-2023","status":"publish","type":"post","link":"https:\/\/mdkoswiecim.pl\/index.php\/2023\/04\/20\/wakacje-2023\/","title":{"rendered":"WAKACJE 2023"},"content":{"rendered":"\n<p>Serdecznie zapraszamy do zapoznania si\u0119 nasz\u0105 ofert\u0105 zaj\u0119\u0107 wakacyjnych. Karty zg\u0142osze\u0144 nale\u017cy z\u0142o\u017cy\u0107 w sekretariacie M\u0142odzie\u017cowego Domu Kultury w O\u015bwi\u0119cimiu<strong> do pi\u0105tku poprzedzaj\u0105cego dany turnus.<\/strong><\/p>\n\n\n\n<p>Dziecko b\u0119dzie mog\u0142o skorzysta\u0107 z zaj\u0119\u0107 w wybranym przez siebie terminie: I turnus: 26 czerwca \u2013 30 czerwca;                  II turnus: 3 do 7 lipca; III turnus 10 do 14 lipca.<\/p>\n\n\n\n<p>Karta zg\u0142oszenia: <\/p>\n\n\n\n<div class=\"wp-block-file\"><a id=\"wp-block-file--media-e76f7225-22e5-4d02-bfcd-9c1d990d4784\" href=\"https:\/\/mdkoswiecim.pl\/wp-content\/uploads\/2023\/04\/Druk-karty-kwalifikacyjnej-uczestnika-wypoczynku-2023.doc\">Druk-karty-kwalifikacyjnej-uczestnika-wypoczynku-2023<\/a><a href=\"https:\/\/mdkoswiecim.pl\/wp-content\/uploads\/2023\/04\/Druk-karty-kwalifikacyjnej-uczestnika-wypoczynku-2023.doc\" class=\"wp-block-file__button wp-element-button\" download aria-describedby=\"wp-block-file--media-e76f7225-22e5-4d02-bfcd-9c1d990d4784\">Pobierz<\/a><\/div>\n\n\n\n<p>Harmonogram: <\/p>\n\n\n\n<div class=\"wp-block-file\"><a id=\"wp-block-file--media-c3f8980c-6f82-4762-9985-f0ab11cc6f3e\" href=\"https:\/\/mdkoswiecim.pl\/wp-content\/uploads\/2023\/07\/HARMONOGRAM-zajec-wakacje-2023-aktualny.doc\">HARMONOGRAM-zajec-wakacje-2023-aktualny<\/a><a href=\"https:\/\/mdkoswiecim.pl\/wp-content\/uploads\/2023\/07\/HARMONOGRAM-zajec-wakacje-2023-aktualny.doc\" class=\"wp-block-file__button wp-element-button\" download aria-describedby=\"wp-block-file--media-c3f8980c-6f82-4762-9985-f0ab11cc6f3e\">Pobierz<\/a><\/div>\n\n\n\n<p>Regulaminy:<\/p>\n\n\n\n<div class=\"wp-block-file\"><a id=\"wp-block-file--media-044355a1-0d80-437b-ba41-5d7a97fc8c19\" href=\"https:\/\/mdkoswiecim.pl\/wp-content\/uploads\/2023\/04\/Regulamin_rekrutacji_wakacje-2023.doc\">Regulamin_rekrutacji_wakacje-2023<\/a><a href=\"https:\/\/mdkoswiecim.pl\/wp-content\/uploads\/2023\/04\/Regulamin_rekrutacji_wakacje-2023.doc\" class=\"wp-block-file__button wp-element-button\" download aria-describedby=\"wp-block-file--media-044355a1-0d80-437b-ba41-5d7a97fc8c19\">Pobierz<\/a><\/div>\n\n\n\n<div class=\"wp-block-file\"><a id=\"wp-block-file--media-c9336d3c-315d-47de-a72a-c5c7ff83e204\" href=\"https:\/\/mdkoswiecim.pl\/wp-content\/uploads\/2023\/04\/Regulamin_wakacje-2023.doc\">Regulamin_wakacje-2023<\/a><a href=\"https:\/\/mdkoswiecim.pl\/wp-content\/uploads\/2023\/04\/Regulamin_wakacje-2023.doc\" class=\"wp-block-file__button wp-element-button\" download aria-describedby=\"wp-block-file--media-c9336d3c-315d-47de-a72a-c5c7ff83e204\">Pobierz<\/a><\/div>\n","protected":false},"excerpt":{"rendered":"<p>Serdecznie zapraszamy do zapoznania si\u0119 nasz\u0105 ofert\u0105 zaj\u0119\u0107 wakacyjnych. Karty zg\u0142osze\u0144 nale\u017cy z\u0142o\u017cy\u0107 w sekretariacie M\u0142odzie\u017cowego Domu Kultury w O\u015bwi\u0119cimiu do pi\u0105tku poprzedzaj\u0105cego dany turnus. Dziecko b\u0119dzie mog\u0142o skorzysta\u0107 z zaj\u0119\u0107 w wybranym przez siebie terminie: I turnus: 26 czerwca \u2013 30 czerwca; II turnus: 3 do 7 lipca; III turnus 10 do 14 lipca. [&hellip;]<\/p>\n","protected":false},"author":2,"featured_media":16910,"comment_status":"closed","ping_status":"closed","sticky":false,"template":"","format":"standard","meta":{"footnotes":""},"categories":[108],"tags":[],"class_list":["post-16905","post","type-post","status-publish","format-standard","has-post-thumbnail","hentry","category-aktualnosci"],"yoast_head":"<!-- This site is optimized with the Yoast SEO plugin v16.1.1 - https:\/\/yoast.com\/wordpress\/plugins\/seo\/ -->\n<title>WAKACJE 2023 - MDK<\/title>\n<link rel=\"canonical\" href=\"https:\/\/mdkoswiecim.pl\/index.php\/2023\/04\/20\/wakacje-2023\/\" \/>\n<meta property=\"og:locale\" content=\"pl_PL\" \/>\n<meta property=\"og:type\" content=\"article\" \/>\n<meta property=\"og:title\" content=\"WAKACJE 2023 - MDK\" \/>\n<meta property=\"og:description\" content=\"Serdecznie zapraszamy do zapoznania si\u0119 nasz\u0105 ofert\u0105 zaj\u0119\u0107 wakacyjnych. Karty zg\u0142osze\u0144 nale\u017cy z\u0142o\u017cy\u0107 w sekretariacie M\u0142odzie\u017cowego Domu Kultury w O\u015bwi\u0119cimiu do pi\u0105tku poprzedzaj\u0105cego dany turnus. Dziecko b\u0119dzie mog\u0142o skorzysta\u0107 z zaj\u0119\u0107 w wybranym przez siebie terminie: I turnus: 26 czerwca \u2013 30 czerwca; II turnus: 3 do 7 lipca; III turnus 10 do 14 lipca. [&hellip;]\" \/>\n<meta property=\"og:url\" content=\"https:\/\/mdkoswiecim.pl\/index.php\/2023\/04\/20\/wakacje-2023\/\" \/>\n<meta property=\"og:site_name\" content=\"MDK\" \/>\n<meta property=\"article:published_time\" content=\"2023-04-20T12:26:38+00:00\" \/>\n<meta property=\"article:modified_time\" content=\"2023-10-16T12:43:52+00:00\" \/>\n<meta property=\"og:image\" content=\"https:\/\/mdkoswiecim.pl\/wp-content\/uploads\/2023\/04\/pexels-yan-krukau-8612992-scaled.jpg\" \/>\n\t<meta property=\"og:image:width\" content=\"2560\" \/>\n\t<meta property=\"og:image:height\" content=\"1707\" \/>\n<meta name=\"twitter:card\" content=\"summary_large_image\" \/>\n<meta name=\"twitter:label1\" content=\"Szacowany czas czytania\">\n\t<meta name=\"twitter:data1\" content=\"1 minuta\">\n<script type=\"application\/ld+json\" class=\"yoast-schema-graph\">{\"@context\":\"https:\/\/schema.org\",\"@graph\":[{\"@type\":\"WebSite\",\"@id\":\"https:\/\/mdkoswiecim.pl\/#website\",\"url\":\"https:\/\/mdkoswiecim.pl\/\",\"name\":\"MDK\",\"description\":\"M\\u0142odzie\\u017cowy Dom Kultury w O\\u015bwi\\u0119cimiu\",\"potentialAction\":[{\"@type\":\"SearchAction\",\"target\":\"https:\/\/mdkoswiecim.pl\/?s={search_term_string}\",\"query-input\":\"required name=search_term_string\"}],\"inLanguage\":\"pl-PL\"},{\"@type\":\"ImageObject\",\"@id\":\"https:\/\/mdkoswiecim.pl\/index.php\/2023\/04\/20\/wakacje-2023\/#primaryimage\",\"inLanguage\":\"pl-PL\",\"url\":\"https:\/\/mdkoswiecim.pl\/wp-content\/uploads\/2023\/04\/pexels-yan-krukau-8612992-scaled.jpg\",\"contentUrl\":\"https:\/\/mdkoswiecim.pl\/wp-content\/uploads\/2023\/04\/pexels-yan-krukau-8612992-scaled.jpg\",\"width\":2560,\"height\":1707},{\"@type\":\"WebPage\",\"@id\":\"https:\/\/mdkoswiecim.pl\/index.php\/2023\/04\/20\/wakacje-2023\/#webpage\",\"url\":\"https:\/\/mdkoswiecim.pl\/index.php\/2023\/04\/20\/wakacje-2023\/\",\"name\":\"WAKACJE 2023 - MDK\",\"isPartOf\":{\"@id\":\"https:\/\/mdkoswiecim.pl\/#website\"},\"primaryImageOfPage\":{\"@id\":\"https:\/\/mdkoswiecim.pl\/index.php\/2023\/04\/20\/wakacje-2023\/#primaryimage\"},\"datePublished\":\"2023-04-20T12:26:38+00:00\",\"dateModified\":\"2023-10-16T12:43:52+00:00\",\"author\":{\"@id\":\"https:\/\/mdkoswiecim.pl\/#\/schema\/person\/de4e1c3f9f9805d4834a83cd933e83a4\"},\"breadcrumb\":{\"@id\":\"https:\/\/mdkoswiecim.pl\/index.php\/2023\/04\/20\/wakacje-2023\/#breadcrumb\"},\"inLanguage\":\"pl-PL\",\"potentialAction\":[{\"@type\":\"ReadAction\",\"target\":[\"https:\/\/mdkoswiecim.pl\/index.php\/2023\/04\/20\/wakacje-2023\/\"]}]},{\"@type\":\"BreadcrumbList\",\"@id\":\"https:\/\/mdkoswiecim.pl\/index.php\/2023\/04\/20\/wakacje-2023\/#breadcrumb\",\"itemListElement\":[{\"@type\":\"ListItem\",\"position\":1,\"item\":{\"@type\":\"WebPage\",\"@id\":\"https:\/\/mdkoswiecim.pl\/\",\"url\":\"https:\/\/mdkoswiecim.pl\/\",\"name\":\"Strona g\\u0142\\u00f3wna\"}},{\"@type\":\"ListItem\",\"position\":2,\"item\":{\"@type\":\"WebPage\",\"@id\":\"https:\/\/mdkoswiecim.pl\/index.php\/2023\/04\/20\/wakacje-2023\/\",\"url\":\"https:\/\/mdkoswiecim.pl\/index.php\/2023\/04\/20\/wakacje-2023\/\",\"name\":\"WAKACJE 2023\"}}]},{\"@type\":\"Person\",\"@id\":\"https:\/\/mdkoswiecim.pl\/#\/schema\/person\/de4e1c3f9f9805d4834a83cd933e83a4\",\"name\":\"janusz.majcherek\",\"image\":{\"@type\":\"ImageObject\",\"@id\":\"https:\/\/mdkoswiecim.pl\/#personlogo\",\"inLanguage\":\"pl-PL\",\"url\":\"https:\/\/secure.gravatar.com\/avatar\/841ee0bdfc0ec9800cdb49de086063cd2bdca44d52221b7fee4d6a2db5eafb17?s=96&d=mm&r=g\",\"contentUrl\":\"https:\/\/secure.gravatar.com\/avatar\/841ee0bdfc0ec9800cdb49de086063cd2bdca44d52221b7fee4d6a2db5eafb17?s=96&d=mm&r=g\",\"caption\":\"janusz.majcherek\"}}]}<\/script>\n<!-- \/ Yoast SEO plugin. -->","_links":{"self":[{"href":"https:\/\/mdkoswiecim.pl\/index.php\/wp-json\/wp\/v2\/posts\/16905","targetHints":{"allow":["GET"]}}],"collection":[{"href":"https:\/\/mdkoswiecim.pl\/index.php\/wp-json\/wp\/v2\/posts"}],"about":[{"href":"https:\/\/mdkoswiecim.pl\/index.php\/wp-json\/wp\/v2\/types\/post"}],"author":[{"embeddable":true,"href":"https:\/\/mdkoswiecim.pl\/index.php\/wp-json\/wp\/v2\/users\/2"}],"replies":[{"embeddable":true,"href":"https:\/\/mdkoswiecim.pl\/index.php\/wp-json\/wp\/v2\/comments?post=16905"}],"version-history":[{"count":11,"href":"https:\/\/mdkoswiecim.pl\/index.php\/wp-json\/wp\/v2\/posts\/16905\/revisions"}],"predecessor-version":[{"id":17662,"href":"https:\/\/mdkoswiecim.pl\/index.php\/wp-json\/wp\/v2\/posts\/16905\/revisions\/17662"}],"wp:featuredmedia":[{"embeddable":true,"href":"https:\/\/mdkoswiecim.pl\/index.php\/wp-json\/wp\/v2\/media\/16910"}],"wp:attachment":[{"href":"https:\/\/mdkoswiecim.pl\/index.php\/wp-json\/wp\/v2\/media?parent=16905"}],"wp:term":[{"taxonomy":"category","embeddable":true,"href":"https:\/\/mdkoswiecim.pl\/index.php\/wp-json\/wp\/v2\/categories?post=16905"},{"taxonomy":"post_tag","embeddable":true,"href":"https:\/\/mdkoswiecim.pl\/index.php\/wp-json\/wp\/v2\/tags?post=16905"}],"curies":[{"name":"wp","href":"https:\/\/api.w.org\/{rel}","templated":true}]}}