{"id":16878,"date":"2023-04-19T10:18:09","date_gmt":"2023-04-19T08:18:09","guid":{"rendered":"https:\/\/mdkoswiecim.pl\/?p=16878"},"modified":"2023-04-19T10:18:11","modified_gmt":"2023-04-19T08:18:11","slug":"sukcesy-cheerleaderek-z-mdk","status":"publish","type":"post","link":"https:\/\/mdkoswiecim.pl\/index.php\/2023\/04\/19\/sukcesy-cheerleaderek-z-mdk\/","title":{"rendered":"SUKCESY CHEERLEADEREK Z MDK :)"},"content":{"rendered":"\n<p>16 kwietnia b.r by\u0142 dniem pe\u0142nym emocji i sukces\u00f3w dla Cheerleaderek Shake z M\u0142odzie\u017cowego Domu Kultury w O\u015bwi\u0119cimiu. Bra\u0142y one udzia\u0142 w charytatywnym Integracyjnym Og\u00f3lnopolskim Festiwalu Ta\u0144ca i Piosenki Chrzanowska Lokomotywa Artystyczna. W tym samum dniu pojecha\u0142y te\u017c na Festiwal Ta\u0144ca do Zatora zajmuj\u0105c tam 2 razy 2. miejsce w kat. duety Ania i Jagoda oraz w kat. mini formacji kl 1-3.<\/p>\n\n\n\n<p>Dzi\u0119kujemy dziewczynom talent\u00f3w i wspania\u0142ych efekt\u00f3w ci\u0119\u017ckiej pracy. Dzi\u0119kujemy r\u00f3wnie\u017c rodzicom i opiekunom za pomoc w organizowaniu wyjazd\u00f3w dziewczynek na turnieje. Ogromne podzi\u0119kowania kierujemy w stron\u0119 pana Roberta Leszczy\u0144skiego, prezesa firmy RBS Robotics z O\u015bwi\u0119cimia za ufundowanie bluz dla naszych zawodniczek.<\/p>\n\n\n\n<figure class=\"wp-block-gallery has-nested-images columns-2 is-cropped wp-block-gallery-1 is-layout-flex wp-block-gallery-is-layout-flex\">\n<figure class=\"wp-block-image size-large\"><a href=\"https:\/\/mdkoswiecim.pl\/wp-content\/uploads\/2023\/04\/337171348_539997594981044_9139516158612734354_n.jpg\"><img loading=\"lazy\" decoding=\"async\" width=\"1024\" height=\"667\" data-id=\"16879\" src=\"https:\/\/mdkoswiecim.pl\/wp-content\/uploads\/2023\/04\/337171348_539997594981044_9139516158612734354_n-1024x667.jpg\" alt=\"\" class=\"wp-image-16879\" srcset=\"https:\/\/mdkoswiecim.pl\/wp-content\/uploads\/2023\/04\/337171348_539997594981044_9139516158612734354_n-1024x667.jpg 1024w, https:\/\/mdkoswiecim.pl\/wp-content\/uploads\/2023\/04\/337171348_539997594981044_9139516158612734354_n-300x195.jpg 300w, https:\/\/mdkoswiecim.pl\/wp-content\/uploads\/2023\/04\/337171348_539997594981044_9139516158612734354_n-768x500.jpg 768w, https:\/\/mdkoswiecim.pl\/wp-content\/uploads\/2023\/04\/337171348_539997594981044_9139516158612734354_n.jpg 1474w\" sizes=\"auto, (max-width: 1024px) 100vw, 1024px\" \/><\/a><\/figure>\n\n\n\n<figure class=\"wp-block-image size-large\"><a href=\"https:\/\/mdkoswiecim.pl\/wp-content\/uploads\/2023\/04\/341675463_1372904689941836_4769913446058565922_n.jpg\"><img loading=\"lazy\" decoding=\"async\" width=\"1024\" height=\"768\" data-id=\"16881\" src=\"https:\/\/mdkoswiecim.pl\/wp-content\/uploads\/2023\/04\/341675463_1372904689941836_4769913446058565922_n-1024x768.jpg\" alt=\"\" class=\"wp-image-16881\" srcset=\"https:\/\/mdkoswiecim.pl\/wp-content\/uploads\/2023\/04\/341675463_1372904689941836_4769913446058565922_n-1024x768.jpg 1024w, https:\/\/mdkoswiecim.pl\/wp-content\/uploads\/2023\/04\/341675463_1372904689941836_4769913446058565922_n-300x225.jpg 300w, https:\/\/mdkoswiecim.pl\/wp-content\/uploads\/2023\/04\/341675463_1372904689941836_4769913446058565922_n-768x576.jpg 768w, https:\/\/mdkoswiecim.pl\/wp-content\/uploads\/2023\/04\/341675463_1372904689941836_4769913446058565922_n-1536x1152.jpg 1536w, https:\/\/mdkoswiecim.pl\/wp-content\/uploads\/2023\/04\/341675463_1372904689941836_4769913446058565922_n.jpg 2048w\" sizes=\"auto, (max-width: 1024px) 100vw, 1024px\" \/><\/a><\/figure>\n\n\n\n<figure class=\"wp-block-image size-large\"><a href=\"https:\/\/mdkoswiecim.pl\/wp-content\/uploads\/2023\/04\/341998337_1662897554140530_6528328869919585072_n.jpg\"><img loading=\"lazy\" decoding=\"async\" width=\"1024\" height=\"768\" data-id=\"16882\" src=\"https:\/\/mdkoswiecim.pl\/wp-content\/uploads\/2023\/04\/341998337_1662897554140530_6528328869919585072_n-1024x768.jpg\" alt=\"\" class=\"wp-image-16882\" srcset=\"https:\/\/mdkoswiecim.pl\/wp-content\/uploads\/2023\/04\/341998337_1662897554140530_6528328869919585072_n-1024x768.jpg 1024w, https:\/\/mdkoswiecim.pl\/wp-content\/uploads\/2023\/04\/341998337_1662897554140530_6528328869919585072_n-300x225.jpg 300w, https:\/\/mdkoswiecim.pl\/wp-content\/uploads\/2023\/04\/341998337_1662897554140530_6528328869919585072_n-768x576.jpg 768w, https:\/\/mdkoswiecim.pl\/wp-content\/uploads\/2023\/04\/341998337_1662897554140530_6528328869919585072_n-1536x1152.jpg 1536w, https:\/\/mdkoswiecim.pl\/wp-content\/uploads\/2023\/04\/341998337_1662897554140530_6528328869919585072_n.jpg 2048w\" sizes=\"auto, (max-width: 1024px) 100vw, 1024px\" \/><\/a><\/figure>\n\n\n\n<figure class=\"wp-block-image size-large\"><a href=\"https:\/\/mdkoswiecim.pl\/wp-content\/uploads\/2023\/04\/342333172_175262855416564_8667318734996341085_n.jpg\"><img loading=\"lazy\" decoding=\"async\" width=\"1024\" height=\"768\" data-id=\"16883\" src=\"https:\/\/mdkoswiecim.pl\/wp-content\/uploads\/2023\/04\/342333172_175262855416564_8667318734996341085_n-1024x768.jpg\" alt=\"\" class=\"wp-image-16883\" srcset=\"https:\/\/mdkoswiecim.pl\/wp-content\/uploads\/2023\/04\/342333172_175262855416564_8667318734996341085_n-1024x768.jpg 1024w, https:\/\/mdkoswiecim.pl\/wp-content\/uploads\/2023\/04\/342333172_175262855416564_8667318734996341085_n-300x225.jpg 300w, https:\/\/mdkoswiecim.pl\/wp-content\/uploads\/2023\/04\/342333172_175262855416564_8667318734996341085_n-768x576.jpg 768w, https:\/\/mdkoswiecim.pl\/wp-content\/uploads\/2023\/04\/342333172_175262855416564_8667318734996341085_n-1536x1152.jpg 1536w, https:\/\/mdkoswiecim.pl\/wp-content\/uploads\/2023\/04\/342333172_175262855416564_8667318734996341085_n.jpg 2048w\" sizes=\"auto, (max-width: 1024px) 100vw, 1024px\" \/><\/a><\/figure>\n<\/figure>\n","protected":false},"excerpt":{"rendered":"<p>16 kwietnia b.r by\u0142 dniem pe\u0142nym emocji i sukces\u00f3w dla Cheerleaderek Shake z M\u0142odzie\u017cowego Domu Kultury w O\u015bwi\u0119cimiu. Bra\u0142y one udzia\u0142 w charytatywnym Integracyjnym Og\u00f3lnopolskim Festiwalu Ta\u0144ca i Piosenki Chrzanowska Lokomotywa Artystyczna. W tym samum dniu pojecha\u0142y te\u017c na Festiwal Ta\u0144ca do Zatora zajmuj\u0105c tam 2 razy 2. miejsce w kat. duety Ania i Jagoda [&hellip;]<\/p>\n","protected":false},"author":3,"featured_media":16882,"comment_status":"closed","ping_status":"closed","sticky":false,"template":"","format":"standard","meta":{"footnotes":""},"categories":[108],"tags":[],"class_list":["post-16878","post","type-post","status-publish","format-standard","has-post-thumbnail","hentry","category-aktualnosci"],"yoast_head":"<!-- This site is optimized with the Yoast SEO plugin v16.1.1 - https:\/\/yoast.com\/wordpress\/plugins\/seo\/ -->\n<title>SUKCESY CHEERLEADEREK Z MDK :) - MDK<\/title>\n<link rel=\"canonical\" href=\"https:\/\/mdkoswiecim.pl\/index.php\/2023\/04\/19\/sukcesy-cheerleaderek-z-mdk\/\" \/>\n<meta property=\"og:locale\" content=\"pl_PL\" \/>\n<meta property=\"og:type\" content=\"article\" \/>\n<meta property=\"og:title\" content=\"SUKCESY CHEERLEADEREK Z MDK :) - MDK\" \/>\n<meta property=\"og:description\" content=\"16 kwietnia b.r by\u0142 dniem pe\u0142nym emocji i sukces\u00f3w dla Cheerleaderek Shake z M\u0142odzie\u017cowego Domu Kultury w O\u015bwi\u0119cimiu. Bra\u0142y one udzia\u0142 w charytatywnym Integracyjnym Og\u00f3lnopolskim Festiwalu Ta\u0144ca i Piosenki Chrzanowska Lokomotywa Artystyczna. W tym samum dniu pojecha\u0142y te\u017c na Festiwal Ta\u0144ca do Zatora zajmuj\u0105c tam 2 razy 2. miejsce w kat. duety Ania i Jagoda [&hellip;]\" \/>\n<meta property=\"og:url\" content=\"https:\/\/mdkoswiecim.pl\/index.php\/2023\/04\/19\/sukcesy-cheerleaderek-z-mdk\/\" \/>\n<meta property=\"og:site_name\" content=\"MDK\" \/>\n<meta property=\"article:published_time\" content=\"2023-04-19T08:18:09+00:00\" \/>\n<meta property=\"article:modified_time\" content=\"2023-04-19T08:18:11+00:00\" \/>\n<meta property=\"og:image\" content=\"https:\/\/mdkoswiecim.pl\/wp-content\/uploads\/2023\/04\/341998337_1662897554140530_6528328869919585072_n.jpg\" \/>\n\t<meta property=\"og:image:width\" content=\"2048\" \/>\n\t<meta property=\"og:image:height\" content=\"1536\" \/>\n<meta name=\"twitter:card\" content=\"summary_large_image\" \/>\n<meta name=\"twitter:label1\" content=\"Szacowany czas czytania\">\n\t<meta name=\"twitter:data1\" content=\"2 minuty\">\n<script type=\"application\/ld+json\" class=\"yoast-schema-graph\">{\"@context\":\"https:\/\/schema.org\",\"@graph\":[{\"@type\":\"WebSite\",\"@id\":\"https:\/\/mdkoswiecim.pl\/#website\",\"url\":\"https:\/\/mdkoswiecim.pl\/\",\"name\":\"MDK\",\"description\":\"M\\u0142odzie\\u017cowy Dom Kultury w O\\u015bwi\\u0119cimiu\",\"potentialAction\":[{\"@type\":\"SearchAction\",\"target\":\"https:\/\/mdkoswiecim.pl\/?s={search_term_string}\",\"query-input\":\"required name=search_term_string\"}],\"inLanguage\":\"pl-PL\"},{\"@type\":\"ImageObject\",\"@id\":\"https:\/\/mdkoswiecim.pl\/index.php\/2023\/04\/19\/sukcesy-cheerleaderek-z-mdk\/#primaryimage\",\"inLanguage\":\"pl-PL\",\"url\":\"https:\/\/mdkoswiecim.pl\/wp-content\/uploads\/2023\/04\/341998337_1662897554140530_6528328869919585072_n.jpg\",\"contentUrl\":\"https:\/\/mdkoswiecim.pl\/wp-content\/uploads\/2023\/04\/341998337_1662897554140530_6528328869919585072_n.jpg\",\"width\":2048,\"height\":1536},{\"@type\":\"WebPage\",\"@id\":\"https:\/\/mdkoswiecim.pl\/index.php\/2023\/04\/19\/sukcesy-cheerleaderek-z-mdk\/#webpage\",\"url\":\"https:\/\/mdkoswiecim.pl\/index.php\/2023\/04\/19\/sukcesy-cheerleaderek-z-mdk\/\",\"name\":\"SUKCESY CHEERLEADEREK Z MDK :) - MDK\",\"isPartOf\":{\"@id\":\"https:\/\/mdkoswiecim.pl\/#website\"},\"primaryImageOfPage\":{\"@id\":\"https:\/\/mdkoswiecim.pl\/index.php\/2023\/04\/19\/sukcesy-cheerleaderek-z-mdk\/#primaryimage\"},\"datePublished\":\"2023-04-19T08:18:09+00:00\",\"dateModified\":\"2023-04-19T08:18:11+00:00\",\"author\":{\"@id\":\"https:\/\/mdkoswiecim.pl\/#\/schema\/person\/d9c1081e4cfefcbccad7ec11fa250f7a\"},\"breadcrumb\":{\"@id\":\"https:\/\/mdkoswiecim.pl\/index.php\/2023\/04\/19\/sukcesy-cheerleaderek-z-mdk\/#breadcrumb\"},\"inLanguage\":\"pl-PL\",\"potentialAction\":[{\"@type\":\"ReadAction\",\"target\":[\"https:\/\/mdkoswiecim.pl\/index.php\/2023\/04\/19\/sukcesy-cheerleaderek-z-mdk\/\"]}]},{\"@type\":\"BreadcrumbList\",\"@id\":\"https:\/\/mdkoswiecim.pl\/index.php\/2023\/04\/19\/sukcesy-cheerleaderek-z-mdk\/#breadcrumb\",\"itemListElement\":[{\"@type\":\"ListItem\",\"position\":1,\"item\":{\"@type\":\"WebPage\",\"@id\":\"https:\/\/mdkoswiecim.pl\/\",\"url\":\"https:\/\/mdkoswiecim.pl\/\",\"name\":\"Strona g\\u0142\\u00f3wna\"}},{\"@type\":\"ListItem\",\"position\":2,\"item\":{\"@type\":\"WebPage\",\"@id\":\"https:\/\/mdkoswiecim.pl\/index.php\/2023\/04\/19\/sukcesy-cheerleaderek-z-mdk\/\",\"url\":\"https:\/\/mdkoswiecim.pl\/index.php\/2023\/04\/19\/sukcesy-cheerleaderek-z-mdk\/\",\"name\":\"SUKCESY CHEERLEADEREK Z MDK :)\"}}]},{\"@type\":\"Person\",\"@id\":\"https:\/\/mdkoswiecim.pl\/#\/schema\/person\/d9c1081e4cfefcbccad7ec11fa250f7a\",\"name\":\"alina.kwarciak\",\"image\":{\"@type\":\"ImageObject\",\"@id\":\"https:\/\/mdkoswiecim.pl\/#personlogo\",\"inLanguage\":\"pl-PL\",\"url\":\"https:\/\/secure.gravatar.com\/avatar\/cce8f640650bbd69c0efc0afd2dddb7945a94129b978796401e58cac1eb8b87b?s=96&d=mm&r=g\",\"contentUrl\":\"https:\/\/secure.gravatar.com\/avatar\/cce8f640650bbd69c0efc0afd2dddb7945a94129b978796401e58cac1eb8b87b?s=96&d=mm&r=g\",\"caption\":\"alina.kwarciak\"}}]}<\/script>\n<!-- \/ Yoast SEO plugin. -->","_links":{"self":[{"href":"https:\/\/mdkoswiecim.pl\/index.php\/wp-json\/wp\/v2\/posts\/16878","targetHints":{"allow":["GET"]}}],"collection":[{"href":"https:\/\/mdkoswiecim.pl\/index.php\/wp-json\/wp\/v2\/posts"}],"about":[{"href":"https:\/\/mdkoswiecim.pl\/index.php\/wp-json\/wp\/v2\/types\/post"}],"author":[{"embeddable":true,"href":"https:\/\/mdkoswiecim.pl\/index.php\/wp-json\/wp\/v2\/users\/3"}],"replies":[{"embeddable":true,"href":"https:\/\/mdkoswiecim.pl\/index.php\/wp-json\/wp\/v2\/comments?post=16878"}],"version-history":[{"count":1,"href":"https:\/\/mdkoswiecim.pl\/index.php\/wp-json\/wp\/v2\/posts\/16878\/revisions"}],"predecessor-version":[{"id":16885,"href":"https:\/\/mdkoswiecim.pl\/index.php\/wp-json\/wp\/v2\/posts\/16878\/revisions\/16885"}],"wp:featuredmedia":[{"embeddable":true,"href":"https:\/\/mdkoswiecim.pl\/index.php\/wp-json\/wp\/v2\/media\/16882"}],"wp:attachment":[{"href":"https:\/\/mdkoswiecim.pl\/index.php\/wp-json\/wp\/v2\/media?parent=16878"}],"wp:term":[{"taxonomy":"category","embeddable":true,"href":"https:\/\/mdkoswiecim.pl\/index.php\/wp-json\/wp\/v2\/categories?post=16878"},{"taxonomy":"post_tag","embeddable":true,"href":"https:\/\/mdkoswiecim.pl\/index.php\/wp-json\/wp\/v2\/tags?post=16878"}],"curies":[{"name":"wp","href":"https:\/\/api.w.org\/{rel}","templated":true}]}}