{"id":16866,"date":"2023-04-18T13:53:53","date_gmt":"2023-04-18T11:53:53","guid":{"rendered":"https:\/\/mdkoswiecim.pl\/?p=16866"},"modified":"2023-04-18T14:16:53","modified_gmt":"2023-04-18T12:16:53","slug":"zerwany-gdzies-na-lace-kwiat","status":"publish","type":"post","link":"https:\/\/mdkoswiecim.pl\/index.php\/2023\/04\/18\/zerwany-gdzies-na-lace-kwiat\/","title":{"rendered":"&#8220;Zerwany gdzie\u015b na \u0142\u0105ce kwiat&#8230;&#8221;"},"content":{"rendered":"\n<p><\/p>\n\n\n\n<p>W pi\u0105tek 14 kwietnia zesp\u00f3\u0142 naszych muzyk\u00f3w zagra\u0142 koncert w sali Domu Ludowego w Por\u0119bie Wielkiej. Repertuar obejmowa\u0142 piosenki zespo\u0142u &#8220;Pod Bud\u0105&#8221;. Wype\u0142niona po brzegi sala w\u0142\u0105czy\u0142a si\u0119 w \u015bpiew najwi\u0119kszych przeboj\u00f3w Andrzeja Sikorowskiego. Zabrzmia\u0142y m.in. takie utwory jak &#8220;Piwna 7&#8221;, &#8220;Zn\u00f3w idziemy na ca\u0142o\u015b\u0107&#8221;, &#8220;Nie przeno\u015bcie nam stolicy do Krakowa&#8221; czy &#8220;Przy niedzieli zabawa&#8221;. Na scenie wyst\u0105pili:<\/p>\n\n\n\n<p>Zuzanna Bratek -\u015bpiew<\/p>\n\n\n\n<p>Kamila Sibik &#8211; \u015bpiew, gitara, klawisze<\/p>\n\n\n\n<p>Anna Walancik &#8211; gitara<\/p>\n\n\n\n<p>Marcin Jurecki &#8211; gitara<\/p>\n\n\n\n<p>Pawe\u0142 M\u0105sior (go\u015bcinnie) &#8211; bas<\/p>\n\n\n\n<p>Janusz Majcherek &#8211; perkusja<\/p>\n\n\n\n<p> Imprezie towarzyszy\u0142o wiele akcent\u00f3w ekologicznych, w tym zasadzenie symbolicznego drzewka przez zast\u0119pc\u0119 w\u00f3jta gminy O\u015bwi\u0119cim Halin\u0119 Musia\u0142 i cz\u0142onkini\u0119 Zarz\u0105du Powiatu w O\u015bwi\u0119cimiu Teres\u0119 Jankowsk\u0105, a po koncercie s\u0142uchacze mogli odebra\u0107 podarunki w postaci sadzonek drzew. <\/p>\n\n\n\n<figure class=\"wp-block-gallery has-nested-images columns-default is-cropped wp-block-gallery-1 is-layout-flex wp-block-gallery-is-layout-flex\">\n<figure class=\"wp-block-image size-large\"><a href=\"https:\/\/mdkoswiecim.pl\/wp-content\/uploads\/2023\/04\/Wiosenny-Koncert-13.jpg\"><img loading=\"lazy\" decoding=\"async\" width=\"1024\" height=\"683\" data-id=\"16873\" src=\"https:\/\/mdkoswiecim.pl\/wp-content\/uploads\/2023\/04\/Wiosenny-Koncert-13.jpg\" alt=\"\" class=\"wp-image-16873\" srcset=\"https:\/\/mdkoswiecim.pl\/wp-content\/uploads\/2023\/04\/Wiosenny-Koncert-13.jpg 1024w, https:\/\/mdkoswiecim.pl\/wp-content\/uploads\/2023\/04\/Wiosenny-Koncert-13-300x200.jpg 300w, https:\/\/mdkoswiecim.pl\/wp-content\/uploads\/2023\/04\/Wiosenny-Koncert-13-768x512.jpg 768w\" sizes=\"auto, (max-width: 1024px) 100vw, 1024px\" \/><\/a><\/figure>\n\n\n\n<figure class=\"wp-block-image size-large\"><a href=\"https:\/\/mdkoswiecim.pl\/wp-content\/uploads\/2023\/04\/Wiosenny-Koncert-11.jpg\"><img loading=\"lazy\" decoding=\"async\" width=\"1024\" height=\"684\" data-id=\"16867\" src=\"https:\/\/mdkoswiecim.pl\/wp-content\/uploads\/2023\/04\/Wiosenny-Koncert-11.jpg\" alt=\"\" class=\"wp-image-16867\" srcset=\"https:\/\/mdkoswiecim.pl\/wp-content\/uploads\/2023\/04\/Wiosenny-Koncert-11.jpg 1024w, https:\/\/mdkoswiecim.pl\/wp-content\/uploads\/2023\/04\/Wiosenny-Koncert-11-300x200.jpg 300w, https:\/\/mdkoswiecim.pl\/wp-content\/uploads\/2023\/04\/Wiosenny-Koncert-11-768x513.jpg 768w\" sizes=\"auto, (max-width: 1024px) 100vw, 1024px\" \/><\/a><\/figure>\n\n\n\n<figure class=\"wp-block-image size-large\"><a href=\"https:\/\/mdkoswiecim.pl\/wp-content\/uploads\/2023\/04\/Wiosenny-Koncert-10.jpg\"><img loading=\"lazy\" decoding=\"async\" width=\"1024\" height=\"684\" data-id=\"16870\" src=\"https:\/\/mdkoswiecim.pl\/wp-content\/uploads\/2023\/04\/Wiosenny-Koncert-10.jpg\" alt=\"\" class=\"wp-image-16870\" srcset=\"https:\/\/mdkoswiecim.pl\/wp-content\/uploads\/2023\/04\/Wiosenny-Koncert-10.jpg 1024w, https:\/\/mdkoswiecim.pl\/wp-content\/uploads\/2023\/04\/Wiosenny-Koncert-10-300x200.jpg 300w, https:\/\/mdkoswiecim.pl\/wp-content\/uploads\/2023\/04\/Wiosenny-Koncert-10-768x513.jpg 768w\" sizes=\"auto, (max-width: 1024px) 100vw, 1024px\" \/><\/a><\/figure>\n\n\n\n<figure class=\"wp-block-image size-large\"><a href=\"https:\/\/mdkoswiecim.pl\/wp-content\/uploads\/2023\/04\/Wiosenny-Koncert-09.jpg\"><img loading=\"lazy\" decoding=\"async\" width=\"1024\" height=\"684\" data-id=\"16869\" src=\"https:\/\/mdkoswiecim.pl\/wp-content\/uploads\/2023\/04\/Wiosenny-Koncert-09.jpg\" alt=\"\" class=\"wp-image-16869\" srcset=\"https:\/\/mdkoswiecim.pl\/wp-content\/uploads\/2023\/04\/Wiosenny-Koncert-09.jpg 1024w, https:\/\/mdkoswiecim.pl\/wp-content\/uploads\/2023\/04\/Wiosenny-Koncert-09-300x200.jpg 300w, https:\/\/mdkoswiecim.pl\/wp-content\/uploads\/2023\/04\/Wiosenny-Koncert-09-768x513.jpg 768w\" sizes=\"auto, (max-width: 1024px) 100vw, 1024px\" \/><\/a><\/figure>\n\n\n\n<figure class=\"wp-block-image size-large\"><a href=\"https:\/\/mdkoswiecim.pl\/wp-content\/uploads\/2023\/04\/Wiosenny-Koncert-07.jpg\"><img loading=\"lazy\" decoding=\"async\" width=\"1024\" height=\"684\" data-id=\"16868\" src=\"https:\/\/mdkoswiecim.pl\/wp-content\/uploads\/2023\/04\/Wiosenny-Koncert-07.jpg\" alt=\"\" class=\"wp-image-16868\" srcset=\"https:\/\/mdkoswiecim.pl\/wp-content\/uploads\/2023\/04\/Wiosenny-Koncert-07.jpg 1024w, https:\/\/mdkoswiecim.pl\/wp-content\/uploads\/2023\/04\/Wiosenny-Koncert-07-300x200.jpg 300w, https:\/\/mdkoswiecim.pl\/wp-content\/uploads\/2023\/04\/Wiosenny-Koncert-07-768x513.jpg 768w\" sizes=\"auto, (max-width: 1024px) 100vw, 1024px\" \/><\/a><\/figure>\n\n\n\n<figure class=\"wp-block-image size-large\"><a href=\"https:\/\/mdkoswiecim.pl\/wp-content\/uploads\/2023\/04\/Wiosenny-Koncert-06.jpg\"><img loading=\"lazy\" decoding=\"async\" width=\"1024\" height=\"684\" data-id=\"16871\" src=\"https:\/\/mdkoswiecim.pl\/wp-content\/uploads\/2023\/04\/Wiosenny-Koncert-06.jpg\" alt=\"\" class=\"wp-image-16871\" srcset=\"https:\/\/mdkoswiecim.pl\/wp-content\/uploads\/2023\/04\/Wiosenny-Koncert-06.jpg 1024w, https:\/\/mdkoswiecim.pl\/wp-content\/uploads\/2023\/04\/Wiosenny-Koncert-06-300x200.jpg 300w, https:\/\/mdkoswiecim.pl\/wp-content\/uploads\/2023\/04\/Wiosenny-Koncert-06-768x513.jpg 768w\" sizes=\"auto, (max-width: 1024px) 100vw, 1024px\" \/><\/a><\/figure>\n\n\n\n<figure class=\"wp-block-image size-large\"><a href=\"https:\/\/mdkoswiecim.pl\/wp-content\/uploads\/2023\/04\/Wiosenny-Koncert-05.jpg\"><img loading=\"lazy\" decoding=\"async\" width=\"1024\" height=\"684\" data-id=\"16872\" src=\"https:\/\/mdkoswiecim.pl\/wp-content\/uploads\/2023\/04\/Wiosenny-Koncert-05.jpg\" alt=\"\" class=\"wp-image-16872\" srcset=\"https:\/\/mdkoswiecim.pl\/wp-content\/uploads\/2023\/04\/Wiosenny-Koncert-05.jpg 1024w, https:\/\/mdkoswiecim.pl\/wp-content\/uploads\/2023\/04\/Wiosenny-Koncert-05-300x200.jpg 300w, https:\/\/mdkoswiecim.pl\/wp-content\/uploads\/2023\/04\/Wiosenny-Koncert-05-768x513.jpg 768w\" sizes=\"auto, (max-width: 1024px) 100vw, 1024px\" \/><\/a><\/figure>\n\n\n\n<figure class=\"wp-block-image size-large\"><a href=\"https:\/\/mdkoswiecim.pl\/wp-content\/uploads\/2023\/04\/Wiosenny-Koncert-04.jpg\"><img loading=\"lazy\" decoding=\"async\" width=\"1024\" height=\"684\" data-id=\"16874\" src=\"https:\/\/mdkoswiecim.pl\/wp-content\/uploads\/2023\/04\/Wiosenny-Koncert-04.jpg\" alt=\"\" class=\"wp-image-16874\" srcset=\"https:\/\/mdkoswiecim.pl\/wp-content\/uploads\/2023\/04\/Wiosenny-Koncert-04.jpg 1024w, https:\/\/mdkoswiecim.pl\/wp-content\/uploads\/2023\/04\/Wiosenny-Koncert-04-300x200.jpg 300w, https:\/\/mdkoswiecim.pl\/wp-content\/uploads\/2023\/04\/Wiosenny-Koncert-04-768x513.jpg 768w\" sizes=\"auto, (max-width: 1024px) 100vw, 1024px\" \/><\/a><\/figure>\n\n\n\n<figure class=\"wp-block-image size-large\"><a href=\"https:\/\/mdkoswiecim.pl\/wp-content\/uploads\/2023\/04\/Wiosenny-Koncert-03.jpg\"><img loading=\"lazy\" decoding=\"async\" width=\"1024\" height=\"684\" data-id=\"16875\" src=\"https:\/\/mdkoswiecim.pl\/wp-content\/uploads\/2023\/04\/Wiosenny-Koncert-03.jpg\" alt=\"\" class=\"wp-image-16875\" srcset=\"https:\/\/mdkoswiecim.pl\/wp-content\/uploads\/2023\/04\/Wiosenny-Koncert-03.jpg 1024w, https:\/\/mdkoswiecim.pl\/wp-content\/uploads\/2023\/04\/Wiosenny-Koncert-03-300x200.jpg 300w, https:\/\/mdkoswiecim.pl\/wp-content\/uploads\/2023\/04\/Wiosenny-Koncert-03-768x513.jpg 768w\" sizes=\"auto, (max-width: 1024px) 100vw, 1024px\" \/><\/a><\/figure>\n<\/figure>\n\n\n\n<p>Autork\u0105 zdj\u0119\u0107 z koncertu jest Marta Klisiak.<\/p>\n","protected":false},"excerpt":{"rendered":"<p>W pi\u0105tek 14 kwietnia zesp\u00f3\u0142 naszych muzyk\u00f3w zagra\u0142 koncert w sali Domu Ludowego w Por\u0119bie Wielkiej. Repertuar obejmowa\u0142 piosenki zespo\u0142u &#8220;Pod Bud\u0105&#8221;. Wype\u0142niona po brzegi sala w\u0142\u0105czy\u0142a si\u0119 w \u015bpiew najwi\u0119kszych przeboj\u00f3w Andrzeja Sikorowskiego. Zabrzmia\u0142y m.in. takie utwory jak &#8220;Piwna 7&#8221;, &#8220;Zn\u00f3w idziemy na ca\u0142o\u015b\u0107&#8221;, &#8220;Nie przeno\u015bcie nam stolicy do Krakowa&#8221; czy &#8220;Przy niedzieli zabawa&#8221;. [&hellip;]<\/p>\n","protected":false},"author":2,"featured_media":16871,"comment_status":"closed","ping_status":"closed","sticky":false,"template":"","format":"standard","meta":{"footnotes":""},"categories":[108],"tags":[],"class_list":["post-16866","post","type-post","status-publish","format-standard","has-post-thumbnail","hentry","category-aktualnosci"],"yoast_head":"<!-- This site is optimized with the Yoast SEO plugin v16.1.1 - https:\/\/yoast.com\/wordpress\/plugins\/seo\/ -->\n<title>&quot;Zerwany gdzie\u015b na \u0142\u0105ce kwiat...&quot; - MDK<\/title>\n<link rel=\"canonical\" href=\"https:\/\/mdkoswiecim.pl\/index.php\/2023\/04\/18\/zerwany-gdzies-na-lace-kwiat\/\" \/>\n<meta property=\"og:locale\" content=\"pl_PL\" \/>\n<meta property=\"og:type\" content=\"article\" \/>\n<meta property=\"og:title\" content=\"&quot;Zerwany gdzie\u015b na \u0142\u0105ce kwiat...&quot; - MDK\" \/>\n<meta property=\"og:description\" content=\"W pi\u0105tek 14 kwietnia zesp\u00f3\u0142 naszych muzyk\u00f3w zagra\u0142 koncert w sali Domu Ludowego w Por\u0119bie Wielkiej. Repertuar obejmowa\u0142 piosenki zespo\u0142u &#8220;Pod Bud\u0105&#8221;. Wype\u0142niona po brzegi sala w\u0142\u0105czy\u0142a si\u0119 w \u015bpiew najwi\u0119kszych przeboj\u00f3w Andrzeja Sikorowskiego. Zabrzmia\u0142y m.in. takie utwory jak &#8220;Piwna 7&#8221;, &#8220;Zn\u00f3w idziemy na ca\u0142o\u015b\u0107&#8221;, &#8220;Nie przeno\u015bcie nam stolicy do Krakowa&#8221; czy &#8220;Przy niedzieli zabawa&#8221;. [&hellip;]\" \/>\n<meta property=\"og:url\" content=\"https:\/\/mdkoswiecim.pl\/index.php\/2023\/04\/18\/zerwany-gdzies-na-lace-kwiat\/\" \/>\n<meta property=\"og:site_name\" content=\"MDK\" \/>\n<meta property=\"article:published_time\" content=\"2023-04-18T11:53:53+00:00\" \/>\n<meta property=\"article:modified_time\" content=\"2023-04-18T12:16:53+00:00\" \/>\n<meta property=\"og:image\" content=\"https:\/\/mdkoswiecim.pl\/wp-content\/uploads\/2023\/04\/Wiosenny-Koncert-06.jpg\" \/>\n\t<meta property=\"og:image:width\" content=\"1024\" \/>\n\t<meta property=\"og:image:height\" content=\"684\" \/>\n<meta name=\"twitter:card\" content=\"summary_large_image\" \/>\n<meta name=\"twitter:label1\" content=\"Szacowany czas czytania\">\n\t<meta name=\"twitter:data1\" content=\"3 minuty\">\n<script type=\"application\/ld+json\" class=\"yoast-schema-graph\">{\"@context\":\"https:\/\/schema.org\",\"@graph\":[{\"@type\":\"WebSite\",\"@id\":\"https:\/\/mdkoswiecim.pl\/#website\",\"url\":\"https:\/\/mdkoswiecim.pl\/\",\"name\":\"MDK\",\"description\":\"M\\u0142odzie\\u017cowy Dom Kultury w O\\u015bwi\\u0119cimiu\",\"potentialAction\":[{\"@type\":\"SearchAction\",\"target\":\"https:\/\/mdkoswiecim.pl\/?s={search_term_string}\",\"query-input\":\"required name=search_term_string\"}],\"inLanguage\":\"pl-PL\"},{\"@type\":\"ImageObject\",\"@id\":\"https:\/\/mdkoswiecim.pl\/index.php\/2023\/04\/18\/zerwany-gdzies-na-lace-kwiat\/#primaryimage\",\"inLanguage\":\"pl-PL\",\"url\":\"https:\/\/mdkoswiecim.pl\/wp-content\/uploads\/2023\/04\/Wiosenny-Koncert-06.jpg\",\"contentUrl\":\"https:\/\/mdkoswiecim.pl\/wp-content\/uploads\/2023\/04\/Wiosenny-Koncert-06.jpg\",\"width\":1024,\"height\":684},{\"@type\":\"WebPage\",\"@id\":\"https:\/\/mdkoswiecim.pl\/index.php\/2023\/04\/18\/zerwany-gdzies-na-lace-kwiat\/#webpage\",\"url\":\"https:\/\/mdkoswiecim.pl\/index.php\/2023\/04\/18\/zerwany-gdzies-na-lace-kwiat\/\",\"name\":\"\\\"Zerwany gdzie\\u015b na \\u0142\\u0105ce kwiat...\\\" - MDK\",\"isPartOf\":{\"@id\":\"https:\/\/mdkoswiecim.pl\/#website\"},\"primaryImageOfPage\":{\"@id\":\"https:\/\/mdkoswiecim.pl\/index.php\/2023\/04\/18\/zerwany-gdzies-na-lace-kwiat\/#primaryimage\"},\"datePublished\":\"2023-04-18T11:53:53+00:00\",\"dateModified\":\"2023-04-18T12:16:53+00:00\",\"author\":{\"@id\":\"https:\/\/mdkoswiecim.pl\/#\/schema\/person\/de4e1c3f9f9805d4834a83cd933e83a4\"},\"breadcrumb\":{\"@id\":\"https:\/\/mdkoswiecim.pl\/index.php\/2023\/04\/18\/zerwany-gdzies-na-lace-kwiat\/#breadcrumb\"},\"inLanguage\":\"pl-PL\",\"potentialAction\":[{\"@type\":\"ReadAction\",\"target\":[\"https:\/\/mdkoswiecim.pl\/index.php\/2023\/04\/18\/zerwany-gdzies-na-lace-kwiat\/\"]}]},{\"@type\":\"BreadcrumbList\",\"@id\":\"https:\/\/mdkoswiecim.pl\/index.php\/2023\/04\/18\/zerwany-gdzies-na-lace-kwiat\/#breadcrumb\",\"itemListElement\":[{\"@type\":\"ListItem\",\"position\":1,\"item\":{\"@type\":\"WebPage\",\"@id\":\"https:\/\/mdkoswiecim.pl\/\",\"url\":\"https:\/\/mdkoswiecim.pl\/\",\"name\":\"Strona g\\u0142\\u00f3wna\"}},{\"@type\":\"ListItem\",\"position\":2,\"item\":{\"@type\":\"WebPage\",\"@id\":\"https:\/\/mdkoswiecim.pl\/index.php\/2023\/04\/18\/zerwany-gdzies-na-lace-kwiat\/\",\"url\":\"https:\/\/mdkoswiecim.pl\/index.php\/2023\/04\/18\/zerwany-gdzies-na-lace-kwiat\/\",\"name\":\"&#8220;Zerwany gdzie\\u015b na \\u0142\\u0105ce kwiat&#8230;&#8221;\"}}]},{\"@type\":\"Person\",\"@id\":\"https:\/\/mdkoswiecim.pl\/#\/schema\/person\/de4e1c3f9f9805d4834a83cd933e83a4\",\"name\":\"janusz.majcherek\",\"image\":{\"@type\":\"ImageObject\",\"@id\":\"https:\/\/mdkoswiecim.pl\/#personlogo\",\"inLanguage\":\"pl-PL\",\"url\":\"https:\/\/secure.gravatar.com\/avatar\/841ee0bdfc0ec9800cdb49de086063cd2bdca44d52221b7fee4d6a2db5eafb17?s=96&d=mm&r=g\",\"contentUrl\":\"https:\/\/secure.gravatar.com\/avatar\/841ee0bdfc0ec9800cdb49de086063cd2bdca44d52221b7fee4d6a2db5eafb17?s=96&d=mm&r=g\",\"caption\":\"janusz.majcherek\"}}]}<\/script>\n<!-- \/ Yoast SEO plugin. -->","_links":{"self":[{"href":"https:\/\/mdkoswiecim.pl\/index.php\/wp-json\/wp\/v2\/posts\/16866","targetHints":{"allow":["GET"]}}],"collection":[{"href":"https:\/\/mdkoswiecim.pl\/index.php\/wp-json\/wp\/v2\/posts"}],"about":[{"href":"https:\/\/mdkoswiecim.pl\/index.php\/wp-json\/wp\/v2\/types\/post"}],"author":[{"embeddable":true,"href":"https:\/\/mdkoswiecim.pl\/index.php\/wp-json\/wp\/v2\/users\/2"}],"replies":[{"embeddable":true,"href":"https:\/\/mdkoswiecim.pl\/index.php\/wp-json\/wp\/v2\/comments?post=16866"}],"version-history":[{"count":2,"href":"https:\/\/mdkoswiecim.pl\/index.php\/wp-json\/wp\/v2\/posts\/16866\/revisions"}],"predecessor-version":[{"id":16877,"href":"https:\/\/mdkoswiecim.pl\/index.php\/wp-json\/wp\/v2\/posts\/16866\/revisions\/16877"}],"wp:featuredmedia":[{"embeddable":true,"href":"https:\/\/mdkoswiecim.pl\/index.php\/wp-json\/wp\/v2\/media\/16871"}],"wp:attachment":[{"href":"https:\/\/mdkoswiecim.pl\/index.php\/wp-json\/wp\/v2\/media?parent=16866"}],"wp:term":[{"taxonomy":"category","embeddable":true,"href":"https:\/\/mdkoswiecim.pl\/index.php\/wp-json\/wp\/v2\/categories?post=16866"},{"taxonomy":"post_tag","embeddable":true,"href":"https:\/\/mdkoswiecim.pl\/index.php\/wp-json\/wp\/v2\/tags?post=16866"}],"curies":[{"name":"wp","href":"https:\/\/api.w.org\/{rel}","templated":true}]}}