{"id":16559,"date":"2023-03-23T14:20:12","date_gmt":"2023-03-23T13:20:12","guid":{"rendered":"https:\/\/mdkoswiecim.pl\/?p=16559"},"modified":"2023-03-23T14:20:13","modified_gmt":"2023-03-23T13:20:13","slug":"pierwszy-dzien-wiosny","status":"publish","type":"post","link":"https:\/\/mdkoswiecim.pl\/index.php\/2023\/03\/23\/pierwszy-dzien-wiosny\/","title":{"rendered":"Pierwszy dzie\u0144 wiosny."},"content":{"rendered":"\n<p>Mimo Dnia Wagarowicza we wtorek po po\u0142udniu, uczniowie klasy czwartej Szko\u0142y Podstawowej w Bobrku z ch\u0119ci\u0105 przybyli na zaj\u0119cia, by celebrowa\u0107 pierwszy dzie\u0144 wiosny. Podczas zaj\u0119\u0107 naszej sekcji &#8220;Techniki uczenia si\u0119&#8221; , by\u0142y gry, zabawy, s\u0142odki pocz\u0119stunek i du\u017co rado\u015bci. <\/p>\n\n\n\n<figure class=\"wp-block-image size-large\"><img loading=\"lazy\" decoding=\"async\" width=\"1024\" height=\"1024\" src=\"https:\/\/mdkoswiecim.pl\/wp-content\/uploads\/2023\/03\/336614208_1761665237561105_4300532982825041110_n-1024x1024.jpg\" alt=\"\" class=\"wp-image-16560\" srcset=\"https:\/\/mdkoswiecim.pl\/wp-content\/uploads\/2023\/03\/336614208_1761665237561105_4300532982825041110_n-1024x1024.jpg 1024w, https:\/\/mdkoswiecim.pl\/wp-content\/uploads\/2023\/03\/336614208_1761665237561105_4300532982825041110_n-300x300.jpg 300w, https:\/\/mdkoswiecim.pl\/wp-content\/uploads\/2023\/03\/336614208_1761665237561105_4300532982825041110_n-150x150.jpg 150w, https:\/\/mdkoswiecim.pl\/wp-content\/uploads\/2023\/03\/336614208_1761665237561105_4300532982825041110_n-768x768.jpg 768w, https:\/\/mdkoswiecim.pl\/wp-content\/uploads\/2023\/03\/336614208_1761665237561105_4300532982825041110_n-1536x1536.jpg 1536w, https:\/\/mdkoswiecim.pl\/wp-content\/uploads\/2023\/03\/336614208_1761665237561105_4300532982825041110_n.jpg 2048w\" sizes=\"auto, (max-width: 1024px) 100vw, 1024px\" \/><figcaption class=\"wp-element-caption\">Uczestnicy naszej sekcji \u015bwi\u0119tuj\u0105 pierwszy dzie\u0144 wiosny.  <\/figcaption><\/figure>\n\n\n\n<figure class=\"wp-block-image size-large\"><img loading=\"lazy\" decoding=\"async\" width=\"1024\" height=\"768\" src=\"https:\/\/mdkoswiecim.pl\/wp-content\/uploads\/2023\/03\/336626152_2138681102986564_2878085218951687444_n-1024x768.jpg\" alt=\"\" class=\"wp-image-16561\" srcset=\"https:\/\/mdkoswiecim.pl\/wp-content\/uploads\/2023\/03\/336626152_2138681102986564_2878085218951687444_n-1024x768.jpg 1024w, https:\/\/mdkoswiecim.pl\/wp-content\/uploads\/2023\/03\/336626152_2138681102986564_2878085218951687444_n-300x225.jpg 300w, https:\/\/mdkoswiecim.pl\/wp-content\/uploads\/2023\/03\/336626152_2138681102986564_2878085218951687444_n-768x576.jpg 768w, https:\/\/mdkoswiecim.pl\/wp-content\/uploads\/2023\/03\/336626152_2138681102986564_2878085218951687444_n-1536x1152.jpg 1536w, https:\/\/mdkoswiecim.pl\/wp-content\/uploads\/2023\/03\/336626152_2138681102986564_2878085218951687444_n.jpg 2048w\" sizes=\"auto, (max-width: 1024px) 100vw, 1024px\" \/><figcaption class=\"wp-element-caption\">Uczestnicy naszej sekcji \u015bwi\u0119tuj\u0105 pierwszy dzie\u0144 wiosny.<\/figcaption><\/figure>\n\n\n\n<figure class=\"wp-block-image size-large\"><img loading=\"lazy\" decoding=\"async\" width=\"1024\" height=\"768\" src=\"https:\/\/mdkoswiecim.pl\/wp-content\/uploads\/2023\/03\/336621415_238946488501325_5701834997657148250_n-1024x768.jpg\" alt=\"\" class=\"wp-image-16562\" srcset=\"https:\/\/mdkoswiecim.pl\/wp-content\/uploads\/2023\/03\/336621415_238946488501325_5701834997657148250_n-1024x768.jpg 1024w, https:\/\/mdkoswiecim.pl\/wp-content\/uploads\/2023\/03\/336621415_238946488501325_5701834997657148250_n-300x225.jpg 300w, https:\/\/mdkoswiecim.pl\/wp-content\/uploads\/2023\/03\/336621415_238946488501325_5701834997657148250_n-768x576.jpg 768w, https:\/\/mdkoswiecim.pl\/wp-content\/uploads\/2023\/03\/336621415_238946488501325_5701834997657148250_n-1536x1152.jpg 1536w, https:\/\/mdkoswiecim.pl\/wp-content\/uploads\/2023\/03\/336621415_238946488501325_5701834997657148250_n.jpg 2048w\" sizes=\"auto, (max-width: 1024px) 100vw, 1024px\" \/><figcaption class=\"wp-element-caption\">Uczestnicy naszej sekcji \u015bwi\u0119tuj\u0105 pierwszy dzie\u0144 wiosny.<\/figcaption><\/figure>\n\n\n\n<figure class=\"wp-block-image size-large\"><img loading=\"lazy\" decoding=\"async\" width=\"1024\" height=\"768\" src=\"https:\/\/mdkoswiecim.pl\/wp-content\/uploads\/2023\/03\/336619312_874511583652838_5561951357678570263_n-1024x768.jpg\" alt=\"\" class=\"wp-image-16563\" srcset=\"https:\/\/mdkoswiecim.pl\/wp-content\/uploads\/2023\/03\/336619312_874511583652838_5561951357678570263_n-1024x768.jpg 1024w, https:\/\/mdkoswiecim.pl\/wp-content\/uploads\/2023\/03\/336619312_874511583652838_5561951357678570263_n-300x225.jpg 300w, https:\/\/mdkoswiecim.pl\/wp-content\/uploads\/2023\/03\/336619312_874511583652838_5561951357678570263_n-768x576.jpg 768w, https:\/\/mdkoswiecim.pl\/wp-content\/uploads\/2023\/03\/336619312_874511583652838_5561951357678570263_n-1536x1152.jpg 1536w, https:\/\/mdkoswiecim.pl\/wp-content\/uploads\/2023\/03\/336619312_874511583652838_5561951357678570263_n.jpg 2048w\" sizes=\"auto, (max-width: 1024px) 100vw, 1024px\" \/><figcaption class=\"wp-element-caption\">Uczestnicy naszej sekcji \u015bwi\u0119tuj\u0105 pierwszy dzie\u0144 wiosny.<\/figcaption><\/figure>\n\n\n\n<figure class=\"wp-block-image size-large\"><img loading=\"lazy\" decoding=\"async\" width=\"1024\" height=\"768\" src=\"https:\/\/mdkoswiecim.pl\/wp-content\/uploads\/2023\/03\/336414810_220584690626681_3949713141814581836_n-1024x768.jpg\" alt=\"\" class=\"wp-image-16564\" srcset=\"https:\/\/mdkoswiecim.pl\/wp-content\/uploads\/2023\/03\/336414810_220584690626681_3949713141814581836_n-1024x768.jpg 1024w, https:\/\/mdkoswiecim.pl\/wp-content\/uploads\/2023\/03\/336414810_220584690626681_3949713141814581836_n-300x225.jpg 300w, https:\/\/mdkoswiecim.pl\/wp-content\/uploads\/2023\/03\/336414810_220584690626681_3949713141814581836_n-768x576.jpg 768w, https:\/\/mdkoswiecim.pl\/wp-content\/uploads\/2023\/03\/336414810_220584690626681_3949713141814581836_n-1536x1152.jpg 1536w, https:\/\/mdkoswiecim.pl\/wp-content\/uploads\/2023\/03\/336414810_220584690626681_3949713141814581836_n.jpg 2048w\" sizes=\"auto, (max-width: 1024px) 100vw, 1024px\" \/><figcaption class=\"wp-element-caption\">Uczestnicy naszej sekcji \u015bwi\u0119tuj\u0105 pierwszy dzie\u0144 wiosny.<\/figcaption><\/figure>\n\n\n\n<figure class=\"wp-block-image size-large\"><img loading=\"lazy\" decoding=\"async\" width=\"1024\" height=\"768\" src=\"https:\/\/mdkoswiecim.pl\/wp-content\/uploads\/2023\/03\/336622051_221034607152553_6631046174089857075_n-1024x768.jpg\" alt=\"\" class=\"wp-image-16565\" srcset=\"https:\/\/mdkoswiecim.pl\/wp-content\/uploads\/2023\/03\/336622051_221034607152553_6631046174089857075_n-1024x768.jpg 1024w, https:\/\/mdkoswiecim.pl\/wp-content\/uploads\/2023\/03\/336622051_221034607152553_6631046174089857075_n-300x225.jpg 300w, https:\/\/mdkoswiecim.pl\/wp-content\/uploads\/2023\/03\/336622051_221034607152553_6631046174089857075_n-768x576.jpg 768w, https:\/\/mdkoswiecim.pl\/wp-content\/uploads\/2023\/03\/336622051_221034607152553_6631046174089857075_n-1536x1152.jpg 1536w, https:\/\/mdkoswiecim.pl\/wp-content\/uploads\/2023\/03\/336622051_221034607152553_6631046174089857075_n.jpg 2048w\" sizes=\"auto, (max-width: 1024px) 100vw, 1024px\" \/><figcaption class=\"wp-element-caption\">Uczestnicy naszej sekcji \u015bwi\u0119tuj\u0105 pierwszy dzie\u0144 wiosny.<\/figcaption><\/figure>\n","protected":false},"excerpt":{"rendered":"<p>Mimo Dnia Wagarowicza we wtorek po po\u0142udniu, uczniowie klasy czwartej Szko\u0142y Podstawowej w Bobrku z ch\u0119ci\u0105 przybyli na zaj\u0119cia, by celebrowa\u0107 pierwszy dzie\u0144 wiosny. Podczas zaj\u0119\u0107 naszej sekcji &#8220;Techniki uczenia si\u0119&#8221; , by\u0142y gry, zabawy, s\u0142odki pocz\u0119stunek i du\u017co rado\u015bci.<\/p>\n","protected":false},"author":2,"featured_media":16562,"comment_status":"closed","ping_status":"closed","sticky":false,"template":"","format":"standard","meta":{"footnotes":""},"categories":[108],"tags":[],"class_list":["post-16559","post","type-post","status-publish","format-standard","has-post-thumbnail","hentry","category-aktualnosci"],"yoast_head":"<!-- This site is optimized with the Yoast SEO plugin v16.1.1 - https:\/\/yoast.com\/wordpress\/plugins\/seo\/ -->\n<title>Pierwszy dzie\u0144 wiosny. - MDK<\/title>\n<link rel=\"canonical\" href=\"https:\/\/mdkoswiecim.pl\/index.php\/2023\/03\/23\/pierwszy-dzien-wiosny\/\" \/>\n<meta property=\"og:locale\" content=\"pl_PL\" \/>\n<meta property=\"og:type\" content=\"article\" \/>\n<meta property=\"og:title\" content=\"Pierwszy dzie\u0144 wiosny. - MDK\" \/>\n<meta property=\"og:description\" content=\"Mimo Dnia Wagarowicza we wtorek po po\u0142udniu, uczniowie klasy czwartej Szko\u0142y Podstawowej w Bobrku z ch\u0119ci\u0105 przybyli na zaj\u0119cia, by celebrowa\u0107 pierwszy dzie\u0144 wiosny. Podczas zaj\u0119\u0107 naszej sekcji &#8220;Techniki uczenia si\u0119&#8221; , by\u0142y gry, zabawy, s\u0142odki pocz\u0119stunek i du\u017co rado\u015bci.\" \/>\n<meta property=\"og:url\" content=\"https:\/\/mdkoswiecim.pl\/index.php\/2023\/03\/23\/pierwszy-dzien-wiosny\/\" \/>\n<meta property=\"og:site_name\" content=\"MDK\" \/>\n<meta property=\"article:published_time\" content=\"2023-03-23T13:20:12+00:00\" \/>\n<meta property=\"article:modified_time\" content=\"2023-03-23T13:20:13+00:00\" \/>\n<meta property=\"og:image\" content=\"https:\/\/mdkoswiecim.pl\/wp-content\/uploads\/2023\/03\/336621415_238946488501325_5701834997657148250_n.jpg\" \/>\n\t<meta property=\"og:image:width\" content=\"2048\" \/>\n\t<meta property=\"og:image:height\" content=\"1536\" \/>\n<meta name=\"twitter:card\" content=\"summary_large_image\" \/>\n<meta name=\"twitter:label1\" content=\"Szacowany czas czytania\">\n\t<meta name=\"twitter:data1\" content=\"2 minuty\">\n<script type=\"application\/ld+json\" class=\"yoast-schema-graph\">{\"@context\":\"https:\/\/schema.org\",\"@graph\":[{\"@type\":\"WebSite\",\"@id\":\"https:\/\/mdkoswiecim.pl\/#website\",\"url\":\"https:\/\/mdkoswiecim.pl\/\",\"name\":\"MDK\",\"description\":\"M\\u0142odzie\\u017cowy Dom Kultury w O\\u015bwi\\u0119cimiu\",\"potentialAction\":[{\"@type\":\"SearchAction\",\"target\":\"https:\/\/mdkoswiecim.pl\/?s={search_term_string}\",\"query-input\":\"required name=search_term_string\"}],\"inLanguage\":\"pl-PL\"},{\"@type\":\"ImageObject\",\"@id\":\"https:\/\/mdkoswiecim.pl\/index.php\/2023\/03\/23\/pierwszy-dzien-wiosny\/#primaryimage\",\"inLanguage\":\"pl-PL\",\"url\":\"https:\/\/mdkoswiecim.pl\/wp-content\/uploads\/2023\/03\/336621415_238946488501325_5701834997657148250_n.jpg\",\"contentUrl\":\"https:\/\/mdkoswiecim.pl\/wp-content\/uploads\/2023\/03\/336621415_238946488501325_5701834997657148250_n.jpg\",\"width\":2048,\"height\":1536},{\"@type\":\"WebPage\",\"@id\":\"https:\/\/mdkoswiecim.pl\/index.php\/2023\/03\/23\/pierwszy-dzien-wiosny\/#webpage\",\"url\":\"https:\/\/mdkoswiecim.pl\/index.php\/2023\/03\/23\/pierwszy-dzien-wiosny\/\",\"name\":\"Pierwszy dzie\\u0144 wiosny. - MDK\",\"isPartOf\":{\"@id\":\"https:\/\/mdkoswiecim.pl\/#website\"},\"primaryImageOfPage\":{\"@id\":\"https:\/\/mdkoswiecim.pl\/index.php\/2023\/03\/23\/pierwszy-dzien-wiosny\/#primaryimage\"},\"datePublished\":\"2023-03-23T13:20:12+00:00\",\"dateModified\":\"2023-03-23T13:20:13+00:00\",\"author\":{\"@id\":\"https:\/\/mdkoswiecim.pl\/#\/schema\/person\/de4e1c3f9f9805d4834a83cd933e83a4\"},\"breadcrumb\":{\"@id\":\"https:\/\/mdkoswiecim.pl\/index.php\/2023\/03\/23\/pierwszy-dzien-wiosny\/#breadcrumb\"},\"inLanguage\":\"pl-PL\",\"potentialAction\":[{\"@type\":\"ReadAction\",\"target\":[\"https:\/\/mdkoswiecim.pl\/index.php\/2023\/03\/23\/pierwszy-dzien-wiosny\/\"]}]},{\"@type\":\"BreadcrumbList\",\"@id\":\"https:\/\/mdkoswiecim.pl\/index.php\/2023\/03\/23\/pierwszy-dzien-wiosny\/#breadcrumb\",\"itemListElement\":[{\"@type\":\"ListItem\",\"position\":1,\"item\":{\"@type\":\"WebPage\",\"@id\":\"https:\/\/mdkoswiecim.pl\/\",\"url\":\"https:\/\/mdkoswiecim.pl\/\",\"name\":\"Strona g\\u0142\\u00f3wna\"}},{\"@type\":\"ListItem\",\"position\":2,\"item\":{\"@type\":\"WebPage\",\"@id\":\"https:\/\/mdkoswiecim.pl\/index.php\/2023\/03\/23\/pierwszy-dzien-wiosny\/\",\"url\":\"https:\/\/mdkoswiecim.pl\/index.php\/2023\/03\/23\/pierwszy-dzien-wiosny\/\",\"name\":\"Pierwszy dzie\\u0144 wiosny.\"}}]},{\"@type\":\"Person\",\"@id\":\"https:\/\/mdkoswiecim.pl\/#\/schema\/person\/de4e1c3f9f9805d4834a83cd933e83a4\",\"name\":\"janusz.majcherek\",\"image\":{\"@type\":\"ImageObject\",\"@id\":\"https:\/\/mdkoswiecim.pl\/#personlogo\",\"inLanguage\":\"pl-PL\",\"url\":\"https:\/\/secure.gravatar.com\/avatar\/841ee0bdfc0ec9800cdb49de086063cd2bdca44d52221b7fee4d6a2db5eafb17?s=96&d=mm&r=g\",\"contentUrl\":\"https:\/\/secure.gravatar.com\/avatar\/841ee0bdfc0ec9800cdb49de086063cd2bdca44d52221b7fee4d6a2db5eafb17?s=96&d=mm&r=g\",\"caption\":\"janusz.majcherek\"}}]}<\/script>\n<!-- \/ Yoast SEO plugin. -->","_links":{"self":[{"href":"https:\/\/mdkoswiecim.pl\/index.php\/wp-json\/wp\/v2\/posts\/16559","targetHints":{"allow":["GET"]}}],"collection":[{"href":"https:\/\/mdkoswiecim.pl\/index.php\/wp-json\/wp\/v2\/posts"}],"about":[{"href":"https:\/\/mdkoswiecim.pl\/index.php\/wp-json\/wp\/v2\/types\/post"}],"author":[{"embeddable":true,"href":"https:\/\/mdkoswiecim.pl\/index.php\/wp-json\/wp\/v2\/users\/2"}],"replies":[{"embeddable":true,"href":"https:\/\/mdkoswiecim.pl\/index.php\/wp-json\/wp\/v2\/comments?post=16559"}],"version-history":[{"count":1,"href":"https:\/\/mdkoswiecim.pl\/index.php\/wp-json\/wp\/v2\/posts\/16559\/revisions"}],"predecessor-version":[{"id":16566,"href":"https:\/\/mdkoswiecim.pl\/index.php\/wp-json\/wp\/v2\/posts\/16559\/revisions\/16566"}],"wp:featuredmedia":[{"embeddable":true,"href":"https:\/\/mdkoswiecim.pl\/index.php\/wp-json\/wp\/v2\/media\/16562"}],"wp:attachment":[{"href":"https:\/\/mdkoswiecim.pl\/index.php\/wp-json\/wp\/v2\/media?parent=16559"}],"wp:term":[{"taxonomy":"category","embeddable":true,"href":"https:\/\/mdkoswiecim.pl\/index.php\/wp-json\/wp\/v2\/categories?post=16559"},{"taxonomy":"post_tag","embeddable":true,"href":"https:\/\/mdkoswiecim.pl\/index.php\/wp-json\/wp\/v2\/tags?post=16559"}],"curies":[{"name":"wp","href":"https:\/\/api.w.org\/{rel}","templated":true}]}}