{"id":16472,"date":"2023-02-14T13:46:19","date_gmt":"2023-02-14T12:46:19","guid":{"rendered":"https:\/\/mdkoswiecim.pl\/?p=16472"},"modified":"2023-02-14T13:46:20","modified_gmt":"2023-02-14T12:46:20","slug":"zmiana-miejsca-warsztatow-plastycznych","status":"publish","type":"post","link":"https:\/\/mdkoswiecim.pl\/index.php\/2023\/02\/14\/zmiana-miejsca-warsztatow-plastycznych\/","title":{"rendered":"Zmiana miejsca &#8220;Warsztat\u00f3w Plastycznych&#8221;."},"content":{"rendered":"\n<p>Od 14.02.2023 wtorkowe  zaj\u0119cia &#8220;Warsztaty Plastyczne&#8221; z p. El\u017cbiet\u0105 Wardza\u0142\u0105-Sere\u015b odbywa\u0107 si\u0119 b\u0119d\u0105 w ZSZTS (Salezjanie) w g.16:00-18:15.<\/p>\n","protected":false},"excerpt":{"rendered":"<p>Od 14.02.2023 wtorkowe zaj\u0119cia &#8220;Warsztaty Plastyczne&#8221; z p. El\u017cbiet\u0105 Wardza\u0142\u0105-Sere\u015b odbywa\u0107 si\u0119 b\u0119d\u0105 w ZSZTS (Salezjanie) w g.16:00-18:15.<\/p>\n","protected":false},"author":2,"featured_media":15898,"comment_status":"closed","ping_status":"closed","sticky":false,"template":"","format":"standard","meta":{"footnotes":""},"categories":[108],"tags":[],"class_list":["post-16472","post","type-post","status-publish","format-standard","has-post-thumbnail","hentry","category-aktualnosci"],"yoast_head":"<!-- This site is optimized with the Yoast SEO plugin v16.1.1 - https:\/\/yoast.com\/wordpress\/plugins\/seo\/ -->\n<title>Zmiana miejsca &quot;Warsztat\u00f3w Plastycznych&quot;. - MDK<\/title>\n<link rel=\"canonical\" href=\"https:\/\/mdkoswiecim.pl\/index.php\/2023\/02\/14\/zmiana-miejsca-warsztatow-plastycznych\/\" \/>\n<meta property=\"og:locale\" content=\"pl_PL\" \/>\n<meta property=\"og:type\" content=\"article\" \/>\n<meta property=\"og:title\" content=\"Zmiana miejsca &quot;Warsztat\u00f3w Plastycznych&quot;. - MDK\" \/>\n<meta property=\"og:description\" content=\"Od 14.02.2023 wtorkowe zaj\u0119cia &#8220;Warsztaty Plastyczne&#8221; z p. El\u017cbiet\u0105 Wardza\u0142\u0105-Sere\u015b odbywa\u0107 si\u0119 b\u0119d\u0105 w ZSZTS (Salezjanie) w g.16:00-18:15.\" \/>\n<meta property=\"og:url\" content=\"https:\/\/mdkoswiecim.pl\/index.php\/2023\/02\/14\/zmiana-miejsca-warsztatow-plastycznych\/\" \/>\n<meta property=\"og:site_name\" content=\"MDK\" \/>\n<meta property=\"article:published_time\" content=\"2023-02-14T12:46:19+00:00\" \/>\n<meta property=\"article:modified_time\" content=\"2023-02-14T12:46:20+00:00\" \/>\n<meta property=\"og:image\" content=\"https:\/\/mdkoswiecim.pl\/wp-content\/uploads\/2022\/09\/wazne.jpg\" \/>\n\t<meta property=\"og:image:width\" content=\"800\" \/>\n\t<meta property=\"og:image:height\" content=\"800\" \/>\n<meta name=\"twitter:card\" content=\"summary_large_image\" \/>\n<meta name=\"twitter:label1\" content=\"Szacowany czas czytania\">\n\t<meta name=\"twitter:data1\" content=\"1 minuta\">\n<script type=\"application\/ld+json\" class=\"yoast-schema-graph\">{\"@context\":\"https:\/\/schema.org\",\"@graph\":[{\"@type\":\"WebSite\",\"@id\":\"https:\/\/mdkoswiecim.pl\/#website\",\"url\":\"https:\/\/mdkoswiecim.pl\/\",\"name\":\"MDK\",\"description\":\"M\\u0142odzie\\u017cowy Dom Kultury w O\\u015bwi\\u0119cimiu\",\"potentialAction\":[{\"@type\":\"SearchAction\",\"target\":\"https:\/\/mdkoswiecim.pl\/?s={search_term_string}\",\"query-input\":\"required name=search_term_string\"}],\"inLanguage\":\"pl-PL\"},{\"@type\":\"ImageObject\",\"@id\":\"https:\/\/mdkoswiecim.pl\/index.php\/2023\/02\/14\/zmiana-miejsca-warsztatow-plastycznych\/#primaryimage\",\"inLanguage\":\"pl-PL\",\"url\":\"https:\/\/mdkoswiecim.pl\/wp-content\/uploads\/2022\/09\/wazne.jpg\",\"contentUrl\":\"https:\/\/mdkoswiecim.pl\/wp-content\/uploads\/2022\/09\/wazne.jpg\",\"width\":800,\"height\":800},{\"@type\":\"WebPage\",\"@id\":\"https:\/\/mdkoswiecim.pl\/index.php\/2023\/02\/14\/zmiana-miejsca-warsztatow-plastycznych\/#webpage\",\"url\":\"https:\/\/mdkoswiecim.pl\/index.php\/2023\/02\/14\/zmiana-miejsca-warsztatow-plastycznych\/\",\"name\":\"Zmiana miejsca \\\"Warsztat\\u00f3w Plastycznych\\\". - MDK\",\"isPartOf\":{\"@id\":\"https:\/\/mdkoswiecim.pl\/#website\"},\"primaryImageOfPage\":{\"@id\":\"https:\/\/mdkoswiecim.pl\/index.php\/2023\/02\/14\/zmiana-miejsca-warsztatow-plastycznych\/#primaryimage\"},\"datePublished\":\"2023-02-14T12:46:19+00:00\",\"dateModified\":\"2023-02-14T12:46:20+00:00\",\"author\":{\"@id\":\"https:\/\/mdkoswiecim.pl\/#\/schema\/person\/de4e1c3f9f9805d4834a83cd933e83a4\"},\"breadcrumb\":{\"@id\":\"https:\/\/mdkoswiecim.pl\/index.php\/2023\/02\/14\/zmiana-miejsca-warsztatow-plastycznych\/#breadcrumb\"},\"inLanguage\":\"pl-PL\",\"potentialAction\":[{\"@type\":\"ReadAction\",\"target\":[\"https:\/\/mdkoswiecim.pl\/index.php\/2023\/02\/14\/zmiana-miejsca-warsztatow-plastycznych\/\"]}]},{\"@type\":\"BreadcrumbList\",\"@id\":\"https:\/\/mdkoswiecim.pl\/index.php\/2023\/02\/14\/zmiana-miejsca-warsztatow-plastycznych\/#breadcrumb\",\"itemListElement\":[{\"@type\":\"ListItem\",\"position\":1,\"item\":{\"@type\":\"WebPage\",\"@id\":\"https:\/\/mdkoswiecim.pl\/\",\"url\":\"https:\/\/mdkoswiecim.pl\/\",\"name\":\"Strona g\\u0142\\u00f3wna\"}},{\"@type\":\"ListItem\",\"position\":2,\"item\":{\"@type\":\"WebPage\",\"@id\":\"https:\/\/mdkoswiecim.pl\/index.php\/2023\/02\/14\/zmiana-miejsca-warsztatow-plastycznych\/\",\"url\":\"https:\/\/mdkoswiecim.pl\/index.php\/2023\/02\/14\/zmiana-miejsca-warsztatow-plastycznych\/\",\"name\":\"Zmiana miejsca &#8220;Warsztat\\u00f3w Plastycznych&#8221;.\"}}]},{\"@type\":\"Person\",\"@id\":\"https:\/\/mdkoswiecim.pl\/#\/schema\/person\/de4e1c3f9f9805d4834a83cd933e83a4\",\"name\":\"janusz.majcherek\",\"image\":{\"@type\":\"ImageObject\",\"@id\":\"https:\/\/mdkoswiecim.pl\/#personlogo\",\"inLanguage\":\"pl-PL\",\"url\":\"https:\/\/secure.gravatar.com\/avatar\/841ee0bdfc0ec9800cdb49de086063cd2bdca44d52221b7fee4d6a2db5eafb17?s=96&d=mm&r=g\",\"contentUrl\":\"https:\/\/secure.gravatar.com\/avatar\/841ee0bdfc0ec9800cdb49de086063cd2bdca44d52221b7fee4d6a2db5eafb17?s=96&d=mm&r=g\",\"caption\":\"janusz.majcherek\"}}]}<\/script>\n<!-- \/ Yoast SEO plugin. -->","_links":{"self":[{"href":"https:\/\/mdkoswiecim.pl\/index.php\/wp-json\/wp\/v2\/posts\/16472","targetHints":{"allow":["GET"]}}],"collection":[{"href":"https:\/\/mdkoswiecim.pl\/index.php\/wp-json\/wp\/v2\/posts"}],"about":[{"href":"https:\/\/mdkoswiecim.pl\/index.php\/wp-json\/wp\/v2\/types\/post"}],"author":[{"embeddable":true,"href":"https:\/\/mdkoswiecim.pl\/index.php\/wp-json\/wp\/v2\/users\/2"}],"replies":[{"embeddable":true,"href":"https:\/\/mdkoswiecim.pl\/index.php\/wp-json\/wp\/v2\/comments?post=16472"}],"version-history":[{"count":1,"href":"https:\/\/mdkoswiecim.pl\/index.php\/wp-json\/wp\/v2\/posts\/16472\/revisions"}],"predecessor-version":[{"id":16473,"href":"https:\/\/mdkoswiecim.pl\/index.php\/wp-json\/wp\/v2\/posts\/16472\/revisions\/16473"}],"wp:featuredmedia":[{"embeddable":true,"href":"https:\/\/mdkoswiecim.pl\/index.php\/wp-json\/wp\/v2\/media\/15898"}],"wp:attachment":[{"href":"https:\/\/mdkoswiecim.pl\/index.php\/wp-json\/wp\/v2\/media?parent=16472"}],"wp:term":[{"taxonomy":"category","embeddable":true,"href":"https:\/\/mdkoswiecim.pl\/index.php\/wp-json\/wp\/v2\/categories?post=16472"},{"taxonomy":"post_tag","embeddable":true,"href":"https:\/\/mdkoswiecim.pl\/index.php\/wp-json\/wp\/v2\/tags?post=16472"}],"curies":[{"name":"wp","href":"https:\/\/api.w.org\/{rel}","templated":true}]}}