{"id":16441,"date":"2023-01-25T12:19:19","date_gmt":"2023-01-25T11:19:19","guid":{"rendered":"https:\/\/mdkoswiecim.pl\/?p=16441"},"modified":"2023-01-25T12:19:20","modified_gmt":"2023-01-25T11:19:20","slug":"bal-karnawalowy","status":"publish","type":"post","link":"https:\/\/mdkoswiecim.pl\/index.php\/2023\/01\/25\/bal-karnawalowy\/","title":{"rendered":"BAL KARNAWA\u0141OWY!!!"},"content":{"rendered":"\n<p>Serdecznie zapraszamy uczestnik\u00f3w zaj\u0119\u0107 MDK w wieku od 6 lat do IV klasy SP na <strong>BAL KARNAWA\u0141OWY<\/strong> , kt\u00f3ry odb\u0119dzie si\u0119 w pi\u0105tek 27.01.2023r. w M\u0142odzie\u017cowej Piwnicy Artystycznej ( ul Bema 4 ). Godz. 17:30 &#8211; 19:00<\/p>\n\n\n\n<p>STR\u00d3J KARNAWA\u0141OWY &#8211;  obowi\u0105zkowo. <\/p>\n\n\n\n<figure class=\"wp-block-image size-large\"><img loading=\"lazy\" decoding=\"async\" width=\"1024\" height=\"725\" src=\"https:\/\/mdkoswiecim.pl\/wp-content\/uploads\/2023\/01\/BAL-1024x725.png\" alt=\"\" class=\"wp-image-16442\" srcset=\"https:\/\/mdkoswiecim.pl\/wp-content\/uploads\/2023\/01\/BAL-1024x725.png 1024w, https:\/\/mdkoswiecim.pl\/wp-content\/uploads\/2023\/01\/BAL-300x212.png 300w, https:\/\/mdkoswiecim.pl\/wp-content\/uploads\/2023\/01\/BAL-768x544.png 768w, https:\/\/mdkoswiecim.pl\/wp-content\/uploads\/2023\/01\/BAL.png 1202w\" sizes=\"auto, (max-width: 1024px) 100vw, 1024px\" \/><\/figure>\n","protected":false},"excerpt":{"rendered":"<p>Serdecznie zapraszamy uczestnik\u00f3w zaj\u0119\u0107 MDK w wieku od 6 lat do IV klasy SP na BAL KARNAWA\u0141OWY , kt\u00f3ry odb\u0119dzie si\u0119 w pi\u0105tek 27.01.2023r. w M\u0142odzie\u017cowej Piwnicy Artystycznej ( ul Bema 4 ). Godz. 17:30 &#8211; 19:00 STR\u00d3J KARNAWA\u0141OWY &#8211; obowi\u0105zkowo.<\/p>\n","protected":false},"author":2,"featured_media":16442,"comment_status":"closed","ping_status":"closed","sticky":false,"template":"","format":"standard","meta":{"footnotes":""},"categories":[108],"tags":[],"class_list":["post-16441","post","type-post","status-publish","format-standard","has-post-thumbnail","hentry","category-aktualnosci"],"yoast_head":"<!-- This site is optimized with the Yoast SEO plugin v16.1.1 - https:\/\/yoast.com\/wordpress\/plugins\/seo\/ -->\n<title>BAL KARNAWA\u0141OWY!!! - MDK<\/title>\n<link rel=\"canonical\" href=\"https:\/\/mdkoswiecim.pl\/index.php\/2023\/01\/25\/bal-karnawalowy\/\" \/>\n<meta property=\"og:locale\" content=\"pl_PL\" \/>\n<meta property=\"og:type\" content=\"article\" \/>\n<meta property=\"og:title\" content=\"BAL KARNAWA\u0141OWY!!! - MDK\" \/>\n<meta property=\"og:description\" content=\"Serdecznie zapraszamy uczestnik\u00f3w zaj\u0119\u0107 MDK w wieku od 6 lat do IV klasy SP na BAL KARNAWA\u0141OWY , kt\u00f3ry odb\u0119dzie si\u0119 w pi\u0105tek 27.01.2023r. w M\u0142odzie\u017cowej Piwnicy Artystycznej ( ul Bema 4 ). Godz. 17:30 &#8211; 19:00 STR\u00d3J KARNAWA\u0141OWY &#8211; obowi\u0105zkowo.\" \/>\n<meta property=\"og:url\" content=\"https:\/\/mdkoswiecim.pl\/index.php\/2023\/01\/25\/bal-karnawalowy\/\" \/>\n<meta property=\"og:site_name\" content=\"MDK\" \/>\n<meta property=\"article:published_time\" content=\"2023-01-25T11:19:19+00:00\" \/>\n<meta property=\"article:modified_time\" content=\"2023-01-25T11:19:20+00:00\" \/>\n<meta property=\"og:image\" content=\"https:\/\/mdkoswiecim.pl\/wp-content\/uploads\/2023\/01\/BAL.png\" \/>\n\t<meta property=\"og:image:width\" content=\"1202\" \/>\n\t<meta property=\"og:image:height\" content=\"851\" \/>\n<meta name=\"twitter:card\" content=\"summary_large_image\" \/>\n<meta name=\"twitter:label1\" content=\"Szacowany czas czytania\">\n\t<meta name=\"twitter:data1\" content=\"1 minuta\">\n<script type=\"application\/ld+json\" class=\"yoast-schema-graph\">{\"@context\":\"https:\/\/schema.org\",\"@graph\":[{\"@type\":\"WebSite\",\"@id\":\"https:\/\/mdkoswiecim.pl\/#website\",\"url\":\"https:\/\/mdkoswiecim.pl\/\",\"name\":\"MDK\",\"description\":\"M\\u0142odzie\\u017cowy Dom Kultury w O\\u015bwi\\u0119cimiu\",\"potentialAction\":[{\"@type\":\"SearchAction\",\"target\":\"https:\/\/mdkoswiecim.pl\/?s={search_term_string}\",\"query-input\":\"required name=search_term_string\"}],\"inLanguage\":\"pl-PL\"},{\"@type\":\"ImageObject\",\"@id\":\"https:\/\/mdkoswiecim.pl\/index.php\/2023\/01\/25\/bal-karnawalowy\/#primaryimage\",\"inLanguage\":\"pl-PL\",\"url\":\"https:\/\/mdkoswiecim.pl\/wp-content\/uploads\/2023\/01\/BAL.png\",\"contentUrl\":\"https:\/\/mdkoswiecim.pl\/wp-content\/uploads\/2023\/01\/BAL.png\",\"width\":1202,\"height\":851},{\"@type\":\"WebPage\",\"@id\":\"https:\/\/mdkoswiecim.pl\/index.php\/2023\/01\/25\/bal-karnawalowy\/#webpage\",\"url\":\"https:\/\/mdkoswiecim.pl\/index.php\/2023\/01\/25\/bal-karnawalowy\/\",\"name\":\"BAL KARNAWA\\u0141OWY!!! - MDK\",\"isPartOf\":{\"@id\":\"https:\/\/mdkoswiecim.pl\/#website\"},\"primaryImageOfPage\":{\"@id\":\"https:\/\/mdkoswiecim.pl\/index.php\/2023\/01\/25\/bal-karnawalowy\/#primaryimage\"},\"datePublished\":\"2023-01-25T11:19:19+00:00\",\"dateModified\":\"2023-01-25T11:19:20+00:00\",\"author\":{\"@id\":\"https:\/\/mdkoswiecim.pl\/#\/schema\/person\/de4e1c3f9f9805d4834a83cd933e83a4\"},\"breadcrumb\":{\"@id\":\"https:\/\/mdkoswiecim.pl\/index.php\/2023\/01\/25\/bal-karnawalowy\/#breadcrumb\"},\"inLanguage\":\"pl-PL\",\"potentialAction\":[{\"@type\":\"ReadAction\",\"target\":[\"https:\/\/mdkoswiecim.pl\/index.php\/2023\/01\/25\/bal-karnawalowy\/\"]}]},{\"@type\":\"BreadcrumbList\",\"@id\":\"https:\/\/mdkoswiecim.pl\/index.php\/2023\/01\/25\/bal-karnawalowy\/#breadcrumb\",\"itemListElement\":[{\"@type\":\"ListItem\",\"position\":1,\"item\":{\"@type\":\"WebPage\",\"@id\":\"https:\/\/mdkoswiecim.pl\/\",\"url\":\"https:\/\/mdkoswiecim.pl\/\",\"name\":\"Strona g\\u0142\\u00f3wna\"}},{\"@type\":\"ListItem\",\"position\":2,\"item\":{\"@type\":\"WebPage\",\"@id\":\"https:\/\/mdkoswiecim.pl\/index.php\/2023\/01\/25\/bal-karnawalowy\/\",\"url\":\"https:\/\/mdkoswiecim.pl\/index.php\/2023\/01\/25\/bal-karnawalowy\/\",\"name\":\"BAL KARNAWA\\u0141OWY!!!\"}}]},{\"@type\":\"Person\",\"@id\":\"https:\/\/mdkoswiecim.pl\/#\/schema\/person\/de4e1c3f9f9805d4834a83cd933e83a4\",\"name\":\"janusz.majcherek\",\"image\":{\"@type\":\"ImageObject\",\"@id\":\"https:\/\/mdkoswiecim.pl\/#personlogo\",\"inLanguage\":\"pl-PL\",\"url\":\"https:\/\/secure.gravatar.com\/avatar\/841ee0bdfc0ec9800cdb49de086063cd2bdca44d52221b7fee4d6a2db5eafb17?s=96&d=mm&r=g\",\"contentUrl\":\"https:\/\/secure.gravatar.com\/avatar\/841ee0bdfc0ec9800cdb49de086063cd2bdca44d52221b7fee4d6a2db5eafb17?s=96&d=mm&r=g\",\"caption\":\"janusz.majcherek\"}}]}<\/script>\n<!-- \/ Yoast SEO plugin. -->","_links":{"self":[{"href":"https:\/\/mdkoswiecim.pl\/index.php\/wp-json\/wp\/v2\/posts\/16441","targetHints":{"allow":["GET"]}}],"collection":[{"href":"https:\/\/mdkoswiecim.pl\/index.php\/wp-json\/wp\/v2\/posts"}],"about":[{"href":"https:\/\/mdkoswiecim.pl\/index.php\/wp-json\/wp\/v2\/types\/post"}],"author":[{"embeddable":true,"href":"https:\/\/mdkoswiecim.pl\/index.php\/wp-json\/wp\/v2\/users\/2"}],"replies":[{"embeddable":true,"href":"https:\/\/mdkoswiecim.pl\/index.php\/wp-json\/wp\/v2\/comments?post=16441"}],"version-history":[{"count":1,"href":"https:\/\/mdkoswiecim.pl\/index.php\/wp-json\/wp\/v2\/posts\/16441\/revisions"}],"predecessor-version":[{"id":16443,"href":"https:\/\/mdkoswiecim.pl\/index.php\/wp-json\/wp\/v2\/posts\/16441\/revisions\/16443"}],"wp:featuredmedia":[{"embeddable":true,"href":"https:\/\/mdkoswiecim.pl\/index.php\/wp-json\/wp\/v2\/media\/16442"}],"wp:attachment":[{"href":"https:\/\/mdkoswiecim.pl\/index.php\/wp-json\/wp\/v2\/media?parent=16441"}],"wp:term":[{"taxonomy":"category","embeddable":true,"href":"https:\/\/mdkoswiecim.pl\/index.php\/wp-json\/wp\/v2\/categories?post=16441"},{"taxonomy":"post_tag","embeddable":true,"href":"https:\/\/mdkoswiecim.pl\/index.php\/wp-json\/wp\/v2\/tags?post=16441"}],"curies":[{"name":"wp","href":"https:\/\/api.w.org\/{rel}","templated":true}]}}