{"id":16431,"date":"2023-01-20T11:08:43","date_gmt":"2023-01-20T10:08:43","guid":{"rendered":"https:\/\/mdkoswiecim.pl\/?p=16431"},"modified":"2023-01-20T11:08:44","modified_gmt":"2023-01-20T10:08:44","slug":"odbior-prac-i-nagrod-kufer-wyobrazni-swiateczny-aniol","status":"publish","type":"post","link":"https:\/\/mdkoswiecim.pl\/index.php\/2023\/01\/20\/odbior-prac-i-nagrod-kufer-wyobrazni-swiateczny-aniol\/","title":{"rendered":"ODBI\u00d3R PRAC I NAGR\u00d3D &#8211; KUFER WYOBRA\u0179NI &#8220;\u015awi\u0105teczny Anio\u0142&#8221;"},"content":{"rendered":"\n<p>Informujemy, \u017ce nagrody oraz prace przes\u0142ane na konkurs &#8220;Kufer wyobra\u017ani &#8211; \u015awi\u0105teczny Anio\u0142&#8221; mo\u017cna odebra\u0107 w MDK ul. Olszewskiego 1 do ko\u0144ca lutego 2023 r. codziennie w godz. 8.00-18.00, a W OKRESIE FERII CODZIENNIE od 8.00 do 15.00.<\/p>\n\n\n\n<p>Po tym czasie nagrody oraz prace przechodz\u0105 na rzecz organizatora.<\/p>\n","protected":false},"excerpt":{"rendered":"<p>Informujemy, \u017ce nagrody oraz prace przes\u0142ane na konkurs &#8220;Kufer wyobra\u017ani &#8211; \u015awi\u0105teczny Anio\u0142&#8221; mo\u017cna odebra\u0107 w MDK ul. Olszewskiego 1 do ko\u0144ca lutego 2023 r. codziennie w godz. 8.00-18.00, a W OKRESIE FERII CODZIENNIE od 8.00 do 15.00. Po tym czasie nagrody oraz prace przechodz\u0105 na rzecz organizatora.<\/p>\n","protected":false},"author":3,"featured_media":16432,"comment_status":"closed","ping_status":"closed","sticky":false,"template":"","format":"standard","meta":{"footnotes":""},"categories":[108],"tags":[],"class_list":["post-16431","post","type-post","status-publish","format-standard","has-post-thumbnail","hentry","category-aktualnosci"],"yoast_head":"<!-- This site is optimized with the Yoast SEO plugin v16.1.1 - https:\/\/yoast.com\/wordpress\/plugins\/seo\/ -->\n<title>ODBI\u00d3R PRAC I NAGR\u00d3D - KUFER WYOBRA\u0179NI &quot;\u015awi\u0105teczny Anio\u0142&quot; - MDK<\/title>\n<link rel=\"canonical\" href=\"https:\/\/mdkoswiecim.pl\/index.php\/2023\/01\/20\/odbior-prac-i-nagrod-kufer-wyobrazni-swiateczny-aniol\/\" \/>\n<meta property=\"og:locale\" content=\"pl_PL\" \/>\n<meta property=\"og:type\" content=\"article\" \/>\n<meta property=\"og:title\" content=\"ODBI\u00d3R PRAC I NAGR\u00d3D - KUFER WYOBRA\u0179NI &quot;\u015awi\u0105teczny Anio\u0142&quot; - MDK\" \/>\n<meta property=\"og:description\" content=\"Informujemy, \u017ce nagrody oraz prace przes\u0142ane na konkurs &#8220;Kufer wyobra\u017ani &#8211; \u015awi\u0105teczny Anio\u0142&#8221; mo\u017cna odebra\u0107 w MDK ul. Olszewskiego 1 do ko\u0144ca lutego 2023 r. codziennie w godz. 8.00-18.00, a W OKRESIE FERII CODZIENNIE od 8.00 do 15.00. Po tym czasie nagrody oraz prace przechodz\u0105 na rzecz organizatora.\" \/>\n<meta property=\"og:url\" content=\"https:\/\/mdkoswiecim.pl\/index.php\/2023\/01\/20\/odbior-prac-i-nagrod-kufer-wyobrazni-swiateczny-aniol\/\" \/>\n<meta property=\"og:site_name\" content=\"MDK\" \/>\n<meta property=\"article:published_time\" content=\"2023-01-20T10:08:43+00:00\" \/>\n<meta property=\"article:modified_time\" content=\"2023-01-20T10:08:44+00:00\" \/>\n<meta property=\"og:image\" content=\"https:\/\/mdkoswiecim.pl\/wp-content\/uploads\/2023\/01\/plakat-WYSTAWY-k-w1.jpg\" \/>\n\t<meta property=\"og:image:width\" content=\"1672\" \/>\n\t<meta property=\"og:image:height\" content=\"1684\" \/>\n<meta name=\"twitter:card\" content=\"summary_large_image\" \/>\n<meta name=\"twitter:label1\" content=\"Szacowany czas czytania\">\n\t<meta name=\"twitter:data1\" content=\"1 minuta\">\n<script type=\"application\/ld+json\" class=\"yoast-schema-graph\">{\"@context\":\"https:\/\/schema.org\",\"@graph\":[{\"@type\":\"WebSite\",\"@id\":\"https:\/\/mdkoswiecim.pl\/#website\",\"url\":\"https:\/\/mdkoswiecim.pl\/\",\"name\":\"MDK\",\"description\":\"M\\u0142odzie\\u017cowy Dom Kultury w O\\u015bwi\\u0119cimiu\",\"potentialAction\":[{\"@type\":\"SearchAction\",\"target\":\"https:\/\/mdkoswiecim.pl\/?s={search_term_string}\",\"query-input\":\"required name=search_term_string\"}],\"inLanguage\":\"pl-PL\"},{\"@type\":\"ImageObject\",\"@id\":\"https:\/\/mdkoswiecim.pl\/index.php\/2023\/01\/20\/odbior-prac-i-nagrod-kufer-wyobrazni-swiateczny-aniol\/#primaryimage\",\"inLanguage\":\"pl-PL\",\"url\":\"https:\/\/mdkoswiecim.pl\/wp-content\/uploads\/2023\/01\/plakat-WYSTAWY-k-w1.jpg\",\"contentUrl\":\"https:\/\/mdkoswiecim.pl\/wp-content\/uploads\/2023\/01\/plakat-WYSTAWY-k-w1.jpg\",\"width\":1672,\"height\":1684},{\"@type\":\"WebPage\",\"@id\":\"https:\/\/mdkoswiecim.pl\/index.php\/2023\/01\/20\/odbior-prac-i-nagrod-kufer-wyobrazni-swiateczny-aniol\/#webpage\",\"url\":\"https:\/\/mdkoswiecim.pl\/index.php\/2023\/01\/20\/odbior-prac-i-nagrod-kufer-wyobrazni-swiateczny-aniol\/\",\"name\":\"ODBI\\u00d3R PRAC I NAGR\\u00d3D - KUFER WYOBRA\\u0179NI \\\"\\u015awi\\u0105teczny Anio\\u0142\\\" - MDK\",\"isPartOf\":{\"@id\":\"https:\/\/mdkoswiecim.pl\/#website\"},\"primaryImageOfPage\":{\"@id\":\"https:\/\/mdkoswiecim.pl\/index.php\/2023\/01\/20\/odbior-prac-i-nagrod-kufer-wyobrazni-swiateczny-aniol\/#primaryimage\"},\"datePublished\":\"2023-01-20T10:08:43+00:00\",\"dateModified\":\"2023-01-20T10:08:44+00:00\",\"author\":{\"@id\":\"https:\/\/mdkoswiecim.pl\/#\/schema\/person\/d9c1081e4cfefcbccad7ec11fa250f7a\"},\"breadcrumb\":{\"@id\":\"https:\/\/mdkoswiecim.pl\/index.php\/2023\/01\/20\/odbior-prac-i-nagrod-kufer-wyobrazni-swiateczny-aniol\/#breadcrumb\"},\"inLanguage\":\"pl-PL\",\"potentialAction\":[{\"@type\":\"ReadAction\",\"target\":[\"https:\/\/mdkoswiecim.pl\/index.php\/2023\/01\/20\/odbior-prac-i-nagrod-kufer-wyobrazni-swiateczny-aniol\/\"]}]},{\"@type\":\"BreadcrumbList\",\"@id\":\"https:\/\/mdkoswiecim.pl\/index.php\/2023\/01\/20\/odbior-prac-i-nagrod-kufer-wyobrazni-swiateczny-aniol\/#breadcrumb\",\"itemListElement\":[{\"@type\":\"ListItem\",\"position\":1,\"item\":{\"@type\":\"WebPage\",\"@id\":\"https:\/\/mdkoswiecim.pl\/\",\"url\":\"https:\/\/mdkoswiecim.pl\/\",\"name\":\"Strona g\\u0142\\u00f3wna\"}},{\"@type\":\"ListItem\",\"position\":2,\"item\":{\"@type\":\"WebPage\",\"@id\":\"https:\/\/mdkoswiecim.pl\/index.php\/2023\/01\/20\/odbior-prac-i-nagrod-kufer-wyobrazni-swiateczny-aniol\/\",\"url\":\"https:\/\/mdkoswiecim.pl\/index.php\/2023\/01\/20\/odbior-prac-i-nagrod-kufer-wyobrazni-swiateczny-aniol\/\",\"name\":\"ODBI\\u00d3R PRAC I NAGR\\u00d3D &#8211; KUFER WYOBRA\\u0179NI &#8220;\\u015awi\\u0105teczny Anio\\u0142&#8221;\"}}]},{\"@type\":\"Person\",\"@id\":\"https:\/\/mdkoswiecim.pl\/#\/schema\/person\/d9c1081e4cfefcbccad7ec11fa250f7a\",\"name\":\"alina.kwarciak\",\"image\":{\"@type\":\"ImageObject\",\"@id\":\"https:\/\/mdkoswiecim.pl\/#personlogo\",\"inLanguage\":\"pl-PL\",\"url\":\"https:\/\/secure.gravatar.com\/avatar\/cce8f640650bbd69c0efc0afd2dddb7945a94129b978796401e58cac1eb8b87b?s=96&d=mm&r=g\",\"contentUrl\":\"https:\/\/secure.gravatar.com\/avatar\/cce8f640650bbd69c0efc0afd2dddb7945a94129b978796401e58cac1eb8b87b?s=96&d=mm&r=g\",\"caption\":\"alina.kwarciak\"}}]}<\/script>\n<!-- \/ Yoast SEO plugin. -->","_links":{"self":[{"href":"https:\/\/mdkoswiecim.pl\/index.php\/wp-json\/wp\/v2\/posts\/16431","targetHints":{"allow":["GET"]}}],"collection":[{"href":"https:\/\/mdkoswiecim.pl\/index.php\/wp-json\/wp\/v2\/posts"}],"about":[{"href":"https:\/\/mdkoswiecim.pl\/index.php\/wp-json\/wp\/v2\/types\/post"}],"author":[{"embeddable":true,"href":"https:\/\/mdkoswiecim.pl\/index.php\/wp-json\/wp\/v2\/users\/3"}],"replies":[{"embeddable":true,"href":"https:\/\/mdkoswiecim.pl\/index.php\/wp-json\/wp\/v2\/comments?post=16431"}],"version-history":[{"count":1,"href":"https:\/\/mdkoswiecim.pl\/index.php\/wp-json\/wp\/v2\/posts\/16431\/revisions"}],"predecessor-version":[{"id":16433,"href":"https:\/\/mdkoswiecim.pl\/index.php\/wp-json\/wp\/v2\/posts\/16431\/revisions\/16433"}],"wp:featuredmedia":[{"embeddable":true,"href":"https:\/\/mdkoswiecim.pl\/index.php\/wp-json\/wp\/v2\/media\/16432"}],"wp:attachment":[{"href":"https:\/\/mdkoswiecim.pl\/index.php\/wp-json\/wp\/v2\/media?parent=16431"}],"wp:term":[{"taxonomy":"category","embeddable":true,"href":"https:\/\/mdkoswiecim.pl\/index.php\/wp-json\/wp\/v2\/categories?post=16431"},{"taxonomy":"post_tag","embeddable":true,"href":"https:\/\/mdkoswiecim.pl\/index.php\/wp-json\/wp\/v2\/tags?post=16431"}],"curies":[{"name":"wp","href":"https:\/\/api.w.org\/{rel}","templated":true}]}}