{"id":16305,"date":"2023-01-02T12:51:05","date_gmt":"2023-01-02T11:51:05","guid":{"rendered":"https:\/\/mdkoswiecim.pl\/?p=16305"},"modified":"2023-01-02T12:51:05","modified_gmt":"2023-01-02T11:51:05","slug":"dziekujemy","status":"publish","type":"post","link":"https:\/\/mdkoswiecim.pl\/index.php\/2023\/01\/02\/dziekujemy\/","title":{"rendered":"DZI\u0118KUJEMY :)"},"content":{"rendered":"\n<p>Nowy rok, nowe szanse, nowe mo\u017cliwo\u015bci&#8230; W starym, 2022 roku, wiele os\u00f3b oraz firm wspar\u0142o nasze dzia\u0142ania i bez nich M\u0142odzie\u017cowy Dom Kultury w O\u015bwi\u0119cimiu nie funkcjonowa\u0142by tak, jak funkcjonuje dzi\u015b. Wiele imprez by\u0142oby skromniejszych, wiele dzieci inaczej nagrodzonych. Pragniemy PODZI\u0118KOWA\u0106 wi\u0119c wszystkim, kt\u00f3rzy wsparli nasze dzia\u0142ania finansowo. A byli to:<br>Firma Synthos S.A.<br>Firma Spec-bruk<br>Firma Modern Comp<br>Zak\u0142ad Us\u0142ug Komunalnych w O\u015bwi\u0119cimiu<br>Przedsi\u0119biorstwo Wodoci\u0105g\u00f3w i Kanalizacji w O\u015bwi\u0119cimiu<br>Przedsi\u0119biorstwo Energetyki Cieplnej.<br>By\u0142y z nami r\u00f3wnie\u017c instytucje, kt\u00f3re nam pomog\u0142y w inny spos\u00f3b. Bardzo dzi\u0119kujemy za wsparcie i pomoc:<br>Pa\u0144stwowej Powiatowej Stra\u017cy Po\u017carnej w O\u015bwi\u0119cimiu<br>Ochotniczej Stra\u017cy Po\u017carnej w O\u015bwi\u0119cimiu<br>Faktom O\u015bwi\u0119cim<br>Fundacji &#8220;Ma\u0142a Orkiestra Wielkiej Pomocy&#8221;<br>Miejskiemu WOPR w O\u015bwi\u0119cimiu.<br>DZI\u0118KUJEMY?<\/p>\n\n\n\n<figure class=\"wp-block-image size-large\"><img loading=\"lazy\" decoding=\"async\" width=\"1024\" height=\"683\" src=\"https:\/\/mdkoswiecim.pl\/wp-content\/uploads\/2023\/01\/322538295_1797423070656943_6795163489407457626_n-1024x683.jpg\" alt=\"\" class=\"wp-image-16306\" srcset=\"https:\/\/mdkoswiecim.pl\/wp-content\/uploads\/2023\/01\/322538295_1797423070656943_6795163489407457626_n-1024x683.jpg 1024w, https:\/\/mdkoswiecim.pl\/wp-content\/uploads\/2023\/01\/322538295_1797423070656943_6795163489407457626_n-300x200.jpg 300w, https:\/\/mdkoswiecim.pl\/wp-content\/uploads\/2023\/01\/322538295_1797423070656943_6795163489407457626_n-768x512.jpg 768w, https:\/\/mdkoswiecim.pl\/wp-content\/uploads\/2023\/01\/322538295_1797423070656943_6795163489407457626_n-1536x1024.jpg 1536w, https:\/\/mdkoswiecim.pl\/wp-content\/uploads\/2023\/01\/322538295_1797423070656943_6795163489407457626_n-2048x1365.jpg 2048w\" sizes=\"auto, (max-width: 1024px) 100vw, 1024px\" \/><\/figure>\n","protected":false},"excerpt":{"rendered":"<p>Nowy rok, nowe szanse, nowe mo\u017cliwo\u015bci&#8230; W starym, 2022 roku, wiele os\u00f3b oraz firm wspar\u0142o nasze dzia\u0142ania i bez nich M\u0142odzie\u017cowy Dom Kultury w O\u015bwi\u0119cimiu nie funkcjonowa\u0142by tak, jak funkcjonuje dzi\u015b. Wiele imprez by\u0142oby skromniejszych, wiele dzieci inaczej nagrodzonych. Pragniemy PODZI\u0118KOWA\u0106 wi\u0119c wszystkim, kt\u00f3rzy wsparli nasze dzia\u0142ania finansowo. A byli to:Firma Synthos S.A.Firma Spec-brukFirma Modern [&hellip;]<\/p>\n","protected":false},"author":3,"featured_media":16306,"comment_status":"closed","ping_status":"closed","sticky":false,"template":"","format":"standard","meta":{"footnotes":""},"categories":[108],"tags":[],"class_list":["post-16305","post","type-post","status-publish","format-standard","has-post-thumbnail","hentry","category-aktualnosci"],"yoast_head":"<!-- This site is optimized with the Yoast SEO plugin v16.1.1 - https:\/\/yoast.com\/wordpress\/plugins\/seo\/ -->\n<title>DZI\u0118KUJEMY :) - MDK<\/title>\n<link rel=\"canonical\" href=\"https:\/\/mdkoswiecim.pl\/index.php\/2023\/01\/02\/dziekujemy\/\" \/>\n<meta property=\"og:locale\" content=\"pl_PL\" \/>\n<meta property=\"og:type\" content=\"article\" \/>\n<meta property=\"og:title\" content=\"DZI\u0118KUJEMY :) - MDK\" \/>\n<meta property=\"og:description\" content=\"Nowy rok, nowe szanse, nowe mo\u017cliwo\u015bci&#8230; W starym, 2022 roku, wiele os\u00f3b oraz firm wspar\u0142o nasze dzia\u0142ania i bez nich M\u0142odzie\u017cowy Dom Kultury w O\u015bwi\u0119cimiu nie funkcjonowa\u0142by tak, jak funkcjonuje dzi\u015b. Wiele imprez by\u0142oby skromniejszych, wiele dzieci inaczej nagrodzonych. Pragniemy PODZI\u0118KOWA\u0106 wi\u0119c wszystkim, kt\u00f3rzy wsparli nasze dzia\u0142ania finansowo. A byli to:Firma Synthos S.A.Firma Spec-brukFirma Modern [&hellip;]\" \/>\n<meta property=\"og:url\" content=\"https:\/\/mdkoswiecim.pl\/index.php\/2023\/01\/02\/dziekujemy\/\" \/>\n<meta property=\"og:site_name\" content=\"MDK\" \/>\n<meta property=\"article:published_time\" content=\"2023-01-02T11:51:05+00:00\" \/>\n<meta property=\"og:image\" content=\"https:\/\/mdkoswiecim.pl\/wp-content\/uploads\/2023\/01\/322538295_1797423070656943_6795163489407457626_n-scaled.jpg\" \/>\n\t<meta property=\"og:image:width\" content=\"2560\" \/>\n\t<meta property=\"og:image:height\" content=\"1707\" \/>\n<meta name=\"twitter:card\" content=\"summary_large_image\" \/>\n<meta name=\"twitter:label1\" content=\"Szacowany czas czytania\">\n\t<meta name=\"twitter:data1\" content=\"1 minuta\">\n<script type=\"application\/ld+json\" class=\"yoast-schema-graph\">{\"@context\":\"https:\/\/schema.org\",\"@graph\":[{\"@type\":\"WebSite\",\"@id\":\"https:\/\/mdkoswiecim.pl\/#website\",\"url\":\"https:\/\/mdkoswiecim.pl\/\",\"name\":\"MDK\",\"description\":\"M\\u0142odzie\\u017cowy Dom Kultury w O\\u015bwi\\u0119cimiu\",\"potentialAction\":[{\"@type\":\"SearchAction\",\"target\":\"https:\/\/mdkoswiecim.pl\/?s={search_term_string}\",\"query-input\":\"required name=search_term_string\"}],\"inLanguage\":\"pl-PL\"},{\"@type\":\"ImageObject\",\"@id\":\"https:\/\/mdkoswiecim.pl\/index.php\/2023\/01\/02\/dziekujemy\/#primaryimage\",\"inLanguage\":\"pl-PL\",\"url\":\"https:\/\/mdkoswiecim.pl\/wp-content\/uploads\/2023\/01\/322538295_1797423070656943_6795163489407457626_n-scaled.jpg\",\"contentUrl\":\"https:\/\/mdkoswiecim.pl\/wp-content\/uploads\/2023\/01\/322538295_1797423070656943_6795163489407457626_n-scaled.jpg\",\"width\":2560,\"height\":1707},{\"@type\":\"WebPage\",\"@id\":\"https:\/\/mdkoswiecim.pl\/index.php\/2023\/01\/02\/dziekujemy\/#webpage\",\"url\":\"https:\/\/mdkoswiecim.pl\/index.php\/2023\/01\/02\/dziekujemy\/\",\"name\":\"DZI\\u0118KUJEMY :) - MDK\",\"isPartOf\":{\"@id\":\"https:\/\/mdkoswiecim.pl\/#website\"},\"primaryImageOfPage\":{\"@id\":\"https:\/\/mdkoswiecim.pl\/index.php\/2023\/01\/02\/dziekujemy\/#primaryimage\"},\"datePublished\":\"2023-01-02T11:51:05+00:00\",\"dateModified\":\"2023-01-02T11:51:05+00:00\",\"author\":{\"@id\":\"https:\/\/mdkoswiecim.pl\/#\/schema\/person\/d9c1081e4cfefcbccad7ec11fa250f7a\"},\"breadcrumb\":{\"@id\":\"https:\/\/mdkoswiecim.pl\/index.php\/2023\/01\/02\/dziekujemy\/#breadcrumb\"},\"inLanguage\":\"pl-PL\",\"potentialAction\":[{\"@type\":\"ReadAction\",\"target\":[\"https:\/\/mdkoswiecim.pl\/index.php\/2023\/01\/02\/dziekujemy\/\"]}]},{\"@type\":\"BreadcrumbList\",\"@id\":\"https:\/\/mdkoswiecim.pl\/index.php\/2023\/01\/02\/dziekujemy\/#breadcrumb\",\"itemListElement\":[{\"@type\":\"ListItem\",\"position\":1,\"item\":{\"@type\":\"WebPage\",\"@id\":\"https:\/\/mdkoswiecim.pl\/\",\"url\":\"https:\/\/mdkoswiecim.pl\/\",\"name\":\"Strona g\\u0142\\u00f3wna\"}},{\"@type\":\"ListItem\",\"position\":2,\"item\":{\"@type\":\"WebPage\",\"@id\":\"https:\/\/mdkoswiecim.pl\/index.php\/2023\/01\/02\/dziekujemy\/\",\"url\":\"https:\/\/mdkoswiecim.pl\/index.php\/2023\/01\/02\/dziekujemy\/\",\"name\":\"DZI\\u0118KUJEMY :)\"}}]},{\"@type\":\"Person\",\"@id\":\"https:\/\/mdkoswiecim.pl\/#\/schema\/person\/d9c1081e4cfefcbccad7ec11fa250f7a\",\"name\":\"alina.kwarciak\",\"image\":{\"@type\":\"ImageObject\",\"@id\":\"https:\/\/mdkoswiecim.pl\/#personlogo\",\"inLanguage\":\"pl-PL\",\"url\":\"https:\/\/secure.gravatar.com\/avatar\/cce8f640650bbd69c0efc0afd2dddb7945a94129b978796401e58cac1eb8b87b?s=96&d=mm&r=g\",\"contentUrl\":\"https:\/\/secure.gravatar.com\/avatar\/cce8f640650bbd69c0efc0afd2dddb7945a94129b978796401e58cac1eb8b87b?s=96&d=mm&r=g\",\"caption\":\"alina.kwarciak\"}}]}<\/script>\n<!-- \/ Yoast SEO plugin. -->","_links":{"self":[{"href":"https:\/\/mdkoswiecim.pl\/index.php\/wp-json\/wp\/v2\/posts\/16305","targetHints":{"allow":["GET"]}}],"collection":[{"href":"https:\/\/mdkoswiecim.pl\/index.php\/wp-json\/wp\/v2\/posts"}],"about":[{"href":"https:\/\/mdkoswiecim.pl\/index.php\/wp-json\/wp\/v2\/types\/post"}],"author":[{"embeddable":true,"href":"https:\/\/mdkoswiecim.pl\/index.php\/wp-json\/wp\/v2\/users\/3"}],"replies":[{"embeddable":true,"href":"https:\/\/mdkoswiecim.pl\/index.php\/wp-json\/wp\/v2\/comments?post=16305"}],"version-history":[{"count":1,"href":"https:\/\/mdkoswiecim.pl\/index.php\/wp-json\/wp\/v2\/posts\/16305\/revisions"}],"predecessor-version":[{"id":16307,"href":"https:\/\/mdkoswiecim.pl\/index.php\/wp-json\/wp\/v2\/posts\/16305\/revisions\/16307"}],"wp:featuredmedia":[{"embeddable":true,"href":"https:\/\/mdkoswiecim.pl\/index.php\/wp-json\/wp\/v2\/media\/16306"}],"wp:attachment":[{"href":"https:\/\/mdkoswiecim.pl\/index.php\/wp-json\/wp\/v2\/media?parent=16305"}],"wp:term":[{"taxonomy":"category","embeddable":true,"href":"https:\/\/mdkoswiecim.pl\/index.php\/wp-json\/wp\/v2\/categories?post=16305"},{"taxonomy":"post_tag","embeddable":true,"href":"https:\/\/mdkoswiecim.pl\/index.php\/wp-json\/wp\/v2\/tags?post=16305"}],"curies":[{"name":"wp","href":"https:\/\/api.w.org\/{rel}","templated":true}]}}