{"id":16299,"date":"2022-12-28T13:32:27","date_gmt":"2022-12-28T12:32:27","guid":{"rendered":"https:\/\/mdkoswiecim.pl\/?p=16299"},"modified":"2023-01-17T09:10:46","modified_gmt":"2023-01-17T08:10:46","slug":"wyniki-iv-powiatowego-konkursu-plastycznego-kufer-wyobrazni-pod-haslem-swiateczny-aniol","status":"publish","type":"post","link":"https:\/\/mdkoswiecim.pl\/index.php\/2022\/12\/28\/wyniki-iv-powiatowego-konkursu-plastycznego-kufer-wyobrazni-pod-haslem-swiateczny-aniol\/","title":{"rendered":"Wyniki IV Powiatowego Konkursu Plastycznego \u201eKufer Wyobra\u017ani\u201d pod has\u0142em \u201e\u015awi\u0105teczny anio\u0142\u201d"},"content":{"rendered":"\n<figure class=\"wp-block-embed is-type-video is-provider-youtube wp-block-embed-youtube wp-embed-aspect-4-3 wp-has-aspect-ratio\"><div class=\"wp-block-embed__wrapper\">\n<iframe loading=\"lazy\" title=\"POWIATOWY KONKURS PLASTYCZNY &quot;KUFER WYOBRA\u0179NI&quot; PN. &quot;\u015aWI\u0104TECZNY ANIO\u0141&quot; 2022\" width=\"1110\" height=\"833\" src=\"https:\/\/www.youtube.com\/embed\/qvxfcdjtG7w?feature=oembed\" frameborder=\"0\" allow=\"accelerometer; autoplay; clipboard-write; encrypted-media; gyroscope; picture-in-picture; web-share\" allowfullscreen><\/iframe>\n<\/div><\/figure>\n\n\n\n<p>Na konkurs wp\u0142yn\u0119\u0142o 406 prac. Komisja konkursowa pod przewodnictwem pani Magdaleny Prochowskiej postanowi\u0142a przyzna\u0107 nagrody i wyr\u00f3\u017cnienia w nast\u0119puj\u0105cych kategoriach wiekowych:<\/p>\n\n\n\n<p><strong>Kategoria: PRACE P\u0141ASKIE<\/strong><\/p>\n\n\n\n<p><strong>I grupa szko\u0142y \/ przedszkola (6-latki) oraz klasy 1-3 SP<\/strong><\/p>\n\n\n\n<p><strong>Nagrody:<\/strong><\/p>\n\n\n\n<p>TYMOTEUSZ GAJDZIK, SP W\u0142osienica<\/p>\n\n\n\n<p>KAMILA KIERUJ, SP nr 8 O\u015bwi\u0119cim<\/p>\n\n\n\n<p>ANTONINA KU\u015aNIEREK, SP nr 8 O\u015bwi\u0119cim<\/p>\n\n\n\n<p><strong>Wyr\u00f3\u017cnienia:<\/strong><\/p>\n\n\n\n<p>NIKOLA HANUSZEK, SP nr 4 O\u015bwi\u0119cim<\/p>\n\n\n\n<p>GABRIELA KRZY\u017bECKA, SP nr 4 O\u015bwi\u0119cim<\/p>\n\n\n\n<p>MARTYNA TURAJ, SP nr 8 O\u015bwi\u0119cim<\/p>\n\n\n\n<p><strong>Kwalifikacje do wystawy: <\/strong><\/p>\n\n\n\n<p>NADIA SURMA, SP Bielany<\/p>\n\n\n\n<p>KINGA KLI\u015a, SP nr 8 O\u015bwi\u0119cim<\/p>\n\n\n\n<p>ZOFIA KURDZIEL, SP Bielany<\/p>\n\n\n\n<p>MAJA KRUCZA\u0141A, ZS-P nr 1 Osiek<\/p>\n\n\n\n<p><strong>I grupa MDK \/ przedszkola (6-latki) oraz klasy 1-3 SP<\/strong><\/p>\n\n\n\n<p><strong>Nagrody:<\/strong><\/p>\n\n\n\n<p>GABRIELA MITKO, MDK O\u015bwi\u0119cim<\/p>\n\n\n\n<p>JOANNA KAWALA,MDK O\u015bwi\u0119cim<\/p>\n\n\n\n<p>NATASZA SZYJKA, MDK O\u015bwi\u0119cim<\/p>\n\n\n\n<p>WERONIKA WALICZEK, MDK O\u015bwi\u0119cim<\/p>\n\n\n\n<p><strong>Wyr\u00f3\u017cnienia:<\/strong><\/p>\n\n\n\n<p>MIKO\u0141AJ CHALCARZ, MDK O\u015bwi\u0119cim<\/p>\n\n\n\n<p>BLANKA P\u0118DRYS, MDK O\u015bwi\u0119cim<\/p>\n\n\n\n<p>ALEKSANDRA SZCZYGIE\u0141, MDK O\u015bwi\u0119cim<\/p>\n\n\n\n<p>ZUZANNA WO\u0141OWIEC, MDK O\u015bwi\u0119cim<\/p>\n\n\n\n<p><strong>Kwalifikacje do wystawy: <\/strong><\/p>\n\n\n\n<p>MAJA SOCHA, MDK O\u015bwi\u0119cim<\/p>\n\n\n\n<p>ANTONINA KOWALCZYK, MDK O\u015bwi\u0119cim<\/p>\n\n\n\n<p>SZYMON STRUMI\u0143SKI, MDK O\u015bwi\u0119cim<\/p>\n\n\n\n<p>ALEKSANDRA JAKUBOWSKA, MDK O\u015bwi\u0119cim<\/p>\n\n\n\n<p>GABRIELA NIEDZIELA, MDK O\u015bwi\u0119cim<\/p>\n\n\n\n<p>ALEKSANDRA NIEDZIELA, MDK O\u015bwi\u0119cim<\/p>\n\n\n\n<p>PATRYK SZEWCZYK, MDK O\u015bwi\u0119cim<\/p>\n\n\n\n<p>ALEKSANDRA MAJCHEREK, MDK O\u015bwi\u0119cim<\/p>\n\n\n\n<p>ADAM JAB\u0141O\u0143SKI, MDK O\u015bwi\u0119cim<\/p>\n\n\n\n<p>HANNA KADIYAN, MDK O\u015bwi\u0119cim<\/p>\n\n\n\n<p><strong>II grupa szko\u0142y \/ klasy 4-6 SP<\/strong><\/p>\n\n\n\n<p><strong>Nagrody:<\/strong><\/p>\n\n\n\n<p>EWA GW\u00d3\u0179D\u0179, SP nr 4 O\u015bwi\u0119cim<\/p>\n\n\n\n<p>HANNA KOCZUR, SP nr 9 O\u015bwi\u0119cim<\/p>\n\n\n\n<p>OLGA JURKOWSKA, SP nr 8 O\u015bwi\u0119cim<\/p>\n\n\n\n<p>ANETA PAW, SP nr 1 Osiek<\/p>\n\n\n\n<p>ALINA SHVETS, SP nr 4 O\u015bwi\u0119cim<\/p>\n\n\n\n<p><strong>Wyr\u00f3\u017cnienia:<\/strong><\/p>\n\n\n\n<p>ADRIAN DANILISZYN, SP nr 8 O\u015bwi\u0119cim<\/p>\n\n\n\n<p>AGATA KRAWCZYK, SP nr 2 O\u015bwi\u0119cim<\/p>\n\n\n\n<p>KALINA KRAKOWCZYK, SP nr 8 O\u015bwi\u0119cim<\/p>\n\n\n\n<p>LEON NIEMCZYK, SP nr 8 O\u015bwi\u0119cim<\/p>\n\n\n\n<p>OLIWIA ZAJ\u0104C, SP nr 8 O\u015bwi\u0119cim<\/p>\n\n\n\n<p><strong>Kwalifikacje do wystawy:<\/strong><\/p>\n\n\n\n<p>EMILIA CZY\u017bOWSKA, SP nr 4 O\u015bwi\u0119cim<\/p>\n\n\n\n<p>JULIA KOPE\u0106, SP nr 4 O\u015bwi\u0119cim<\/p>\n\n\n\n<p>ANTONINA PIELA, SP nr 2 O\u015bwi\u0119cim<\/p>\n\n\n\n<p>AGATA KUKOWSKA, SP nr 2 O\u015bwi\u0119cim<\/p>\n\n\n\n<p>NIKOLA CZ\u0141OWIEK, ZS-P G\u0142\u0119bowice<\/p>\n\n\n\n<p>JULIA JANKOWSKA, SP nr 8 O\u015bwi\u0119cim<\/p>\n\n\n\n<p>BLANKA REGIEC, SP nr 4 O\u015bwi\u0119cim<\/p>\n\n\n\n<p>WIKTOR SUWAJ, SZS nr 1 Che\u0142mek<\/p>\n\n\n\n<p>SZYMON BOJCZUK, SP nr 8 O\u015bwi\u0119cim<\/p>\n\n\n\n<p>SABINA SO\u015aNIOK, SP nr 8 O\u015bwi\u0119cim<\/p>\n\n\n\n<p>KATARZYNA JANIK, SP nr 8 O\u015bwi\u0119cim<\/p>\n\n\n\n<p>ALEKSANDRA KUREK, ZSP G\u0142\u0119bowice<\/p>\n\n\n\n<p><strong>II grupa MDK \/ klasy 4-6 SP<\/strong><\/p>\n\n\n\n<p><strong>Nagrody:<\/strong><\/p>\n\n\n\n<p>KAMILA JAKUBCZYK, MDK O\u015bwi\u0119cim<\/p>\n\n\n\n<p>EMILIA KRAWCZYK, MDK O\u015bwi\u0119cim<\/p>\n\n\n\n<p>JUSTYNA SZYMA\u0143SKA, MDK O\u015bwi\u0119cim<\/p>\n\n\n\n<p><strong>Wyr\u00f3\u017cnienia:<\/strong><\/p>\n\n\n\n<p>NATALIA MORYDZ, MDK O\u015bwi\u0119cim<\/p>\n\n\n\n<p>MAJA SOCHA, MDK O\u015bwi\u0119cim<\/p>\n\n\n\n<p>ANASTASIA ZOBER, MDK O\u015bwi\u0119cim<\/p>\n\n\n\n<p><strong>Kwalifikacja do wystawy:<\/strong><\/p>\n\n\n\n<p>DOMINIK CHYLASZEK, MDK O\u015bwi\u0119cim<\/p>\n\n\n\n<p><strong>III grupa szko\u0142y \/ klasy 7-8 SP oraz szko\u0142y ponadpodstawowe<\/strong><\/p>\n\n\n\n<p><strong>Nagrody:<\/strong><\/p>\n\n\n\n<p>MILENA KYSIK, ZSZTS O\u015bwi\u0119cim<\/p>\n\n\n\n<p>KAROLINA NIEGEL, SP nr 2 Osiek<\/p>\n\n\n\n<p>ALEKSANDRA PINAZZA, ZSZTS O\u015bwi\u0119cim<\/p>\n\n\n\n<p>KORNELIA ZAJ\u0104C, ZSZTS O\u015bwi\u0119cim<\/p>\n\n\n\n<p>WERONIKA MATRAS, SP nr 4 O\u015bwi\u0119cim<\/p>\n\n\n\n<p><strong>Wyr\u00f3\u017cnienia:<\/strong><\/p>\n\n\n\n<p>AMELIA CHODOROWICZ, PZ nr 1 O\u015bwi\u0119cim<\/p>\n\n\n\n<p>MARTA KAROLUS, SP Zaborze<\/p>\n\n\n\n<p><strong>Kwalifikacje do wystawy:<\/strong><\/p>\n\n\n\n<p>MARIANNA CHOJNOWSKA, ZSZTS O\u015bwi\u0119cim<\/p>\n\n\n\n<p>JULIA KL\u0118CZAR, ZSZTS O\u015bwi\u0119cim<\/p>\n\n\n\n<p>ANNA KASPEREK, ZSZTS O\u015bwi\u0119cim<\/p>\n\n\n\n<p>NATALIA STACHURA, ZSZTS O\u015bwi\u0119cimiu<\/p>\n\n\n\n<p>MILENA P\u0118DZIWIATR, ZSZTS O\u015bwi\u0119cim<\/p>\n\n\n\n<p><strong>III grupa MDK \/ klasy 7-8 SP oraz szko\u0142y ponadpodstawowe<\/strong><\/p>\n\n\n\n<p><strong>Nagrody:<\/strong><\/p>\n\n\n\n<p>MARTA BRZ\u0118K, MDK O\u015bwi\u0119cim<\/p>\n\n\n\n<p>JOANNA JANIK,MDK O\u015bwi\u0119cim<\/p>\n\n\n\n<p>WIKTORIA KOVACS, MDK O\u015bwi\u0119cim<\/p>\n\n\n\n<p><strong>Wyr\u00f3\u017cnienia:<\/strong><\/p>\n\n\n\n<p>BORYS ADAMCZYK, MDK O\u015bwi\u0119cim<\/p>\n\n\n\n<p>ALEKSANDRA MARSZA\u0141EK, MDK O\u015bwi\u0119cim<\/p>\n\n\n\n<p><strong>Kwalifikacje do wystawy:<\/strong><\/p>\n\n\n\n<p>ZUZANNA W\u0104SIK, MDK O\u015bwi\u0119cim<\/p>\n\n\n\n<p><strong>IV grupa szko\u0142y specjalne<\/strong><\/p>\n\n\n\n<p><strong>Nagrody:<\/strong><\/p>\n\n\n\n<p>BARBARA BUL, SOSW O\u015bwi\u0119cim<\/p>\n\n\n\n<p>KATARZYNA KRAWCZYK, SOSW O\u015bwi\u0119cim<\/p>\n\n\n\n<p>KAROLINA WYRWA, SOSW O\u015bwi\u0119cim<\/p>\n\n\n\n<p><strong>Wyr\u00f3\u017cnienia:<\/strong><\/p>\n\n\n\n<p>NADIA BOGDANOWSKA, SOSW O\u015bwi\u0119cim<\/p>\n\n\n\n<p>MI\u0141OSZ GRANAT, SOSW O\u015bwi\u0119cim<\/p>\n\n\n\n<p>ROKSANA KOZIANA, SOSW O\u015bwi\u0119cim<\/p>\n\n\n\n<p>NATALIA PI\u0118TKA, SOSW O\u015bwi\u0119cim<\/p>\n\n\n\n<p><strong>Kategoria: PRACE PRZESTRZENNE<\/strong><\/p>\n\n\n\n<p><strong>I grupa szko\u0142y \/ przedszkola (6-latki) oraz klasy 1-3 SP<\/strong><\/p>\n\n\n\n<p><strong>Nagrody:<\/strong><\/p>\n\n\n\n<p>NADIA KSI\u0118\u017bARCZYK, ZSP G\u0142\u0119bowice<\/p>\n\n\n\n<p>ALICJA KNAPIK, SP nr 1 Przecisz\u00f3w<\/p>\n\n\n\n<p>POLA W\u00d3JCIK, SP nr 1 Przecisz\u00f3w<\/p>\n\n\n\n<p><strong>Wyr\u00f3\u017cnienia:<\/strong><\/p>\n\n\n\n<p>ERNEST CZAPLI\u0143SKI, SP nr 2 Osiek<\/p>\n\n\n\n<p>JULIA GRENDZISZ, SP nr 2 Osiek<\/p>\n\n\n\n<p>KAJA MORYS, SZS nr 1 Che\u0142mek<\/p>\n\n\n\n<p>ANTONI SZCZEPANIAK, ZSP Osiek<\/p>\n\n\n\n<p>KACPER SZYMLA, SP nr 2 Osiek<\/p>\n\n\n\n<p><strong>Kwalifikacje do wystawy:<\/strong><\/p>\n\n\n\n<p>OLIWIA BERAN, SP W\u0142osienica<\/p>\n\n\n\n<p>JAN SNA\u017bYK, SP Grojec<\/p>\n\n\n\n<p>KAJA FYDA, SZS Bobrek<\/p>\n\n\n\n<p>LIWIA DOMAGA\u0141A, MP nr 14 O\u015bwi\u0119cim<\/p>\n\n\n\n<p>MARTA SZCZEPANIAK, SP Zaborze<\/p>\n\n\n\n<p>MAKSYMILIAN MI\u0118TKA, ZSiSS w Grodzisku<\/p>\n\n\n\n<p>NIKOLA MEDY\u0143SKA, SP nr 1 Przecisz\u00f3w<\/p>\n\n\n\n<p>ZUZANNA MI\u015aKIEWICZ, SP nr 1 Przecisz\u00f3w<\/p>\n\n\n\n<p>NATALIA APRYAS, SP nr 2 Osiek<\/p>\n\n\n\n<p><strong>I grupa MDK \/ przedszkola (6-latki) oraz klasy 1-3 SP<\/strong><\/p>\n\n\n\n<p><strong>Nagrody:<\/strong><\/p>\n\n\n\n<p>JUSTYNA RADWA\u0143SKA, MDK O\u015bwi\u0119cim<\/p>\n\n\n\n<p>KALINA SZATY\u0143SKA, MDK O\u015bwi\u0119cim<\/p>\n\n\n\n<p>PAWE\u0141 W\u00d3JCIK, MDK O\u015bwi\u0119cim<\/p>\n\n\n\n<p><strong>Wyr\u00f3\u017cnienia:<\/strong><\/p>\n\n\n\n<p>BARBARA CZERW, MDK O\u015bwi\u0119cim<\/p>\n\n\n\n<p>MARLENA KA\u0141A, MDK O\u015bwi\u0119cim<\/p>\n\n\n\n<p><strong>Kwalifikacje do wystawy:<\/strong><\/p>\n\n\n\n<p>SARA PALIGA, MDK O\u015bwi\u0119cim<\/p>\n\n\n\n<p><strong>II grupa szko\u0142y \/ klasy 4-6 SP<\/strong><\/p>\n\n\n\n<p><strong>Nagrody:<\/strong><\/p>\n\n\n\n<p>PIOTR BLACHA, SP nr 2 Osiek<\/p>\n\n\n\n<p>LENA GODEK, ZSP Graboszyce<\/p>\n\n\n\n<p>AURELIA W\u0104SIK, SP Zaborze<\/p>\n\n\n\n<p><strong>Wyr\u00f3\u017cnienia:<\/strong><\/p>\n\n\n\n<p>KAROLINA CHOLEWKA, SP nr 1 Przecisz\u00f3w<\/p>\n\n\n\n<p>ALBERT KUSZNERUK, SP nr 1 O\u015bwi\u0119cim<\/p>\n\n\n\n<p>LENA NOWOTARSKA, ZSP Graboszyce<\/p>\n\n\n\n<p>KAROL WR\u00d3BEL, SP nr 2 Che\u0142mek<\/p>\n\n\n\n<p><strong>Kwalifikacje do wystawy:<\/strong><\/p>\n\n\n\n<p>LIDIA P\u0141ONKA, SP nr 2 Osiek<\/p>\n\n\n\n<p>KSAWERY PESCHAK, SZS Gorz\u00f3w<\/p>\n\n\n\n<p>ANTONINA STARZYK, SP nr 8 O\u015bwi\u0119cim<\/p>\n\n\n\n<p>ZOFIA RUSINEK, ZS-P Graboszyce<\/p>\n\n\n\n<p>TYMOTEUSZ RYBAK, SZS Gorz\u00f3w<\/p>\n\n\n\n<p>MAKSYMILIAN MECH, SZS Gorz\u00f3w<\/p>\n\n\n\n<p>ALICJA CHMURA,SP nr 1 Przecisz\u00f3w<\/p>\n\n\n\n<p>ALICJA NOWAK, SP nr 1 O\u015bwi\u0119cim<\/p>\n\n\n\n<p>ANITA KOWALIK, SP nr 2 Che\u0142mek<\/p>\n\n\n\n<p><strong>II grupa MDK \/ klasy 4-6 SP<\/strong><\/p>\n\n\n\n<p><strong>Nagrody:<\/strong><\/p>\n\n\n\n<p>ALEKSANDRA CHRAPCZY\u0143SKA, MDK O\u015bwi\u0119cim<\/p>\n\n\n\n<p>ANTONINA FULARZ, MDK O\u015bwi\u0119cim<\/p>\n\n\n\n<p>MAGDALENA GA\u0141GAN, MDK O\u015bwi\u0119cim<\/p>\n\n\n\n<p>KRZYSZTOF MI\u0141O\u0143, MDK O\u015bwi\u0119cim<\/p>\n\n\n\n<p><strong>Kwalifikacje do wystawy:<\/strong><\/p>\n\n\n\n<p>LENA G\u0118BALA, MDK O\u015bwi\u0119cim<\/p>\n\n\n\n<p>MAGDALENA W\u00d3JCIK, MDK O\u015bwi\u0119cim<\/p>\n\n\n\n<p>KINGA \u017bO\u0141NA, MDK O\u015bwi\u0119cim<\/p>\n\n\n\n<p>WIKTORIA JAMR\u00d3Z, MDK O\u015bwi\u0119cim<\/p>\n\n\n\n<p><strong>III grupa szko\u0142y \/ klasy 7-8 SP oraz szko\u0142y ponadpodstawowe<\/strong><\/p>\n\n\n\n<p><strong>Nagrody:<\/strong><\/p>\n\n\n\n<p>KATARZYNA HA\u0141AT, ZSZTS w O\u015bwi\u0119cimiu<\/p>\n\n\n\n<p>KAROLINA MARKIEL, PZ nr 9 w K\u0119tach<\/p>\n\n\n\n<p>BLANKA \u015aWI\u0118TO\u0143, ZSZTS w O\u015bwi\u0119cimiu<\/p>\n\n\n\n<p><strong>Wyr\u00f3\u017cnienia:<\/strong><\/p>\n\n\n\n<p>JAKUB BOROWCZYK, ZSZTS w O\u015bwi\u0119cimiu<\/p>\n\n\n\n<p><strong>IV grupa szko\u0142y specjalne<\/strong><\/p>\n\n\n\n<p><strong>Nagrody:<\/strong><\/p>\n\n\n\n<p>MACIEJ SZCZEPANIAK, SOSW O\u015bwi\u0119cim<\/p>\n\n\n\n<p><strong>Nagroda Dyrektora MDK<\/strong><\/p>\n\n\n\n<p>JULIA NOWORYTA, SP nr 1 O\u015bwi\u0119cim<\/p>\n\n\n\n<p>MATEUSZ CHUDY, MDK O\u015bwi\u0119cim<\/p>\n\n\n\n<p><\/p>\n\n\n\n<p><strong>ROZDANIE NAGR\u00d3D ODB\u0118DZIE SI\u0118 17 STYCZNIA O GODZINIE 16.00 W PIWNICY ARTYSTYCZNEJ MDK<\/strong> przy ul. Bema 4 w O\u015bwi\u0119cimiu (internat PZ2).<\/p>\n\n\n\n<p>Osoby nagrodzone i wyr\u00f3\u017cnione otrzymaj\u0105 dyplom oraz upominek. Osoby, kt\u00f3rych prace zakwalifikowa\u0142y si\u0119 do wystawy, otrzymaj\u0105 dyplom.<\/p>\n\n\n\n<p>Nagrody nieodebrane podczas uroczystej gali wr\u0119czenia nagr\u00f3d przechodz\u0105 na w\u0142asno\u015b\u0107 organizatora.<\/p>\n","protected":false},"excerpt":{"rendered":"<p>Na konkurs wp\u0142yn\u0119\u0142o 406 prac. Komisja konkursowa pod przewodnictwem pani Magdaleny Prochowskiej postanowi\u0142a przyzna\u0107 nagrody i wyr\u00f3\u017cnienia w nast\u0119puj\u0105cych kategoriach wiekowych: Kategoria: PRACE P\u0141ASKIE I grupa szko\u0142y \/ przedszkola (6-latki) oraz klasy 1-3 SP Nagrody: TYMOTEUSZ GAJDZIK, SP W\u0142osienica KAMILA KIERUJ, SP nr 8 O\u015bwi\u0119cim ANTONINA KU\u015aNIEREK, SP nr 8 O\u015bwi\u0119cim Wyr\u00f3\u017cnienia: NIKOLA HANUSZEK, SP [&hellip;]<\/p>\n","protected":false},"author":3,"featured_media":16024,"comment_status":"closed","ping_status":"closed","sticky":false,"template":"","format":"standard","meta":{"footnotes":""},"categories":[107,108],"tags":[],"class_list":["post-16299","post","type-post","status-publish","format-standard","has-post-thumbnail","hentry","category-konkursy","category-aktualnosci"],"yoast_head":"<!-- This site is optimized with the Yoast SEO plugin v16.1.1 - https:\/\/yoast.com\/wordpress\/plugins\/seo\/ -->\n<title>Wyniki IV Powiatowego Konkursu Plastycznego \u201eKufer Wyobra\u017ani\u201d pod has\u0142em \u201e\u015awi\u0105teczny anio\u0142\u201d - MDK<\/title>\n<link rel=\"canonical\" href=\"https:\/\/mdkoswiecim.pl\/index.php\/2022\/12\/28\/wyniki-iv-powiatowego-konkursu-plastycznego-kufer-wyobrazni-pod-haslem-swiateczny-aniol\/\" \/>\n<meta property=\"og:locale\" content=\"pl_PL\" \/>\n<meta property=\"og:type\" content=\"article\" \/>\n<meta property=\"og:title\" content=\"Wyniki IV Powiatowego Konkursu Plastycznego \u201eKufer Wyobra\u017ani\u201d pod has\u0142em \u201e\u015awi\u0105teczny anio\u0142\u201d - MDK\" \/>\n<meta property=\"og:description\" content=\"Na konkurs wp\u0142yn\u0119\u0142o 406 prac. Komisja konkursowa pod przewodnictwem pani Magdaleny Prochowskiej postanowi\u0142a przyzna\u0107 nagrody i wyr\u00f3\u017cnienia w nast\u0119puj\u0105cych kategoriach wiekowych: Kategoria: PRACE P\u0141ASKIE I grupa szko\u0142y \/ przedszkola (6-latki) oraz klasy 1-3 SP Nagrody: TYMOTEUSZ GAJDZIK, SP W\u0142osienica KAMILA KIERUJ, SP nr 8 O\u015bwi\u0119cim ANTONINA KU\u015aNIEREK, SP nr 8 O\u015bwi\u0119cim Wyr\u00f3\u017cnienia: NIKOLA HANUSZEK, SP [&hellip;]\" \/>\n<meta property=\"og:url\" content=\"https:\/\/mdkoswiecim.pl\/index.php\/2022\/12\/28\/wyniki-iv-powiatowego-konkursu-plastycznego-kufer-wyobrazni-pod-haslem-swiateczny-aniol\/\" \/>\n<meta property=\"og:site_name\" content=\"MDK\" \/>\n<meta property=\"article:published_time\" content=\"2022-12-28T12:32:27+00:00\" \/>\n<meta property=\"article:modified_time\" content=\"2023-01-17T08:10:46+00:00\" \/>\n<meta property=\"og:image\" content=\"https:\/\/mdkoswiecim.pl\/wp-content\/uploads\/2022\/10\/1-pl-1-1-scaled-e1667206833491.jpg\" \/>\n\t<meta property=\"og:image:width\" content=\"1811\" \/>\n\t<meta property=\"og:image:height\" content=\"1228\" \/>\n<meta name=\"twitter:card\" content=\"summary_large_image\" \/>\n<meta name=\"twitter:label1\" content=\"Szacowany czas czytania\">\n\t<meta name=\"twitter:data1\" content=\"4 minuty\">\n<script type=\"application\/ld+json\" class=\"yoast-schema-graph\">{\"@context\":\"https:\/\/schema.org\",\"@graph\":[{\"@type\":\"WebSite\",\"@id\":\"https:\/\/mdkoswiecim.pl\/#website\",\"url\":\"https:\/\/mdkoswiecim.pl\/\",\"name\":\"MDK\",\"description\":\"M\\u0142odzie\\u017cowy Dom Kultury w O\\u015bwi\\u0119cimiu\",\"potentialAction\":[{\"@type\":\"SearchAction\",\"target\":\"https:\/\/mdkoswiecim.pl\/?s={search_term_string}\",\"query-input\":\"required name=search_term_string\"}],\"inLanguage\":\"pl-PL\"},{\"@type\":\"ImageObject\",\"@id\":\"https:\/\/mdkoswiecim.pl\/index.php\/2022\/12\/28\/wyniki-iv-powiatowego-konkursu-plastycznego-kufer-wyobrazni-pod-haslem-swiateczny-aniol\/#primaryimage\",\"inLanguage\":\"pl-PL\",\"url\":\"https:\/\/mdkoswiecim.pl\/wp-content\/uploads\/2022\/10\/1-pl-1-1-scaled-e1667206833491.jpg\",\"contentUrl\":\"https:\/\/mdkoswiecim.pl\/wp-content\/uploads\/2022\/10\/1-pl-1-1-scaled-e1667206833491.jpg\",\"width\":1811,\"height\":1228},{\"@type\":\"WebPage\",\"@id\":\"https:\/\/mdkoswiecim.pl\/index.php\/2022\/12\/28\/wyniki-iv-powiatowego-konkursu-plastycznego-kufer-wyobrazni-pod-haslem-swiateczny-aniol\/#webpage\",\"url\":\"https:\/\/mdkoswiecim.pl\/index.php\/2022\/12\/28\/wyniki-iv-powiatowego-konkursu-plastycznego-kufer-wyobrazni-pod-haslem-swiateczny-aniol\/\",\"name\":\"Wyniki IV Powiatowego Konkursu Plastycznego \\u201eKufer Wyobra\\u017ani\\u201d pod has\\u0142em \\u201e\\u015awi\\u0105teczny anio\\u0142\\u201d - MDK\",\"isPartOf\":{\"@id\":\"https:\/\/mdkoswiecim.pl\/#website\"},\"primaryImageOfPage\":{\"@id\":\"https:\/\/mdkoswiecim.pl\/index.php\/2022\/12\/28\/wyniki-iv-powiatowego-konkursu-plastycznego-kufer-wyobrazni-pod-haslem-swiateczny-aniol\/#primaryimage\"},\"datePublished\":\"2022-12-28T12:32:27+00:00\",\"dateModified\":\"2023-01-17T08:10:46+00:00\",\"author\":{\"@id\":\"https:\/\/mdkoswiecim.pl\/#\/schema\/person\/d9c1081e4cfefcbccad7ec11fa250f7a\"},\"breadcrumb\":{\"@id\":\"https:\/\/mdkoswiecim.pl\/index.php\/2022\/12\/28\/wyniki-iv-powiatowego-konkursu-plastycznego-kufer-wyobrazni-pod-haslem-swiateczny-aniol\/#breadcrumb\"},\"inLanguage\":\"pl-PL\",\"potentialAction\":[{\"@type\":\"ReadAction\",\"target\":[\"https:\/\/mdkoswiecim.pl\/index.php\/2022\/12\/28\/wyniki-iv-powiatowego-konkursu-plastycznego-kufer-wyobrazni-pod-haslem-swiateczny-aniol\/\"]}]},{\"@type\":\"BreadcrumbList\",\"@id\":\"https:\/\/mdkoswiecim.pl\/index.php\/2022\/12\/28\/wyniki-iv-powiatowego-konkursu-plastycznego-kufer-wyobrazni-pod-haslem-swiateczny-aniol\/#breadcrumb\",\"itemListElement\":[{\"@type\":\"ListItem\",\"position\":1,\"item\":{\"@type\":\"WebPage\",\"@id\":\"https:\/\/mdkoswiecim.pl\/\",\"url\":\"https:\/\/mdkoswiecim.pl\/\",\"name\":\"Strona g\\u0142\\u00f3wna\"}},{\"@type\":\"ListItem\",\"position\":2,\"item\":{\"@type\":\"WebPage\",\"@id\":\"https:\/\/mdkoswiecim.pl\/index.php\/2022\/12\/28\/wyniki-iv-powiatowego-konkursu-plastycznego-kufer-wyobrazni-pod-haslem-swiateczny-aniol\/\",\"url\":\"https:\/\/mdkoswiecim.pl\/index.php\/2022\/12\/28\/wyniki-iv-powiatowego-konkursu-plastycznego-kufer-wyobrazni-pod-haslem-swiateczny-aniol\/\",\"name\":\"Wyniki IV Powiatowego Konkursu Plastycznego \\u201eKufer Wyobra\\u017ani\\u201d pod has\\u0142em \\u201e\\u015awi\\u0105teczny anio\\u0142\\u201d\"}}]},{\"@type\":\"Person\",\"@id\":\"https:\/\/mdkoswiecim.pl\/#\/schema\/person\/d9c1081e4cfefcbccad7ec11fa250f7a\",\"name\":\"alina.kwarciak\",\"image\":{\"@type\":\"ImageObject\",\"@id\":\"https:\/\/mdkoswiecim.pl\/#personlogo\",\"inLanguage\":\"pl-PL\",\"url\":\"https:\/\/secure.gravatar.com\/avatar\/cce8f640650bbd69c0efc0afd2dddb7945a94129b978796401e58cac1eb8b87b?s=96&d=mm&r=g\",\"contentUrl\":\"https:\/\/secure.gravatar.com\/avatar\/cce8f640650bbd69c0efc0afd2dddb7945a94129b978796401e58cac1eb8b87b?s=96&d=mm&r=g\",\"caption\":\"alina.kwarciak\"}}]}<\/script>\n<!-- \/ Yoast SEO plugin. -->","_links":{"self":[{"href":"https:\/\/mdkoswiecim.pl\/index.php\/wp-json\/wp\/v2\/posts\/16299","targetHints":{"allow":["GET"]}}],"collection":[{"href":"https:\/\/mdkoswiecim.pl\/index.php\/wp-json\/wp\/v2\/posts"}],"about":[{"href":"https:\/\/mdkoswiecim.pl\/index.php\/wp-json\/wp\/v2\/types\/post"}],"author":[{"embeddable":true,"href":"https:\/\/mdkoswiecim.pl\/index.php\/wp-json\/wp\/v2\/users\/3"}],"replies":[{"embeddable":true,"href":"https:\/\/mdkoswiecim.pl\/index.php\/wp-json\/wp\/v2\/comments?post=16299"}],"version-history":[{"count":7,"href":"https:\/\/mdkoswiecim.pl\/index.php\/wp-json\/wp\/v2\/posts\/16299\/revisions"}],"predecessor-version":[{"id":16386,"href":"https:\/\/mdkoswiecim.pl\/index.php\/wp-json\/wp\/v2\/posts\/16299\/revisions\/16386"}],"wp:featuredmedia":[{"embeddable":true,"href":"https:\/\/mdkoswiecim.pl\/index.php\/wp-json\/wp\/v2\/media\/16024"}],"wp:attachment":[{"href":"https:\/\/mdkoswiecim.pl\/index.php\/wp-json\/wp\/v2\/media?parent=16299"}],"wp:term":[{"taxonomy":"category","embeddable":true,"href":"https:\/\/mdkoswiecim.pl\/index.php\/wp-json\/wp\/v2\/categories?post=16299"},{"taxonomy":"post_tag","embeddable":true,"href":"https:\/\/mdkoswiecim.pl\/index.php\/wp-json\/wp\/v2\/tags?post=16299"}],"curies":[{"name":"wp","href":"https:\/\/api.w.org\/{rel}","templated":true}]}}