{"id":16249,"date":"2022-12-16T09:34:15","date_gmt":"2022-12-16T08:34:15","guid":{"rendered":"https:\/\/mdkoswiecim.pl\/?p=16249"},"modified":"2022-12-16T09:34:16","modified_gmt":"2022-12-16T08:34:16","slug":"kreatywnie-i-z-przytupem-czyli-zajecia-plastyczne-w-mdk","status":"publish","type":"post","link":"https:\/\/mdkoswiecim.pl\/index.php\/2022\/12\/16\/kreatywnie-i-z-przytupem-czyli-zajecia-plastyczne-w-mdk\/","title":{"rendered":"Kreatywnie i z przytupem, czyli ZAJ\u0118CIA PLASTYCZNE W MDK"},"content":{"rendered":"\n<p>Czwartkowe popo\u0142udnie 15 grudnia 2022 r. grupy plastyczne M\u0142odzie\u017cowego Domu Kultury, zainspirowane niezwyk\u0142\u0105 wystaw\u0105 malarstwa Ewy Markiewicz-Adamczewskiej, znajduj\u0105cej si\u0119 w O\u015bwi\u0119cimskim Centrum Kultury, wraz z nauczycielem &#8211; pani\u0105 El\u017cbiet\u0105 Wardza\u0142\u0105-Sere\u015b skorzysta\u0142y z go\u015bcinno\u015bci zaprzyja\u017anionej instytucji i w Galerii OCK wykona\u0142y niezwyk\u0142e prace. Kreatywno\u015b\u0107 naszych m\u0142odych artyst\u00f3w przesz\u0142a nasze naj\u015bmielsze oczekiwania. Tw\u00f3rczej ekspresji towarzyszy\u0142a doskona\u0142a zabawa i radosny nastr\u00f3j.<\/p>\n\n\n\n<p>Je\u015bli chcesz rozwija\u0107 swoje plastyczne umiej\u0119tno\u015bci i jeste\u015b uczniem starszych klas szko\u0142y podstawowej lub uczniem szko\u0142y \u015bredniej, zapraszamy na zaj\u0119cia. WARTO!!!<\/p>\n\n\n\n<figure class=\"wp-block-gallery has-nested-images columns-default is-cropped wp-block-gallery-1 is-layout-flex wp-block-gallery-is-layout-flex\">\n<figure class=\"wp-block-image size-large\"><img loading=\"lazy\" decoding=\"async\" width=\"640\" height=\"480\" data-id=\"16258\" src=\"https:\/\/mdkoswiecim.pl\/wp-content\/uploads\/2022\/12\/319576470_664290558522498_6457603271102768437_n.jpg\" alt=\"\" class=\"wp-image-16258\" srcset=\"https:\/\/mdkoswiecim.pl\/wp-content\/uploads\/2022\/12\/319576470_664290558522498_6457603271102768437_n.jpg 640w, https:\/\/mdkoswiecim.pl\/wp-content\/uploads\/2022\/12\/319576470_664290558522498_6457603271102768437_n-300x225.jpg 300w\" sizes=\"auto, (max-width: 640px) 100vw, 640px\" \/><\/figure>\n\n\n\n<figure class=\"wp-block-image size-large\"><img loading=\"lazy\" decoding=\"async\" width=\"640\" height=\"480\" data-id=\"16254\" src=\"https:\/\/mdkoswiecim.pl\/wp-content\/uploads\/2022\/12\/319615504_1168695840698643_5654578697323209247_n.jpg\" alt=\"\" class=\"wp-image-16254\" srcset=\"https:\/\/mdkoswiecim.pl\/wp-content\/uploads\/2022\/12\/319615504_1168695840698643_5654578697323209247_n.jpg 640w, https:\/\/mdkoswiecim.pl\/wp-content\/uploads\/2022\/12\/319615504_1168695840698643_5654578697323209247_n-300x225.jpg 300w\" sizes=\"auto, (max-width: 640px) 100vw, 640px\" \/><\/figure>\n\n\n\n<figure class=\"wp-block-image size-large\"><img loading=\"lazy\" decoding=\"async\" width=\"480\" height=\"640\" data-id=\"16250\" src=\"https:\/\/mdkoswiecim.pl\/wp-content\/uploads\/2022\/12\/319661621_535686311601286_6210348793665923007_n.jpg\" alt=\"\" class=\"wp-image-16250\" srcset=\"https:\/\/mdkoswiecim.pl\/wp-content\/uploads\/2022\/12\/319661621_535686311601286_6210348793665923007_n.jpg 480w, https:\/\/mdkoswiecim.pl\/wp-content\/uploads\/2022\/12\/319661621_535686311601286_6210348793665923007_n-225x300.jpg 225w\" sizes=\"auto, (max-width: 480px) 100vw, 480px\" \/><\/figure>\n\n\n\n<figure class=\"wp-block-image size-large\"><img loading=\"lazy\" decoding=\"async\" width=\"640\" height=\"480\" data-id=\"16253\" src=\"https:\/\/mdkoswiecim.pl\/wp-content\/uploads\/2022\/12\/318997379_1902353506807959_1864707098303942795_n.jpg\" alt=\"\" class=\"wp-image-16253\" srcset=\"https:\/\/mdkoswiecim.pl\/wp-content\/uploads\/2022\/12\/318997379_1902353506807959_1864707098303942795_n.jpg 640w, https:\/\/mdkoswiecim.pl\/wp-content\/uploads\/2022\/12\/318997379_1902353506807959_1864707098303942795_n-300x225.jpg 300w\" sizes=\"auto, (max-width: 640px) 100vw, 640px\" \/><\/figure>\n\n\n\n<figure class=\"wp-block-image size-large\"><img loading=\"lazy\" decoding=\"async\" width=\"480\" height=\"640\" data-id=\"16255\" src=\"https:\/\/mdkoswiecim.pl\/wp-content\/uploads\/2022\/12\/319720466_692121838975743_4462391169436643588_n.jpg\" alt=\"\" class=\"wp-image-16255\" srcset=\"https:\/\/mdkoswiecim.pl\/wp-content\/uploads\/2022\/12\/319720466_692121838975743_4462391169436643588_n.jpg 480w, https:\/\/mdkoswiecim.pl\/wp-content\/uploads\/2022\/12\/319720466_692121838975743_4462391169436643588_n-225x300.jpg 225w\" sizes=\"auto, (max-width: 480px) 100vw, 480px\" \/><\/figure>\n\n\n\n<figure class=\"wp-block-image size-large\"><img loading=\"lazy\" decoding=\"async\" width=\"480\" height=\"640\" data-id=\"16256\" src=\"https:\/\/mdkoswiecim.pl\/wp-content\/uploads\/2022\/12\/319704518_1474162806403574_295675535121291945_n.jpg\" alt=\"\" class=\"wp-image-16256\" srcset=\"https:\/\/mdkoswiecim.pl\/wp-content\/uploads\/2022\/12\/319704518_1474162806403574_295675535121291945_n.jpg 480w, https:\/\/mdkoswiecim.pl\/wp-content\/uploads\/2022\/12\/319704518_1474162806403574_295675535121291945_n-225x300.jpg 225w\" sizes=\"auto, (max-width: 480px) 100vw, 480px\" \/><\/figure>\n\n\n\n<figure class=\"wp-block-image size-large\"><img loading=\"lazy\" decoding=\"async\" width=\"480\" height=\"640\" data-id=\"16252\" src=\"https:\/\/mdkoswiecim.pl\/wp-content\/uploads\/2022\/12\/319696326_483338827254352_6935084506797598618_n.jpg\" alt=\"\" class=\"wp-image-16252\" srcset=\"https:\/\/mdkoswiecim.pl\/wp-content\/uploads\/2022\/12\/319696326_483338827254352_6935084506797598618_n.jpg 480w, https:\/\/mdkoswiecim.pl\/wp-content\/uploads\/2022\/12\/319696326_483338827254352_6935084506797598618_n-225x300.jpg 225w\" sizes=\"auto, (max-width: 480px) 100vw, 480px\" \/><\/figure>\n\n\n\n<figure class=\"wp-block-image size-large\"><img loading=\"lazy\" decoding=\"async\" width=\"480\" height=\"640\" data-id=\"16251\" src=\"https:\/\/mdkoswiecim.pl\/wp-content\/uploads\/2022\/12\/319650342_598501048947015_3976837637810868623_n.jpg\" alt=\"\" class=\"wp-image-16251\" srcset=\"https:\/\/mdkoswiecim.pl\/wp-content\/uploads\/2022\/12\/319650342_598501048947015_3976837637810868623_n.jpg 480w, https:\/\/mdkoswiecim.pl\/wp-content\/uploads\/2022\/12\/319650342_598501048947015_3976837637810868623_n-225x300.jpg 225w\" sizes=\"auto, (max-width: 480px) 100vw, 480px\" \/><\/figure>\n\n\n\n<figure class=\"wp-block-image size-large\"><img loading=\"lazy\" decoding=\"async\" width=\"640\" height=\"480\" data-id=\"16257\" src=\"https:\/\/mdkoswiecim.pl\/wp-content\/uploads\/2022\/12\/319747370_674387294181753_498700245981548914_n.jpg\" alt=\"\" class=\"wp-image-16257\" srcset=\"https:\/\/mdkoswiecim.pl\/wp-content\/uploads\/2022\/12\/319747370_674387294181753_498700245981548914_n.jpg 640w, https:\/\/mdkoswiecim.pl\/wp-content\/uploads\/2022\/12\/319747370_674387294181753_498700245981548914_n-300x225.jpg 300w\" sizes=\"auto, (max-width: 640px) 100vw, 640px\" \/><\/figure>\n<\/figure>\n","protected":false},"excerpt":{"rendered":"<p>Czwartkowe popo\u0142udnie 15 grudnia 2022 r. grupy plastyczne M\u0142odzie\u017cowego Domu Kultury, zainspirowane niezwyk\u0142\u0105 wystaw\u0105 malarstwa Ewy Markiewicz-Adamczewskiej, znajduj\u0105cej si\u0119 w O\u015bwi\u0119cimskim Centrum Kultury, wraz z nauczycielem &#8211; pani\u0105 El\u017cbiet\u0105 Wardza\u0142\u0105-Sere\u015b skorzysta\u0142y z go\u015bcinno\u015bci zaprzyja\u017anionej instytucji i w Galerii OCK wykona\u0142y niezwyk\u0142e prace. Kreatywno\u015b\u0107 naszych m\u0142odych artyst\u00f3w przesz\u0142a nasze naj\u015bmielsze oczekiwania. Tw\u00f3rczej ekspresji towarzyszy\u0142a doskona\u0142a zabawa [&hellip;]<\/p>\n","protected":false},"author":3,"featured_media":16250,"comment_status":"closed","ping_status":"closed","sticky":false,"template":"","format":"standard","meta":{"footnotes":""},"categories":[108],"tags":[],"class_list":["post-16249","post","type-post","status-publish","format-standard","has-post-thumbnail","hentry","category-aktualnosci"],"yoast_head":"<!-- This site is optimized with the Yoast SEO plugin v16.1.1 - https:\/\/yoast.com\/wordpress\/plugins\/seo\/ -->\n<title>Kreatywnie i z przytupem, czyli ZAJ\u0118CIA PLASTYCZNE W MDK - MDK<\/title>\n<link rel=\"canonical\" href=\"https:\/\/mdkoswiecim.pl\/index.php\/2022\/12\/16\/kreatywnie-i-z-przytupem-czyli-zajecia-plastyczne-w-mdk\/\" \/>\n<meta property=\"og:locale\" content=\"pl_PL\" \/>\n<meta property=\"og:type\" content=\"article\" \/>\n<meta property=\"og:title\" content=\"Kreatywnie i z przytupem, czyli ZAJ\u0118CIA PLASTYCZNE W MDK - MDK\" \/>\n<meta property=\"og:description\" content=\"Czwartkowe popo\u0142udnie 15 grudnia 2022 r. grupy plastyczne M\u0142odzie\u017cowego Domu Kultury, zainspirowane niezwyk\u0142\u0105 wystaw\u0105 malarstwa Ewy Markiewicz-Adamczewskiej, znajduj\u0105cej si\u0119 w O\u015bwi\u0119cimskim Centrum Kultury, wraz z nauczycielem &#8211; pani\u0105 El\u017cbiet\u0105 Wardza\u0142\u0105-Sere\u015b skorzysta\u0142y z go\u015bcinno\u015bci zaprzyja\u017anionej instytucji i w Galerii OCK wykona\u0142y niezwyk\u0142e prace. Kreatywno\u015b\u0107 naszych m\u0142odych artyst\u00f3w przesz\u0142a nasze naj\u015bmielsze oczekiwania. Tw\u00f3rczej ekspresji towarzyszy\u0142a doskona\u0142a zabawa [&hellip;]\" \/>\n<meta property=\"og:url\" content=\"https:\/\/mdkoswiecim.pl\/index.php\/2022\/12\/16\/kreatywnie-i-z-przytupem-czyli-zajecia-plastyczne-w-mdk\/\" \/>\n<meta property=\"og:site_name\" content=\"MDK\" \/>\n<meta property=\"article:published_time\" content=\"2022-12-16T08:34:15+00:00\" \/>\n<meta property=\"article:modified_time\" content=\"2022-12-16T08:34:16+00:00\" \/>\n<meta property=\"og:image\" content=\"https:\/\/mdkoswiecim.pl\/wp-content\/uploads\/2022\/12\/319661621_535686311601286_6210348793665923007_n.jpg\" \/>\n\t<meta property=\"og:image:width\" content=\"480\" \/>\n\t<meta property=\"og:image:height\" content=\"640\" \/>\n<meta name=\"twitter:card\" content=\"summary_large_image\" \/>\n<meta name=\"twitter:label1\" content=\"Szacowany czas czytania\">\n\t<meta name=\"twitter:data1\" content=\"3 minuty\">\n<script type=\"application\/ld+json\" class=\"yoast-schema-graph\">{\"@context\":\"https:\/\/schema.org\",\"@graph\":[{\"@type\":\"WebSite\",\"@id\":\"https:\/\/mdkoswiecim.pl\/#website\",\"url\":\"https:\/\/mdkoswiecim.pl\/\",\"name\":\"MDK\",\"description\":\"M\\u0142odzie\\u017cowy Dom Kultury w O\\u015bwi\\u0119cimiu\",\"potentialAction\":[{\"@type\":\"SearchAction\",\"target\":\"https:\/\/mdkoswiecim.pl\/?s={search_term_string}\",\"query-input\":\"required name=search_term_string\"}],\"inLanguage\":\"pl-PL\"},{\"@type\":\"ImageObject\",\"@id\":\"https:\/\/mdkoswiecim.pl\/index.php\/2022\/12\/16\/kreatywnie-i-z-przytupem-czyli-zajecia-plastyczne-w-mdk\/#primaryimage\",\"inLanguage\":\"pl-PL\",\"url\":\"https:\/\/mdkoswiecim.pl\/wp-content\/uploads\/2022\/12\/319661621_535686311601286_6210348793665923007_n.jpg\",\"contentUrl\":\"https:\/\/mdkoswiecim.pl\/wp-content\/uploads\/2022\/12\/319661621_535686311601286_6210348793665923007_n.jpg\",\"width\":480,\"height\":640},{\"@type\":\"WebPage\",\"@id\":\"https:\/\/mdkoswiecim.pl\/index.php\/2022\/12\/16\/kreatywnie-i-z-przytupem-czyli-zajecia-plastyczne-w-mdk\/#webpage\",\"url\":\"https:\/\/mdkoswiecim.pl\/index.php\/2022\/12\/16\/kreatywnie-i-z-przytupem-czyli-zajecia-plastyczne-w-mdk\/\",\"name\":\"Kreatywnie i z przytupem, czyli ZAJ\\u0118CIA PLASTYCZNE W MDK - MDK\",\"isPartOf\":{\"@id\":\"https:\/\/mdkoswiecim.pl\/#website\"},\"primaryImageOfPage\":{\"@id\":\"https:\/\/mdkoswiecim.pl\/index.php\/2022\/12\/16\/kreatywnie-i-z-przytupem-czyli-zajecia-plastyczne-w-mdk\/#primaryimage\"},\"datePublished\":\"2022-12-16T08:34:15+00:00\",\"dateModified\":\"2022-12-16T08:34:16+00:00\",\"author\":{\"@id\":\"https:\/\/mdkoswiecim.pl\/#\/schema\/person\/d9c1081e4cfefcbccad7ec11fa250f7a\"},\"breadcrumb\":{\"@id\":\"https:\/\/mdkoswiecim.pl\/index.php\/2022\/12\/16\/kreatywnie-i-z-przytupem-czyli-zajecia-plastyczne-w-mdk\/#breadcrumb\"},\"inLanguage\":\"pl-PL\",\"potentialAction\":[{\"@type\":\"ReadAction\",\"target\":[\"https:\/\/mdkoswiecim.pl\/index.php\/2022\/12\/16\/kreatywnie-i-z-przytupem-czyli-zajecia-plastyczne-w-mdk\/\"]}]},{\"@type\":\"BreadcrumbList\",\"@id\":\"https:\/\/mdkoswiecim.pl\/index.php\/2022\/12\/16\/kreatywnie-i-z-przytupem-czyli-zajecia-plastyczne-w-mdk\/#breadcrumb\",\"itemListElement\":[{\"@type\":\"ListItem\",\"position\":1,\"item\":{\"@type\":\"WebPage\",\"@id\":\"https:\/\/mdkoswiecim.pl\/\",\"url\":\"https:\/\/mdkoswiecim.pl\/\",\"name\":\"Strona g\\u0142\\u00f3wna\"}},{\"@type\":\"ListItem\",\"position\":2,\"item\":{\"@type\":\"WebPage\",\"@id\":\"https:\/\/mdkoswiecim.pl\/index.php\/2022\/12\/16\/kreatywnie-i-z-przytupem-czyli-zajecia-plastyczne-w-mdk\/\",\"url\":\"https:\/\/mdkoswiecim.pl\/index.php\/2022\/12\/16\/kreatywnie-i-z-przytupem-czyli-zajecia-plastyczne-w-mdk\/\",\"name\":\"Kreatywnie i z przytupem, czyli ZAJ\\u0118CIA PLASTYCZNE W MDK\"}}]},{\"@type\":\"Person\",\"@id\":\"https:\/\/mdkoswiecim.pl\/#\/schema\/person\/d9c1081e4cfefcbccad7ec11fa250f7a\",\"name\":\"alina.kwarciak\",\"image\":{\"@type\":\"ImageObject\",\"@id\":\"https:\/\/mdkoswiecim.pl\/#personlogo\",\"inLanguage\":\"pl-PL\",\"url\":\"https:\/\/secure.gravatar.com\/avatar\/cce8f640650bbd69c0efc0afd2dddb7945a94129b978796401e58cac1eb8b87b?s=96&d=mm&r=g\",\"contentUrl\":\"https:\/\/secure.gravatar.com\/avatar\/cce8f640650bbd69c0efc0afd2dddb7945a94129b978796401e58cac1eb8b87b?s=96&d=mm&r=g\",\"caption\":\"alina.kwarciak\"}}]}<\/script>\n<!-- \/ Yoast SEO plugin. -->","_links":{"self":[{"href":"https:\/\/mdkoswiecim.pl\/index.php\/wp-json\/wp\/v2\/posts\/16249","targetHints":{"allow":["GET"]}}],"collection":[{"href":"https:\/\/mdkoswiecim.pl\/index.php\/wp-json\/wp\/v2\/posts"}],"about":[{"href":"https:\/\/mdkoswiecim.pl\/index.php\/wp-json\/wp\/v2\/types\/post"}],"author":[{"embeddable":true,"href":"https:\/\/mdkoswiecim.pl\/index.php\/wp-json\/wp\/v2\/users\/3"}],"replies":[{"embeddable":true,"href":"https:\/\/mdkoswiecim.pl\/index.php\/wp-json\/wp\/v2\/comments?post=16249"}],"version-history":[{"count":1,"href":"https:\/\/mdkoswiecim.pl\/index.php\/wp-json\/wp\/v2\/posts\/16249\/revisions"}],"predecessor-version":[{"id":16259,"href":"https:\/\/mdkoswiecim.pl\/index.php\/wp-json\/wp\/v2\/posts\/16249\/revisions\/16259"}],"wp:featuredmedia":[{"embeddable":true,"href":"https:\/\/mdkoswiecim.pl\/index.php\/wp-json\/wp\/v2\/media\/16250"}],"wp:attachment":[{"href":"https:\/\/mdkoswiecim.pl\/index.php\/wp-json\/wp\/v2\/media?parent=16249"}],"wp:term":[{"taxonomy":"category","embeddable":true,"href":"https:\/\/mdkoswiecim.pl\/index.php\/wp-json\/wp\/v2\/categories?post=16249"},{"taxonomy":"post_tag","embeddable":true,"href":"https:\/\/mdkoswiecim.pl\/index.php\/wp-json\/wp\/v2\/tags?post=16249"}],"curies":[{"name":"wp","href":"https:\/\/api.w.org\/{rel}","templated":true}]}}