{"id":16190,"date":"2022-12-04T20:22:54","date_gmt":"2022-12-04T19:22:54","guid":{"rendered":"https:\/\/mdkoswiecim.pl\/?p=16190"},"modified":"2022-12-04T20:22:55","modified_gmt":"2022-12-04T19:22:55","slug":"igrzyska-dzieci-i-mlodziezy-w-szachach-etap-powiatowy","status":"publish","type":"post","link":"https:\/\/mdkoswiecim.pl\/index.php\/2022\/12\/04\/igrzyska-dzieci-i-mlodziezy-w-szachach-etap-powiatowy\/","title":{"rendered":"Igrzyska Dzieci i M\u0142odzie\u017cy w szachach &#8211; etap powiatowy"},"content":{"rendered":"\n<p>W \u015brod\u0119 30 listopada w M\u0142odzie\u017cowym Domu Kultury odby\u0142 si\u0119 powiatowy etap Igrzysk Dzieci i M\u0142odzie\u017cy w Szachach, organizowany przez Miejski O\u015brodek Sportu i Rekreacji w O\u015bwi\u0119cimiu. <\/p>\n\n\n\n<p>Do zawod\u00f3w stan\u0119\u0142y dru\u017cyny ze Szko\u0142y Podstawowej nr 2 w O\u015bwi\u0119cimiu, Szko\u0142y Podstawowej nr 1 w Przeciszowie, Szko\u0142y Podstawowej w Grojcu oraz Zespo\u0142u Szk\u00f3\u0142 Og\u00f3lnokszta\u0142c\u0105cych w Zatorze. Zwyci\u0119stwo w Igrzyskach daje awans do wojew\u00f3dzkiego etapu, kt\u00f3ry odb\u0119dzie si\u0119 w My\u015blenicach.<\/p>\n\n\n\n<p>Zwyci\u0119zcami zostali:<\/p>\n\n\n\n<p><strong>klasy 4-6: <\/strong><\/p>\n\n\n\n<p>I miejsce &#8211; Szko\u0142a Podstawowa nr 2 w O\u015bwi\u0119cimiu<\/p>\n\n\n\n<p>II miejsce &#8211; Zesp\u00f3\u0142 Szk\u00f3\u0142 Og\u00f3lnokszta\u0142c\u0105cych w Zatorze<\/p>\n\n\n\n<p>III miejsce &#8211; Szko\u0142a Podstawowa nr 1 w Przeciszowie<\/p>\n\n\n\n<p><strong>klasy 7-8: <\/strong><\/p>\n\n\n\n<p>I miejsce &#8211; Szko\u0142a Podstawowa nr 1 w Przeciszowie<\/p>\n\n\n\n<p>II miejsce &#8211; Zesp\u00f3\u0142 Szk\u00f3\u0142 Og\u00f3lnokszta\u0142c\u0105cych w Zatorze<\/p>\n\n\n\n<p>III miejsce &#8211; Szko\u0142a Podstawowa nr 2 w O\u015bwi\u0119cimiu<\/p>\n\n\n\n<p>Wszystkim graczom gratulujemy \ud83d\ude42<\/p>\n\n\n\n<figure class=\"wp-block-gallery has-nested-images columns-default is-cropped wp-block-gallery-1 is-layout-flex wp-block-gallery-is-layout-flex\">\n<figure class=\"wp-block-image size-large\"><img loading=\"lazy\" decoding=\"async\" width=\"1024\" height=\"473\" data-id=\"16193\" src=\"https:\/\/mdkoswiecim.pl\/wp-content\/uploads\/2022\/12\/318082319_715127603283293_3056218820450881994_n-1024x473.jpg\" alt=\"\" class=\"wp-image-16193\" srcset=\"https:\/\/mdkoswiecim.pl\/wp-content\/uploads\/2022\/12\/318082319_715127603283293_3056218820450881994_n-1024x473.jpg 1024w, https:\/\/mdkoswiecim.pl\/wp-content\/uploads\/2022\/12\/318082319_715127603283293_3056218820450881994_n-300x138.jpg 300w, https:\/\/mdkoswiecim.pl\/wp-content\/uploads\/2022\/12\/318082319_715127603283293_3056218820450881994_n-768x354.jpg 768w, https:\/\/mdkoswiecim.pl\/wp-content\/uploads\/2022\/12\/318082319_715127603283293_3056218820450881994_n-1536x709.jpg 1536w, https:\/\/mdkoswiecim.pl\/wp-content\/uploads\/2022\/12\/318082319_715127603283293_3056218820450881994_n.jpg 2048w\" sizes=\"auto, (max-width: 1024px) 100vw, 1024px\" \/><\/figure>\n\n\n\n<figure class=\"wp-block-image size-large\"><img loading=\"lazy\" decoding=\"async\" width=\"1024\" height=\"473\" data-id=\"16191\" src=\"https:\/\/mdkoswiecim.pl\/wp-content\/uploads\/2022\/12\/317900350_1549446025561264_919056071177771720_n-1024x473.jpg\" alt=\"\" class=\"wp-image-16191\" srcset=\"https:\/\/mdkoswiecim.pl\/wp-content\/uploads\/2022\/12\/317900350_1549446025561264_919056071177771720_n-1024x473.jpg 1024w, https:\/\/mdkoswiecim.pl\/wp-content\/uploads\/2022\/12\/317900350_1549446025561264_919056071177771720_n-300x138.jpg 300w, https:\/\/mdkoswiecim.pl\/wp-content\/uploads\/2022\/12\/317900350_1549446025561264_919056071177771720_n-768x354.jpg 768w, https:\/\/mdkoswiecim.pl\/wp-content\/uploads\/2022\/12\/317900350_1549446025561264_919056071177771720_n-1536x709.jpg 1536w, https:\/\/mdkoswiecim.pl\/wp-content\/uploads\/2022\/12\/317900350_1549446025561264_919056071177771720_n.jpg 2048w\" sizes=\"auto, (max-width: 1024px) 100vw, 1024px\" \/><\/figure>\n\n\n\n<figure class=\"wp-block-image size-large\"><img loading=\"lazy\" decoding=\"async\" width=\"1024\" height=\"473\" data-id=\"16192\" src=\"https:\/\/mdkoswiecim.pl\/wp-content\/uploads\/2022\/12\/318238432_1583947882050498_4801582820528241287_n-1024x473.jpg\" alt=\"\" class=\"wp-image-16192\" srcset=\"https:\/\/mdkoswiecim.pl\/wp-content\/uploads\/2022\/12\/318238432_1583947882050498_4801582820528241287_n-1024x473.jpg 1024w, https:\/\/mdkoswiecim.pl\/wp-content\/uploads\/2022\/12\/318238432_1583947882050498_4801582820528241287_n-300x138.jpg 300w, https:\/\/mdkoswiecim.pl\/wp-content\/uploads\/2022\/12\/318238432_1583947882050498_4801582820528241287_n-768x354.jpg 768w, https:\/\/mdkoswiecim.pl\/wp-content\/uploads\/2022\/12\/318238432_1583947882050498_4801582820528241287_n-1536x709.jpg 1536w, https:\/\/mdkoswiecim.pl\/wp-content\/uploads\/2022\/12\/318238432_1583947882050498_4801582820528241287_n.jpg 2048w\" sizes=\"auto, (max-width: 1024px) 100vw, 1024px\" \/><\/figure>\n\n\n\n<figure class=\"wp-block-image size-large\"><img loading=\"lazy\" decoding=\"async\" width=\"1024\" height=\"473\" data-id=\"16194\" src=\"https:\/\/mdkoswiecim.pl\/wp-content\/uploads\/2022\/12\/317902805_453777603616951_5724733293112862127_n-1024x473.jpg\" alt=\"\" class=\"wp-image-16194\" srcset=\"https:\/\/mdkoswiecim.pl\/wp-content\/uploads\/2022\/12\/317902805_453777603616951_5724733293112862127_n-1024x473.jpg 1024w, https:\/\/mdkoswiecim.pl\/wp-content\/uploads\/2022\/12\/317902805_453777603616951_5724733293112862127_n-300x138.jpg 300w, https:\/\/mdkoswiecim.pl\/wp-content\/uploads\/2022\/12\/317902805_453777603616951_5724733293112862127_n-768x354.jpg 768w, https:\/\/mdkoswiecim.pl\/wp-content\/uploads\/2022\/12\/317902805_453777603616951_5724733293112862127_n-1536x709.jpg 1536w, https:\/\/mdkoswiecim.pl\/wp-content\/uploads\/2022\/12\/317902805_453777603616951_5724733293112862127_n.jpg 1599w\" sizes=\"auto, (max-width: 1024px) 100vw, 1024px\" \/><\/figure>\n<\/figure>\n","protected":false},"excerpt":{"rendered":"<p>W \u015brod\u0119 30 listopada w M\u0142odzie\u017cowym Domu Kultury odby\u0142 si\u0119 powiatowy etap Igrzysk Dzieci i M\u0142odzie\u017cy w Szachach, organizowany przez Miejski O\u015brodek Sportu i Rekreacji w O\u015bwi\u0119cimiu. Do zawod\u00f3w stan\u0119\u0142y dru\u017cyny ze Szko\u0142y Podstawowej nr 2 w O\u015bwi\u0119cimiu, Szko\u0142y Podstawowej nr 1 w Przeciszowie, Szko\u0142y Podstawowej w Grojcu oraz Zespo\u0142u Szk\u00f3\u0142 Og\u00f3lnokszta\u0142c\u0105cych w Zatorze. Zwyci\u0119stwo [&hellip;]<\/p>\n","protected":false},"author":3,"featured_media":16192,"comment_status":"closed","ping_status":"closed","sticky":false,"template":"","format":"standard","meta":{"footnotes":""},"categories":[108],"tags":[],"class_list":["post-16190","post","type-post","status-publish","format-standard","has-post-thumbnail","hentry","category-aktualnosci"],"yoast_head":"<!-- This site is optimized with the Yoast SEO plugin v16.1.1 - https:\/\/yoast.com\/wordpress\/plugins\/seo\/ -->\n<title>Igrzyska Dzieci i M\u0142odzie\u017cy w szachach - etap powiatowy - MDK<\/title>\n<link rel=\"canonical\" href=\"https:\/\/mdkoswiecim.pl\/index.php\/2022\/12\/04\/igrzyska-dzieci-i-mlodziezy-w-szachach-etap-powiatowy\/\" \/>\n<meta property=\"og:locale\" content=\"pl_PL\" \/>\n<meta property=\"og:type\" content=\"article\" \/>\n<meta property=\"og:title\" content=\"Igrzyska Dzieci i M\u0142odzie\u017cy w szachach - etap powiatowy - MDK\" \/>\n<meta property=\"og:description\" content=\"W \u015brod\u0119 30 listopada w M\u0142odzie\u017cowym Domu Kultury odby\u0142 si\u0119 powiatowy etap Igrzysk Dzieci i M\u0142odzie\u017cy w Szachach, organizowany przez Miejski O\u015brodek Sportu i Rekreacji w O\u015bwi\u0119cimiu. Do zawod\u00f3w stan\u0119\u0142y dru\u017cyny ze Szko\u0142y Podstawowej nr 2 w O\u015bwi\u0119cimiu, Szko\u0142y Podstawowej nr 1 w Przeciszowie, Szko\u0142y Podstawowej w Grojcu oraz Zespo\u0142u Szk\u00f3\u0142 Og\u00f3lnokszta\u0142c\u0105cych w Zatorze. Zwyci\u0119stwo [&hellip;]\" \/>\n<meta property=\"og:url\" content=\"https:\/\/mdkoswiecim.pl\/index.php\/2022\/12\/04\/igrzyska-dzieci-i-mlodziezy-w-szachach-etap-powiatowy\/\" \/>\n<meta property=\"og:site_name\" content=\"MDK\" \/>\n<meta property=\"article:published_time\" content=\"2022-12-04T19:22:54+00:00\" \/>\n<meta property=\"article:modified_time\" content=\"2022-12-04T19:22:55+00:00\" \/>\n<meta property=\"og:image\" content=\"https:\/\/mdkoswiecim.pl\/wp-content\/uploads\/2022\/12\/318238432_1583947882050498_4801582820528241287_n.jpg\" \/>\n\t<meta property=\"og:image:width\" content=\"2048\" \/>\n\t<meta property=\"og:image:height\" content=\"945\" \/>\n<meta name=\"twitter:card\" content=\"summary_large_image\" \/>\n<meta name=\"twitter:label1\" content=\"Szacowany czas czytania\">\n\t<meta name=\"twitter:data1\" content=\"2 minuty\">\n<script type=\"application\/ld+json\" class=\"yoast-schema-graph\">{\"@context\":\"https:\/\/schema.org\",\"@graph\":[{\"@type\":\"WebSite\",\"@id\":\"https:\/\/mdkoswiecim.pl\/#website\",\"url\":\"https:\/\/mdkoswiecim.pl\/\",\"name\":\"MDK\",\"description\":\"M\\u0142odzie\\u017cowy Dom Kultury w O\\u015bwi\\u0119cimiu\",\"potentialAction\":[{\"@type\":\"SearchAction\",\"target\":\"https:\/\/mdkoswiecim.pl\/?s={search_term_string}\",\"query-input\":\"required name=search_term_string\"}],\"inLanguage\":\"pl-PL\"},{\"@type\":\"ImageObject\",\"@id\":\"https:\/\/mdkoswiecim.pl\/index.php\/2022\/12\/04\/igrzyska-dzieci-i-mlodziezy-w-szachach-etap-powiatowy\/#primaryimage\",\"inLanguage\":\"pl-PL\",\"url\":\"https:\/\/mdkoswiecim.pl\/wp-content\/uploads\/2022\/12\/318238432_1583947882050498_4801582820528241287_n.jpg\",\"contentUrl\":\"https:\/\/mdkoswiecim.pl\/wp-content\/uploads\/2022\/12\/318238432_1583947882050498_4801582820528241287_n.jpg\",\"width\":2048,\"height\":945},{\"@type\":\"WebPage\",\"@id\":\"https:\/\/mdkoswiecim.pl\/index.php\/2022\/12\/04\/igrzyska-dzieci-i-mlodziezy-w-szachach-etap-powiatowy\/#webpage\",\"url\":\"https:\/\/mdkoswiecim.pl\/index.php\/2022\/12\/04\/igrzyska-dzieci-i-mlodziezy-w-szachach-etap-powiatowy\/\",\"name\":\"Igrzyska Dzieci i M\\u0142odzie\\u017cy w szachach - etap powiatowy - MDK\",\"isPartOf\":{\"@id\":\"https:\/\/mdkoswiecim.pl\/#website\"},\"primaryImageOfPage\":{\"@id\":\"https:\/\/mdkoswiecim.pl\/index.php\/2022\/12\/04\/igrzyska-dzieci-i-mlodziezy-w-szachach-etap-powiatowy\/#primaryimage\"},\"datePublished\":\"2022-12-04T19:22:54+00:00\",\"dateModified\":\"2022-12-04T19:22:55+00:00\",\"author\":{\"@id\":\"https:\/\/mdkoswiecim.pl\/#\/schema\/person\/d9c1081e4cfefcbccad7ec11fa250f7a\"},\"breadcrumb\":{\"@id\":\"https:\/\/mdkoswiecim.pl\/index.php\/2022\/12\/04\/igrzyska-dzieci-i-mlodziezy-w-szachach-etap-powiatowy\/#breadcrumb\"},\"inLanguage\":\"pl-PL\",\"potentialAction\":[{\"@type\":\"ReadAction\",\"target\":[\"https:\/\/mdkoswiecim.pl\/index.php\/2022\/12\/04\/igrzyska-dzieci-i-mlodziezy-w-szachach-etap-powiatowy\/\"]}]},{\"@type\":\"BreadcrumbList\",\"@id\":\"https:\/\/mdkoswiecim.pl\/index.php\/2022\/12\/04\/igrzyska-dzieci-i-mlodziezy-w-szachach-etap-powiatowy\/#breadcrumb\",\"itemListElement\":[{\"@type\":\"ListItem\",\"position\":1,\"item\":{\"@type\":\"WebPage\",\"@id\":\"https:\/\/mdkoswiecim.pl\/\",\"url\":\"https:\/\/mdkoswiecim.pl\/\",\"name\":\"Strona g\\u0142\\u00f3wna\"}},{\"@type\":\"ListItem\",\"position\":2,\"item\":{\"@type\":\"WebPage\",\"@id\":\"https:\/\/mdkoswiecim.pl\/index.php\/2022\/12\/04\/igrzyska-dzieci-i-mlodziezy-w-szachach-etap-powiatowy\/\",\"url\":\"https:\/\/mdkoswiecim.pl\/index.php\/2022\/12\/04\/igrzyska-dzieci-i-mlodziezy-w-szachach-etap-powiatowy\/\",\"name\":\"Igrzyska Dzieci i M\\u0142odzie\\u017cy w szachach &#8211; etap powiatowy\"}}]},{\"@type\":\"Person\",\"@id\":\"https:\/\/mdkoswiecim.pl\/#\/schema\/person\/d9c1081e4cfefcbccad7ec11fa250f7a\",\"name\":\"alina.kwarciak\",\"image\":{\"@type\":\"ImageObject\",\"@id\":\"https:\/\/mdkoswiecim.pl\/#personlogo\",\"inLanguage\":\"pl-PL\",\"url\":\"https:\/\/secure.gravatar.com\/avatar\/cce8f640650bbd69c0efc0afd2dddb7945a94129b978796401e58cac1eb8b87b?s=96&d=mm&r=g\",\"contentUrl\":\"https:\/\/secure.gravatar.com\/avatar\/cce8f640650bbd69c0efc0afd2dddb7945a94129b978796401e58cac1eb8b87b?s=96&d=mm&r=g\",\"caption\":\"alina.kwarciak\"}}]}<\/script>\n<!-- \/ Yoast SEO plugin. -->","_links":{"self":[{"href":"https:\/\/mdkoswiecim.pl\/index.php\/wp-json\/wp\/v2\/posts\/16190","targetHints":{"allow":["GET"]}}],"collection":[{"href":"https:\/\/mdkoswiecim.pl\/index.php\/wp-json\/wp\/v2\/posts"}],"about":[{"href":"https:\/\/mdkoswiecim.pl\/index.php\/wp-json\/wp\/v2\/types\/post"}],"author":[{"embeddable":true,"href":"https:\/\/mdkoswiecim.pl\/index.php\/wp-json\/wp\/v2\/users\/3"}],"replies":[{"embeddable":true,"href":"https:\/\/mdkoswiecim.pl\/index.php\/wp-json\/wp\/v2\/comments?post=16190"}],"version-history":[{"count":1,"href":"https:\/\/mdkoswiecim.pl\/index.php\/wp-json\/wp\/v2\/posts\/16190\/revisions"}],"predecessor-version":[{"id":16195,"href":"https:\/\/mdkoswiecim.pl\/index.php\/wp-json\/wp\/v2\/posts\/16190\/revisions\/16195"}],"wp:featuredmedia":[{"embeddable":true,"href":"https:\/\/mdkoswiecim.pl\/index.php\/wp-json\/wp\/v2\/media\/16192"}],"wp:attachment":[{"href":"https:\/\/mdkoswiecim.pl\/index.php\/wp-json\/wp\/v2\/media?parent=16190"}],"wp:term":[{"taxonomy":"category","embeddable":true,"href":"https:\/\/mdkoswiecim.pl\/index.php\/wp-json\/wp\/v2\/categories?post=16190"},{"taxonomy":"post_tag","embeddable":true,"href":"https:\/\/mdkoswiecim.pl\/index.php\/wp-json\/wp\/v2\/tags?post=16190"}],"curies":[{"name":"wp","href":"https:\/\/api.w.org\/{rel}","templated":true}]}}