{"id":16158,"date":"2022-11-21T04:47:53","date_gmt":"2022-11-21T03:47:53","guid":{"rendered":"https:\/\/mdkoswiecim.pl\/?p=16158"},"modified":"2022-11-21T04:47:53","modified_gmt":"2022-11-21T03:47:53","slug":"zajecia-z-pania-malgorzata-domzal-zastepstwo","status":"publish","type":"post","link":"https:\/\/mdkoswiecim.pl\/index.php\/2022\/11\/21\/zajecia-z-pania-malgorzata-domzal-zastepstwo\/","title":{"rendered":"ZAJ\u0118CIA Z PANI\u0104 MA\u0141GORZAT\u0104 DOM\u017bA\u0141 &#8211; ZAST\u0118PSTWO"},"content":{"rendered":"\n<p>Informujemy, \u017ce od 21 listopada za pani\u0105 Ma\u0142gorzat\u0119 Dom\u017ca\u0142 zast\u0119pstwo obejmuje pani Jolanta Brandys. Zaj\u0119cia PLASTYKA oraz PLASTYCZNE FORMY PRZESTRZENNE w MDK przy ul. Olszewskiego 1 ODBYWAJ\u0104 SI\u0118 BEZ ZMIAN.<\/p>\n","protected":false},"excerpt":{"rendered":"<p>Informujemy, \u017ce od 21 listopada za pani\u0105 Ma\u0142gorzat\u0119 Dom\u017ca\u0142 zast\u0119pstwo obejmuje pani Jolanta Brandys. Zaj\u0119cia PLASTYKA oraz PLASTYCZNE FORMY PRZESTRZENNE w MDK przy ul. Olszewskiego 1 ODBYWAJ\u0104 SI\u0118 BEZ ZMIAN.<\/p>\n","protected":false},"author":3,"featured_media":15898,"comment_status":"closed","ping_status":"closed","sticky":false,"template":"","format":"standard","meta":{"footnotes":""},"categories":[108],"tags":[],"class_list":["post-16158","post","type-post","status-publish","format-standard","has-post-thumbnail","hentry","category-aktualnosci"],"yoast_head":"<!-- This site is optimized with the Yoast SEO plugin v16.1.1 - https:\/\/yoast.com\/wordpress\/plugins\/seo\/ -->\n<title>ZAJ\u0118CIA Z PANI\u0104 MA\u0141GORZAT\u0104 DOM\u017bA\u0141 - ZAST\u0118PSTWO - MDK<\/title>\n<link rel=\"canonical\" href=\"https:\/\/mdkoswiecim.pl\/index.php\/2022\/11\/21\/zajecia-z-pania-malgorzata-domzal-zastepstwo\/\" \/>\n<meta property=\"og:locale\" content=\"pl_PL\" \/>\n<meta property=\"og:type\" content=\"article\" \/>\n<meta property=\"og:title\" content=\"ZAJ\u0118CIA Z PANI\u0104 MA\u0141GORZAT\u0104 DOM\u017bA\u0141 - ZAST\u0118PSTWO - MDK\" \/>\n<meta property=\"og:description\" content=\"Informujemy, \u017ce od 21 listopada za pani\u0105 Ma\u0142gorzat\u0119 Dom\u017ca\u0142 zast\u0119pstwo obejmuje pani Jolanta Brandys. Zaj\u0119cia PLASTYKA oraz PLASTYCZNE FORMY PRZESTRZENNE w MDK przy ul. Olszewskiego 1 ODBYWAJ\u0104 SI\u0118 BEZ ZMIAN.\" \/>\n<meta property=\"og:url\" content=\"https:\/\/mdkoswiecim.pl\/index.php\/2022\/11\/21\/zajecia-z-pania-malgorzata-domzal-zastepstwo\/\" \/>\n<meta property=\"og:site_name\" content=\"MDK\" \/>\n<meta property=\"article:published_time\" content=\"2022-11-21T03:47:53+00:00\" \/>\n<meta property=\"og:image\" content=\"https:\/\/mdkoswiecim.pl\/wp-content\/uploads\/2022\/09\/wazne.jpg\" \/>\n\t<meta property=\"og:image:width\" content=\"800\" \/>\n\t<meta property=\"og:image:height\" content=\"800\" \/>\n<meta name=\"twitter:card\" content=\"summary_large_image\" \/>\n<meta name=\"twitter:label1\" content=\"Szacowany czas czytania\">\n\t<meta name=\"twitter:data1\" content=\"1 minuta\">\n<script type=\"application\/ld+json\" class=\"yoast-schema-graph\">{\"@context\":\"https:\/\/schema.org\",\"@graph\":[{\"@type\":\"WebSite\",\"@id\":\"https:\/\/mdkoswiecim.pl\/#website\",\"url\":\"https:\/\/mdkoswiecim.pl\/\",\"name\":\"MDK\",\"description\":\"M\\u0142odzie\\u017cowy Dom Kultury w O\\u015bwi\\u0119cimiu\",\"potentialAction\":[{\"@type\":\"SearchAction\",\"target\":\"https:\/\/mdkoswiecim.pl\/?s={search_term_string}\",\"query-input\":\"required name=search_term_string\"}],\"inLanguage\":\"pl-PL\"},{\"@type\":\"ImageObject\",\"@id\":\"https:\/\/mdkoswiecim.pl\/index.php\/2022\/11\/21\/zajecia-z-pania-malgorzata-domzal-zastepstwo\/#primaryimage\",\"inLanguage\":\"pl-PL\",\"url\":\"https:\/\/mdkoswiecim.pl\/wp-content\/uploads\/2022\/09\/wazne.jpg\",\"contentUrl\":\"https:\/\/mdkoswiecim.pl\/wp-content\/uploads\/2022\/09\/wazne.jpg\",\"width\":800,\"height\":800},{\"@type\":\"WebPage\",\"@id\":\"https:\/\/mdkoswiecim.pl\/index.php\/2022\/11\/21\/zajecia-z-pania-malgorzata-domzal-zastepstwo\/#webpage\",\"url\":\"https:\/\/mdkoswiecim.pl\/index.php\/2022\/11\/21\/zajecia-z-pania-malgorzata-domzal-zastepstwo\/\",\"name\":\"ZAJ\\u0118CIA Z PANI\\u0104 MA\\u0141GORZAT\\u0104 DOM\\u017bA\\u0141 - ZAST\\u0118PSTWO - MDK\",\"isPartOf\":{\"@id\":\"https:\/\/mdkoswiecim.pl\/#website\"},\"primaryImageOfPage\":{\"@id\":\"https:\/\/mdkoswiecim.pl\/index.php\/2022\/11\/21\/zajecia-z-pania-malgorzata-domzal-zastepstwo\/#primaryimage\"},\"datePublished\":\"2022-11-21T03:47:53+00:00\",\"dateModified\":\"2022-11-21T03:47:53+00:00\",\"author\":{\"@id\":\"https:\/\/mdkoswiecim.pl\/#\/schema\/person\/d9c1081e4cfefcbccad7ec11fa250f7a\"},\"breadcrumb\":{\"@id\":\"https:\/\/mdkoswiecim.pl\/index.php\/2022\/11\/21\/zajecia-z-pania-malgorzata-domzal-zastepstwo\/#breadcrumb\"},\"inLanguage\":\"pl-PL\",\"potentialAction\":[{\"@type\":\"ReadAction\",\"target\":[\"https:\/\/mdkoswiecim.pl\/index.php\/2022\/11\/21\/zajecia-z-pania-malgorzata-domzal-zastepstwo\/\"]}]},{\"@type\":\"BreadcrumbList\",\"@id\":\"https:\/\/mdkoswiecim.pl\/index.php\/2022\/11\/21\/zajecia-z-pania-malgorzata-domzal-zastepstwo\/#breadcrumb\",\"itemListElement\":[{\"@type\":\"ListItem\",\"position\":1,\"item\":{\"@type\":\"WebPage\",\"@id\":\"https:\/\/mdkoswiecim.pl\/\",\"url\":\"https:\/\/mdkoswiecim.pl\/\",\"name\":\"Strona g\\u0142\\u00f3wna\"}},{\"@type\":\"ListItem\",\"position\":2,\"item\":{\"@type\":\"WebPage\",\"@id\":\"https:\/\/mdkoswiecim.pl\/index.php\/2022\/11\/21\/zajecia-z-pania-malgorzata-domzal-zastepstwo\/\",\"url\":\"https:\/\/mdkoswiecim.pl\/index.php\/2022\/11\/21\/zajecia-z-pania-malgorzata-domzal-zastepstwo\/\",\"name\":\"ZAJ\\u0118CIA Z PANI\\u0104 MA\\u0141GORZAT\\u0104 DOM\\u017bA\\u0141 &#8211; ZAST\\u0118PSTWO\"}}]},{\"@type\":\"Person\",\"@id\":\"https:\/\/mdkoswiecim.pl\/#\/schema\/person\/d9c1081e4cfefcbccad7ec11fa250f7a\",\"name\":\"alina.kwarciak\",\"image\":{\"@type\":\"ImageObject\",\"@id\":\"https:\/\/mdkoswiecim.pl\/#personlogo\",\"inLanguage\":\"pl-PL\",\"url\":\"https:\/\/secure.gravatar.com\/avatar\/cce8f640650bbd69c0efc0afd2dddb7945a94129b978796401e58cac1eb8b87b?s=96&d=mm&r=g\",\"contentUrl\":\"https:\/\/secure.gravatar.com\/avatar\/cce8f640650bbd69c0efc0afd2dddb7945a94129b978796401e58cac1eb8b87b?s=96&d=mm&r=g\",\"caption\":\"alina.kwarciak\"}}]}<\/script>\n<!-- \/ Yoast SEO plugin. -->","_links":{"self":[{"href":"https:\/\/mdkoswiecim.pl\/index.php\/wp-json\/wp\/v2\/posts\/16158","targetHints":{"allow":["GET"]}}],"collection":[{"href":"https:\/\/mdkoswiecim.pl\/index.php\/wp-json\/wp\/v2\/posts"}],"about":[{"href":"https:\/\/mdkoswiecim.pl\/index.php\/wp-json\/wp\/v2\/types\/post"}],"author":[{"embeddable":true,"href":"https:\/\/mdkoswiecim.pl\/index.php\/wp-json\/wp\/v2\/users\/3"}],"replies":[{"embeddable":true,"href":"https:\/\/mdkoswiecim.pl\/index.php\/wp-json\/wp\/v2\/comments?post=16158"}],"version-history":[{"count":1,"href":"https:\/\/mdkoswiecim.pl\/index.php\/wp-json\/wp\/v2\/posts\/16158\/revisions"}],"predecessor-version":[{"id":16159,"href":"https:\/\/mdkoswiecim.pl\/index.php\/wp-json\/wp\/v2\/posts\/16158\/revisions\/16159"}],"wp:featuredmedia":[{"embeddable":true,"href":"https:\/\/mdkoswiecim.pl\/index.php\/wp-json\/wp\/v2\/media\/15898"}],"wp:attachment":[{"href":"https:\/\/mdkoswiecim.pl\/index.php\/wp-json\/wp\/v2\/media?parent=16158"}],"wp:term":[{"taxonomy":"category","embeddable":true,"href":"https:\/\/mdkoswiecim.pl\/index.php\/wp-json\/wp\/v2\/categories?post=16158"},{"taxonomy":"post_tag","embeddable":true,"href":"https:\/\/mdkoswiecim.pl\/index.php\/wp-json\/wp\/v2\/tags?post=16158"}],"curies":[{"name":"wp","href":"https:\/\/api.w.org\/{rel}","templated":true}]}}