{"id":16110,"date":"2022-11-17T19:46:58","date_gmt":"2022-11-17T18:46:58","guid":{"rendered":"https:\/\/mdkoswiecim.pl\/?p=16110"},"modified":"2022-11-17T19:48:36","modified_gmt":"2022-11-17T18:48:36","slug":"projekt-teatralno-taneczny-z-udzialem-naszej-mlodziezy-w-wolfsburgu","status":"publish","type":"post","link":"https:\/\/mdkoswiecim.pl\/index.php\/2022\/11\/17\/projekt-teatralno-taneczny-z-udzialem-naszej-mlodziezy-w-wolfsburgu\/","title":{"rendered":"Projekt teatralno-taneczny z udzia\u0142em naszej m\u0142odzie\u017cy  w Wolfsburgu."},"content":{"rendered":"\n<p>W sobot\u0119 12.11.2022 zako\u0144czy\u0142a si\u0119 druga cz\u0119\u015b\u0107 mi\u0119dzynarodowego projektu &#8220;\u015awiat\u0142o w Ciemno\u015bci. Solidarno\u015b\u0107&#8221;, w kt\u00f3rym bra\u0142a udzia\u0142 m\u0142odzie\u017c z Polski, Niemiec i Ukrainy. Pierwsza cz\u0119\u015b\u0107 projektu odby\u0142a si\u0119 w sierpniu tego roku w MDSM w O\u015bwi\u0119cimiu. Polsk\u0119 reprezentowa\u0142a grupa teatralna  z MDK pod kierunkiem p. Anny Chodackiej. Druga cz\u0119\u015b\u0107 odby\u0142a si\u0119 w niemieckim mie\u015bcie Wolfsburg. Przez osiem dni m\u0142odzie\u017c przygotowywa\u0142a wsp\u00f3lnie spektakl taneczno-teatralny, kt\u00f3ry zosta\u0142 trzykrotnie zaprezentowany dla publiczno\u015bci w Wolfsburgu. Tematyk\u0105 nawi\u0105zywa\u0142 on do wydarze\u0144 z Auschwitz, drugiej wojny \u015bwiatowej oraz obecnej sytuacji na Ukrainie  Spektakl ka\u017cdorazowo zako\u0144czony by\u0142 owacjami na stoj\u0105co. Opr\u00f3cz spektaklu uczestnicy projektu mieli okazj\u0119 uczestniczy\u0107 w warsztatach przygotowanych przez Instytut Pileckiego w Berlinie, gdzie zapoznali si\u0119 z histori\u0105 &#8220;Solidarno\u015bci&#8221; i stanu wojennego w Polsce, a tak\u017ce  zwiedzi\u0107 fabryk\u0119 Volkswagena oraz miasteczko samochodowe Autostad w Wolfsburgu.  Nie zabrak\u0142o r\u00f3wnie\u017c czasu na integracj\u0119 i wsp\u00f3lne sp\u0119dzanie wolnego czasu. W przeddzie\u0144 wyjazdu odby\u0142o si\u0119 spotkanie  z Burmistrzem Wolfsburga w ratuszu, gdzie pad\u0142o wiele pi\u0119knych i ciep\u0142ych s\u0142\u00f3w skierowanych do m\u0142odzie\u017cy, instruktor\u00f3w oraz organizator\u00f3w na temat spektaklu i przes\u0142ania jakie ze sob\u0105 niesie oraz ca\u0142ego przedsi\u0119wzi\u0119cia. <\/p>\n\n\n\n<p>Partnerami projektu s\u0105: MDK O\u015bwi\u0119cim, Mi\u0119dzynarodowy Dom Spotka\u0144 M\u0142odzie\u017cy w O\u015bwi\u0119cimiu, Tanzendes Theater Wolfsburg, Centrum Tw\u00f3rczo\u015bci Dzieci\u0119cej Weselka ze Lwowa. <\/p>\n\n\n\n<p>Realizacja projektu by\u0142a mo\u017cliwa dzi\u0119ki finansowemu wsparciu <a href=\"https:\/\/www.facebook.com\/DPJWPNWM?__cft__[0]=AZU4HU_G4o4eoamBDkK-dLjbgoXUEcTq6P4XlmX4A6aKVc-zbNUNHAjQ8xvlLd1gbHYwFkm7gkVYXqsg-3M66OyHyGIn3VX2JtXi0Uz4ubDjX1o0HevgpsHDuNlK1hGOZWLD016W1WbPMNO1fDBeokNL9pU396d-xAGblJ6JkmXfG0azx02jvFuXTqzoI4HDpyE&amp;__tn__=-]K-R\">Deutsch-Polnisches Jugendwerk &#8211; Polsko-Niemiecka Wsp\u00f3\u0142praca M\u0142odzie\u017cy<\/a> i <a href=\"https:\/\/www.facebook.com\/igmetall?__cft__[0]=AZU4HU_G4o4eoamBDkK-dLjbgoXUEcTq6P4XlmX4A6aKVc-zbNUNHAjQ8xvlLd1gbHYwFkm7gkVYXqsg-3M66OyHyGIn3VX2JtXi0Uz4ubDjX1o0HevgpsHDuNlK1hGOZWLD016W1WbPMNO1fDBeokNL9pU396d-xAGblJ6JkmXfG0azx02jvFuXTqzoI4HDpyE&amp;__tn__=-]K-R\">IG Metall<\/a> Wolfsburg.<\/p>\n\n\n\n<p> Poni\u017cej fotorelacja z wyjazdu. <\/p>\n\n\n\n<figure class=\"wp-block-gallery has-nested-images columns-default is-cropped wp-block-gallery-1 is-layout-flex wp-block-gallery-is-layout-flex\">\n<figure class=\"wp-block-image size-large\"><img loading=\"lazy\" decoding=\"async\" width=\"1024\" height=\"768\" data-id=\"16113\" src=\"https:\/\/mdkoswiecim.pl\/wp-content\/uploads\/2022\/11\/IMG_20221107_101812_1-1024x768.jpg\" alt=\"\" class=\"wp-image-16113\" srcset=\"https:\/\/mdkoswiecim.pl\/wp-content\/uploads\/2022\/11\/IMG_20221107_101812_1-1024x768.jpg 1024w, https:\/\/mdkoswiecim.pl\/wp-content\/uploads\/2022\/11\/IMG_20221107_101812_1-300x225.jpg 300w, https:\/\/mdkoswiecim.pl\/wp-content\/uploads\/2022\/11\/IMG_20221107_101812_1-768x576.jpg 768w, https:\/\/mdkoswiecim.pl\/wp-content\/uploads\/2022\/11\/IMG_20221107_101812_1-1536x1152.jpg 1536w, https:\/\/mdkoswiecim.pl\/wp-content\/uploads\/2022\/11\/IMG_20221107_101812_1-2048x1536.jpg 2048w\" sizes=\"auto, (max-width: 1024px) 100vw, 1024px\" \/><figcaption class=\"wp-element-caption\">Uczestnicy projektu w Berlinie.<\/figcaption><\/figure>\n<\/figure>\n\n\n\n<figure class=\"wp-block-gallery has-nested-images columns-1 wp-block-gallery-2 is-layout-flex wp-block-gallery-is-layout-flex\">\n<figure class=\"wp-block-image size-large\"><img loading=\"lazy\" decoding=\"async\" width=\"1024\" height=\"768\" data-id=\"16144\" src=\"https:\/\/mdkoswiecim.pl\/wp-content\/uploads\/2022\/11\/IMG_20221108_130118_1-1024x768.jpg\" alt=\"\" class=\"wp-image-16144\" srcset=\"https:\/\/mdkoswiecim.pl\/wp-content\/uploads\/2022\/11\/IMG_20221108_130118_1-1024x768.jpg 1024w, https:\/\/mdkoswiecim.pl\/wp-content\/uploads\/2022\/11\/IMG_20221108_130118_1-300x225.jpg 300w, https:\/\/mdkoswiecim.pl\/wp-content\/uploads\/2022\/11\/IMG_20221108_130118_1-768x576.jpg 768w, https:\/\/mdkoswiecim.pl\/wp-content\/uploads\/2022\/11\/IMG_20221108_130118_1-1536x1152.jpg 1536w, https:\/\/mdkoswiecim.pl\/wp-content\/uploads\/2022\/11\/IMG_20221108_130118_1-2048x1536.jpg 2048w\" sizes=\"auto, (max-width: 1024px) 100vw, 1024px\" \/><figcaption class=\"wp-element-caption\">Zwiedzanie fabryki Volkswagena.<\/figcaption><\/figure>\n\n\n\n<figure class=\"wp-block-image size-large\"><img loading=\"lazy\" decoding=\"async\" width=\"1024\" height=\"768\" data-id=\"16124\" src=\"https:\/\/mdkoswiecim.pl\/wp-content\/uploads\/2022\/11\/IMG20221105101706-1024x768.jpg\" alt=\"\" class=\"wp-image-16124\" srcset=\"https:\/\/mdkoswiecim.pl\/wp-content\/uploads\/2022\/11\/IMG20221105101706-1024x768.jpg 1024w, https:\/\/mdkoswiecim.pl\/wp-content\/uploads\/2022\/11\/IMG20221105101706-300x225.jpg 300w, https:\/\/mdkoswiecim.pl\/wp-content\/uploads\/2022\/11\/IMG20221105101706-768x576.jpg 768w, https:\/\/mdkoswiecim.pl\/wp-content\/uploads\/2022\/11\/IMG20221105101706-1536x1152.jpg 1536w, https:\/\/mdkoswiecim.pl\/wp-content\/uploads\/2022\/11\/IMG20221105101706-2048x1536.jpg 2048w\" sizes=\"auto, (max-width: 1024px) 100vw, 1024px\" \/><figcaption class=\"wp-element-caption\">Ogl\u0105danie spektaklu z poprzedniej cz\u0119\u015bci warsztat\u00f3w. <\/figcaption><\/figure>\n\n\n\n<figure class=\"wp-block-image size-large\"><img loading=\"lazy\" decoding=\"async\" width=\"768\" height=\"1024\" data-id=\"16119\" src=\"https:\/\/mdkoswiecim.pl\/wp-content\/uploads\/2022\/11\/trashed-1670355971-IMG20221106201604-768x1024.jpg\" alt=\"\" class=\"wp-image-16119\" srcset=\"https:\/\/mdkoswiecim.pl\/wp-content\/uploads\/2022\/11\/trashed-1670355971-IMG20221106201604-768x1024.jpg 768w, https:\/\/mdkoswiecim.pl\/wp-content\/uploads\/2022\/11\/trashed-1670355971-IMG20221106201604-225x300.jpg 225w, https:\/\/mdkoswiecim.pl\/wp-content\/uploads\/2022\/11\/trashed-1670355971-IMG20221106201604-1152x1536.jpg 1152w, https:\/\/mdkoswiecim.pl\/wp-content\/uploads\/2022\/11\/trashed-1670355971-IMG20221106201604-1536x2048.jpg 1536w, https:\/\/mdkoswiecim.pl\/wp-content\/uploads\/2022\/11\/trashed-1670355971-IMG20221106201604-scaled.jpg 1920w\" sizes=\"auto, (max-width: 768px) 100vw, 768px\" \/><figcaption class=\"wp-element-caption\">Pr\u00f3by do spektaklu.<\/figcaption><\/figure>\n\n\n\n<figure class=\"wp-block-image size-large\"><img loading=\"lazy\" decoding=\"async\" width=\"1024\" height=\"768\" data-id=\"16114\" src=\"https:\/\/mdkoswiecim.pl\/wp-content\/uploads\/2022\/11\/IMG_20221110_113839-1024x768.jpg\" alt=\"\" class=\"wp-image-16114\" srcset=\"https:\/\/mdkoswiecim.pl\/wp-content\/uploads\/2022\/11\/IMG_20221110_113839-1024x768.jpg 1024w, https:\/\/mdkoswiecim.pl\/wp-content\/uploads\/2022\/11\/IMG_20221110_113839-300x225.jpg 300w, https:\/\/mdkoswiecim.pl\/wp-content\/uploads\/2022\/11\/IMG_20221110_113839-768x576.jpg 768w, https:\/\/mdkoswiecim.pl\/wp-content\/uploads\/2022\/11\/IMG_20221110_113839-1536x1152.jpg 1536w, https:\/\/mdkoswiecim.pl\/wp-content\/uploads\/2022\/11\/IMG_20221110_113839-2048x1536.jpg 2048w\" sizes=\"auto, (max-width: 1024px) 100vw, 1024px\" \/><figcaption class=\"wp-element-caption\">Pr\u00f3by do spektaklu.<\/figcaption><\/figure>\n\n\n\n<figure class=\"wp-block-image size-large\"><img loading=\"lazy\" decoding=\"async\" width=\"1024\" height=\"768\" data-id=\"16137\" src=\"https:\/\/mdkoswiecim.pl\/wp-content\/uploads\/2022\/11\/IMG_20221110_114543-1024x768.jpg\" alt=\"\" class=\"wp-image-16137\" srcset=\"https:\/\/mdkoswiecim.pl\/wp-content\/uploads\/2022\/11\/IMG_20221110_114543-1024x768.jpg 1024w, https:\/\/mdkoswiecim.pl\/wp-content\/uploads\/2022\/11\/IMG_20221110_114543-300x225.jpg 300w, https:\/\/mdkoswiecim.pl\/wp-content\/uploads\/2022\/11\/IMG_20221110_114543-768x576.jpg 768w, https:\/\/mdkoswiecim.pl\/wp-content\/uploads\/2022\/11\/IMG_20221110_114543-1536x1152.jpg 1536w, https:\/\/mdkoswiecim.pl\/wp-content\/uploads\/2022\/11\/IMG_20221110_114543-2048x1536.jpg 2048w\" sizes=\"auto, (max-width: 1024px) 100vw, 1024px\" \/><figcaption class=\"wp-element-caption\">Pr\u00f3by do spektaklu.<\/figcaption><\/figure>\n\n\n\n<figure class=\"wp-block-image size-large\"><img loading=\"lazy\" decoding=\"async\" width=\"1024\" height=\"768\" data-id=\"16132\" src=\"https:\/\/mdkoswiecim.pl\/wp-content\/uploads\/2022\/11\/IMG_20221110_183114-1024x768.jpg\" alt=\"\" class=\"wp-image-16132\" srcset=\"https:\/\/mdkoswiecim.pl\/wp-content\/uploads\/2022\/11\/IMG_20221110_183114-1024x768.jpg 1024w, https:\/\/mdkoswiecim.pl\/wp-content\/uploads\/2022\/11\/IMG_20221110_183114-300x225.jpg 300w, https:\/\/mdkoswiecim.pl\/wp-content\/uploads\/2022\/11\/IMG_20221110_183114-768x576.jpg 768w, https:\/\/mdkoswiecim.pl\/wp-content\/uploads\/2022\/11\/IMG_20221110_183114-1536x1152.jpg 1536w, https:\/\/mdkoswiecim.pl\/wp-content\/uploads\/2022\/11\/IMG_20221110_183114-2048x1536.jpg 2048w\" sizes=\"auto, (max-width: 1024px) 100vw, 1024px\" \/><figcaption class=\"wp-element-caption\">Pr\u00f3by do spektaklu.<\/figcaption><\/figure>\n\n\n\n<figure class=\"wp-block-image size-large\"><img loading=\"lazy\" decoding=\"async\" width=\"768\" height=\"1024\" data-id=\"16116\" src=\"https:\/\/mdkoswiecim.pl\/wp-content\/uploads\/2022\/11\/IMG_20221110_184118-768x1024.jpg\" alt=\"\" class=\"wp-image-16116\" srcset=\"https:\/\/mdkoswiecim.pl\/wp-content\/uploads\/2022\/11\/IMG_20221110_184118-768x1024.jpg 768w, https:\/\/mdkoswiecim.pl\/wp-content\/uploads\/2022\/11\/IMG_20221110_184118-225x300.jpg 225w, https:\/\/mdkoswiecim.pl\/wp-content\/uploads\/2022\/11\/IMG_20221110_184118-1152x1536.jpg 1152w, https:\/\/mdkoswiecim.pl\/wp-content\/uploads\/2022\/11\/IMG_20221110_184118-1536x2048.jpg 1536w, https:\/\/mdkoswiecim.pl\/wp-content\/uploads\/2022\/11\/IMG_20221110_184118-scaled.jpg 1920w\" sizes=\"auto, (max-width: 768px) 100vw, 768px\" \/><figcaption class=\"wp-element-caption\">Pr\u00f3by do spektaklu.<\/figcaption><\/figure>\n\n\n\n<figure class=\"wp-block-image size-large\"><img loading=\"lazy\" decoding=\"async\" width=\"1024\" height=\"769\" data-id=\"16118\" src=\"https:\/\/mdkoswiecim.pl\/wp-content\/uploads\/2022\/11\/IMG20221109100320-1024x769.jpg\" alt=\"\" class=\"wp-image-16118\" srcset=\"https:\/\/mdkoswiecim.pl\/wp-content\/uploads\/2022\/11\/IMG20221109100320-1024x769.jpg 1024w, https:\/\/mdkoswiecim.pl\/wp-content\/uploads\/2022\/11\/IMG20221109100320-300x225.jpg 300w, https:\/\/mdkoswiecim.pl\/wp-content\/uploads\/2022\/11\/IMG20221109100320-768x577.jpg 768w, https:\/\/mdkoswiecim.pl\/wp-content\/uploads\/2022\/11\/IMG20221109100320-1536x1153.jpg 1536w, https:\/\/mdkoswiecim.pl\/wp-content\/uploads\/2022\/11\/IMG20221109100320-2048x1538.jpg 2048w\" sizes=\"auto, (max-width: 1024px) 100vw, 1024px\" \/><figcaption class=\"wp-element-caption\">Pr\u00f3by do spektaklu.<\/figcaption><\/figure>\n\n\n\n<figure class=\"wp-block-image size-large\"><img loading=\"lazy\" decoding=\"async\" width=\"768\" height=\"1024\" data-id=\"16136\" src=\"https:\/\/mdkoswiecim.pl\/wp-content\/uploads\/2022\/11\/IMG20221105114725-768x1024.jpg\" alt=\"\" class=\"wp-image-16136\" srcset=\"https:\/\/mdkoswiecim.pl\/wp-content\/uploads\/2022\/11\/IMG20221105114725-768x1024.jpg 768w, https:\/\/mdkoswiecim.pl\/wp-content\/uploads\/2022\/11\/IMG20221105114725-225x300.jpg 225w, https:\/\/mdkoswiecim.pl\/wp-content\/uploads\/2022\/11\/IMG20221105114725-1152x1536.jpg 1152w, https:\/\/mdkoswiecim.pl\/wp-content\/uploads\/2022\/11\/IMG20221105114725-1536x2048.jpg 1536w, https:\/\/mdkoswiecim.pl\/wp-content\/uploads\/2022\/11\/IMG20221105114725-scaled.jpg 1920w\" sizes=\"auto, (max-width: 768px) 100vw, 768px\" \/><figcaption class=\"wp-element-caption\">Nauka ukrai\u0144skiego ta\u0144ca.<\/figcaption><\/figure>\n\n\n\n<figure class=\"wp-block-image size-large\"><img loading=\"lazy\" decoding=\"async\" width=\"768\" height=\"1024\" data-id=\"16130\" src=\"https:\/\/mdkoswiecim.pl\/wp-content\/uploads\/2022\/11\/IMG20221105114731-768x1024.jpg\" alt=\"\" class=\"wp-image-16130\" srcset=\"https:\/\/mdkoswiecim.pl\/wp-content\/uploads\/2022\/11\/IMG20221105114731-768x1024.jpg 768w, https:\/\/mdkoswiecim.pl\/wp-content\/uploads\/2022\/11\/IMG20221105114731-225x300.jpg 225w, https:\/\/mdkoswiecim.pl\/wp-content\/uploads\/2022\/11\/IMG20221105114731-1152x1536.jpg 1152w, https:\/\/mdkoswiecim.pl\/wp-content\/uploads\/2022\/11\/IMG20221105114731-1536x2048.jpg 1536w, https:\/\/mdkoswiecim.pl\/wp-content\/uploads\/2022\/11\/IMG20221105114731-scaled.jpg 1920w\" sizes=\"auto, (max-width: 768px) 100vw, 768px\" \/><figcaption class=\"wp-element-caption\">Nauka ukrai\u0144skiego ta\u0144ca.<\/figcaption><\/figure>\n\n\n\n<figure class=\"wp-block-image size-large\"><img loading=\"lazy\" decoding=\"async\" width=\"1024\" height=\"768\" data-id=\"16133\" src=\"https:\/\/mdkoswiecim.pl\/wp-content\/uploads\/2022\/11\/IMG20221106142407-1024x768.jpg\" alt=\"\" class=\"wp-image-16133\" srcset=\"https:\/\/mdkoswiecim.pl\/wp-content\/uploads\/2022\/11\/IMG20221106142407-1024x768.jpg 1024w, https:\/\/mdkoswiecim.pl\/wp-content\/uploads\/2022\/11\/IMG20221106142407-300x225.jpg 300w, https:\/\/mdkoswiecim.pl\/wp-content\/uploads\/2022\/11\/IMG20221106142407-768x576.jpg 768w, https:\/\/mdkoswiecim.pl\/wp-content\/uploads\/2022\/11\/IMG20221106142407-1536x1152.jpg 1536w, https:\/\/mdkoswiecim.pl\/wp-content\/uploads\/2022\/11\/IMG20221106142407-2048x1536.jpg 2048w\" sizes=\"auto, (max-width: 1024px) 100vw, 1024px\" \/><figcaption class=\"wp-element-caption\">Pr\u00f3by do spektaklu.<\/figcaption><\/figure>\n\n\n\n<figure class=\"wp-block-image size-large\"><img loading=\"lazy\" decoding=\"async\" width=\"1024\" height=\"768\" data-id=\"16131\" src=\"https:\/\/mdkoswiecim.pl\/wp-content\/uploads\/2022\/11\/IMG20221106162452-1024x768.jpg\" alt=\"\" class=\"wp-image-16131\" srcset=\"https:\/\/mdkoswiecim.pl\/wp-content\/uploads\/2022\/11\/IMG20221106162452-1024x768.jpg 1024w, https:\/\/mdkoswiecim.pl\/wp-content\/uploads\/2022\/11\/IMG20221106162452-300x225.jpg 300w, https:\/\/mdkoswiecim.pl\/wp-content\/uploads\/2022\/11\/IMG20221106162452-768x576.jpg 768w, https:\/\/mdkoswiecim.pl\/wp-content\/uploads\/2022\/11\/IMG20221106162452-1536x1152.jpg 1536w, https:\/\/mdkoswiecim.pl\/wp-content\/uploads\/2022\/11\/IMG20221106162452-2048x1536.jpg 2048w\" sizes=\"auto, (max-width: 1024px) 100vw, 1024px\" \/><figcaption class=\"wp-element-caption\">Pr\u00f3by do spektaklu.<\/figcaption><\/figure>\n\n\n\n<figure class=\"wp-block-image size-large\"><img loading=\"lazy\" decoding=\"async\" width=\"1024\" height=\"768\" data-id=\"16149\" src=\"https:\/\/mdkoswiecim.pl\/wp-content\/uploads\/2022\/11\/IMG20221107102026-1024x768.jpg\" alt=\"\" class=\"wp-image-16149\" srcset=\"https:\/\/mdkoswiecim.pl\/wp-content\/uploads\/2022\/11\/IMG20221107102026-1024x768.jpg 1024w, https:\/\/mdkoswiecim.pl\/wp-content\/uploads\/2022\/11\/IMG20221107102026-300x225.jpg 300w, https:\/\/mdkoswiecim.pl\/wp-content\/uploads\/2022\/11\/IMG20221107102026-768x576.jpg 768w, https:\/\/mdkoswiecim.pl\/wp-content\/uploads\/2022\/11\/IMG20221107102026-1536x1152.jpg 1536w, https:\/\/mdkoswiecim.pl\/wp-content\/uploads\/2022\/11\/IMG20221107102026-2048x1536.jpg 2048w\" sizes=\"auto, (max-width: 1024px) 100vw, 1024px\" \/><figcaption class=\"wp-element-caption\">Widok na Berlin<\/figcaption><\/figure>\n\n\n\n<figure class=\"wp-block-image size-large\"><img loading=\"lazy\" decoding=\"async\" width=\"1024\" height=\"768\" data-id=\"16138\" src=\"https:\/\/mdkoswiecim.pl\/wp-content\/uploads\/2022\/11\/IMG20221107102858-1024x768.jpg\" alt=\"\" class=\"wp-image-16138\" srcset=\"https:\/\/mdkoswiecim.pl\/wp-content\/uploads\/2022\/11\/IMG20221107102858-1024x768.jpg 1024w, https:\/\/mdkoswiecim.pl\/wp-content\/uploads\/2022\/11\/IMG20221107102858-300x225.jpg 300w, https:\/\/mdkoswiecim.pl\/wp-content\/uploads\/2022\/11\/IMG20221107102858-768x576.jpg 768w, https:\/\/mdkoswiecim.pl\/wp-content\/uploads\/2022\/11\/IMG20221107102858-1536x1152.jpg 1536w, https:\/\/mdkoswiecim.pl\/wp-content\/uploads\/2022\/11\/IMG20221107102858-2048x1536.jpg 2048w\" sizes=\"auto, (max-width: 1024px) 100vw, 1024px\" \/><figcaption class=\"wp-element-caption\">Reichtag w Berlinie.<\/figcaption><\/figure>\n\n\n\n<figure class=\"wp-block-image size-large\"><img loading=\"lazy\" decoding=\"async\" width=\"1024\" height=\"768\" data-id=\"16126\" src=\"https:\/\/mdkoswiecim.pl\/wp-content\/uploads\/2022\/11\/IMG20221107153002-1024x768.jpg\" alt=\"\" class=\"wp-image-16126\" srcset=\"https:\/\/mdkoswiecim.pl\/wp-content\/uploads\/2022\/11\/IMG20221107153002-1024x768.jpg 1024w, https:\/\/mdkoswiecim.pl\/wp-content\/uploads\/2022\/11\/IMG20221107153002-300x225.jpg 300w, https:\/\/mdkoswiecim.pl\/wp-content\/uploads\/2022\/11\/IMG20221107153002-768x576.jpg 768w, https:\/\/mdkoswiecim.pl\/wp-content\/uploads\/2022\/11\/IMG20221107153002-1536x1152.jpg 1536w, https:\/\/mdkoswiecim.pl\/wp-content\/uploads\/2022\/11\/IMG20221107153002-2048x1536.jpg 2048w\" sizes=\"auto, (max-width: 1024px) 100vw, 1024px\" \/><figcaption class=\"wp-element-caption\">Ulica w Berlinie.<\/figcaption><\/figure>\n\n\n\n<figure class=\"wp-block-image size-large\"><img loading=\"lazy\" decoding=\"async\" width=\"1024\" height=\"831\" data-id=\"16115\" src=\"https:\/\/mdkoswiecim.pl\/wp-content\/uploads\/2022\/11\/IMG20221107105128-1024x831.jpg\" alt=\"\" class=\"wp-image-16115\" srcset=\"https:\/\/mdkoswiecim.pl\/wp-content\/uploads\/2022\/11\/IMG20221107105128-1024x831.jpg 1024w, https:\/\/mdkoswiecim.pl\/wp-content\/uploads\/2022\/11\/IMG20221107105128-300x244.jpg 300w, https:\/\/mdkoswiecim.pl\/wp-content\/uploads\/2022\/11\/IMG20221107105128-768x623.jpg 768w, https:\/\/mdkoswiecim.pl\/wp-content\/uploads\/2022\/11\/IMG20221107105128-1536x1247.jpg 1536w, https:\/\/mdkoswiecim.pl\/wp-content\/uploads\/2022\/11\/IMG20221107105128-2048x1662.jpg 2048w\" sizes=\"auto, (max-width: 1024px) 100vw, 1024px\" \/><figcaption class=\"wp-element-caption\">Brama Brandenburska w Berlinie.<\/figcaption><\/figure>\n\n\n\n<figure class=\"wp-block-image size-large\"><img loading=\"lazy\" decoding=\"async\" width=\"768\" height=\"1024\" data-id=\"16146\" src=\"https:\/\/mdkoswiecim.pl\/wp-content\/uploads\/2022\/11\/IMG20221107153131-768x1024.jpg\" alt=\"\" class=\"wp-image-16146\" srcset=\"https:\/\/mdkoswiecim.pl\/wp-content\/uploads\/2022\/11\/IMG20221107153131-768x1024.jpg 768w, https:\/\/mdkoswiecim.pl\/wp-content\/uploads\/2022\/11\/IMG20221107153131-225x300.jpg 225w, https:\/\/mdkoswiecim.pl\/wp-content\/uploads\/2022\/11\/IMG20221107153131-1152x1536.jpg 1152w, https:\/\/mdkoswiecim.pl\/wp-content\/uploads\/2022\/11\/IMG20221107153131-1536x2048.jpg 1536w, https:\/\/mdkoswiecim.pl\/wp-content\/uploads\/2022\/11\/IMG20221107153131-scaled.jpg 1920w\" sizes=\"auto, (max-width: 768px) 100vw, 768px\" \/><figcaption class=\"wp-element-caption\">Katedra w Berlinie.<\/figcaption><\/figure>\n\n\n\n<figure class=\"wp-block-image size-large\"><img loading=\"lazy\" decoding=\"async\" width=\"768\" height=\"1024\" data-id=\"16152\" src=\"https:\/\/mdkoswiecim.pl\/wp-content\/uploads\/2022\/11\/IMG20221107105809-768x1024.jpg\" alt=\"\" class=\"wp-image-16152\" srcset=\"https:\/\/mdkoswiecim.pl\/wp-content\/uploads\/2022\/11\/IMG20221107105809-768x1024.jpg 768w, https:\/\/mdkoswiecim.pl\/wp-content\/uploads\/2022\/11\/IMG20221107105809-225x300.jpg 225w, https:\/\/mdkoswiecim.pl\/wp-content\/uploads\/2022\/11\/IMG20221107105809-1152x1536.jpg 1152w, https:\/\/mdkoswiecim.pl\/wp-content\/uploads\/2022\/11\/IMG20221107105809-1536x2048.jpg 1536w, https:\/\/mdkoswiecim.pl\/wp-content\/uploads\/2022\/11\/IMG20221107105809-scaled.jpg 1920w\" sizes=\"auto, (max-width: 768px) 100vw, 768px\" \/><figcaption class=\"wp-element-caption\">W drodze na warsztaty w Instytucie Pileckiego w Berlinie.<\/figcaption><\/figure>\n\n\n\n<figure class=\"wp-block-image size-large\"><img loading=\"lazy\" decoding=\"async\" width=\"1024\" height=\"768\" data-id=\"16140\" src=\"https:\/\/mdkoswiecim.pl\/wp-content\/uploads\/2022\/11\/IMG20221107114615-1024x768.jpg\" alt=\"\" class=\"wp-image-16140\" srcset=\"https:\/\/mdkoswiecim.pl\/wp-content\/uploads\/2022\/11\/IMG20221107114615-1024x768.jpg 1024w, https:\/\/mdkoswiecim.pl\/wp-content\/uploads\/2022\/11\/IMG20221107114615-300x225.jpg 300w, https:\/\/mdkoswiecim.pl\/wp-content\/uploads\/2022\/11\/IMG20221107114615-768x576.jpg 768w, https:\/\/mdkoswiecim.pl\/wp-content\/uploads\/2022\/11\/IMG20221107114615-1536x1152.jpg 1536w, https:\/\/mdkoswiecim.pl\/wp-content\/uploads\/2022\/11\/IMG20221107114615-2048x1536.jpg 2048w\" sizes=\"auto, (max-width: 1024px) 100vw, 1024px\" \/><figcaption class=\"wp-element-caption\">Warsztaty w Instytucie Pileckiego.<\/figcaption><\/figure>\n\n\n\n<figure class=\"wp-block-image size-large\"><img loading=\"lazy\" decoding=\"async\" width=\"1024\" height=\"768\" data-id=\"16120\" src=\"https:\/\/mdkoswiecim.pl\/wp-content\/uploads\/2022\/11\/IMG20221107122745-1024x768.jpg\" alt=\"\" class=\"wp-image-16120\" srcset=\"https:\/\/mdkoswiecim.pl\/wp-content\/uploads\/2022\/11\/IMG20221107122745-1024x768.jpg 1024w, https:\/\/mdkoswiecim.pl\/wp-content\/uploads\/2022\/11\/IMG20221107122745-300x225.jpg 300w, https:\/\/mdkoswiecim.pl\/wp-content\/uploads\/2022\/11\/IMG20221107122745-768x576.jpg 768w, https:\/\/mdkoswiecim.pl\/wp-content\/uploads\/2022\/11\/IMG20221107122745-1536x1152.jpg 1536w, https:\/\/mdkoswiecim.pl\/wp-content\/uploads\/2022\/11\/IMG20221107122745-2048x1536.jpg 2048w\" sizes=\"auto, (max-width: 1024px) 100vw, 1024px\" \/><figcaption class=\"wp-element-caption\">M\u0142odzie\u017c podczas warsztat\u00f3w w Instytucie Pileckiego.<\/figcaption><\/figure>\n\n\n\n<figure class=\"wp-block-image size-large\"><img loading=\"lazy\" decoding=\"async\" width=\"768\" height=\"1024\" data-id=\"16153\" src=\"https:\/\/mdkoswiecim.pl\/wp-content\/uploads\/2022\/11\/IMG20221107123521-768x1024.jpg\" alt=\"\" class=\"wp-image-16153\" srcset=\"https:\/\/mdkoswiecim.pl\/wp-content\/uploads\/2022\/11\/IMG20221107123521-768x1024.jpg 768w, https:\/\/mdkoswiecim.pl\/wp-content\/uploads\/2022\/11\/IMG20221107123521-225x300.jpg 225w, https:\/\/mdkoswiecim.pl\/wp-content\/uploads\/2022\/11\/IMG20221107123521-1152x1536.jpg 1152w, https:\/\/mdkoswiecim.pl\/wp-content\/uploads\/2022\/11\/IMG20221107123521-1536x2048.jpg 1536w, https:\/\/mdkoswiecim.pl\/wp-content\/uploads\/2022\/11\/IMG20221107123521-scaled.jpg 1920w\" sizes=\"auto, (max-width: 768px) 100vw, 768px\" \/><figcaption class=\"wp-element-caption\">M\u0142odzie\u017c podczas warsztat\u00f3w w Instytucie Pileckiego.<\/figcaption><\/figure>\n\n\n\n<figure class=\"wp-block-image size-large\"><img loading=\"lazy\" decoding=\"async\" width=\"1024\" height=\"768\" data-id=\"16127\" src=\"https:\/\/mdkoswiecim.pl\/wp-content\/uploads\/2022\/11\/IMG20221107133254-1024x768.jpg\" alt=\"\" class=\"wp-image-16127\" srcset=\"https:\/\/mdkoswiecim.pl\/wp-content\/uploads\/2022\/11\/IMG20221107133254-1024x768.jpg 1024w, https:\/\/mdkoswiecim.pl\/wp-content\/uploads\/2022\/11\/IMG20221107133254-300x225.jpg 300w, https:\/\/mdkoswiecim.pl\/wp-content\/uploads\/2022\/11\/IMG20221107133254-768x576.jpg 768w, https:\/\/mdkoswiecim.pl\/wp-content\/uploads\/2022\/11\/IMG20221107133254-1536x1152.jpg 1536w, https:\/\/mdkoswiecim.pl\/wp-content\/uploads\/2022\/11\/IMG20221107133254-2048x1536.jpg 2048w\" sizes=\"auto, (max-width: 1024px) 100vw, 1024px\" \/><figcaption class=\"wp-element-caption\">M\u0142odzie\u017c podczas warsztat\u00f3w w Instytucie Pileckiego.<\/figcaption><\/figure>\n\n\n\n<figure class=\"wp-block-image size-large\"><img loading=\"lazy\" decoding=\"async\" width=\"1024\" height=\"768\" data-id=\"16122\" src=\"https:\/\/mdkoswiecim.pl\/wp-content\/uploads\/2022\/11\/IMG20221109162043-1024x768.jpg\" alt=\"\" class=\"wp-image-16122\" srcset=\"https:\/\/mdkoswiecim.pl\/wp-content\/uploads\/2022\/11\/IMG20221109162043-1024x768.jpg 1024w, https:\/\/mdkoswiecim.pl\/wp-content\/uploads\/2022\/11\/IMG20221109162043-300x225.jpg 300w, https:\/\/mdkoswiecim.pl\/wp-content\/uploads\/2022\/11\/IMG20221109162043-768x576.jpg 768w, https:\/\/mdkoswiecim.pl\/wp-content\/uploads\/2022\/11\/IMG20221109162043-1536x1152.jpg 1536w, https:\/\/mdkoswiecim.pl\/wp-content\/uploads\/2022\/11\/IMG20221109162043-2048x1536.jpg 2048w\" sizes=\"auto, (max-width: 1024px) 100vw, 1024px\" \/><figcaption class=\"wp-element-caption\">Warsztaty z przedstawicielem IG Metal Wolfsburg.<\/figcaption><\/figure>\n\n\n\n<figure class=\"wp-block-image size-large\"><img loading=\"lazy\" decoding=\"async\" width=\"768\" height=\"1024\" data-id=\"16121\" src=\"https:\/\/mdkoswiecim.pl\/wp-content\/uploads\/2022\/11\/IMG_20221110_181752-768x1024.jpg\" alt=\"\" class=\"wp-image-16121\" srcset=\"https:\/\/mdkoswiecim.pl\/wp-content\/uploads\/2022\/11\/IMG_20221110_181752-768x1024.jpg 768w, https:\/\/mdkoswiecim.pl\/wp-content\/uploads\/2022\/11\/IMG_20221110_181752-225x300.jpg 225w, https:\/\/mdkoswiecim.pl\/wp-content\/uploads\/2022\/11\/IMG_20221110_181752-1152x1536.jpg 1152w, https:\/\/mdkoswiecim.pl\/wp-content\/uploads\/2022\/11\/IMG_20221110_181752-1536x2048.jpg 1536w, https:\/\/mdkoswiecim.pl\/wp-content\/uploads\/2022\/11\/IMG_20221110_181752-scaled.jpg 1920w\" sizes=\"auto, (max-width: 768px) 100vw, 768px\" \/><figcaption class=\"wp-element-caption\">M\u0142odzie\u017c na scenie &#8211; premiera spektaklu.<\/figcaption><\/figure>\n\n\n\n<figure class=\"wp-block-image size-large\"><img loading=\"lazy\" decoding=\"async\" width=\"1024\" height=\"768\" data-id=\"16125\" src=\"https:\/\/mdkoswiecim.pl\/wp-content\/uploads\/2022\/11\/IMG_20221110_182929-1024x768.jpg\" alt=\"\" class=\"wp-image-16125\" srcset=\"https:\/\/mdkoswiecim.pl\/wp-content\/uploads\/2022\/11\/IMG_20221110_182929-1024x768.jpg 1024w, https:\/\/mdkoswiecim.pl\/wp-content\/uploads\/2022\/11\/IMG_20221110_182929-300x225.jpg 300w, https:\/\/mdkoswiecim.pl\/wp-content\/uploads\/2022\/11\/IMG_20221110_182929-768x576.jpg 768w, https:\/\/mdkoswiecim.pl\/wp-content\/uploads\/2022\/11\/IMG_20221110_182929-1536x1152.jpg 1536w, https:\/\/mdkoswiecim.pl\/wp-content\/uploads\/2022\/11\/IMG_20221110_182929-2048x1536.jpg 2048w\" sizes=\"auto, (max-width: 1024px) 100vw, 1024px\" \/><figcaption class=\"wp-element-caption\">M\u0142odzie\u017c na scenie &#8211; premiera spektaklu.<\/figcaption><\/figure>\n\n\n\n<figure class=\"wp-block-image size-large\"><img loading=\"lazy\" decoding=\"async\" width=\"1024\" height=\"768\" data-id=\"16134\" src=\"https:\/\/mdkoswiecim.pl\/wp-content\/uploads\/2022\/11\/IMG20221109193838-1024x768.jpg\" alt=\"\" class=\"wp-image-16134\" srcset=\"https:\/\/mdkoswiecim.pl\/wp-content\/uploads\/2022\/11\/IMG20221109193838-1024x768.jpg 1024w, https:\/\/mdkoswiecim.pl\/wp-content\/uploads\/2022\/11\/IMG20221109193838-300x225.jpg 300w, https:\/\/mdkoswiecim.pl\/wp-content\/uploads\/2022\/11\/IMG20221109193838-768x576.jpg 768w, https:\/\/mdkoswiecim.pl\/wp-content\/uploads\/2022\/11\/IMG20221109193838-1536x1152.jpg 1536w, https:\/\/mdkoswiecim.pl\/wp-content\/uploads\/2022\/11\/IMG20221109193838-2048x1536.jpg 2048w\" sizes=\"auto, (max-width: 1024px) 100vw, 1024px\" \/><figcaption class=\"wp-element-caption\">M\u0142odzie\u017c na scenie &#8211; premiera spektaklu.<\/figcaption><\/figure>\n\n\n\n<figure class=\"wp-block-image size-large\"><img loading=\"lazy\" decoding=\"async\" width=\"1024\" height=\"768\" data-id=\"16142\" src=\"https:\/\/mdkoswiecim.pl\/wp-content\/uploads\/2022\/11\/IMG20221109202633-1024x768.jpg\" alt=\"\" class=\"wp-image-16142\" srcset=\"https:\/\/mdkoswiecim.pl\/wp-content\/uploads\/2022\/11\/IMG20221109202633-1024x768.jpg 1024w, https:\/\/mdkoswiecim.pl\/wp-content\/uploads\/2022\/11\/IMG20221109202633-300x225.jpg 300w, https:\/\/mdkoswiecim.pl\/wp-content\/uploads\/2022\/11\/IMG20221109202633-768x576.jpg 768w, https:\/\/mdkoswiecim.pl\/wp-content\/uploads\/2022\/11\/IMG20221109202633-1536x1152.jpg 1536w, https:\/\/mdkoswiecim.pl\/wp-content\/uploads\/2022\/11\/IMG20221109202633-2048x1536.jpg 2048w\" sizes=\"auto, (max-width: 1024px) 100vw, 1024px\" \/><figcaption class=\"wp-element-caption\">M\u0142odzie\u017c na scenie &#8211; premiera spektaklu.<\/figcaption><\/figure>\n\n\n\n<figure class=\"wp-block-image size-large\"><img loading=\"lazy\" decoding=\"async\" width=\"1024\" height=\"768\" data-id=\"16135\" src=\"https:\/\/mdkoswiecim.pl\/wp-content\/uploads\/2022\/11\/IMG20221110184558-1024x768.jpg\" alt=\"\" class=\"wp-image-16135\" srcset=\"https:\/\/mdkoswiecim.pl\/wp-content\/uploads\/2022\/11\/IMG20221110184558-1024x768.jpg 1024w, https:\/\/mdkoswiecim.pl\/wp-content\/uploads\/2022\/11\/IMG20221110184558-300x225.jpg 300w, https:\/\/mdkoswiecim.pl\/wp-content\/uploads\/2022\/11\/IMG20221110184558-768x576.jpg 768w, https:\/\/mdkoswiecim.pl\/wp-content\/uploads\/2022\/11\/IMG20221110184558-1536x1152.jpg 1536w, https:\/\/mdkoswiecim.pl\/wp-content\/uploads\/2022\/11\/IMG20221110184558-2048x1536.jpg 2048w\" sizes=\"auto, (max-width: 1024px) 100vw, 1024px\" \/><figcaption class=\"wp-element-caption\">Owacje po premierze spektaklu.<\/figcaption><\/figure>\n\n\n\n<figure class=\"wp-block-image size-large\"><img loading=\"lazy\" decoding=\"async\" width=\"1024\" height=\"768\" data-id=\"16141\" src=\"https:\/\/mdkoswiecim.pl\/wp-content\/uploads\/2022\/11\/IMG20221110210924-1024x768.jpg\" alt=\"\" class=\"wp-image-16141\" srcset=\"https:\/\/mdkoswiecim.pl\/wp-content\/uploads\/2022\/11\/IMG20221110210924-1024x768.jpg 1024w, https:\/\/mdkoswiecim.pl\/wp-content\/uploads\/2022\/11\/IMG20221110210924-300x225.jpg 300w, https:\/\/mdkoswiecim.pl\/wp-content\/uploads\/2022\/11\/IMG20221110210924-768x576.jpg 768w, https:\/\/mdkoswiecim.pl\/wp-content\/uploads\/2022\/11\/IMG20221110210924-1536x1152.jpg 1536w, https:\/\/mdkoswiecim.pl\/wp-content\/uploads\/2022\/11\/IMG20221110210924-2048x1536.jpg 2048w\" sizes=\"auto, (max-width: 1024px) 100vw, 1024px\" \/><figcaption class=\"wp-element-caption\">Uczestnicy po premierze spektaklu.<\/figcaption><\/figure>\n\n\n\n<figure class=\"wp-block-image size-large\"><img loading=\"lazy\" decoding=\"async\" width=\"1024\" height=\"768\" data-id=\"16143\" src=\"https:\/\/mdkoswiecim.pl\/wp-content\/uploads\/2022\/11\/IMG_20221111_113139-1024x768.jpg\" alt=\"\" class=\"wp-image-16143\" srcset=\"https:\/\/mdkoswiecim.pl\/wp-content\/uploads\/2022\/11\/IMG_20221111_113139-1024x768.jpg 1024w, https:\/\/mdkoswiecim.pl\/wp-content\/uploads\/2022\/11\/IMG_20221111_113139-300x225.jpg 300w, https:\/\/mdkoswiecim.pl\/wp-content\/uploads\/2022\/11\/IMG_20221111_113139-768x576.jpg 768w, https:\/\/mdkoswiecim.pl\/wp-content\/uploads\/2022\/11\/IMG_20221111_113139-1536x1152.jpg 1536w, https:\/\/mdkoswiecim.pl\/wp-content\/uploads\/2022\/11\/IMG_20221111_113139-2048x1536.jpg 2048w\" sizes=\"auto, (max-width: 1024px) 100vw, 1024px\" \/><figcaption class=\"wp-element-caption\">Spotkanie z Burmistrzem Wolfsburga w Ratuszu.<\/figcaption><\/figure>\n\n\n\n<figure class=\"wp-block-image size-large\"><img loading=\"lazy\" decoding=\"async\" width=\"1024\" height=\"768\" data-id=\"16139\" src=\"https:\/\/mdkoswiecim.pl\/wp-content\/uploads\/2022\/11\/IMG_20221111_121713-1024x768.jpg\" alt=\"\" class=\"wp-image-16139\" srcset=\"https:\/\/mdkoswiecim.pl\/wp-content\/uploads\/2022\/11\/IMG_20221111_121713-1024x768.jpg 1024w, https:\/\/mdkoswiecim.pl\/wp-content\/uploads\/2022\/11\/IMG_20221111_121713-300x225.jpg 300w, https:\/\/mdkoswiecim.pl\/wp-content\/uploads\/2022\/11\/IMG_20221111_121713-768x576.jpg 768w, https:\/\/mdkoswiecim.pl\/wp-content\/uploads\/2022\/11\/IMG_20221111_121713-1536x1152.jpg 1536w, https:\/\/mdkoswiecim.pl\/wp-content\/uploads\/2022\/11\/IMG_20221111_121713-2048x1536.jpg 2048w\" sizes=\"auto, (max-width: 1024px) 100vw, 1024px\" \/><figcaption class=\"wp-element-caption\">Spotkanie z Burmistrzem Wolfsburga w Ratuszu.<\/figcaption><\/figure>\n\n\n\n<figure class=\"wp-block-image size-large\"><img loading=\"lazy\" decoding=\"async\" width=\"1024\" height=\"768\" data-id=\"16148\" src=\"https:\/\/mdkoswiecim.pl\/wp-content\/uploads\/2022\/11\/IMG20221111122352-1024x768.jpg\" alt=\"\" class=\"wp-image-16148\" srcset=\"https:\/\/mdkoswiecim.pl\/wp-content\/uploads\/2022\/11\/IMG20221111122352-1024x768.jpg 1024w, https:\/\/mdkoswiecim.pl\/wp-content\/uploads\/2022\/11\/IMG20221111122352-300x225.jpg 300w, https:\/\/mdkoswiecim.pl\/wp-content\/uploads\/2022\/11\/IMG20221111122352-768x576.jpg 768w, https:\/\/mdkoswiecim.pl\/wp-content\/uploads\/2022\/11\/IMG20221111122352-1536x1152.jpg 1536w, https:\/\/mdkoswiecim.pl\/wp-content\/uploads\/2022\/11\/IMG20221111122352-2048x1536.jpg 2048w\" sizes=\"auto, (max-width: 1024px) 100vw, 1024px\" \/><figcaption class=\"wp-element-caption\">Wpisywanie do ksi\u0119gi pami\u0105tkowej.<\/figcaption><\/figure>\n\n\n\n<figure class=\"wp-block-image size-large\"><img loading=\"lazy\" decoding=\"async\" width=\"1024\" height=\"768\" data-id=\"16151\" src=\"https:\/\/mdkoswiecim.pl\/wp-content\/uploads\/2022\/11\/IMG20221111124558-1024x768.jpg\" alt=\"\" class=\"wp-image-16151\" srcset=\"https:\/\/mdkoswiecim.pl\/wp-content\/uploads\/2022\/11\/IMG20221111124558-1024x768.jpg 1024w, https:\/\/mdkoswiecim.pl\/wp-content\/uploads\/2022\/11\/IMG20221111124558-300x225.jpg 300w, https:\/\/mdkoswiecim.pl\/wp-content\/uploads\/2022\/11\/IMG20221111124558-768x576.jpg 768w, https:\/\/mdkoswiecim.pl\/wp-content\/uploads\/2022\/11\/IMG20221111124558-1536x1152.jpg 1536w, https:\/\/mdkoswiecim.pl\/wp-content\/uploads\/2022\/11\/IMG20221111124558-2048x1536.jpg 2048w\" sizes=\"auto, (max-width: 1024px) 100vw, 1024px\" \/><figcaption class=\"wp-element-caption\">Widok na miasto Wolfsburg.<\/figcaption><\/figure>\n\n\n\n<figure class=\"wp-block-image size-large\"><img loading=\"lazy\" decoding=\"async\" width=\"1024\" height=\"768\" data-id=\"16123\" src=\"https:\/\/mdkoswiecim.pl\/wp-content\/uploads\/2022\/11\/IMG20221108124216-1024x768.jpg\" alt=\"\" class=\"wp-image-16123\" srcset=\"https:\/\/mdkoswiecim.pl\/wp-content\/uploads\/2022\/11\/IMG20221108124216-1024x768.jpg 1024w, https:\/\/mdkoswiecim.pl\/wp-content\/uploads\/2022\/11\/IMG20221108124216-300x225.jpg 300w, https:\/\/mdkoswiecim.pl\/wp-content\/uploads\/2022\/11\/IMG20221108124216-768x576.jpg 768w, https:\/\/mdkoswiecim.pl\/wp-content\/uploads\/2022\/11\/IMG20221108124216-1536x1152.jpg 1536w, https:\/\/mdkoswiecim.pl\/wp-content\/uploads\/2022\/11\/IMG20221108124216-2048x1536.jpg 2048w\" sizes=\"auto, (max-width: 1024px) 100vw, 1024px\" \/><figcaption class=\"wp-element-caption\">Widok na fabryk\u0119 Volkswagena.<\/figcaption><\/figure>\n\n\n\n<figure class=\"wp-block-image size-large\"><img loading=\"lazy\" decoding=\"async\" width=\"1024\" height=\"768\" data-id=\"16145\" src=\"https:\/\/mdkoswiecim.pl\/wp-content\/uploads\/2022\/11\/IMG20221111201341-1024x768.jpg\" alt=\"\" class=\"wp-image-16145\" srcset=\"https:\/\/mdkoswiecim.pl\/wp-content\/uploads\/2022\/11\/IMG20221111201341-1024x768.jpg 1024w, https:\/\/mdkoswiecim.pl\/wp-content\/uploads\/2022\/11\/IMG20221111201341-300x225.jpg 300w, https:\/\/mdkoswiecim.pl\/wp-content\/uploads\/2022\/11\/IMG20221111201341-768x576.jpg 768w, https:\/\/mdkoswiecim.pl\/wp-content\/uploads\/2022\/11\/IMG20221111201341-1536x1152.jpg 1536w, https:\/\/mdkoswiecim.pl\/wp-content\/uploads\/2022\/11\/IMG20221111201341-2048x1536.jpg 2048w\" sizes=\"auto, (max-width: 1024px) 100vw, 1024px\" \/><figcaption class=\"wp-element-caption\">M\u0142odzie\u017c podczas wieczoru podsumowuj\u0105cego projekt.<\/figcaption><\/figure>\n\n\n\n<figure class=\"wp-block-image size-large\"><img loading=\"lazy\" decoding=\"async\" width=\"1024\" height=\"768\" data-id=\"16117\" src=\"https:\/\/mdkoswiecim.pl\/wp-content\/uploads\/2022\/11\/IMG20221111214900-1024x768.jpg\" alt=\"\" class=\"wp-image-16117\" srcset=\"https:\/\/mdkoswiecim.pl\/wp-content\/uploads\/2022\/11\/IMG20221111214900-1024x768.jpg 1024w, https:\/\/mdkoswiecim.pl\/wp-content\/uploads\/2022\/11\/IMG20221111214900-300x225.jpg 300w, https:\/\/mdkoswiecim.pl\/wp-content\/uploads\/2022\/11\/IMG20221111214900-768x576.jpg 768w, https:\/\/mdkoswiecim.pl\/wp-content\/uploads\/2022\/11\/IMG20221111214900-1536x1152.jpg 1536w, https:\/\/mdkoswiecim.pl\/wp-content\/uploads\/2022\/11\/IMG20221111214900-2048x1536.jpg 2048w\" sizes=\"auto, (max-width: 1024px) 100vw, 1024px\" \/><figcaption class=\"wp-element-caption\">Wsp\u00f3lny taniec podczas wieczoru podsumowuj\u0105cego projekt.<\/figcaption><\/figure>\n\n\n\n<figure class=\"wp-block-image size-large\"><img loading=\"lazy\" decoding=\"async\" width=\"1024\" height=\"768\" data-id=\"16129\" src=\"https:\/\/mdkoswiecim.pl\/wp-content\/uploads\/2022\/11\/IMG20221111234908-1024x768.jpg\" alt=\"\" class=\"wp-image-16129\" srcset=\"https:\/\/mdkoswiecim.pl\/wp-content\/uploads\/2022\/11\/IMG20221111234908-1024x768.jpg 1024w, https:\/\/mdkoswiecim.pl\/wp-content\/uploads\/2022\/11\/IMG20221111234908-300x225.jpg 300w, https:\/\/mdkoswiecim.pl\/wp-content\/uploads\/2022\/11\/IMG20221111234908-768x576.jpg 768w, https:\/\/mdkoswiecim.pl\/wp-content\/uploads\/2022\/11\/IMG20221111234908-1536x1152.jpg 1536w, https:\/\/mdkoswiecim.pl\/wp-content\/uploads\/2022\/11\/IMG20221111234908-2048x1536.jpg 2048w\" sizes=\"auto, (max-width: 1024px) 100vw, 1024px\" \/><figcaption class=\"wp-element-caption\">Karaoke na zako\u0144czenie wieczoru.<\/figcaption><\/figure>\n\n\n\n<figure class=\"wp-block-image size-large\"><img loading=\"lazy\" decoding=\"async\" width=\"1024\" height=\"768\" data-id=\"16128\" src=\"https:\/\/mdkoswiecim.pl\/wp-content\/uploads\/2022\/11\/IMG20221108200234-1024x768.jpg\" alt=\"\" class=\"wp-image-16128\" srcset=\"https:\/\/mdkoswiecim.pl\/wp-content\/uploads\/2022\/11\/IMG20221108200234-1024x768.jpg 1024w, https:\/\/mdkoswiecim.pl\/wp-content\/uploads\/2022\/11\/IMG20221108200234-300x225.jpg 300w, https:\/\/mdkoswiecim.pl\/wp-content\/uploads\/2022\/11\/IMG20221108200234-768x576.jpg 768w, https:\/\/mdkoswiecim.pl\/wp-content\/uploads\/2022\/11\/IMG20221108200234-1536x1152.jpg 1536w, https:\/\/mdkoswiecim.pl\/wp-content\/uploads\/2022\/11\/IMG20221108200234-2048x1536.jpg 2048w\" sizes=\"auto, (max-width: 1024px) 100vw, 1024px\" \/><figcaption class=\"wp-element-caption\">Partnerzy i sponsorzy projektu. <\/figcaption><\/figure>\n<\/figure>\n\n\n\n<figure class=\"wp-block-image size-large\"><img loading=\"lazy\" decoding=\"async\" width=\"768\" height=\"1024\" src=\"https:\/\/mdkoswiecim.pl\/wp-content\/uploads\/2022\/11\/PLAKAT-WOLFSBURG-768x1024.jpg\" alt=\"\" class=\"wp-image-16155\" srcset=\"https:\/\/mdkoswiecim.pl\/wp-content\/uploads\/2022\/11\/PLAKAT-WOLFSBURG-768x1023.jpg 768w, https:\/\/mdkoswiecim.pl\/wp-content\/uploads\/2022\/11\/PLAKAT-WOLFSBURG-225x300.jpg 225w, https:\/\/mdkoswiecim.pl\/wp-content\/uploads\/2022\/11\/PLAKAT-WOLFSBURG-1153x1536.jpg 1153w, https:\/\/mdkoswiecim.pl\/wp-content\/uploads\/2022\/11\/PLAKAT-WOLFSBURG.jpg 1272w\" sizes=\"auto, (max-width: 768px) 100vw, 768px\" \/><figcaption class=\"wp-element-caption\">Plakat z przedstawienia.<\/figcaption><\/figure>\n","protected":false},"excerpt":{"rendered":"<p>W sobot\u0119 12.11.2022 zako\u0144czy\u0142a si\u0119 druga cz\u0119\u015b\u0107 mi\u0119dzynarodowego projektu &#8220;\u015awiat\u0142o w Ciemno\u015bci. Solidarno\u015b\u0107&#8221;, w kt\u00f3rym bra\u0142a udzia\u0142 m\u0142odzie\u017c z Polski, Niemiec i Ukrainy. Pierwsza cz\u0119\u015b\u0107 projektu odby\u0142a si\u0119 w sierpniu tego roku w MDSM w O\u015bwi\u0119cimiu. Polsk\u0119 reprezentowa\u0142a grupa teatralna z MDK pod kierunkiem p. Anny Chodackiej. Druga cz\u0119\u015b\u0107 odby\u0142a si\u0119 w niemieckim mie\u015bcie Wolfsburg. [&hellip;]<\/p>\n","protected":false},"author":2,"featured_media":16141,"comment_status":"closed","ping_status":"closed","sticky":false,"template":"","format":"standard","meta":{"footnotes":""},"categories":[108],"tags":[],"class_list":["post-16110","post","type-post","status-publish","format-standard","has-post-thumbnail","hentry","category-aktualnosci"],"yoast_head":"<!-- This site is optimized with the Yoast SEO plugin v16.1.1 - https:\/\/yoast.com\/wordpress\/plugins\/seo\/ -->\n<title>Projekt teatralno-taneczny z udzia\u0142em naszej m\u0142odzie\u017cy w Wolfsburgu. - MDK<\/title>\n<link rel=\"canonical\" href=\"https:\/\/mdkoswiecim.pl\/index.php\/2022\/11\/17\/projekt-teatralno-taneczny-z-udzialem-naszej-mlodziezy-w-wolfsburgu\/\" \/>\n<meta property=\"og:locale\" content=\"pl_PL\" \/>\n<meta property=\"og:type\" content=\"article\" \/>\n<meta property=\"og:title\" content=\"Projekt teatralno-taneczny z udzia\u0142em naszej m\u0142odzie\u017cy w Wolfsburgu. - MDK\" \/>\n<meta property=\"og:description\" content=\"W sobot\u0119 12.11.2022 zako\u0144czy\u0142a si\u0119 druga cz\u0119\u015b\u0107 mi\u0119dzynarodowego projektu &#8220;\u015awiat\u0142o w Ciemno\u015bci. Solidarno\u015b\u0107&#8221;, w kt\u00f3rym bra\u0142a udzia\u0142 m\u0142odzie\u017c z Polski, Niemiec i Ukrainy. Pierwsza cz\u0119\u015b\u0107 projektu odby\u0142a si\u0119 w sierpniu tego roku w MDSM w O\u015bwi\u0119cimiu. Polsk\u0119 reprezentowa\u0142a grupa teatralna z MDK pod kierunkiem p. Anny Chodackiej. Druga cz\u0119\u015b\u0107 odby\u0142a si\u0119 w niemieckim mie\u015bcie Wolfsburg. [&hellip;]\" \/>\n<meta property=\"og:url\" content=\"https:\/\/mdkoswiecim.pl\/index.php\/2022\/11\/17\/projekt-teatralno-taneczny-z-udzialem-naszej-mlodziezy-w-wolfsburgu\/\" \/>\n<meta property=\"og:site_name\" content=\"MDK\" \/>\n<meta property=\"article:published_time\" content=\"2022-11-17T18:46:58+00:00\" \/>\n<meta property=\"article:modified_time\" content=\"2022-11-17T18:48:36+00:00\" \/>\n<meta property=\"og:image\" content=\"https:\/\/mdkoswiecim.pl\/wp-content\/uploads\/2022\/11\/IMG20221110210924-scaled.jpg\" \/>\n\t<meta property=\"og:image:width\" content=\"2560\" \/>\n\t<meta property=\"og:image:height\" content=\"1920\" \/>\n<meta name=\"twitter:card\" content=\"summary_large_image\" \/>\n<meta name=\"twitter:label1\" content=\"Szacowany czas czytania\">\n\t<meta name=\"twitter:data1\" content=\"10 minut\">\n<script type=\"application\/ld+json\" class=\"yoast-schema-graph\">{\"@context\":\"https:\/\/schema.org\",\"@graph\":[{\"@type\":\"WebSite\",\"@id\":\"https:\/\/mdkoswiecim.pl\/#website\",\"url\":\"https:\/\/mdkoswiecim.pl\/\",\"name\":\"MDK\",\"description\":\"M\\u0142odzie\\u017cowy Dom Kultury w O\\u015bwi\\u0119cimiu\",\"potentialAction\":[{\"@type\":\"SearchAction\",\"target\":\"https:\/\/mdkoswiecim.pl\/?s={search_term_string}\",\"query-input\":\"required name=search_term_string\"}],\"inLanguage\":\"pl-PL\"},{\"@type\":\"ImageObject\",\"@id\":\"https:\/\/mdkoswiecim.pl\/index.php\/2022\/11\/17\/projekt-teatralno-taneczny-z-udzialem-naszej-mlodziezy-w-wolfsburgu\/#primaryimage\",\"inLanguage\":\"pl-PL\",\"url\":\"https:\/\/mdkoswiecim.pl\/wp-content\/uploads\/2022\/11\/IMG20221110210924-scaled.jpg\",\"contentUrl\":\"https:\/\/mdkoswiecim.pl\/wp-content\/uploads\/2022\/11\/IMG20221110210924-scaled.jpg\",\"width\":2560,\"height\":1920},{\"@type\":\"WebPage\",\"@id\":\"https:\/\/mdkoswiecim.pl\/index.php\/2022\/11\/17\/projekt-teatralno-taneczny-z-udzialem-naszej-mlodziezy-w-wolfsburgu\/#webpage\",\"url\":\"https:\/\/mdkoswiecim.pl\/index.php\/2022\/11\/17\/projekt-teatralno-taneczny-z-udzialem-naszej-mlodziezy-w-wolfsburgu\/\",\"name\":\"Projekt teatralno-taneczny z udzia\\u0142em naszej m\\u0142odzie\\u017cy w Wolfsburgu. - MDK\",\"isPartOf\":{\"@id\":\"https:\/\/mdkoswiecim.pl\/#website\"},\"primaryImageOfPage\":{\"@id\":\"https:\/\/mdkoswiecim.pl\/index.php\/2022\/11\/17\/projekt-teatralno-taneczny-z-udzialem-naszej-mlodziezy-w-wolfsburgu\/#primaryimage\"},\"datePublished\":\"2022-11-17T18:46:58+00:00\",\"dateModified\":\"2022-11-17T18:48:36+00:00\",\"author\":{\"@id\":\"https:\/\/mdkoswiecim.pl\/#\/schema\/person\/de4e1c3f9f9805d4834a83cd933e83a4\"},\"breadcrumb\":{\"@id\":\"https:\/\/mdkoswiecim.pl\/index.php\/2022\/11\/17\/projekt-teatralno-taneczny-z-udzialem-naszej-mlodziezy-w-wolfsburgu\/#breadcrumb\"},\"inLanguage\":\"pl-PL\",\"potentialAction\":[{\"@type\":\"ReadAction\",\"target\":[\"https:\/\/mdkoswiecim.pl\/index.php\/2022\/11\/17\/projekt-teatralno-taneczny-z-udzialem-naszej-mlodziezy-w-wolfsburgu\/\"]}]},{\"@type\":\"BreadcrumbList\",\"@id\":\"https:\/\/mdkoswiecim.pl\/index.php\/2022\/11\/17\/projekt-teatralno-taneczny-z-udzialem-naszej-mlodziezy-w-wolfsburgu\/#breadcrumb\",\"itemListElement\":[{\"@type\":\"ListItem\",\"position\":1,\"item\":{\"@type\":\"WebPage\",\"@id\":\"https:\/\/mdkoswiecim.pl\/\",\"url\":\"https:\/\/mdkoswiecim.pl\/\",\"name\":\"Strona g\\u0142\\u00f3wna\"}},{\"@type\":\"ListItem\",\"position\":2,\"item\":{\"@type\":\"WebPage\",\"@id\":\"https:\/\/mdkoswiecim.pl\/index.php\/2022\/11\/17\/projekt-teatralno-taneczny-z-udzialem-naszej-mlodziezy-w-wolfsburgu\/\",\"url\":\"https:\/\/mdkoswiecim.pl\/index.php\/2022\/11\/17\/projekt-teatralno-taneczny-z-udzialem-naszej-mlodziezy-w-wolfsburgu\/\",\"name\":\"Projekt teatralno-taneczny z udzia\\u0142em naszej m\\u0142odzie\\u017cy w Wolfsburgu.\"}}]},{\"@type\":\"Person\",\"@id\":\"https:\/\/mdkoswiecim.pl\/#\/schema\/person\/de4e1c3f9f9805d4834a83cd933e83a4\",\"name\":\"janusz.majcherek\",\"image\":{\"@type\":\"ImageObject\",\"@id\":\"https:\/\/mdkoswiecim.pl\/#personlogo\",\"inLanguage\":\"pl-PL\",\"url\":\"https:\/\/secure.gravatar.com\/avatar\/841ee0bdfc0ec9800cdb49de086063cd2bdca44d52221b7fee4d6a2db5eafb17?s=96&d=mm&r=g\",\"contentUrl\":\"https:\/\/secure.gravatar.com\/avatar\/841ee0bdfc0ec9800cdb49de086063cd2bdca44d52221b7fee4d6a2db5eafb17?s=96&d=mm&r=g\",\"caption\":\"janusz.majcherek\"}}]}<\/script>\n<!-- \/ Yoast SEO plugin. -->","_links":{"self":[{"href":"https:\/\/mdkoswiecim.pl\/index.php\/wp-json\/wp\/v2\/posts\/16110","targetHints":{"allow":["GET"]}}],"collection":[{"href":"https:\/\/mdkoswiecim.pl\/index.php\/wp-json\/wp\/v2\/posts"}],"about":[{"href":"https:\/\/mdkoswiecim.pl\/index.php\/wp-json\/wp\/v2\/types\/post"}],"author":[{"embeddable":true,"href":"https:\/\/mdkoswiecim.pl\/index.php\/wp-json\/wp\/v2\/users\/2"}],"replies":[{"embeddable":true,"href":"https:\/\/mdkoswiecim.pl\/index.php\/wp-json\/wp\/v2\/comments?post=16110"}],"version-history":[{"count":4,"href":"https:\/\/mdkoswiecim.pl\/index.php\/wp-json\/wp\/v2\/posts\/16110\/revisions"}],"predecessor-version":[{"id":16156,"href":"https:\/\/mdkoswiecim.pl\/index.php\/wp-json\/wp\/v2\/posts\/16110\/revisions\/16156"}],"wp:featuredmedia":[{"embeddable":true,"href":"https:\/\/mdkoswiecim.pl\/index.php\/wp-json\/wp\/v2\/media\/16141"}],"wp:attachment":[{"href":"https:\/\/mdkoswiecim.pl\/index.php\/wp-json\/wp\/v2\/media?parent=16110"}],"wp:term":[{"taxonomy":"category","embeddable":true,"href":"https:\/\/mdkoswiecim.pl\/index.php\/wp-json\/wp\/v2\/categories?post=16110"},{"taxonomy":"post_tag","embeddable":true,"href":"https:\/\/mdkoswiecim.pl\/index.php\/wp-json\/wp\/v2\/tags?post=16110"}],"curies":[{"name":"wp","href":"https:\/\/api.w.org\/{rel}","templated":true}]}}