{"id":16037,"date":"2022-11-05T23:31:14","date_gmt":"2022-11-05T22:31:14","guid":{"rendered":"https:\/\/mdkoswiecim.pl\/?p=16037"},"modified":"2022-11-05T23:44:02","modified_gmt":"2022-11-05T22:44:02","slug":"mlodziez-z-polski-ukrainy-i-niemiec-w-wolfsburgu-czyli-swiatlo-w-ciemnosci-solidarnosc-cz-ii","status":"publish","type":"post","link":"https:\/\/mdkoswiecim.pl\/index.php\/2022\/11\/05\/mlodziez-z-polski-ukrainy-i-niemiec-w-wolfsburgu-czyli-swiatlo-w-ciemnosci-solidarnosc-cz-ii\/","title":{"rendered":"M\u0142odzie\u017c z Polski, Ukrainy I Niemiec w Wolfsburgu czyli &#8220;\u015awiat\u0142o w ciemno\u015bci. Solidarno\u015b\u0107&#8221; cz. II"},"content":{"rendered":"\n<p>W pi\u0105tek 4 listopada  m\u0142odzie\u017c z Polski, Ukrainy oraz Niemiec rozpocz\u0119\u0142a drug\u0105 cz\u0119\u015b\u0107 projektu taneczno-teatralnego &#8220;\u015awiat\u0142o w ciemno\u015bci. Solidarno\u015b\u0107&#8221;. Pierwsza cz\u0119\u015b\u0107 odby\u0142a si\u0119 w sierpniu tego roku w O\u015bwi\u0119cimiu. Gospodarzem obecnej cz\u0119\u015bci  projektu jest niemieckie miasto Wolfsburg. Przez osiem dni m\u0142odzie\u017c pod opiek\u0105 pedagog\u00f3w i koordynator\u00f3w  z trzech kraj\u00f3w przygotowywa\u0107 b\u0119dzie spektakl taneczno-teatralny, kt\u00f3ry finalnie b\u0119dzie trzykrotnie zaprezentowany publiczno\u015bci w Wolfsburgu. Opr\u00f3cz pracy nad spektaklem, uczestnicy b\u0119d\u0105 mieli okazj\u0119 zg\u0142\u0119bi\u0107 zagadnienia zwi\u0105zane z II wojn\u0105 \u015bwiatow\u0105 m.in. podczas wizyty w Instytucie Pileckiego w Berlinie. Sam spektakl r\u00f3wnie\u017c nawi\u0105zuje tematyk\u0105 do  wydarze\u0144 z czas\u00f3w wojny. M\u0142odzie\u017c z Polski, to nasza grupa teatralna prowadzona przez pani\u0105 Ani\u0119 Chodack\u0105. <\/p>\n\n\n\n<p><\/p>\n\n\n\n<p>Partnerami projektu s\u0105: IG Metall Wolfsburg, MDSM w O\u015bwi\u0119cimiu, M\u0142odzie\u017cowy Dom Kultury w O\u015bwi\u0119cimiu Tanzende Theater Wolfsburg, Centrum Tw\u00f3rczo\u015bci Dzieci\u0119cej &#8220;Weselka&#8221; we Lwowie. <\/p>\n\n\n\n<p><\/p>\n\n\n\n<p> <\/p>\n\n\n\n<p><\/p>\n\n\n\n<p><\/p>\n\n\n\n<figure class=\"wp-block-image size-large\"><img loading=\"lazy\" decoding=\"async\" width=\"1024\" height=\"768\" src=\"https:\/\/mdkoswiecim.pl\/wp-content\/uploads\/2022\/11\/314579812_1506355376530392_2674230182724509007_n-1-1024x768.jpg\" alt=\"\" class=\"wp-image-16042\" srcset=\"https:\/\/mdkoswiecim.pl\/wp-content\/uploads\/2022\/11\/314579812_1506355376530392_2674230182724509007_n-1-1024x768.jpg 1024w, https:\/\/mdkoswiecim.pl\/wp-content\/uploads\/2022\/11\/314579812_1506355376530392_2674230182724509007_n-1-300x225.jpg 300w, https:\/\/mdkoswiecim.pl\/wp-content\/uploads\/2022\/11\/314579812_1506355376530392_2674230182724509007_n-1-768x576.jpg 768w, https:\/\/mdkoswiecim.pl\/wp-content\/uploads\/2022\/11\/314579812_1506355376530392_2674230182724509007_n-1-1536x1152.jpg 1536w, https:\/\/mdkoswiecim.pl\/wp-content\/uploads\/2022\/11\/314579812_1506355376530392_2674230182724509007_n-1.jpg 1734w\" sizes=\"auto, (max-width: 1024px) 100vw, 1024px\" \/><figcaption class=\"wp-element-caption\">Przywitanie uczestnik\u00f3w projektu na dworcu w Wolfsburgu.<\/figcaption><\/figure>\n\n\n\n<figure class=\"wp-block-image size-large\"><img loading=\"lazy\" decoding=\"async\" width=\"1024\" height=\"768\" src=\"https:\/\/mdkoswiecim.pl\/wp-content\/uploads\/2022\/11\/314401352_5697599203610537_7740228654773463043_n-1-1024x768.jpg\" alt=\"\" class=\"wp-image-16043\" srcset=\"https:\/\/mdkoswiecim.pl\/wp-content\/uploads\/2022\/11\/314401352_5697599203610537_7740228654773463043_n-1-1024x768.jpg 1024w, https:\/\/mdkoswiecim.pl\/wp-content\/uploads\/2022\/11\/314401352_5697599203610537_7740228654773463043_n-1-300x225.jpg 300w, https:\/\/mdkoswiecim.pl\/wp-content\/uploads\/2022\/11\/314401352_5697599203610537_7740228654773463043_n-1-768x576.jpg 768w, https:\/\/mdkoswiecim.pl\/wp-content\/uploads\/2022\/11\/314401352_5697599203610537_7740228654773463043_n-1-1536x1152.jpg 1536w, https:\/\/mdkoswiecim.pl\/wp-content\/uploads\/2022\/11\/314401352_5697599203610537_7740228654773463043_n-1.jpg 1734w\" sizes=\"auto, (max-width: 1024px) 100vw, 1024px\" \/><figcaption class=\"wp-element-caption\">Gry i zabawy integracyjne. <\/figcaption><\/figure>\n\n\n\n<figure class=\"wp-block-image size-large\"><img loading=\"lazy\" decoding=\"async\" width=\"1024\" height=\"768\" src=\"https:\/\/mdkoswiecim.pl\/wp-content\/uploads\/2022\/11\/314594018_896532371293401_4023609983858580743_n-1-1024x768.jpg\" alt=\"\" class=\"wp-image-16044\" srcset=\"https:\/\/mdkoswiecim.pl\/wp-content\/uploads\/2022\/11\/314594018_896532371293401_4023609983858580743_n-1-1024x768.jpg 1024w, https:\/\/mdkoswiecim.pl\/wp-content\/uploads\/2022\/11\/314594018_896532371293401_4023609983858580743_n-1-300x225.jpg 300w, https:\/\/mdkoswiecim.pl\/wp-content\/uploads\/2022\/11\/314594018_896532371293401_4023609983858580743_n-1-768x576.jpg 768w, https:\/\/mdkoswiecim.pl\/wp-content\/uploads\/2022\/11\/314594018_896532371293401_4023609983858580743_n-1-1536x1152.jpg 1536w, https:\/\/mdkoswiecim.pl\/wp-content\/uploads\/2022\/11\/314594018_896532371293401_4023609983858580743_n-1.jpg 2040w\" sizes=\"auto, (max-width: 1024px) 100vw, 1024px\" \/><figcaption class=\"wp-element-caption\">Uczestnicy podczas omawiania spektaklu z pierwszej cz\u0119\u015bci projektu.<\/figcaption><\/figure>\n\n\n\n<figure class=\"wp-block-image size-large\"><img loading=\"lazy\" decoding=\"async\" width=\"1024\" height=\"768\" src=\"https:\/\/mdkoswiecim.pl\/wp-content\/uploads\/2022\/11\/314663027_524085206395451_8659635467356061240_n-1024x768.jpg\" alt=\"\" class=\"wp-image-16045\" srcset=\"https:\/\/mdkoswiecim.pl\/wp-content\/uploads\/2022\/11\/314663027_524085206395451_8659635467356061240_n-1024x768.jpg 1024w, https:\/\/mdkoswiecim.pl\/wp-content\/uploads\/2022\/11\/314663027_524085206395451_8659635467356061240_n-300x225.jpg 300w, https:\/\/mdkoswiecim.pl\/wp-content\/uploads\/2022\/11\/314663027_524085206395451_8659635467356061240_n-768x576.jpg 768w, https:\/\/mdkoswiecim.pl\/wp-content\/uploads\/2022\/11\/314663027_524085206395451_8659635467356061240_n-1536x1152.jpg 1536w, https:\/\/mdkoswiecim.pl\/wp-content\/uploads\/2022\/11\/314663027_524085206395451_8659635467356061240_n.jpg 2040w\" sizes=\"auto, (max-width: 1024px) 100vw, 1024px\" \/><figcaption class=\"wp-element-caption\">Pierwsze pr\u00f3by w TT Wolfsburg.<\/figcaption><\/figure>\n\n\n\n<figure class=\"wp-block-image size-large\"><img loading=\"lazy\" decoding=\"async\" width=\"1024\" height=\"768\" src=\"https:\/\/mdkoswiecim.pl\/wp-content\/uploads\/2022\/11\/314541793_833972754517640_6422557293627764641_n-1024x768.jpg\" alt=\"\" class=\"wp-image-16046\" srcset=\"https:\/\/mdkoswiecim.pl\/wp-content\/uploads\/2022\/11\/314541793_833972754517640_6422557293627764641_n-1024x768.jpg 1024w, https:\/\/mdkoswiecim.pl\/wp-content\/uploads\/2022\/11\/314541793_833972754517640_6422557293627764641_n-300x225.jpg 300w, https:\/\/mdkoswiecim.pl\/wp-content\/uploads\/2022\/11\/314541793_833972754517640_6422557293627764641_n-768x576.jpg 768w, https:\/\/mdkoswiecim.pl\/wp-content\/uploads\/2022\/11\/314541793_833972754517640_6422557293627764641_n-1536x1152.jpg 1536w, https:\/\/mdkoswiecim.pl\/wp-content\/uploads\/2022\/11\/314541793_833972754517640_6422557293627764641_n.jpg 1734w\" sizes=\"auto, (max-width: 1024px) 100vw, 1024px\" \/><figcaption class=\"wp-element-caption\">Pierwsze pr\u00f3by w TT Wolfsburg.<\/figcaption><\/figure>\n\n\n\n<figure class=\"wp-block-image size-large\"><img loading=\"lazy\" decoding=\"async\" width=\"768\" height=\"1024\" src=\"https:\/\/mdkoswiecim.pl\/wp-content\/uploads\/2022\/11\/314422764_810069010104210_8066518992720300479_n-768x1024.jpg\" alt=\"\" class=\"wp-image-16047\" srcset=\"https:\/\/mdkoswiecim.pl\/wp-content\/uploads\/2022\/11\/314422764_810069010104210_8066518992720300479_n-768x1024.jpg 768w, https:\/\/mdkoswiecim.pl\/wp-content\/uploads\/2022\/11\/314422764_810069010104210_8066518992720300479_n-225x300.jpg 225w, https:\/\/mdkoswiecim.pl\/wp-content\/uploads\/2022\/11\/314422764_810069010104210_8066518992720300479_n-1152x1536.jpg 1152w, https:\/\/mdkoswiecim.pl\/wp-content\/uploads\/2022\/11\/314422764_810069010104210_8066518992720300479_n.jpg 1301w\" sizes=\"auto, (max-width: 768px) 100vw, 768px\" \/><figcaption class=\"wp-element-caption\">Pierwsze pr\u00f3by w TT Wolfsburg.<\/figcaption><\/figure>\n\n\n\n<figure class=\"wp-block-image size-large\"><img loading=\"lazy\" decoding=\"async\" width=\"768\" height=\"1024\" src=\"https:\/\/mdkoswiecim.pl\/wp-content\/uploads\/2022\/11\/314580599_1248657915696784_4914339700846076703_n-1-768x1024.jpg\" alt=\"\" class=\"wp-image-16048\" srcset=\"https:\/\/mdkoswiecim.pl\/wp-content\/uploads\/2022\/11\/314580599_1248657915696784_4914339700846076703_n-1-768x1024.jpg 768w, https:\/\/mdkoswiecim.pl\/wp-content\/uploads\/2022\/11\/314580599_1248657915696784_4914339700846076703_n-1-225x300.jpg 225w, https:\/\/mdkoswiecim.pl\/wp-content\/uploads\/2022\/11\/314580599_1248657915696784_4914339700846076703_n-1-1152x1536.jpg 1152w, https:\/\/mdkoswiecim.pl\/wp-content\/uploads\/2022\/11\/314580599_1248657915696784_4914339700846076703_n-1.jpg 1530w\" sizes=\"auto, (max-width: 768px) 100vw, 768px\" \/><figcaption class=\"wp-element-caption\">Pierwsze pr\u00f3by w TT Wolfsburg.<\/figcaption><\/figure>\n","protected":false},"excerpt":{"rendered":"<p>W pi\u0105tek 4 listopada m\u0142odzie\u017c z Polski, Ukrainy oraz Niemiec rozpocz\u0119\u0142a drug\u0105 cz\u0119\u015b\u0107 projektu taneczno-teatralnego &#8220;\u015awiat\u0142o w ciemno\u015bci. Solidarno\u015b\u0107&#8221;. Pierwsza cz\u0119\u015b\u0107 odby\u0142a si\u0119 w sierpniu tego roku w O\u015bwi\u0119cimiu. Gospodarzem obecnej cz\u0119\u015bci projektu jest niemieckie miasto Wolfsburg. Przez osiem dni m\u0142odzie\u017c pod opiek\u0105 pedagog\u00f3w i koordynator\u00f3w z trzech kraj\u00f3w przygotowywa\u0107 b\u0119dzie spektakl taneczno-teatralny, kt\u00f3ry finalnie [&hellip;]<\/p>\n","protected":false},"author":2,"featured_media":16049,"comment_status":"closed","ping_status":"closed","sticky":false,"template":"","format":"standard","meta":{"footnotes":""},"categories":[108],"tags":[],"class_list":["post-16037","post","type-post","status-publish","format-standard","has-post-thumbnail","hentry","category-aktualnosci"],"yoast_head":"<!-- This site is optimized with the Yoast SEO plugin v16.1.1 - https:\/\/yoast.com\/wordpress\/plugins\/seo\/ -->\n<title>M\u0142odzie\u017c z Polski, Ukrainy I Niemiec w Wolfsburgu czyli &quot;\u015awiat\u0142o w ciemno\u015bci. Solidarno\u015b\u0107&quot; cz. II - MDK<\/title>\n<link rel=\"canonical\" href=\"https:\/\/mdkoswiecim.pl\/index.php\/2022\/11\/05\/mlodziez-z-polski-ukrainy-i-niemiec-w-wolfsburgu-czyli-swiatlo-w-ciemnosci-solidarnosc-cz-ii\/\" \/>\n<meta property=\"og:locale\" content=\"pl_PL\" \/>\n<meta property=\"og:type\" content=\"article\" \/>\n<meta property=\"og:title\" content=\"M\u0142odzie\u017c z Polski, Ukrainy I Niemiec w Wolfsburgu czyli &quot;\u015awiat\u0142o w ciemno\u015bci. Solidarno\u015b\u0107&quot; cz. II - MDK\" \/>\n<meta property=\"og:description\" content=\"W pi\u0105tek 4 listopada m\u0142odzie\u017c z Polski, Ukrainy oraz Niemiec rozpocz\u0119\u0142a drug\u0105 cz\u0119\u015b\u0107 projektu taneczno-teatralnego &#8220;\u015awiat\u0142o w ciemno\u015bci. Solidarno\u015b\u0107&#8221;. Pierwsza cz\u0119\u015b\u0107 odby\u0142a si\u0119 w sierpniu tego roku w O\u015bwi\u0119cimiu. Gospodarzem obecnej cz\u0119\u015bci projektu jest niemieckie miasto Wolfsburg. Przez osiem dni m\u0142odzie\u017c pod opiek\u0105 pedagog\u00f3w i koordynator\u00f3w z trzech kraj\u00f3w przygotowywa\u0107 b\u0119dzie spektakl taneczno-teatralny, kt\u00f3ry finalnie [&hellip;]\" \/>\n<meta property=\"og:url\" content=\"https:\/\/mdkoswiecim.pl\/index.php\/2022\/11\/05\/mlodziez-z-polski-ukrainy-i-niemiec-w-wolfsburgu-czyli-swiatlo-w-ciemnosci-solidarnosc-cz-ii\/\" \/>\n<meta property=\"og:site_name\" content=\"MDK\" \/>\n<meta property=\"article:published_time\" content=\"2022-11-05T22:31:14+00:00\" \/>\n<meta property=\"article:modified_time\" content=\"2022-11-05T22:44:02+00:00\" \/>\n<meta property=\"og:image\" content=\"https:\/\/mdkoswiecim.pl\/wp-content\/uploads\/2022\/11\/314408825_5569164156536402_3499371964302063523_n.jpg\" \/>\n\t<meta property=\"og:image:width\" content=\"1734\" \/>\n\t<meta property=\"og:image:height\" content=\"1301\" \/>\n<meta name=\"twitter:card\" content=\"summary_large_image\" \/>\n<meta name=\"twitter:label1\" content=\"Szacowany czas czytania\">\n\t<meta name=\"twitter:data1\" content=\"3 minuty\">\n<script type=\"application\/ld+json\" class=\"yoast-schema-graph\">{\"@context\":\"https:\/\/schema.org\",\"@graph\":[{\"@type\":\"WebSite\",\"@id\":\"https:\/\/mdkoswiecim.pl\/#website\",\"url\":\"https:\/\/mdkoswiecim.pl\/\",\"name\":\"MDK\",\"description\":\"M\\u0142odzie\\u017cowy Dom Kultury w O\\u015bwi\\u0119cimiu\",\"potentialAction\":[{\"@type\":\"SearchAction\",\"target\":\"https:\/\/mdkoswiecim.pl\/?s={search_term_string}\",\"query-input\":\"required name=search_term_string\"}],\"inLanguage\":\"pl-PL\"},{\"@type\":\"ImageObject\",\"@id\":\"https:\/\/mdkoswiecim.pl\/index.php\/2022\/11\/05\/mlodziez-z-polski-ukrainy-i-niemiec-w-wolfsburgu-czyli-swiatlo-w-ciemnosci-solidarnosc-cz-ii\/#primaryimage\",\"inLanguage\":\"pl-PL\",\"url\":\"https:\/\/mdkoswiecim.pl\/wp-content\/uploads\/2022\/11\/314408825_5569164156536402_3499371964302063523_n.jpg\",\"contentUrl\":\"https:\/\/mdkoswiecim.pl\/wp-content\/uploads\/2022\/11\/314408825_5569164156536402_3499371964302063523_n.jpg\",\"width\":1734,\"height\":1301},{\"@type\":\"WebPage\",\"@id\":\"https:\/\/mdkoswiecim.pl\/index.php\/2022\/11\/05\/mlodziez-z-polski-ukrainy-i-niemiec-w-wolfsburgu-czyli-swiatlo-w-ciemnosci-solidarnosc-cz-ii\/#webpage\",\"url\":\"https:\/\/mdkoswiecim.pl\/index.php\/2022\/11\/05\/mlodziez-z-polski-ukrainy-i-niemiec-w-wolfsburgu-czyli-swiatlo-w-ciemnosci-solidarnosc-cz-ii\/\",\"name\":\"M\\u0142odzie\\u017c z Polski, Ukrainy I Niemiec w Wolfsburgu czyli \\\"\\u015awiat\\u0142o w ciemno\\u015bci. Solidarno\\u015b\\u0107\\\" cz. II - MDK\",\"isPartOf\":{\"@id\":\"https:\/\/mdkoswiecim.pl\/#website\"},\"primaryImageOfPage\":{\"@id\":\"https:\/\/mdkoswiecim.pl\/index.php\/2022\/11\/05\/mlodziez-z-polski-ukrainy-i-niemiec-w-wolfsburgu-czyli-swiatlo-w-ciemnosci-solidarnosc-cz-ii\/#primaryimage\"},\"datePublished\":\"2022-11-05T22:31:14+00:00\",\"dateModified\":\"2022-11-05T22:44:02+00:00\",\"author\":{\"@id\":\"https:\/\/mdkoswiecim.pl\/#\/schema\/person\/de4e1c3f9f9805d4834a83cd933e83a4\"},\"breadcrumb\":{\"@id\":\"https:\/\/mdkoswiecim.pl\/index.php\/2022\/11\/05\/mlodziez-z-polski-ukrainy-i-niemiec-w-wolfsburgu-czyli-swiatlo-w-ciemnosci-solidarnosc-cz-ii\/#breadcrumb\"},\"inLanguage\":\"pl-PL\",\"potentialAction\":[{\"@type\":\"ReadAction\",\"target\":[\"https:\/\/mdkoswiecim.pl\/index.php\/2022\/11\/05\/mlodziez-z-polski-ukrainy-i-niemiec-w-wolfsburgu-czyli-swiatlo-w-ciemnosci-solidarnosc-cz-ii\/\"]}]},{\"@type\":\"BreadcrumbList\",\"@id\":\"https:\/\/mdkoswiecim.pl\/index.php\/2022\/11\/05\/mlodziez-z-polski-ukrainy-i-niemiec-w-wolfsburgu-czyli-swiatlo-w-ciemnosci-solidarnosc-cz-ii\/#breadcrumb\",\"itemListElement\":[{\"@type\":\"ListItem\",\"position\":1,\"item\":{\"@type\":\"WebPage\",\"@id\":\"https:\/\/mdkoswiecim.pl\/\",\"url\":\"https:\/\/mdkoswiecim.pl\/\",\"name\":\"Strona g\\u0142\\u00f3wna\"}},{\"@type\":\"ListItem\",\"position\":2,\"item\":{\"@type\":\"WebPage\",\"@id\":\"https:\/\/mdkoswiecim.pl\/index.php\/2022\/11\/05\/mlodziez-z-polski-ukrainy-i-niemiec-w-wolfsburgu-czyli-swiatlo-w-ciemnosci-solidarnosc-cz-ii\/\",\"url\":\"https:\/\/mdkoswiecim.pl\/index.php\/2022\/11\/05\/mlodziez-z-polski-ukrainy-i-niemiec-w-wolfsburgu-czyli-swiatlo-w-ciemnosci-solidarnosc-cz-ii\/\",\"name\":\"M\\u0142odzie\\u017c z Polski, Ukrainy I Niemiec w Wolfsburgu czyli &#8220;\\u015awiat\\u0142o w ciemno\\u015bci. Solidarno\\u015b\\u0107&#8221; cz. II\"}}]},{\"@type\":\"Person\",\"@id\":\"https:\/\/mdkoswiecim.pl\/#\/schema\/person\/de4e1c3f9f9805d4834a83cd933e83a4\",\"name\":\"janusz.majcherek\",\"image\":{\"@type\":\"ImageObject\",\"@id\":\"https:\/\/mdkoswiecim.pl\/#personlogo\",\"inLanguage\":\"pl-PL\",\"url\":\"https:\/\/secure.gravatar.com\/avatar\/841ee0bdfc0ec9800cdb49de086063cd2bdca44d52221b7fee4d6a2db5eafb17?s=96&d=mm&r=g\",\"contentUrl\":\"https:\/\/secure.gravatar.com\/avatar\/841ee0bdfc0ec9800cdb49de086063cd2bdca44d52221b7fee4d6a2db5eafb17?s=96&d=mm&r=g\",\"caption\":\"janusz.majcherek\"}}]}<\/script>\n<!-- \/ Yoast SEO plugin. -->","_links":{"self":[{"href":"https:\/\/mdkoswiecim.pl\/index.php\/wp-json\/wp\/v2\/posts\/16037","targetHints":{"allow":["GET"]}}],"collection":[{"href":"https:\/\/mdkoswiecim.pl\/index.php\/wp-json\/wp\/v2\/posts"}],"about":[{"href":"https:\/\/mdkoswiecim.pl\/index.php\/wp-json\/wp\/v2\/types\/post"}],"author":[{"embeddable":true,"href":"https:\/\/mdkoswiecim.pl\/index.php\/wp-json\/wp\/v2\/users\/2"}],"replies":[{"embeddable":true,"href":"https:\/\/mdkoswiecim.pl\/index.php\/wp-json\/wp\/v2\/comments?post=16037"}],"version-history":[{"count":2,"href":"https:\/\/mdkoswiecim.pl\/index.php\/wp-json\/wp\/v2\/posts\/16037\/revisions"}],"predecessor-version":[{"id":16052,"href":"https:\/\/mdkoswiecim.pl\/index.php\/wp-json\/wp\/v2\/posts\/16037\/revisions\/16052"}],"wp:featuredmedia":[{"embeddable":true,"href":"https:\/\/mdkoswiecim.pl\/index.php\/wp-json\/wp\/v2\/media\/16049"}],"wp:attachment":[{"href":"https:\/\/mdkoswiecim.pl\/index.php\/wp-json\/wp\/v2\/media?parent=16037"}],"wp:term":[{"taxonomy":"category","embeddable":true,"href":"https:\/\/mdkoswiecim.pl\/index.php\/wp-json\/wp\/v2\/categories?post=16037"},{"taxonomy":"post_tag","embeddable":true,"href":"https:\/\/mdkoswiecim.pl\/index.php\/wp-json\/wp\/v2\/tags?post=16037"}],"curies":[{"name":"wp","href":"https:\/\/api.w.org\/{rel}","templated":true}]}}