{"id":15851,"date":"2022-09-12T12:24:23","date_gmt":"2022-09-12T10:24:23","guid":{"rendered":"https:\/\/mdkoswiecim.pl\/?p=15851"},"modified":"2022-09-12T12:28:16","modified_gmt":"2022-09-12T10:28:16","slug":"15851","status":"publish","type":"post","link":"https:\/\/mdkoswiecim.pl\/index.php\/2022\/09\/12\/15851\/","title":{"rendered":"ZMIANY W HARMONOGRAMIE ZAJ\u0118\u0106"},"content":{"rendered":"\n<p> <p>Informujemy, \u017ce nast\u0105pi\u0142y zmiany w harmonogramie zaj\u0119\u0107 MDK:<\/p><ul><li>grupa CHEERLEADERKI SHAKE (klasy 7-8 i starsze) zaj\u0119cia NA STA\u0141E przeniesione z wtorku na pi\u0105tek, godziny 16.30-18.00<\/li><\/ul><\/p>\n\n\n\n<p><ul><li>zaj\u0119cia GRY LOGICZNE w MDK z pani\u0105 Alin\u0105 Kwarciak przeniesione ze \u015brody na czwartek w godz. 15.00-16.30 &#8211; terminy 14, 21, 28 wrze\u015bnia i 5 pa\u017adziernika 2022 r<\/li><\/ul><\/p>\n\n\n\n<p><ul><li>zaj\u0119cia PLASTYKA i R\u0118KODZIE\u0141O w MDK, Rajsku i SP Bobrek z pani\u0105 Anett\u0105 Sanak odwo\u0142ane w terminach 12-16 wrze\u015bnia 2022 r.<\/li><\/ul><\/p>\n\n\n\n<p><ul><li>zaj\u0119cia CERAMIKA z pani\u0105 Agnieszk\u0105 Kobielusz odwo\u0142ane w dniu 12 wrze\u015bnia 2022 r.<\/li><\/ul>Za utrudnienia przepraszamy.<\/p>\n\n\n\n<p> <\/p>\n","protected":false},"excerpt":{"rendered":"<p>Informujemy, \u017ce nast\u0105pi\u0142y zmiany w harmonogramie zaj\u0119\u0107 MDK: grupa CHEERLEADERKI SHAKE (klasy 7-8 i starsze) zaj\u0119cia NA STA\u0141E przeniesione z wtorku na pi\u0105tek, godziny 16.30-18.00 zaj\u0119cia GRY LOGICZNE w MDK z pani\u0105 Alin\u0105 Kwarciak przeniesione ze \u015brody na czwartek w godz. 15.00-16.30 &#8211; terminy 14, 21, 28 wrze\u015bnia i 5 pa\u017adziernika 2022 r zaj\u0119cia PLASTYKA [&hellip;]<\/p>\n","protected":false},"author":3,"featured_media":15852,"comment_status":"closed","ping_status":"closed","sticky":false,"template":"","format":"standard","meta":{"footnotes":""},"categories":[108],"tags":[],"class_list":["post-15851","post","type-post","status-publish","format-standard","has-post-thumbnail","hentry","category-aktualnosci"],"yoast_head":"<!-- This site is optimized with the Yoast SEO plugin v16.1.1 - https:\/\/yoast.com\/wordpress\/plugins\/seo\/ -->\n<title>ZMIANY W HARMONOGRAMIE ZAJ\u0118\u0106 - MDK<\/title>\n<link rel=\"canonical\" href=\"https:\/\/mdkoswiecim.pl\/index.php\/2022\/09\/12\/15851\/\" \/>\n<meta property=\"og:locale\" content=\"pl_PL\" \/>\n<meta property=\"og:type\" content=\"article\" \/>\n<meta property=\"og:title\" content=\"ZMIANY W HARMONOGRAMIE ZAJ\u0118\u0106 - MDK\" \/>\n<meta property=\"og:description\" content=\"Informujemy, \u017ce nast\u0105pi\u0142y zmiany w harmonogramie zaj\u0119\u0107 MDK: grupa CHEERLEADERKI SHAKE (klasy 7-8 i starsze) zaj\u0119cia NA STA\u0141E przeniesione z wtorku na pi\u0105tek, godziny 16.30-18.00 zaj\u0119cia GRY LOGICZNE w MDK z pani\u0105 Alin\u0105 Kwarciak przeniesione ze \u015brody na czwartek w godz. 15.00-16.30 &#8211; terminy 14, 21, 28 wrze\u015bnia i 5 pa\u017adziernika 2022 r zaj\u0119cia PLASTYKA [&hellip;]\" \/>\n<meta property=\"og:url\" content=\"https:\/\/mdkoswiecim.pl\/index.php\/2022\/09\/12\/15851\/\" \/>\n<meta property=\"og:site_name\" content=\"MDK\" \/>\n<meta property=\"article:published_time\" content=\"2022-09-12T10:24:23+00:00\" \/>\n<meta property=\"article:modified_time\" content=\"2022-09-12T10:28:16+00:00\" \/>\n<meta property=\"og:image\" content=\"https:\/\/mdkoswiecim.pl\/wp-content\/uploads\/2022\/09\/important-g900f3716c_1920.jpg\" \/>\n\t<meta property=\"og:image:width\" content=\"1920\" \/>\n\t<meta property=\"og:image:height\" content=\"1281\" \/>\n<meta name=\"twitter:card\" content=\"summary_large_image\" \/>\n<meta name=\"twitter:label1\" content=\"Szacowany czas czytania\">\n\t<meta name=\"twitter:data1\" content=\"1 minuta\">\n<script type=\"application\/ld+json\" class=\"yoast-schema-graph\">{\"@context\":\"https:\/\/schema.org\",\"@graph\":[{\"@type\":\"WebSite\",\"@id\":\"https:\/\/mdkoswiecim.pl\/#website\",\"url\":\"https:\/\/mdkoswiecim.pl\/\",\"name\":\"MDK\",\"description\":\"M\\u0142odzie\\u017cowy Dom Kultury w O\\u015bwi\\u0119cimiu\",\"potentialAction\":[{\"@type\":\"SearchAction\",\"target\":\"https:\/\/mdkoswiecim.pl\/?s={search_term_string}\",\"query-input\":\"required name=search_term_string\"}],\"inLanguage\":\"pl-PL\"},{\"@type\":\"ImageObject\",\"@id\":\"https:\/\/mdkoswiecim.pl\/index.php\/2022\/09\/12\/15851\/#primaryimage\",\"inLanguage\":\"pl-PL\",\"url\":\"https:\/\/mdkoswiecim.pl\/wp-content\/uploads\/2022\/09\/important-g900f3716c_1920.jpg\",\"contentUrl\":\"https:\/\/mdkoswiecim.pl\/wp-content\/uploads\/2022\/09\/important-g900f3716c_1920.jpg\",\"width\":1920,\"height\":1281},{\"@type\":\"WebPage\",\"@id\":\"https:\/\/mdkoswiecim.pl\/index.php\/2022\/09\/12\/15851\/#webpage\",\"url\":\"https:\/\/mdkoswiecim.pl\/index.php\/2022\/09\/12\/15851\/\",\"name\":\"ZMIANY W HARMONOGRAMIE ZAJ\\u0118\\u0106 - MDK\",\"isPartOf\":{\"@id\":\"https:\/\/mdkoswiecim.pl\/#website\"},\"primaryImageOfPage\":{\"@id\":\"https:\/\/mdkoswiecim.pl\/index.php\/2022\/09\/12\/15851\/#primaryimage\"},\"datePublished\":\"2022-09-12T10:24:23+00:00\",\"dateModified\":\"2022-09-12T10:28:16+00:00\",\"author\":{\"@id\":\"https:\/\/mdkoswiecim.pl\/#\/schema\/person\/d9c1081e4cfefcbccad7ec11fa250f7a\"},\"breadcrumb\":{\"@id\":\"https:\/\/mdkoswiecim.pl\/index.php\/2022\/09\/12\/15851\/#breadcrumb\"},\"inLanguage\":\"pl-PL\",\"potentialAction\":[{\"@type\":\"ReadAction\",\"target\":[\"https:\/\/mdkoswiecim.pl\/index.php\/2022\/09\/12\/15851\/\"]}]},{\"@type\":\"BreadcrumbList\",\"@id\":\"https:\/\/mdkoswiecim.pl\/index.php\/2022\/09\/12\/15851\/#breadcrumb\",\"itemListElement\":[{\"@type\":\"ListItem\",\"position\":1,\"item\":{\"@type\":\"WebPage\",\"@id\":\"https:\/\/mdkoswiecim.pl\/\",\"url\":\"https:\/\/mdkoswiecim.pl\/\",\"name\":\"Strona g\\u0142\\u00f3wna\"}},{\"@type\":\"ListItem\",\"position\":2,\"item\":{\"@type\":\"WebPage\",\"@id\":\"https:\/\/mdkoswiecim.pl\/index.php\/2022\/09\/12\/15851\/\",\"url\":\"https:\/\/mdkoswiecim.pl\/index.php\/2022\/09\/12\/15851\/\",\"name\":\"ZMIANY W HARMONOGRAMIE ZAJ\\u0118\\u0106\"}}]},{\"@type\":\"Person\",\"@id\":\"https:\/\/mdkoswiecim.pl\/#\/schema\/person\/d9c1081e4cfefcbccad7ec11fa250f7a\",\"name\":\"alina.kwarciak\",\"image\":{\"@type\":\"ImageObject\",\"@id\":\"https:\/\/mdkoswiecim.pl\/#personlogo\",\"inLanguage\":\"pl-PL\",\"url\":\"https:\/\/secure.gravatar.com\/avatar\/cce8f640650bbd69c0efc0afd2dddb7945a94129b978796401e58cac1eb8b87b?s=96&d=mm&r=g\",\"contentUrl\":\"https:\/\/secure.gravatar.com\/avatar\/cce8f640650bbd69c0efc0afd2dddb7945a94129b978796401e58cac1eb8b87b?s=96&d=mm&r=g\",\"caption\":\"alina.kwarciak\"}}]}<\/script>\n<!-- \/ Yoast SEO plugin. -->","_links":{"self":[{"href":"https:\/\/mdkoswiecim.pl\/index.php\/wp-json\/wp\/v2\/posts\/15851","targetHints":{"allow":["GET"]}}],"collection":[{"href":"https:\/\/mdkoswiecim.pl\/index.php\/wp-json\/wp\/v2\/posts"}],"about":[{"href":"https:\/\/mdkoswiecim.pl\/index.php\/wp-json\/wp\/v2\/types\/post"}],"author":[{"embeddable":true,"href":"https:\/\/mdkoswiecim.pl\/index.php\/wp-json\/wp\/v2\/users\/3"}],"replies":[{"embeddable":true,"href":"https:\/\/mdkoswiecim.pl\/index.php\/wp-json\/wp\/v2\/comments?post=15851"}],"version-history":[{"count":3,"href":"https:\/\/mdkoswiecim.pl\/index.php\/wp-json\/wp\/v2\/posts\/15851\/revisions"}],"predecessor-version":[{"id":15866,"href":"https:\/\/mdkoswiecim.pl\/index.php\/wp-json\/wp\/v2\/posts\/15851\/revisions\/15866"}],"wp:featuredmedia":[{"embeddable":true,"href":"https:\/\/mdkoswiecim.pl\/index.php\/wp-json\/wp\/v2\/media\/15852"}],"wp:attachment":[{"href":"https:\/\/mdkoswiecim.pl\/index.php\/wp-json\/wp\/v2\/media?parent=15851"}],"wp:term":[{"taxonomy":"category","embeddable":true,"href":"https:\/\/mdkoswiecim.pl\/index.php\/wp-json\/wp\/v2\/categories?post=15851"},{"taxonomy":"post_tag","embeddable":true,"href":"https:\/\/mdkoswiecim.pl\/index.php\/wp-json\/wp\/v2\/tags?post=15851"}],"curies":[{"name":"wp","href":"https:\/\/api.w.org\/{rel}","templated":true}]}}