{"id":15812,"date":"2022-09-06T10:13:24","date_gmt":"2022-09-06T08:13:24","guid":{"rendered":"https:\/\/mdkoswiecim.pl\/?p=15812"},"modified":"2022-09-06T10:13:25","modified_gmt":"2022-09-06T08:13:25","slug":"odwolane-zajecia-z-projektowania-mody","status":"publish","type":"post","link":"https:\/\/mdkoswiecim.pl\/index.php\/2022\/09\/06\/odwolane-zajecia-z-projektowania-mody\/","title":{"rendered":"Odwo\u0142ane zaj\u0119cia z projektowania mody"},"content":{"rendered":"\n<p>Informujemy, \u017ce we wtorek 6 wrze\u015bnia 2022 r. zostaj\u0105 odwo\u0142ane zaj\u0119cia PROJEKTOWANIE MODY.  Zapraszamy za tydzie\u0144.<\/p>\n","protected":false},"excerpt":{"rendered":"<p>Informujemy, \u017ce we wtorek 6 wrze\u015bnia 2022 r. zostaj\u0105 odwo\u0142ane zaj\u0119cia PROJEKTOWANIE MODY. Zapraszamy za tydzie\u0144.<\/p>\n","protected":false},"author":3,"featured_media":15813,"comment_status":"closed","ping_status":"closed","sticky":false,"template":"","format":"standard","meta":{"footnotes":""},"categories":[108],"tags":[],"class_list":["post-15812","post","type-post","status-publish","format-standard","has-post-thumbnail","hentry","category-aktualnosci"],"yoast_head":"<!-- This site is optimized with the Yoast SEO plugin v16.1.1 - https:\/\/yoast.com\/wordpress\/plugins\/seo\/ -->\n<title>Odwo\u0142ane zaj\u0119cia z projektowania mody - MDK<\/title>\n<link rel=\"canonical\" href=\"https:\/\/mdkoswiecim.pl\/index.php\/2022\/09\/06\/odwolane-zajecia-z-projektowania-mody\/\" \/>\n<meta property=\"og:locale\" content=\"pl_PL\" \/>\n<meta property=\"og:type\" content=\"article\" \/>\n<meta property=\"og:title\" content=\"Odwo\u0142ane zaj\u0119cia z projektowania mody - MDK\" \/>\n<meta property=\"og:description\" content=\"Informujemy, \u017ce we wtorek 6 wrze\u015bnia 2022 r. zostaj\u0105 odwo\u0142ane zaj\u0119cia PROJEKTOWANIE MODY. Zapraszamy za tydzie\u0144.\" \/>\n<meta property=\"og:url\" content=\"https:\/\/mdkoswiecim.pl\/index.php\/2022\/09\/06\/odwolane-zajecia-z-projektowania-mody\/\" \/>\n<meta property=\"og:site_name\" content=\"MDK\" \/>\n<meta property=\"article:published_time\" content=\"2022-09-06T08:13:24+00:00\" \/>\n<meta property=\"article:modified_time\" content=\"2022-09-06T08:13:25+00:00\" \/>\n<meta property=\"og:image\" content=\"https:\/\/mdkoswiecim.pl\/wp-content\/uploads\/2022\/09\/sewing-gb0d4ba59b_1920.jpg\" \/>\n\t<meta property=\"og:image:width\" content=\"1920\" \/>\n\t<meta property=\"og:image:height\" content=\"1280\" \/>\n<meta name=\"twitter:card\" content=\"summary_large_image\" \/>\n<meta name=\"twitter:label1\" content=\"Szacowany czas czytania\">\n\t<meta name=\"twitter:data1\" content=\"1 minuta\">\n<script type=\"application\/ld+json\" class=\"yoast-schema-graph\">{\"@context\":\"https:\/\/schema.org\",\"@graph\":[{\"@type\":\"WebSite\",\"@id\":\"https:\/\/mdkoswiecim.pl\/#website\",\"url\":\"https:\/\/mdkoswiecim.pl\/\",\"name\":\"MDK\",\"description\":\"M\\u0142odzie\\u017cowy Dom Kultury w O\\u015bwi\\u0119cimiu\",\"potentialAction\":[{\"@type\":\"SearchAction\",\"target\":\"https:\/\/mdkoswiecim.pl\/?s={search_term_string}\",\"query-input\":\"required name=search_term_string\"}],\"inLanguage\":\"pl-PL\"},{\"@type\":\"ImageObject\",\"@id\":\"https:\/\/mdkoswiecim.pl\/index.php\/2022\/09\/06\/odwolane-zajecia-z-projektowania-mody\/#primaryimage\",\"inLanguage\":\"pl-PL\",\"url\":\"https:\/\/mdkoswiecim.pl\/wp-content\/uploads\/2022\/09\/sewing-gb0d4ba59b_1920.jpg\",\"contentUrl\":\"https:\/\/mdkoswiecim.pl\/wp-content\/uploads\/2022\/09\/sewing-gb0d4ba59b_1920.jpg\",\"width\":1920,\"height\":1280},{\"@type\":\"WebPage\",\"@id\":\"https:\/\/mdkoswiecim.pl\/index.php\/2022\/09\/06\/odwolane-zajecia-z-projektowania-mody\/#webpage\",\"url\":\"https:\/\/mdkoswiecim.pl\/index.php\/2022\/09\/06\/odwolane-zajecia-z-projektowania-mody\/\",\"name\":\"Odwo\\u0142ane zaj\\u0119cia z projektowania mody - MDK\",\"isPartOf\":{\"@id\":\"https:\/\/mdkoswiecim.pl\/#website\"},\"primaryImageOfPage\":{\"@id\":\"https:\/\/mdkoswiecim.pl\/index.php\/2022\/09\/06\/odwolane-zajecia-z-projektowania-mody\/#primaryimage\"},\"datePublished\":\"2022-09-06T08:13:24+00:00\",\"dateModified\":\"2022-09-06T08:13:25+00:00\",\"author\":{\"@id\":\"https:\/\/mdkoswiecim.pl\/#\/schema\/person\/d9c1081e4cfefcbccad7ec11fa250f7a\"},\"breadcrumb\":{\"@id\":\"https:\/\/mdkoswiecim.pl\/index.php\/2022\/09\/06\/odwolane-zajecia-z-projektowania-mody\/#breadcrumb\"},\"inLanguage\":\"pl-PL\",\"potentialAction\":[{\"@type\":\"ReadAction\",\"target\":[\"https:\/\/mdkoswiecim.pl\/index.php\/2022\/09\/06\/odwolane-zajecia-z-projektowania-mody\/\"]}]},{\"@type\":\"BreadcrumbList\",\"@id\":\"https:\/\/mdkoswiecim.pl\/index.php\/2022\/09\/06\/odwolane-zajecia-z-projektowania-mody\/#breadcrumb\",\"itemListElement\":[{\"@type\":\"ListItem\",\"position\":1,\"item\":{\"@type\":\"WebPage\",\"@id\":\"https:\/\/mdkoswiecim.pl\/\",\"url\":\"https:\/\/mdkoswiecim.pl\/\",\"name\":\"Strona g\\u0142\\u00f3wna\"}},{\"@type\":\"ListItem\",\"position\":2,\"item\":{\"@type\":\"WebPage\",\"@id\":\"https:\/\/mdkoswiecim.pl\/index.php\/2022\/09\/06\/odwolane-zajecia-z-projektowania-mody\/\",\"url\":\"https:\/\/mdkoswiecim.pl\/index.php\/2022\/09\/06\/odwolane-zajecia-z-projektowania-mody\/\",\"name\":\"Odwo\\u0142ane zaj\\u0119cia z projektowania mody\"}}]},{\"@type\":\"Person\",\"@id\":\"https:\/\/mdkoswiecim.pl\/#\/schema\/person\/d9c1081e4cfefcbccad7ec11fa250f7a\",\"name\":\"alina.kwarciak\",\"image\":{\"@type\":\"ImageObject\",\"@id\":\"https:\/\/mdkoswiecim.pl\/#personlogo\",\"inLanguage\":\"pl-PL\",\"url\":\"https:\/\/secure.gravatar.com\/avatar\/cce8f640650bbd69c0efc0afd2dddb7945a94129b978796401e58cac1eb8b87b?s=96&d=mm&r=g\",\"contentUrl\":\"https:\/\/secure.gravatar.com\/avatar\/cce8f640650bbd69c0efc0afd2dddb7945a94129b978796401e58cac1eb8b87b?s=96&d=mm&r=g\",\"caption\":\"alina.kwarciak\"}}]}<\/script>\n<!-- \/ Yoast SEO plugin. -->","_links":{"self":[{"href":"https:\/\/mdkoswiecim.pl\/index.php\/wp-json\/wp\/v2\/posts\/15812","targetHints":{"allow":["GET"]}}],"collection":[{"href":"https:\/\/mdkoswiecim.pl\/index.php\/wp-json\/wp\/v2\/posts"}],"about":[{"href":"https:\/\/mdkoswiecim.pl\/index.php\/wp-json\/wp\/v2\/types\/post"}],"author":[{"embeddable":true,"href":"https:\/\/mdkoswiecim.pl\/index.php\/wp-json\/wp\/v2\/users\/3"}],"replies":[{"embeddable":true,"href":"https:\/\/mdkoswiecim.pl\/index.php\/wp-json\/wp\/v2\/comments?post=15812"}],"version-history":[{"count":1,"href":"https:\/\/mdkoswiecim.pl\/index.php\/wp-json\/wp\/v2\/posts\/15812\/revisions"}],"predecessor-version":[{"id":15814,"href":"https:\/\/mdkoswiecim.pl\/index.php\/wp-json\/wp\/v2\/posts\/15812\/revisions\/15814"}],"wp:featuredmedia":[{"embeddable":true,"href":"https:\/\/mdkoswiecim.pl\/index.php\/wp-json\/wp\/v2\/media\/15813"}],"wp:attachment":[{"href":"https:\/\/mdkoswiecim.pl\/index.php\/wp-json\/wp\/v2\/media?parent=15812"}],"wp:term":[{"taxonomy":"category","embeddable":true,"href":"https:\/\/mdkoswiecim.pl\/index.php\/wp-json\/wp\/v2\/categories?post=15812"},{"taxonomy":"post_tag","embeddable":true,"href":"https:\/\/mdkoswiecim.pl\/index.php\/wp-json\/wp\/v2\/tags?post=15812"}],"curies":[{"name":"wp","href":"https:\/\/api.w.org\/{rel}","templated":true}]}}