{"id":15681,"date":"2022-06-17T14:57:54","date_gmt":"2022-06-17T12:57:54","guid":{"rendered":"https:\/\/mdkoswiecim.pl\/?p=15681"},"modified":"2022-06-17T14:59:15","modified_gmt":"2022-06-17T12:59:15","slug":"wieczor-czterech-narodow","status":"publish","type":"post","link":"https:\/\/mdkoswiecim.pl\/index.php\/2022\/06\/17\/wieczor-czterech-narodow\/","title":{"rendered":"WIECZ\u00d3R CZTERECH NAROD\u00d3W."},"content":{"rendered":"\n<p>23  czerwca o g. 17.00 w Piwnicy Artystycznej odb\u0119dzie si\u0119 Wiecz\u00f3r Czterech Narod\u00f3w. <\/p>\n\n\n\n<p>Imprez\u0119  poprowadz\u0105  nasze wolontariuszki Julia z Hiszpanii i Knarik z Armenii, kt\u00f3re przybli\u017c\u0105 nam kultur\u0119 swoich kraj\u00f3w. <\/p>\n\n\n\n<p>W drugiej cz\u0119\u015bci obejrzymy koncert w wykonaniu m\u0142odych muzyk\u00f3w z Polski, Ukrainy oraz Armenii. <\/p>\n\n\n\n<p>Serdecznie Zapraszamy!!!<\/p>\n\n\n\n<figure class=\"wp-block-image size-large\"><img decoding=\"async\" src=\"https:\/\/mdkoswiecim.pl\/wp-content\/uploads\/2022\/06\/Mlodziezowy-Dom-Kultury-w-Oswiecimiu-zaprasza-na-WIECZOR-CZTERECH-NARODOW-1-1-724x1024.jpg\" alt=\"\" class=\"wp-image-15683\"\/><\/figure>\n","protected":false},"excerpt":{"rendered":"<p>23 czerwca o g. 17.00 w Piwnicy Artystycznej odb\u0119dzie si\u0119 Wiecz\u00f3r Czterech Narod\u00f3w. Imprez\u0119 poprowadz\u0105 nasze wolontariuszki Julia z Hiszpanii i Knarik z Armenii, kt\u00f3re przybli\u017c\u0105 nam kultur\u0119 swoich kraj\u00f3w. W drugiej cz\u0119\u015bci obejrzymy koncert w wykonaniu m\u0142odych muzyk\u00f3w z Polski, Ukrainy oraz Armenii. Serdecznie Zapraszamy!!!<\/p>\n","protected":false},"author":2,"featured_media":15683,"comment_status":"closed","ping_status":"closed","sticky":false,"template":"","format":"standard","meta":{"footnotes":""},"categories":[108],"tags":[],"class_list":["post-15681","post","type-post","status-publish","format-standard","has-post-thumbnail","hentry","category-aktualnosci"],"yoast_head":"<!-- This site is optimized with the Yoast SEO plugin v16.1.1 - https:\/\/yoast.com\/wordpress\/plugins\/seo\/ -->\n<title>WIECZ\u00d3R CZTERECH NAROD\u00d3W. - MDK<\/title>\n<link rel=\"canonical\" href=\"https:\/\/mdkoswiecim.pl\/index.php\/2022\/06\/17\/wieczor-czterech-narodow\/\" \/>\n<meta property=\"og:locale\" content=\"pl_PL\" \/>\n<meta property=\"og:type\" content=\"article\" \/>\n<meta property=\"og:title\" content=\"WIECZ\u00d3R CZTERECH NAROD\u00d3W. - MDK\" \/>\n<meta property=\"og:description\" content=\"23 czerwca o g. 17.00 w Piwnicy Artystycznej odb\u0119dzie si\u0119 Wiecz\u00f3r Czterech Narod\u00f3w. Imprez\u0119 poprowadz\u0105 nasze wolontariuszki Julia z Hiszpanii i Knarik z Armenii, kt\u00f3re przybli\u017c\u0105 nam kultur\u0119 swoich kraj\u00f3w. W drugiej cz\u0119\u015bci obejrzymy koncert w wykonaniu m\u0142odych muzyk\u00f3w z Polski, Ukrainy oraz Armenii. Serdecznie Zapraszamy!!!\" \/>\n<meta property=\"og:url\" content=\"https:\/\/mdkoswiecim.pl\/index.php\/2022\/06\/17\/wieczor-czterech-narodow\/\" \/>\n<meta property=\"og:site_name\" content=\"MDK\" \/>\n<meta property=\"article:published_time\" content=\"2022-06-17T12:57:54+00:00\" \/>\n<meta property=\"article:modified_time\" content=\"2022-06-17T12:59:15+00:00\" \/>\n<meta property=\"og:image\" content=\"https:\/\/mdkoswiecim.pl\/wp-content\/uploads\/2022\/06\/Mlodziezowy-Dom-Kultury-w-Oswiecimiu-zaprasza-na-WIECZOR-CZTERECH-NARODOW-1-1-scaled-e1655470743835.jpg\" \/>\n\t<meta property=\"og:image:width\" content=\"1774\" \/>\n\t<meta property=\"og:image:height\" content=\"1145\" \/>\n<meta name=\"twitter:card\" content=\"summary_large_image\" \/>\n<meta name=\"twitter:label1\" content=\"Szacowany czas czytania\">\n\t<meta name=\"twitter:data1\" content=\"1 minuta\">\n<script type=\"application\/ld+json\" class=\"yoast-schema-graph\">{\"@context\":\"https:\/\/schema.org\",\"@graph\":[{\"@type\":\"WebSite\",\"@id\":\"https:\/\/mdkoswiecim.pl\/#website\",\"url\":\"https:\/\/mdkoswiecim.pl\/\",\"name\":\"MDK\",\"description\":\"M\\u0142odzie\\u017cowy Dom Kultury w O\\u015bwi\\u0119cimiu\",\"potentialAction\":[{\"@type\":\"SearchAction\",\"target\":\"https:\/\/mdkoswiecim.pl\/?s={search_term_string}\",\"query-input\":\"required name=search_term_string\"}],\"inLanguage\":\"pl-PL\"},{\"@type\":\"ImageObject\",\"@id\":\"https:\/\/mdkoswiecim.pl\/index.php\/2022\/06\/17\/wieczor-czterech-narodow\/#primaryimage\",\"inLanguage\":\"pl-PL\",\"url\":\"https:\/\/mdkoswiecim.pl\/wp-content\/uploads\/2022\/06\/Mlodziezowy-Dom-Kultury-w-Oswiecimiu-zaprasza-na-WIECZOR-CZTERECH-NARODOW-1-1-scaled-e1655470743835.jpg\",\"contentUrl\":\"https:\/\/mdkoswiecim.pl\/wp-content\/uploads\/2022\/06\/Mlodziezowy-Dom-Kultury-w-Oswiecimiu-zaprasza-na-WIECZOR-CZTERECH-NARODOW-1-1-scaled-e1655470743835.jpg\",\"width\":1774,\"height\":1145},{\"@type\":\"WebPage\",\"@id\":\"https:\/\/mdkoswiecim.pl\/index.php\/2022\/06\/17\/wieczor-czterech-narodow\/#webpage\",\"url\":\"https:\/\/mdkoswiecim.pl\/index.php\/2022\/06\/17\/wieczor-czterech-narodow\/\",\"name\":\"WIECZ\\u00d3R CZTERECH NAROD\\u00d3W. - MDK\",\"isPartOf\":{\"@id\":\"https:\/\/mdkoswiecim.pl\/#website\"},\"primaryImageOfPage\":{\"@id\":\"https:\/\/mdkoswiecim.pl\/index.php\/2022\/06\/17\/wieczor-czterech-narodow\/#primaryimage\"},\"datePublished\":\"2022-06-17T12:57:54+00:00\",\"dateModified\":\"2022-06-17T12:59:15+00:00\",\"author\":{\"@id\":\"https:\/\/mdkoswiecim.pl\/#\/schema\/person\/de4e1c3f9f9805d4834a83cd933e83a4\"},\"breadcrumb\":{\"@id\":\"https:\/\/mdkoswiecim.pl\/index.php\/2022\/06\/17\/wieczor-czterech-narodow\/#breadcrumb\"},\"inLanguage\":\"pl-PL\",\"potentialAction\":[{\"@type\":\"ReadAction\",\"target\":[\"https:\/\/mdkoswiecim.pl\/index.php\/2022\/06\/17\/wieczor-czterech-narodow\/\"]}]},{\"@type\":\"BreadcrumbList\",\"@id\":\"https:\/\/mdkoswiecim.pl\/index.php\/2022\/06\/17\/wieczor-czterech-narodow\/#breadcrumb\",\"itemListElement\":[{\"@type\":\"ListItem\",\"position\":1,\"item\":{\"@type\":\"WebPage\",\"@id\":\"https:\/\/mdkoswiecim.pl\/\",\"url\":\"https:\/\/mdkoswiecim.pl\/\",\"name\":\"Strona g\\u0142\\u00f3wna\"}},{\"@type\":\"ListItem\",\"position\":2,\"item\":{\"@type\":\"WebPage\",\"@id\":\"https:\/\/mdkoswiecim.pl\/index.php\/2022\/06\/17\/wieczor-czterech-narodow\/\",\"url\":\"https:\/\/mdkoswiecim.pl\/index.php\/2022\/06\/17\/wieczor-czterech-narodow\/\",\"name\":\"WIECZ\\u00d3R CZTERECH NAROD\\u00d3W.\"}}]},{\"@type\":\"Person\",\"@id\":\"https:\/\/mdkoswiecim.pl\/#\/schema\/person\/de4e1c3f9f9805d4834a83cd933e83a4\",\"name\":\"janusz.majcherek\",\"image\":{\"@type\":\"ImageObject\",\"@id\":\"https:\/\/mdkoswiecim.pl\/#personlogo\",\"inLanguage\":\"pl-PL\",\"url\":\"https:\/\/secure.gravatar.com\/avatar\/841ee0bdfc0ec9800cdb49de086063cd2bdca44d52221b7fee4d6a2db5eafb17?s=96&d=mm&r=g\",\"contentUrl\":\"https:\/\/secure.gravatar.com\/avatar\/841ee0bdfc0ec9800cdb49de086063cd2bdca44d52221b7fee4d6a2db5eafb17?s=96&d=mm&r=g\",\"caption\":\"janusz.majcherek\"}}]}<\/script>\n<!-- \/ Yoast SEO plugin. -->","_links":{"self":[{"href":"https:\/\/mdkoswiecim.pl\/index.php\/wp-json\/wp\/v2\/posts\/15681","targetHints":{"allow":["GET"]}}],"collection":[{"href":"https:\/\/mdkoswiecim.pl\/index.php\/wp-json\/wp\/v2\/posts"}],"about":[{"href":"https:\/\/mdkoswiecim.pl\/index.php\/wp-json\/wp\/v2\/types\/post"}],"author":[{"embeddable":true,"href":"https:\/\/mdkoswiecim.pl\/index.php\/wp-json\/wp\/v2\/users\/2"}],"replies":[{"embeddable":true,"href":"https:\/\/mdkoswiecim.pl\/index.php\/wp-json\/wp\/v2\/comments?post=15681"}],"version-history":[{"count":1,"href":"https:\/\/mdkoswiecim.pl\/index.php\/wp-json\/wp\/v2\/posts\/15681\/revisions"}],"predecessor-version":[{"id":15685,"href":"https:\/\/mdkoswiecim.pl\/index.php\/wp-json\/wp\/v2\/posts\/15681\/revisions\/15685"}],"wp:featuredmedia":[{"embeddable":true,"href":"https:\/\/mdkoswiecim.pl\/index.php\/wp-json\/wp\/v2\/media\/15683"}],"wp:attachment":[{"href":"https:\/\/mdkoswiecim.pl\/index.php\/wp-json\/wp\/v2\/media?parent=15681"}],"wp:term":[{"taxonomy":"category","embeddable":true,"href":"https:\/\/mdkoswiecim.pl\/index.php\/wp-json\/wp\/v2\/categories?post=15681"},{"taxonomy":"post_tag","embeddable":true,"href":"https:\/\/mdkoswiecim.pl\/index.php\/wp-json\/wp\/v2\/tags?post=15681"}],"curies":[{"name":"wp","href":"https:\/\/api.w.org\/{rel}","templated":true}]}}