{"id":15619,"date":"2022-06-01T14:32:07","date_gmt":"2022-06-01T12:32:07","guid":{"rendered":"https:\/\/mdkoswiecim.pl\/?p=15619"},"modified":"2022-06-01T14:32:09","modified_gmt":"2022-06-01T12:32:09","slug":"wyjazd-turystyczno-ekologiczny-w-ramach-projektu-powiatowego-ekoaktywni","status":"publish","type":"post","link":"https:\/\/mdkoswiecim.pl\/index.php\/2022\/06\/01\/wyjazd-turystyczno-ekologiczny-w-ramach-projektu-powiatowego-ekoaktywni\/","title":{"rendered":"Wyjazd turystyczno-ekologiczny w ramach projektu powiatowego &#8220;Ekoaktywni&#8221;."},"content":{"rendered":"\n<p><strong>Ekoaktywni \u2013 Kotlina K\u0142odzka<\/strong><\/p>\n\n\n\n<p><\/p>\n\n\n\n<p>W dniu 18.05.2022 wyjechali\u015bmy z O\u015bwi\u0119cimia w stron\u0119 K\u0142odzka na wycieczk\u0119 krajoznawcz\u0105 z projektu &#8220;EKO aktywni&#8221;. Przejechali\u015bmy przez 4 wojew\u00f3dztwa : ma\u0142opolskie, \u015bl\u0105skie, opolskie i dolno\u015bl\u0105skie. W trakcie podr\u00f3\u017cy Pani Gosia &#8211; pilot, opowiedzia\u0142a nam troch\u0119 ciekawostek ekologicznych m.in. o uniwersytecie w Katowicach kt\u00f3ry produkuj\u0119 energi\u0119 s\u0142oneczn\u0105 i o G\u00f3rze \u015bw. Anny czyli najwy\u017cszym wzniesieniu na Wy\u017cynie \u015al\u0105skiej o wysoko\u015bci 408 m.n.p.m. oraz o Sanktuarium \u015bw. Anny, kt\u00f3re si\u0119 tam znajduje i jest prowadzone przez ojc\u00f3w franciszkan\u00f3w. Po drodze zatrzymali\u015bmy si\u0119 w Kopalni w Z\u0142otym Stoku. Odwiedzili\u015bmy dwie sztolnie &#8211; Sztolni\u0119 Gertrudy i Sztolni\u0119 Ochrow\u0105. Mieli\u015bmy okazj\u0119 w\u0119drowa\u0107 tymi sami korytarzami co dawno temu g\u00f3rnicy, zrobi\u0142o to na nas wielkie wra\u017cenie. Pod koniec naszej wizyty w kopalni mogli\u015bmy przejecha\u0107 si\u0119 podziemn\u0105 kolejk\u0105 oraz zwiedzi\u0107 Muzeum Minera\u0142\u00f3w. Po zako\u0144czeniu zwiedzania w Z\u0142otym Stoku skierowali\u015bmy si\u0119 do K\u0142odzka i tam mieli\u015bmy okazje przespacerowa\u0107 si\u0119 po rynku i zobaczy\u0107 takie obiekty jak kamienny most \u015bw. Jana, ratusz miasta oraz Ko\u015bci\u00f3\u0142 Wniebowzi\u0119cia Matki Boskiej, do kt\u00f3rego mogli\u015bmy wej\u015b\u0107. Potem mieli\u015bmy troch\u0119 czasu aby zakupi\u0107 pami\u0105tki i zwiedzi\u0107 reszt\u0119 rynku K\u0142odzka, a nast\u0119pnie udali\u015bmy si\u0119 do Twierdzy K\u0142odzko. Na miejscu, Pani przewodnik mia\u0142a na sobie typowy XVIII-wieczny str\u00f3j kobiecy, co pozwoli\u0142o nam si\u0119 bardziej wczu\u0107 w klimat tego miejsca. Wyt\u0142umaczy\u0142a nam do czego s\u0142u\u017cy\u0142y tunele tej twierdzy i jak broniono si\u0119 przed atakiem wroga. Osoby kt\u00f3re mia\u0142y odwag\u0119 mog\u0142y przej\u015b\u0107 si\u0119 tunelem kt\u00f3ry by\u0142 bardzo niski &#8211; mia\u0142 oko\u0142o metr wysoko\u015bci. Po zako\u0144czeniu zwiedzania udali\u015bmy si\u0119 do autokaru i pojechali\u015bmy do naszego obiektu noclegowego. W pensjonacie mieli\u015bmy chwil\u0119 aby odpocz\u0105\u0107, a potem wszyscy razem udali\u015bmy si\u0119 na obiadokolacj\u0119. Na koniec dnia mieli\u015bmy mo\u017cliwo\u015b\u0107 skorzysta\u0107 z boiska do siatk\u00f3wki, kt\u00f3re znajdowa\u0142o si\u0119 przy o\u015brodku i zagrali\u015bmy mecz .<\/p>\n\n\n\n<p>Dzie\u0144 drugi wycieczki rozpocz\u0119li\u015bmy od \u015bniadania i wykwaterowania si\u0119 z naszego pensjonatu.<\/p>\n\n\n\n<p>&nbsp; Pierwsz\u0105 atrakcj\u0105, kt\u00f3ra czeka\u0142a na nas w tym dniu, by\u0142 ciekawy skansen ,, Szlak gin\u0105cych zawod\u00f3w\u201d. Na pocz\u0105tku poznali\u015bmy tajniki garncarstwa. Pan opowiedzia\u0142 nam wiele o glinie i pokaza\u0142, jak robi si\u0119 z niej wazon. Po tej kr\u00f3tkiej lekcji, ka\u017cdy z nas m\u00f3g\u0142 wcieli\u0107 si\u0119 w rol\u0119 garncarza i stworzy\u0107 w\u0142asn\u0105 miseczk\u0119 z gliny, a tak\u017ce j\u0105 pomalowa\u0107. Nast\u0119pnie udali\u015bmy si\u0119 do chaty, a tam Pani opowiedzia\u0142a nam o dawnych zawodach, kt\u00f3re w dzisiejszych czasach rzadko si\u0119 ju\u017c spotyka. Tymi zawodami, profesjami by\u0142y np.:<\/p>\n\n\n\n<p>\u2022 garncarstwo- wyrabianie garnk\u00f3w,<\/p>\n\n\n\n<p>\u2022 m\u0142ynarstwo- produkcja m\u0105ki,<\/p>\n\n\n\n<p>\u2022 rymarstwo- wytwarzanie i naprawa sk\u00f3rzanych rzeczy,<\/p>\n\n\n\n<p>\u2022 garbarstwo- wyprawianie sk\u00f3r zwierz\u0119cych<\/p>\n\n\n\n<p>\u2022 ko\u0142odziejstwo- wyrabianie k\u00f3\u0142<\/p>\n\n\n\n<p>\u2022 poznali\u015bmy&nbsp; jeszcze druciarza, kt\u00f3ry wyrabia\u0142 rzeczy z drutu , zduna buduj\u0105cego piece&nbsp; i p\u0142atnerza zajmuj\u0105cego si\u0119 zbrojami.&nbsp;<\/p>\n\n\n\n<p>Po wys\u0142uchaniu ciekawostek o dawnych zawodach, Pani pokaza\u0142a nam kilka dawnych sprz\u0119t\u00f3w takich, jak np.:<\/p>\n\n\n\n<p>\u2022 Kijanka-&nbsp; kt\u00f3ra s\u0142u\u017cy\u0142a do prania,<\/p>\n\n\n\n<p>\u2022 Maglownica- s\u0142u\u017cy\u0142a do prasowania,<\/p>\n\n\n\n<p>\u2022 St\u0119pa- do ob\u0142uskiwania ziarna na kasz\u0119,<\/p>\n\n\n\n<p>\u2022 Maselnica- do ubijania mas\u0142a,<\/p>\n\n\n\n<p>\u2022 Dzie\u017ca- do wyrabiania ciasta na chleb,<\/p>\n\n\n\n<p>\u2022 Kozio\u0142ek do wyrabiania bia\u0142ego sera.<\/p>\n\n\n\n<p>Najciekawsz\u0105 atrakcj\u0105 dla nas wszystkich by\u0142o niew\u0105tpliwie ubijanie mas\u0142a.&nbsp;<\/p>\n\n\n\n<p>Ka\u017cdy z nas m\u00f3g\u0142 zobaczy\u0107, jak dawniej si\u0119 je wyrabia\u0142o.<\/p>\n\n\n\n<p>W skansenie znajdowa\u0142 si\u0119 r\u00f3wnie\u017c dom chleba, w kt\u00f3rym zobaczyli\u015bmy, jak wygl\u0105da prawdziwy piec do jego pieczenia. Oprowadzaj\u0105ca nas Pani powiedzia\u0142a nam, \u017ce taki piec nagrzewa si\u0119 od 2 do 3 godzin. Po tym czasie wk\u0142ada si\u0119 chleb do \u015brodka i piecze przez godzin\u0119. W\u0142a\u015bnie tam&nbsp; ka\u017cdy z nas m\u00f3g\u0142 spr\u00f3bowa\u0107 kromki cieplutkiego chleba z mas\u0142em lub ze smalcem.By\u0142o pyszne !<\/p>\n\n\n\n<p>&nbsp;Po wys\u0142uchaniu wszystkich prelekcji, poszli\u015bmy ogl\u0105da\u0107 zwierz\u0119ta znajduj\u0105ce si\u0119 na terenie skansenu, a by\u0142o ich naprawd\u0119 niema\u0142o.&nbsp; Chyba ka\u017cdego z nas najbardziej zafascynowa\u0142y wielb\u0142\u0105d, zebra ,paw i ma\u0142pki. Oczywi\u015bcie, widok pozosta\u0142ych zwierz\u0105t r\u00f3wnie\u017c&nbsp; nas ucieszy\u0142.&nbsp; &nbsp; &nbsp; &nbsp;Kolejn\u0105 atrakcj\u0105 tego dnia by\u0142a wycieczka do Parku Narodowego G\u00f3r Sto\u0142owych, gdzie wraz z przewodnikiem sudeckim udali\u015bmy si\u0119 na w\u0119dr\u00f3wk\u0119 po B\u0142\u0119dnych Ska\u0142ach. S\u0105 one fascynuj\u0105cym labiryntem w\u0105skich przej\u015b\u0107, korytarzy i w\u0105woz\u00f3w wij\u0105cymi si\u0119 pomi\u0119dzy wysokimi na 6-8 metr\u00f3w ska\u0142kami piaskowcowymi .Pani Przewodnik opowiedzia\u0142a nam o faunie, florze, geologii i klimacie G\u00f3r Sto\u0142owych.&nbsp;<\/p>\n\n\n\n<p>W G\u00f3rach Sto\u0142owych dominuj\u0105 zwierz\u0119ta powszechnie wyst\u0119puj\u0105ce w polskich lasach: jelenie, sarny, dziki, lisy czy kuny. Du\u017co ciekawsza jest tutejsza awifauna. Wyst\u0119puj\u0105 tu rzadko spotykane gatunki s\u00f3w, jak puchacz s\u00f3weczka i w\u0142ochatka, a tak\u017ce bocian czarny, jarz\u0105bek, s\u0142onka. Flora G\u00f3r Sto\u0142owych to ro\u015bliny torfowisk wysokich, lasy \u015bwierkowe, lasy bukowo-jod\u0142owe z domieszk\u0105 innych gatunk\u00f3w. Chronione i rzadkie gatunki ro\u015blin, jak sosna b\u0142otna, kosodrzewina, wawrzynek wilcze\u0142yko, bluszcz, lilia z\u0142otog\u0142\u00f3w, pe\u0142nik europejski.<\/p>\n\n\n\n<p>Je\u017celi chodzi o klimat, to G\u00f3ry Sto\u0142owe le\u017c\u0105 w strefie oddzia\u0142ywania mas powietrza polarnego, arktycznego, umiarkowanie kontynentalnego, podzwrotnikowego i z wy\u017cszych warstw atmosfery. W ci\u0105gu roku jest wi\u0119cej dni pochmurnych, ni\u017c s\u0142onecznych.Najwi\u0119ksze zachmurzenie wyst\u0119puje w okresie jesienno-zimowym, najmniejsze &#8211; w lecie ( my trafili\u015bmy na pi\u0119kn\u0105 pogod\u0119 w g\u00f3rach).&nbsp; G\u00f3ry Sto\u0142owe stanowi\u0105 jedyny w Polsce przyk\u0142ad g\u00f3r p\u0142ytowych, zbudowanych z p\u0142asko le\u017c\u0105cych \u0142awic skalnych. Ska\u0142y te, to piaskowce ciosowe, przedzielone marglami z wk\u0142adkami wapieni i piaskowc\u00f3w wapnistych i glaukonitowych. Powsta\u0142y one w \u015brodowisku morza, kt\u00f3re w g\u00f3rnej kredzie ( ok. 100 mln lat temu) wkroczy\u0142o na teren niecki \u015br\u00f3dsudeckiej. Po drodze cz\u0119sto mijali\u015bmy przer\u00f3\u017cne ska\u0142y w dziwnych kszta\u0142tach ,np. grzyba na dw\u00f3ch nogach oraz kurz\u0105 stop\u0119. Wycieczka po B\u0142\u0119dnych Ska\u0142ach podoba\u0142a si\u0119 wszystkim najbardziej.&nbsp; Musieli\u015bmy niekiedy&#8221; przeciska\u0107 si\u0119&#8221; przez ma\u0142e szczeliny lub i\u015b\u0107 skuleni, co powodowa\u0142o du\u017co \u015bmiechu.<\/p>\n\n\n\n<p>Po wyj\u015bciu z Parku Narodowego G\u00f3r Sto\u0142owych udali\u015bmy si\u0119 w drog\u0119 powrotn\u0105 do O\u015bwi\u0119cimia.\u00a0<\/p>\n\n\n\n<figure class=\"wp-block-image size-large\"><img loading=\"lazy\" decoding=\"async\" width=\"768\" height=\"1024\" src=\"https:\/\/mdkoswiecim.pl\/wp-content\/uploads\/2022\/06\/IMG_0171-768x1024.jpeg\" alt=\"\" class=\"wp-image-15620\" srcset=\"https:\/\/mdkoswiecim.pl\/wp-content\/uploads\/2022\/06\/IMG_0171-768x1024.jpeg 768w, https:\/\/mdkoswiecim.pl\/wp-content\/uploads\/2022\/06\/IMG_0171-225x300.jpeg 225w, https:\/\/mdkoswiecim.pl\/wp-content\/uploads\/2022\/06\/IMG_0171-1152x1536.jpeg 1152w, https:\/\/mdkoswiecim.pl\/wp-content\/uploads\/2022\/06\/IMG_0171-1536x2048.jpeg 1536w, https:\/\/mdkoswiecim.pl\/wp-content\/uploads\/2022\/06\/IMG_0171-scaled.jpeg 1920w\" sizes=\"auto, (max-width: 768px) 100vw, 768px\" \/><\/figure>\n\n\n\n<figure class=\"wp-block-image size-large\"><img loading=\"lazy\" decoding=\"async\" width=\"768\" height=\"1024\" src=\"https:\/\/mdkoswiecim.pl\/wp-content\/uploads\/2022\/06\/IMG_0205-768x1024.jpeg\" alt=\"\" class=\"wp-image-15621\" srcset=\"https:\/\/mdkoswiecim.pl\/wp-content\/uploads\/2022\/06\/IMG_0205-768x1024.jpeg 768w, https:\/\/mdkoswiecim.pl\/wp-content\/uploads\/2022\/06\/IMG_0205-225x300.jpeg 225w, https:\/\/mdkoswiecim.pl\/wp-content\/uploads\/2022\/06\/IMG_0205-1152x1536.jpeg 1152w, https:\/\/mdkoswiecim.pl\/wp-content\/uploads\/2022\/06\/IMG_0205-1536x2048.jpeg 1536w, https:\/\/mdkoswiecim.pl\/wp-content\/uploads\/2022\/06\/IMG_0205-scaled.jpeg 1920w\" sizes=\"auto, (max-width: 768px) 100vw, 768px\" \/><\/figure>\n\n\n\n<figure class=\"wp-block-image size-large\"><img loading=\"lazy\" decoding=\"async\" width=\"768\" height=\"1024\" src=\"https:\/\/mdkoswiecim.pl\/wp-content\/uploads\/2022\/06\/IMG_0154-768x1024.jpeg\" alt=\"\" class=\"wp-image-15622\" srcset=\"https:\/\/mdkoswiecim.pl\/wp-content\/uploads\/2022\/06\/IMG_0154-768x1024.jpeg 768w, https:\/\/mdkoswiecim.pl\/wp-content\/uploads\/2022\/06\/IMG_0154-225x300.jpeg 225w, https:\/\/mdkoswiecim.pl\/wp-content\/uploads\/2022\/06\/IMG_0154-1152x1536.jpeg 1152w, https:\/\/mdkoswiecim.pl\/wp-content\/uploads\/2022\/06\/IMG_0154-1536x2048.jpeg 1536w, https:\/\/mdkoswiecim.pl\/wp-content\/uploads\/2022\/06\/IMG_0154-scaled.jpeg 1920w\" sizes=\"auto, (max-width: 768px) 100vw, 768px\" \/><\/figure>\n\n\n\n<figure class=\"wp-block-image size-large\"><img loading=\"lazy\" decoding=\"async\" width=\"768\" height=\"1024\" src=\"https:\/\/mdkoswiecim.pl\/wp-content\/uploads\/2022\/06\/IMG_0200-768x1024.jpeg\" alt=\"\" class=\"wp-image-15623\" srcset=\"https:\/\/mdkoswiecim.pl\/wp-content\/uploads\/2022\/06\/IMG_0200-768x1024.jpeg 768w, https:\/\/mdkoswiecim.pl\/wp-content\/uploads\/2022\/06\/IMG_0200-225x300.jpeg 225w, https:\/\/mdkoswiecim.pl\/wp-content\/uploads\/2022\/06\/IMG_0200-1152x1536.jpeg 1152w, https:\/\/mdkoswiecim.pl\/wp-content\/uploads\/2022\/06\/IMG_0200-1536x2048.jpeg 1536w, https:\/\/mdkoswiecim.pl\/wp-content\/uploads\/2022\/06\/IMG_0200-scaled.jpeg 1920w\" sizes=\"auto, (max-width: 768px) 100vw, 768px\" \/><\/figure>\n\n\n\n<figure class=\"wp-block-image size-large\"><img loading=\"lazy\" decoding=\"async\" width=\"768\" height=\"1024\" src=\"https:\/\/mdkoswiecim.pl\/wp-content\/uploads\/2022\/06\/IMG_0272-768x1024.jpeg\" alt=\"\" class=\"wp-image-15624\" srcset=\"https:\/\/mdkoswiecim.pl\/wp-content\/uploads\/2022\/06\/IMG_0272-768x1024.jpeg 768w, https:\/\/mdkoswiecim.pl\/wp-content\/uploads\/2022\/06\/IMG_0272-225x300.jpeg 225w, https:\/\/mdkoswiecim.pl\/wp-content\/uploads\/2022\/06\/IMG_0272-1152x1536.jpeg 1152w, https:\/\/mdkoswiecim.pl\/wp-content\/uploads\/2022\/06\/IMG_0272-1536x2048.jpeg 1536w, https:\/\/mdkoswiecim.pl\/wp-content\/uploads\/2022\/06\/IMG_0272-scaled.jpeg 1920w\" sizes=\"auto, (max-width: 768px) 100vw, 768px\" \/><\/figure>\n","protected":false},"excerpt":{"rendered":"<p>Ekoaktywni \u2013 Kotlina K\u0142odzka W dniu 18.05.2022 wyjechali\u015bmy z O\u015bwi\u0119cimia w stron\u0119 K\u0142odzka na wycieczk\u0119 krajoznawcz\u0105 z projektu &#8220;EKO aktywni&#8221;. Przejechali\u015bmy przez 4 wojew\u00f3dztwa : ma\u0142opolskie, \u015bl\u0105skie, opolskie i dolno\u015bl\u0105skie. W trakcie podr\u00f3\u017cy Pani Gosia &#8211; pilot, opowiedzia\u0142a nam troch\u0119 ciekawostek ekologicznych m.in. o uniwersytecie w Katowicach kt\u00f3ry produkuj\u0119 energi\u0119 s\u0142oneczn\u0105 i o G\u00f3rze \u015bw. [&hellip;]<\/p>\n","protected":false},"author":2,"featured_media":15620,"comment_status":"closed","ping_status":"closed","sticky":false,"template":"","format":"standard","meta":{"footnotes":""},"categories":[108],"tags":[],"class_list":["post-15619","post","type-post","status-publish","format-standard","has-post-thumbnail","hentry","category-aktualnosci"],"yoast_head":"<!-- This site is optimized with the Yoast SEO plugin v16.1.1 - https:\/\/yoast.com\/wordpress\/plugins\/seo\/ -->\n<title>Wyjazd turystyczno-ekologiczny w ramach projektu powiatowego &quot;Ekoaktywni&quot;. - MDK<\/title>\n<link rel=\"canonical\" href=\"https:\/\/mdkoswiecim.pl\/index.php\/2022\/06\/01\/wyjazd-turystyczno-ekologiczny-w-ramach-projektu-powiatowego-ekoaktywni\/\" \/>\n<meta property=\"og:locale\" content=\"pl_PL\" \/>\n<meta property=\"og:type\" content=\"article\" \/>\n<meta property=\"og:title\" content=\"Wyjazd turystyczno-ekologiczny w ramach projektu powiatowego &quot;Ekoaktywni&quot;. - MDK\" \/>\n<meta property=\"og:description\" content=\"Ekoaktywni \u2013 Kotlina K\u0142odzka W dniu 18.05.2022 wyjechali\u015bmy z O\u015bwi\u0119cimia w stron\u0119 K\u0142odzka na wycieczk\u0119 krajoznawcz\u0105 z projektu &#8220;EKO aktywni&#8221;. Przejechali\u015bmy przez 4 wojew\u00f3dztwa : ma\u0142opolskie, \u015bl\u0105skie, opolskie i dolno\u015bl\u0105skie. W trakcie podr\u00f3\u017cy Pani Gosia &#8211; pilot, opowiedzia\u0142a nam troch\u0119 ciekawostek ekologicznych m.in. o uniwersytecie w Katowicach kt\u00f3ry produkuj\u0119 energi\u0119 s\u0142oneczn\u0105 i o G\u00f3rze \u015bw. [&hellip;]\" \/>\n<meta property=\"og:url\" content=\"https:\/\/mdkoswiecim.pl\/index.php\/2022\/06\/01\/wyjazd-turystyczno-ekologiczny-w-ramach-projektu-powiatowego-ekoaktywni\/\" \/>\n<meta property=\"og:site_name\" content=\"MDK\" \/>\n<meta property=\"article:published_time\" content=\"2022-06-01T12:32:07+00:00\" \/>\n<meta property=\"article:modified_time\" content=\"2022-06-01T12:32:09+00:00\" \/>\n<meta property=\"og:image\" content=\"https:\/\/mdkoswiecim.pl\/wp-content\/uploads\/2022\/06\/IMG_0171-scaled.jpeg\" \/>\n\t<meta property=\"og:image:width\" content=\"1920\" \/>\n\t<meta property=\"og:image:height\" content=\"2560\" \/>\n<meta name=\"twitter:card\" content=\"summary_large_image\" \/>\n<meta name=\"twitter:label1\" content=\"Szacowany czas czytania\">\n\t<meta name=\"twitter:data1\" content=\"5 minut\">\n<script type=\"application\/ld+json\" class=\"yoast-schema-graph\">{\"@context\":\"https:\/\/schema.org\",\"@graph\":[{\"@type\":\"WebSite\",\"@id\":\"https:\/\/mdkoswiecim.pl\/#website\",\"url\":\"https:\/\/mdkoswiecim.pl\/\",\"name\":\"MDK\",\"description\":\"M\\u0142odzie\\u017cowy Dom Kultury w O\\u015bwi\\u0119cimiu\",\"potentialAction\":[{\"@type\":\"SearchAction\",\"target\":\"https:\/\/mdkoswiecim.pl\/?s={search_term_string}\",\"query-input\":\"required name=search_term_string\"}],\"inLanguage\":\"pl-PL\"},{\"@type\":\"ImageObject\",\"@id\":\"https:\/\/mdkoswiecim.pl\/index.php\/2022\/06\/01\/wyjazd-turystyczno-ekologiczny-w-ramach-projektu-powiatowego-ekoaktywni\/#primaryimage\",\"inLanguage\":\"pl-PL\",\"url\":\"https:\/\/mdkoswiecim.pl\/wp-content\/uploads\/2022\/06\/IMG_0171-scaled.jpeg\",\"contentUrl\":\"https:\/\/mdkoswiecim.pl\/wp-content\/uploads\/2022\/06\/IMG_0171-scaled.jpeg\",\"width\":1920,\"height\":2560},{\"@type\":\"WebPage\",\"@id\":\"https:\/\/mdkoswiecim.pl\/index.php\/2022\/06\/01\/wyjazd-turystyczno-ekologiczny-w-ramach-projektu-powiatowego-ekoaktywni\/#webpage\",\"url\":\"https:\/\/mdkoswiecim.pl\/index.php\/2022\/06\/01\/wyjazd-turystyczno-ekologiczny-w-ramach-projektu-powiatowego-ekoaktywni\/\",\"name\":\"Wyjazd turystyczno-ekologiczny w ramach projektu powiatowego \\\"Ekoaktywni\\\". - MDK\",\"isPartOf\":{\"@id\":\"https:\/\/mdkoswiecim.pl\/#website\"},\"primaryImageOfPage\":{\"@id\":\"https:\/\/mdkoswiecim.pl\/index.php\/2022\/06\/01\/wyjazd-turystyczno-ekologiczny-w-ramach-projektu-powiatowego-ekoaktywni\/#primaryimage\"},\"datePublished\":\"2022-06-01T12:32:07+00:00\",\"dateModified\":\"2022-06-01T12:32:09+00:00\",\"author\":{\"@id\":\"https:\/\/mdkoswiecim.pl\/#\/schema\/person\/de4e1c3f9f9805d4834a83cd933e83a4\"},\"breadcrumb\":{\"@id\":\"https:\/\/mdkoswiecim.pl\/index.php\/2022\/06\/01\/wyjazd-turystyczno-ekologiczny-w-ramach-projektu-powiatowego-ekoaktywni\/#breadcrumb\"},\"inLanguage\":\"pl-PL\",\"potentialAction\":[{\"@type\":\"ReadAction\",\"target\":[\"https:\/\/mdkoswiecim.pl\/index.php\/2022\/06\/01\/wyjazd-turystyczno-ekologiczny-w-ramach-projektu-powiatowego-ekoaktywni\/\"]}]},{\"@type\":\"BreadcrumbList\",\"@id\":\"https:\/\/mdkoswiecim.pl\/index.php\/2022\/06\/01\/wyjazd-turystyczno-ekologiczny-w-ramach-projektu-powiatowego-ekoaktywni\/#breadcrumb\",\"itemListElement\":[{\"@type\":\"ListItem\",\"position\":1,\"item\":{\"@type\":\"WebPage\",\"@id\":\"https:\/\/mdkoswiecim.pl\/\",\"url\":\"https:\/\/mdkoswiecim.pl\/\",\"name\":\"Strona g\\u0142\\u00f3wna\"}},{\"@type\":\"ListItem\",\"position\":2,\"item\":{\"@type\":\"WebPage\",\"@id\":\"https:\/\/mdkoswiecim.pl\/index.php\/2022\/06\/01\/wyjazd-turystyczno-ekologiczny-w-ramach-projektu-powiatowego-ekoaktywni\/\",\"url\":\"https:\/\/mdkoswiecim.pl\/index.php\/2022\/06\/01\/wyjazd-turystyczno-ekologiczny-w-ramach-projektu-powiatowego-ekoaktywni\/\",\"name\":\"Wyjazd turystyczno-ekologiczny w ramach projektu powiatowego &#8222;Ekoaktywni&#8221;.\"}}]},{\"@type\":\"Person\",\"@id\":\"https:\/\/mdkoswiecim.pl\/#\/schema\/person\/de4e1c3f9f9805d4834a83cd933e83a4\",\"name\":\"janusz.majcherek\",\"image\":{\"@type\":\"ImageObject\",\"@id\":\"https:\/\/mdkoswiecim.pl\/#personlogo\",\"inLanguage\":\"pl-PL\",\"url\":\"https:\/\/secure.gravatar.com\/avatar\/841ee0bdfc0ec9800cdb49de086063cd2bdca44d52221b7fee4d6a2db5eafb17?s=96&d=mm&r=g\",\"contentUrl\":\"https:\/\/secure.gravatar.com\/avatar\/841ee0bdfc0ec9800cdb49de086063cd2bdca44d52221b7fee4d6a2db5eafb17?s=96&d=mm&r=g\",\"caption\":\"janusz.majcherek\"}}]}<\/script>\n<!-- \/ Yoast SEO plugin. -->","_links":{"self":[{"href":"https:\/\/mdkoswiecim.pl\/index.php\/wp-json\/wp\/v2\/posts\/15619","targetHints":{"allow":["GET"]}}],"collection":[{"href":"https:\/\/mdkoswiecim.pl\/index.php\/wp-json\/wp\/v2\/posts"}],"about":[{"href":"https:\/\/mdkoswiecim.pl\/index.php\/wp-json\/wp\/v2\/types\/post"}],"author":[{"embeddable":true,"href":"https:\/\/mdkoswiecim.pl\/index.php\/wp-json\/wp\/v2\/users\/2"}],"replies":[{"embeddable":true,"href":"https:\/\/mdkoswiecim.pl\/index.php\/wp-json\/wp\/v2\/comments?post=15619"}],"version-history":[{"count":1,"href":"https:\/\/mdkoswiecim.pl\/index.php\/wp-json\/wp\/v2\/posts\/15619\/revisions"}],"predecessor-version":[{"id":15625,"href":"https:\/\/mdkoswiecim.pl\/index.php\/wp-json\/wp\/v2\/posts\/15619\/revisions\/15625"}],"wp:featuredmedia":[{"embeddable":true,"href":"https:\/\/mdkoswiecim.pl\/index.php\/wp-json\/wp\/v2\/media\/15620"}],"wp:attachment":[{"href":"https:\/\/mdkoswiecim.pl\/index.php\/wp-json\/wp\/v2\/media?parent=15619"}],"wp:term":[{"taxonomy":"category","embeddable":true,"href":"https:\/\/mdkoswiecim.pl\/index.php\/wp-json\/wp\/v2\/categories?post=15619"},{"taxonomy":"post_tag","embeddable":true,"href":"https:\/\/mdkoswiecim.pl\/index.php\/wp-json\/wp\/v2\/tags?post=15619"}],"curies":[{"name":"wp","href":"https:\/\/api.w.org\/{rel}","templated":true}]}}