{"id":15468,"date":"2022-05-09T11:19:03","date_gmt":"2022-05-09T09:19:03","guid":{"rendered":"https:\/\/mdkoswiecim.pl\/?p=15468"},"modified":"2022-05-09T11:19:04","modified_gmt":"2022-05-09T09:19:04","slug":"pokaz-magii","status":"publish","type":"post","link":"https:\/\/mdkoswiecim.pl\/index.php\/2022\/05\/09\/pokaz-magii\/","title":{"rendered":"POKAZ MAGII"},"content":{"rendered":"\n<p>Pokaz magii dla dzieci i m\u0142odzie\u017cy z Ukrainy i nie tylko w wykonaniu ameryka\u0144skiego magika, kt\u00f3ry za sw\u00f3j cel da\u0142 sobie roz\u015bwietlanie smutku na dzieci\u0119cych twarzach za pomoc\u0105 magii i sztuczek czarodziejskich. Tom Vermer specjalizuje si\u0119 w pokazach magii w krajach ogarni\u0119tych wojn\u0105. Tym razem przyjecha\u0142 do O\u015bwi\u0119cimia, w kt\u00f3rym przebywa du\u017ca ilo\u015b\u0107 uchod\u017ac\u00f3w z Ukrainy. Nie zabraknie r\u00f3wnie\u017c miejsca dla dzieci mieszkaj\u0105cych w O\u015bwi\u0119cimiu od pokole\u0144 \ud83d\ude42<\/p>\n\n\n\n<p>Zapraszamy do Szko\u0142y Podstawowej nr 2 w O\u015bwi\u0119cimiu (sala gimnastyczna) ju\u017c w najbli\u017csz\u0105 \u015brod\u0119 11 maja o godz. 17.30.<\/p>\n\n\n\n<p>Wsp\u00f3\u0142organizatorami przedsi\u0119wzi\u0119cia s\u0105: MDK, SP2 w O\u015bwi\u0119cimiu i fakty O\u015bwi\u0119cim<\/p>\n","protected":false},"excerpt":{"rendered":"<p>Pokaz magii dla dzieci i m\u0142odzie\u017cy z Ukrainy i nie tylko w wykonaniu ameryka\u0144skiego magika, kt\u00f3ry za sw\u00f3j cel da\u0142 sobie roz\u015bwietlanie smutku na dzieci\u0119cych twarzach za pomoc\u0105 magii i sztuczek czarodziejskich. Tom Vermer specjalizuje si\u0119 w pokazach magii w krajach ogarni\u0119tych wojn\u0105. Tym razem przyjecha\u0142 do O\u015bwi\u0119cimia, w kt\u00f3rym przebywa du\u017ca ilo\u015b\u0107 uchod\u017ac\u00f3w z [&hellip;]<\/p>\n","protected":false},"author":3,"featured_media":15469,"comment_status":"closed","ping_status":"closed","sticky":false,"template":"","format":"standard","meta":{"footnotes":""},"categories":[108],"tags":[],"class_list":["post-15468","post","type-post","status-publish","format-standard","has-post-thumbnail","hentry","category-aktualnosci"],"yoast_head":"<!-- This site is optimized with the Yoast SEO plugin v16.1.1 - https:\/\/yoast.com\/wordpress\/plugins\/seo\/ -->\n<title>POKAZ MAGII - MDK<\/title>\n<link rel=\"canonical\" href=\"https:\/\/mdkoswiecim.pl\/index.php\/2022\/05\/09\/pokaz-magii\/\" \/>\n<meta property=\"og:locale\" content=\"pl_PL\" \/>\n<meta property=\"og:type\" content=\"article\" \/>\n<meta property=\"og:title\" content=\"POKAZ MAGII - MDK\" \/>\n<meta property=\"og:description\" content=\"Pokaz magii dla dzieci i m\u0142odzie\u017cy z Ukrainy i nie tylko w wykonaniu ameryka\u0144skiego magika, kt\u00f3ry za sw\u00f3j cel da\u0142 sobie roz\u015bwietlanie smutku na dzieci\u0119cych twarzach za pomoc\u0105 magii i sztuczek czarodziejskich. Tom Vermer specjalizuje si\u0119 w pokazach magii w krajach ogarni\u0119tych wojn\u0105. Tym razem przyjecha\u0142 do O\u015bwi\u0119cimia, w kt\u00f3rym przebywa du\u017ca ilo\u015b\u0107 uchod\u017ac\u00f3w z [&hellip;]\" \/>\n<meta property=\"og:url\" content=\"https:\/\/mdkoswiecim.pl\/index.php\/2022\/05\/09\/pokaz-magii\/\" \/>\n<meta property=\"og:site_name\" content=\"MDK\" \/>\n<meta property=\"article:published_time\" content=\"2022-05-09T09:19:03+00:00\" \/>\n<meta property=\"article:modified_time\" content=\"2022-05-09T09:19:04+00:00\" \/>\n<meta property=\"og:image\" content=\"https:\/\/mdkoswiecim.pl\/wp-content\/uploads\/2022\/05\/magia-1.jpg\" \/>\n\t<meta property=\"og:image:width\" content=\"1654\" \/>\n\t<meta property=\"og:image:height\" content=\"2339\" \/>\n<meta name=\"twitter:card\" content=\"summary_large_image\" \/>\n<meta name=\"twitter:label1\" content=\"Szacowany czas czytania\">\n\t<meta name=\"twitter:data1\" content=\"1 minuta\">\n<script type=\"application\/ld+json\" class=\"yoast-schema-graph\">{\"@context\":\"https:\/\/schema.org\",\"@graph\":[{\"@type\":\"WebSite\",\"@id\":\"https:\/\/mdkoswiecim.pl\/#website\",\"url\":\"https:\/\/mdkoswiecim.pl\/\",\"name\":\"MDK\",\"description\":\"M\\u0142odzie\\u017cowy Dom Kultury w O\\u015bwi\\u0119cimiu\",\"potentialAction\":[{\"@type\":\"SearchAction\",\"target\":\"https:\/\/mdkoswiecim.pl\/?s={search_term_string}\",\"query-input\":\"required name=search_term_string\"}],\"inLanguage\":\"pl-PL\"},{\"@type\":\"ImageObject\",\"@id\":\"https:\/\/mdkoswiecim.pl\/index.php\/2022\/05\/09\/pokaz-magii\/#primaryimage\",\"inLanguage\":\"pl-PL\",\"url\":\"https:\/\/mdkoswiecim.pl\/wp-content\/uploads\/2022\/05\/magia-1.jpg\",\"contentUrl\":\"https:\/\/mdkoswiecim.pl\/wp-content\/uploads\/2022\/05\/magia-1.jpg\",\"width\":1654,\"height\":2339},{\"@type\":\"WebPage\",\"@id\":\"https:\/\/mdkoswiecim.pl\/index.php\/2022\/05\/09\/pokaz-magii\/#webpage\",\"url\":\"https:\/\/mdkoswiecim.pl\/index.php\/2022\/05\/09\/pokaz-magii\/\",\"name\":\"POKAZ MAGII - MDK\",\"isPartOf\":{\"@id\":\"https:\/\/mdkoswiecim.pl\/#website\"},\"primaryImageOfPage\":{\"@id\":\"https:\/\/mdkoswiecim.pl\/index.php\/2022\/05\/09\/pokaz-magii\/#primaryimage\"},\"datePublished\":\"2022-05-09T09:19:03+00:00\",\"dateModified\":\"2022-05-09T09:19:04+00:00\",\"author\":{\"@id\":\"https:\/\/mdkoswiecim.pl\/#\/schema\/person\/d9c1081e4cfefcbccad7ec11fa250f7a\"},\"breadcrumb\":{\"@id\":\"https:\/\/mdkoswiecim.pl\/index.php\/2022\/05\/09\/pokaz-magii\/#breadcrumb\"},\"inLanguage\":\"pl-PL\",\"potentialAction\":[{\"@type\":\"ReadAction\",\"target\":[\"https:\/\/mdkoswiecim.pl\/index.php\/2022\/05\/09\/pokaz-magii\/\"]}]},{\"@type\":\"BreadcrumbList\",\"@id\":\"https:\/\/mdkoswiecim.pl\/index.php\/2022\/05\/09\/pokaz-magii\/#breadcrumb\",\"itemListElement\":[{\"@type\":\"ListItem\",\"position\":1,\"item\":{\"@type\":\"WebPage\",\"@id\":\"https:\/\/mdkoswiecim.pl\/\",\"url\":\"https:\/\/mdkoswiecim.pl\/\",\"name\":\"Strona g\\u0142\\u00f3wna\"}},{\"@type\":\"ListItem\",\"position\":2,\"item\":{\"@type\":\"WebPage\",\"@id\":\"https:\/\/mdkoswiecim.pl\/index.php\/2022\/05\/09\/pokaz-magii\/\",\"url\":\"https:\/\/mdkoswiecim.pl\/index.php\/2022\/05\/09\/pokaz-magii\/\",\"name\":\"POKAZ MAGII\"}}]},{\"@type\":\"Person\",\"@id\":\"https:\/\/mdkoswiecim.pl\/#\/schema\/person\/d9c1081e4cfefcbccad7ec11fa250f7a\",\"name\":\"alina.kwarciak\",\"image\":{\"@type\":\"ImageObject\",\"@id\":\"https:\/\/mdkoswiecim.pl\/#personlogo\",\"inLanguage\":\"pl-PL\",\"url\":\"https:\/\/secure.gravatar.com\/avatar\/cce8f640650bbd69c0efc0afd2dddb7945a94129b978796401e58cac1eb8b87b?s=96&d=mm&r=g\",\"contentUrl\":\"https:\/\/secure.gravatar.com\/avatar\/cce8f640650bbd69c0efc0afd2dddb7945a94129b978796401e58cac1eb8b87b?s=96&d=mm&r=g\",\"caption\":\"alina.kwarciak\"}}]}<\/script>\n<!-- \/ Yoast SEO plugin. -->","_links":{"self":[{"href":"https:\/\/mdkoswiecim.pl\/index.php\/wp-json\/wp\/v2\/posts\/15468","targetHints":{"allow":["GET"]}}],"collection":[{"href":"https:\/\/mdkoswiecim.pl\/index.php\/wp-json\/wp\/v2\/posts"}],"about":[{"href":"https:\/\/mdkoswiecim.pl\/index.php\/wp-json\/wp\/v2\/types\/post"}],"author":[{"embeddable":true,"href":"https:\/\/mdkoswiecim.pl\/index.php\/wp-json\/wp\/v2\/users\/3"}],"replies":[{"embeddable":true,"href":"https:\/\/mdkoswiecim.pl\/index.php\/wp-json\/wp\/v2\/comments?post=15468"}],"version-history":[{"count":1,"href":"https:\/\/mdkoswiecim.pl\/index.php\/wp-json\/wp\/v2\/posts\/15468\/revisions"}],"predecessor-version":[{"id":15470,"href":"https:\/\/mdkoswiecim.pl\/index.php\/wp-json\/wp\/v2\/posts\/15468\/revisions\/15470"}],"wp:featuredmedia":[{"embeddable":true,"href":"https:\/\/mdkoswiecim.pl\/index.php\/wp-json\/wp\/v2\/media\/15469"}],"wp:attachment":[{"href":"https:\/\/mdkoswiecim.pl\/index.php\/wp-json\/wp\/v2\/media?parent=15468"}],"wp:term":[{"taxonomy":"category","embeddable":true,"href":"https:\/\/mdkoswiecim.pl\/index.php\/wp-json\/wp\/v2\/categories?post=15468"},{"taxonomy":"post_tag","embeddable":true,"href":"https:\/\/mdkoswiecim.pl\/index.php\/wp-json\/wp\/v2\/tags?post=15468"}],"curies":[{"name":"wp","href":"https:\/\/api.w.org\/{rel}","templated":true}]}}