{"id":15457,"date":"2022-05-09T10:06:15","date_gmt":"2022-05-09T08:06:15","guid":{"rendered":"https:\/\/mdkoswiecim.pl\/?p=15457"},"modified":"2022-05-09T12:41:12","modified_gmt":"2022-05-09T10:41:12","slug":"wakacje-z-mdk-3","status":"publish","type":"post","link":"https:\/\/mdkoswiecim.pl\/index.php\/2022\/05\/09\/wakacje-z-mdk-3\/","title":{"rendered":"WAKACJE Z MDK"},"content":{"rendered":"\n<p>Ruszamy z zapisami na cykl zaj\u0119\u0107 wakacyjnych organizowanych przez MDK.<\/p>\n\n\n\n<p>W naszej ofercie m.in. zaj\u0119cia plastyczne, rysunek i malarstwo, warsztaty gitarowe, zabawa mod\u0105.<\/p>\n\n\n\n<p>Zaj\u0119cia odbywa\u0107 si\u0119 b\u0119d\u0105 w terminie 28.06 \u2013 16.07 2021r. w tygodniowych cyklach.<\/p>\n\n\n\n<p>Zapisywa\u0107 si\u0119 mo\u017cna na jeden wybrany rodzaj&nbsp; zaj\u0119\u0107 na ca\u0142y tydzie\u0144.<\/p>\n\n\n\n<p><strong>Ostateczny termin sk\u0142adania zg\u0142osze\u0144 mija 31 maja 2022 r.<\/strong><\/p>\n\n\n\n<p>Og\u0142oszenie wynik\u00f3w rekrutacji 6 czerwca 2022 r.<\/p>\n\n\n\n<p>Karty zg\u0142osze\u0144, regulaminy oraz szczeg\u00f3\u0142owy plan zaj\u0119\u0107 znajduj\u0105 si\u0119\u00a0 w linkach poni\u017cej.<\/p>\n\n\n\n<div data-wp-interactive=\"core\/file\" class=\"wp-block-file\"><object data-wp-bind--hidden=\"!state.hasPdfPreview\" hidden class=\"wp-block-file__embed\" data=\"https:\/\/mdkoswiecim.pl\/wp-content\/uploads\/2022\/05\/HARMONOGRAM-zajec-wakacje-2022-1.pdf\" type=\"application\/pdf\" style=\"width:100%;height:600px\" aria-label=\"Osadzone z Osadzone z HARMONOGRAM-zajec-wakacje-2022-1..\"><\/object><a id=\"wp-block-file--media-fbceeb72-3ee7-4588-9a8f-7fe61abc2c86\" href=\"https:\/\/mdkoswiecim.pl\/wp-content\/uploads\/2022\/05\/HARMONOGRAM-zajec-wakacje-2022-1.pdf\">HARMONOGRAM-zajec-wakacje-2022-1<\/a><a href=\"https:\/\/mdkoswiecim.pl\/wp-content\/uploads\/2022\/05\/HARMONOGRAM-zajec-wakacje-2022-1.pdf\" class=\"wp-block-file__button\" download aria-describedby=\"wp-block-file--media-fbceeb72-3ee7-4588-9a8f-7fe61abc2c86\">Pobierz<\/a><\/div>\n\n\n\n<div data-wp-interactive=\"core\/file\" class=\"wp-block-file\"><object data-wp-bind--hidden=\"!state.hasPdfPreview\" hidden class=\"wp-block-file__embed\" data=\"https:\/\/mdkoswiecim.pl\/wp-content\/uploads\/2022\/05\/Regulamin_rekrutacji_wakacje-1.pdf\" type=\"application\/pdf\" style=\"width:100%;height:600px\" aria-label=\"Osadzone z Osadzone z Regulamin_rekrutacji_wakacje-1..\"><\/object><a id=\"wp-block-file--media-2204e6a3-6624-4322-b4d7-38d5641b0265\" href=\"https:\/\/mdkoswiecim.pl\/wp-content\/uploads\/2022\/05\/Regulamin_rekrutacji_wakacje-1.pdf\">Regulamin_rekrutacji_wakacje-1<\/a><a href=\"https:\/\/mdkoswiecim.pl\/wp-content\/uploads\/2022\/05\/Regulamin_rekrutacji_wakacje-1.pdf\" class=\"wp-block-file__button\" download aria-describedby=\"wp-block-file--media-2204e6a3-6624-4322-b4d7-38d5641b0265\">Pobierz<\/a><\/div>\n\n\n\n<div data-wp-interactive=\"core\/file\" class=\"wp-block-file\"><object data-wp-bind--hidden=\"!state.hasPdfPreview\" hidden class=\"wp-block-file__embed\" data=\"https:\/\/mdkoswiecim.pl\/wp-content\/uploads\/2022\/05\/aktualny-druk-karty-kwalifikacyjnejuczestnika-wypoczynku.pdf\" type=\"application\/pdf\" style=\"width:100%;height:600px\" aria-label=\"Osadzone z Osadzone z aktualny-druk-karty-kwalifikacyjnejuczestnika-wypoczynku..\"><\/object><a id=\"wp-block-file--media-46c5cefb-82c3-46e6-9d89-82733d5c4e52\" href=\"https:\/\/mdkoswiecim.pl\/wp-content\/uploads\/2022\/05\/aktualny-druk-karty-kwalifikacyjnejuczestnika-wypoczynku.pdf\">aktualny-druk-karty-kwalifikacyjnejuczestnika-wypoczynku<\/a><a href=\"https:\/\/mdkoswiecim.pl\/wp-content\/uploads\/2022\/05\/aktualny-druk-karty-kwalifikacyjnejuczestnika-wypoczynku.pdf\" class=\"wp-block-file__button\" download aria-describedby=\"wp-block-file--media-46c5cefb-82c3-46e6-9d89-82733d5c4e52\">Pobierz<\/a><\/div>\n\n\n\n<div data-wp-interactive=\"core\/file\" class=\"wp-block-file\"><object data-wp-bind--hidden=\"!state.hasPdfPreview\" hidden class=\"wp-block-file__embed\" data=\"https:\/\/mdkoswiecim.pl\/wp-content\/uploads\/2022\/05\/Przetwarzanie_danych_wakacje-2021.pdf\" type=\"application\/pdf\" style=\"width:100%;height:600px\" aria-label=\"Osadzone z Osadzone z Przetwarzanie_danych_wakacje-2021..\"><\/object><a id=\"wp-block-file--media-376c34b1-8f61-485b-bc83-2b6e1a1ae19c\" href=\"https:\/\/mdkoswiecim.pl\/wp-content\/uploads\/2022\/05\/Przetwarzanie_danych_wakacje-2021.pdf\">Przetwarzanie_danych_wakacje-2021<\/a><a href=\"https:\/\/mdkoswiecim.pl\/wp-content\/uploads\/2022\/05\/Przetwarzanie_danych_wakacje-2021.pdf\" class=\"wp-block-file__button\" download aria-describedby=\"wp-block-file--media-376c34b1-8f61-485b-bc83-2b6e1a1ae19c\">Pobierz<\/a><\/div>\n\n\n\n<div data-wp-interactive=\"core\/file\" class=\"wp-block-file\"><object data-wp-bind--hidden=\"!state.hasPdfPreview\" hidden class=\"wp-block-file__embed\" data=\"https:\/\/mdkoswiecim.pl\/wp-content\/uploads\/2022\/05\/Regulamin_wakacje.pdf\" type=\"application\/pdf\" style=\"width:100%;height:600px\" aria-label=\"Osadzone z Osadzone z Regulamin_wakacje..\"><\/object><a id=\"wp-block-file--media-940e5059-efef-4b8e-a2ad-99fa57ff127c\" href=\"https:\/\/mdkoswiecim.pl\/wp-content\/uploads\/2022\/05\/Regulamin_wakacje.pdf\">Regulamin_wakacje<\/a><a href=\"https:\/\/mdkoswiecim.pl\/wp-content\/uploads\/2022\/05\/Regulamin_wakacje.pdf\" class=\"wp-block-file__button\" download aria-describedby=\"wp-block-file--media-940e5059-efef-4b8e-a2ad-99fa57ff127c\">Pobierz<\/a><\/div>\n","protected":false},"excerpt":{"rendered":"<p>Ruszamy z zapisami na cykl zaj\u0119\u0107 wakacyjnych organizowanych przez MDK. W naszej ofercie m.in. zaj\u0119cia plastyczne, rysunek i malarstwo, warsztaty gitarowe, zabawa mod\u0105. Zaj\u0119cia odbywa\u0107 si\u0119 b\u0119d\u0105 w terminie 28.06 \u2013 16.07 2021r. w tygodniowych cyklach. Zapisywa\u0107 si\u0119 mo\u017cna na jeden wybrany rodzaj&nbsp; zaj\u0119\u0107 na ca\u0142y tydzie\u0144. Ostateczny termin sk\u0142adania zg\u0142osze\u0144 mija 31 maja 2022 [&hellip;]<\/p>\n","protected":false},"author":3,"featured_media":15465,"comment_status":"closed","ping_status":"closed","sticky":false,"template":"","format":"standard","meta":{"footnotes":""},"categories":[108],"tags":[],"class_list":["post-15457","post","type-post","status-publish","format-standard","has-post-thumbnail","hentry","category-aktualnosci"],"yoast_head":"<!-- This site is optimized with the Yoast SEO plugin v16.1.1 - https:\/\/yoast.com\/wordpress\/plugins\/seo\/ -->\n<title>WAKACJE Z MDK - MDK<\/title>\n<link rel=\"canonical\" href=\"https:\/\/mdkoswiecim.pl\/index.php\/2022\/05\/09\/wakacje-z-mdk-3\/\" \/>\n<meta property=\"og:locale\" content=\"pl_PL\" \/>\n<meta property=\"og:type\" content=\"article\" \/>\n<meta property=\"og:title\" content=\"WAKACJE Z MDK - MDK\" \/>\n<meta property=\"og:description\" content=\"Ruszamy z zapisami na cykl zaj\u0119\u0107 wakacyjnych organizowanych przez MDK. W naszej ofercie m.in. zaj\u0119cia plastyczne, rysunek i malarstwo, warsztaty gitarowe, zabawa mod\u0105. Zaj\u0119cia odbywa\u0107 si\u0119 b\u0119d\u0105 w terminie 28.06 \u2013 16.07 2021r. w tygodniowych cyklach. Zapisywa\u0107 si\u0119 mo\u017cna na jeden wybrany rodzaj&nbsp; zaj\u0119\u0107 na ca\u0142y tydzie\u0144. Ostateczny termin sk\u0142adania zg\u0142osze\u0144 mija 31 maja 2022 [&hellip;]\" \/>\n<meta property=\"og:url\" content=\"https:\/\/mdkoswiecim.pl\/index.php\/2022\/05\/09\/wakacje-z-mdk-3\/\" \/>\n<meta property=\"og:site_name\" content=\"MDK\" \/>\n<meta property=\"article:published_time\" content=\"2022-05-09T08:06:15+00:00\" \/>\n<meta property=\"article:modified_time\" content=\"2022-05-09T10:41:12+00:00\" \/>\n<meta property=\"og:image\" content=\"https:\/\/mdkoswiecim.pl\/wp-content\/uploads\/2022\/05\/plakat-wakacje1-1-scaled-e1652093600525.jpg\" \/>\n\t<meta property=\"og:image:width\" content=\"1811\" \/>\n\t<meta property=\"og:image:height\" content=\"1126\" \/>\n<meta name=\"twitter:card\" content=\"summary_large_image\" \/>\n<meta name=\"twitter:label1\" content=\"Szacowany czas czytania\">\n\t<meta name=\"twitter:data1\" content=\"1 minuta\">\n<script type=\"application\/ld+json\" class=\"yoast-schema-graph\">{\"@context\":\"https:\/\/schema.org\",\"@graph\":[{\"@type\":\"WebSite\",\"@id\":\"https:\/\/mdkoswiecim.pl\/#website\",\"url\":\"https:\/\/mdkoswiecim.pl\/\",\"name\":\"MDK\",\"description\":\"M\\u0142odzie\\u017cowy Dom Kultury w O\\u015bwi\\u0119cimiu\",\"potentialAction\":[{\"@type\":\"SearchAction\",\"target\":\"https:\/\/mdkoswiecim.pl\/?s={search_term_string}\",\"query-input\":\"required name=search_term_string\"}],\"inLanguage\":\"pl-PL\"},{\"@type\":\"ImageObject\",\"@id\":\"https:\/\/mdkoswiecim.pl\/index.php\/2022\/05\/09\/wakacje-z-mdk-3\/#primaryimage\",\"inLanguage\":\"pl-PL\",\"url\":\"https:\/\/mdkoswiecim.pl\/wp-content\/uploads\/2022\/05\/plakat-wakacje1-1-scaled-e1652093600525.jpg\",\"contentUrl\":\"https:\/\/mdkoswiecim.pl\/wp-content\/uploads\/2022\/05\/plakat-wakacje1-1-scaled-e1652093600525.jpg\",\"width\":1811,\"height\":1126},{\"@type\":\"WebPage\",\"@id\":\"https:\/\/mdkoswiecim.pl\/index.php\/2022\/05\/09\/wakacje-z-mdk-3\/#webpage\",\"url\":\"https:\/\/mdkoswiecim.pl\/index.php\/2022\/05\/09\/wakacje-z-mdk-3\/\",\"name\":\"WAKACJE Z MDK - MDK\",\"isPartOf\":{\"@id\":\"https:\/\/mdkoswiecim.pl\/#website\"},\"primaryImageOfPage\":{\"@id\":\"https:\/\/mdkoswiecim.pl\/index.php\/2022\/05\/09\/wakacje-z-mdk-3\/#primaryimage\"},\"datePublished\":\"2022-05-09T08:06:15+00:00\",\"dateModified\":\"2022-05-09T10:41:12+00:00\",\"author\":{\"@id\":\"https:\/\/mdkoswiecim.pl\/#\/schema\/person\/d9c1081e4cfefcbccad7ec11fa250f7a\"},\"breadcrumb\":{\"@id\":\"https:\/\/mdkoswiecim.pl\/index.php\/2022\/05\/09\/wakacje-z-mdk-3\/#breadcrumb\"},\"inLanguage\":\"pl-PL\",\"potentialAction\":[{\"@type\":\"ReadAction\",\"target\":[\"https:\/\/mdkoswiecim.pl\/index.php\/2022\/05\/09\/wakacje-z-mdk-3\/\"]}]},{\"@type\":\"BreadcrumbList\",\"@id\":\"https:\/\/mdkoswiecim.pl\/index.php\/2022\/05\/09\/wakacje-z-mdk-3\/#breadcrumb\",\"itemListElement\":[{\"@type\":\"ListItem\",\"position\":1,\"item\":{\"@type\":\"WebPage\",\"@id\":\"https:\/\/mdkoswiecim.pl\/\",\"url\":\"https:\/\/mdkoswiecim.pl\/\",\"name\":\"Strona g\\u0142\\u00f3wna\"}},{\"@type\":\"ListItem\",\"position\":2,\"item\":{\"@type\":\"WebPage\",\"@id\":\"https:\/\/mdkoswiecim.pl\/index.php\/2022\/05\/09\/wakacje-z-mdk-3\/\",\"url\":\"https:\/\/mdkoswiecim.pl\/index.php\/2022\/05\/09\/wakacje-z-mdk-3\/\",\"name\":\"WAKACJE Z MDK\"}}]},{\"@type\":\"Person\",\"@id\":\"https:\/\/mdkoswiecim.pl\/#\/schema\/person\/d9c1081e4cfefcbccad7ec11fa250f7a\",\"name\":\"alina.kwarciak\",\"image\":{\"@type\":\"ImageObject\",\"@id\":\"https:\/\/mdkoswiecim.pl\/#personlogo\",\"inLanguage\":\"pl-PL\",\"url\":\"https:\/\/secure.gravatar.com\/avatar\/cce8f640650bbd69c0efc0afd2dddb7945a94129b978796401e58cac1eb8b87b?s=96&d=mm&r=g\",\"contentUrl\":\"https:\/\/secure.gravatar.com\/avatar\/cce8f640650bbd69c0efc0afd2dddb7945a94129b978796401e58cac1eb8b87b?s=96&d=mm&r=g\",\"caption\":\"alina.kwarciak\"}}]}<\/script>\n<!-- \/ Yoast SEO plugin. -->","_links":{"self":[{"href":"https:\/\/mdkoswiecim.pl\/index.php\/wp-json\/wp\/v2\/posts\/15457","targetHints":{"allow":["GET"]}}],"collection":[{"href":"https:\/\/mdkoswiecim.pl\/index.php\/wp-json\/wp\/v2\/posts"}],"about":[{"href":"https:\/\/mdkoswiecim.pl\/index.php\/wp-json\/wp\/v2\/types\/post"}],"author":[{"embeddable":true,"href":"https:\/\/mdkoswiecim.pl\/index.php\/wp-json\/wp\/v2\/users\/3"}],"replies":[{"embeddable":true,"href":"https:\/\/mdkoswiecim.pl\/index.php\/wp-json\/wp\/v2\/comments?post=15457"}],"version-history":[{"count":2,"href":"https:\/\/mdkoswiecim.pl\/index.php\/wp-json\/wp\/v2\/posts\/15457\/revisions"}],"predecessor-version":[{"id":15480,"href":"https:\/\/mdkoswiecim.pl\/index.php\/wp-json\/wp\/v2\/posts\/15457\/revisions\/15480"}],"wp:featuredmedia":[{"embeddable":true,"href":"https:\/\/mdkoswiecim.pl\/index.php\/wp-json\/wp\/v2\/media\/15465"}],"wp:attachment":[{"href":"https:\/\/mdkoswiecim.pl\/index.php\/wp-json\/wp\/v2\/media?parent=15457"}],"wp:term":[{"taxonomy":"category","embeddable":true,"href":"https:\/\/mdkoswiecim.pl\/index.php\/wp-json\/wp\/v2\/categories?post=15457"},{"taxonomy":"post_tag","embeddable":true,"href":"https:\/\/mdkoswiecim.pl\/index.php\/wp-json\/wp\/v2\/tags?post=15457"}],"curies":[{"name":"wp","href":"https:\/\/api.w.org\/{rel}","templated":true}]}}