{"id":15447,"date":"2022-05-05T15:00:35","date_gmt":"2022-05-05T13:00:35","guid":{"rendered":"https:\/\/mdkoswiecim.pl\/?p=15447"},"modified":"2022-05-05T15:00:36","modified_gmt":"2022-05-05T13:00:36","slug":"swiateczny-turniej-badmintona-juz-za-nami","status":"publish","type":"post","link":"https:\/\/mdkoswiecim.pl\/index.php\/2022\/05\/05\/swiateczny-turniej-badmintona-juz-za-nami\/","title":{"rendered":"\u015awi\u0105teczny Turniej Badmintona ju\u017c za nami."},"content":{"rendered":"\n<p>!5 kwietnia w Wielki Pi\u0105tek odby\u0142 si\u0119 \u015awi\u0105teczny Turniej Badmintona. <\/p>\n\n\n\n<p>Rozgrywki przeprowadzono w dw\u00f3ch kategoriach wiekowych: do 13 lat i powy\u017cej 13 lat. <\/p>\n\n\n\n<p>Wyniki w kategorii do 13 lat:<\/p>\n\n\n\n<p>I miejsce: Pawe\u0142 Szkodny<\/p>\n\n\n\n<p>II miejsce: Jan Klimas<\/p>\n\n\n\n<p>III miejsce: Jakub Kantyka<\/p>\n\n\n\n<p>Najlepsza dziewczyna: Julia Matula<\/p>\n\n\n\n<p><\/p>\n\n\n\n<p>Wyniki w kategorii powy\u017cej 13 lat:<\/p>\n\n\n\n<p>I miejsce: Marek Zakrzowiecki<\/p>\n\n\n\n<p>II miejsce: Tobiasz B\u0105k<\/p>\n\n\n\n<p>III miejsce: Kacper Kantyka<\/p>\n\n\n\n<p>Najlepsza dziewczyna: Urszula Morawska <\/p>\n\n\n\n<figure class=\"wp-block-image size-large\"><img loading=\"lazy\" decoding=\"async\" width=\"1024\" height=\"473\" src=\"https:\/\/mdkoswiecim.pl\/wp-content\/uploads\/2022\/05\/279479644_684349939489292_7272278695825030595_n-1024x473.jpg\" alt=\"\" class=\"wp-image-15448\" srcset=\"https:\/\/mdkoswiecim.pl\/wp-content\/uploads\/2022\/05\/279479644_684349939489292_7272278695825030595_n-1024x473.jpg 1024w, https:\/\/mdkoswiecim.pl\/wp-content\/uploads\/2022\/05\/279479644_684349939489292_7272278695825030595_n-300x138.jpg 300w, https:\/\/mdkoswiecim.pl\/wp-content\/uploads\/2022\/05\/279479644_684349939489292_7272278695825030595_n-768x354.jpg 768w, https:\/\/mdkoswiecim.pl\/wp-content\/uploads\/2022\/05\/279479644_684349939489292_7272278695825030595_n-1536x709.jpg 1536w, https:\/\/mdkoswiecim.pl\/wp-content\/uploads\/2022\/05\/279479644_684349939489292_7272278695825030595_n.jpg 2048w\" sizes=\"auto, (max-width: 1024px) 100vw, 1024px\" \/><figcaption>Uczestnicy turnieju wraz organizatorem.<\/figcaption><\/figure>\n\n\n\n<figure class=\"wp-block-image size-large\"><img loading=\"lazy\" decoding=\"async\" width=\"1024\" height=\"473\" src=\"https:\/\/mdkoswiecim.pl\/wp-content\/uploads\/2022\/05\/279467277_753398565788492_5697774646000900563_n-1024x473.jpg\" alt=\"\" class=\"wp-image-15449\" srcset=\"https:\/\/mdkoswiecim.pl\/wp-content\/uploads\/2022\/05\/279467277_753398565788492_5697774646000900563_n-1024x473.jpg 1024w, https:\/\/mdkoswiecim.pl\/wp-content\/uploads\/2022\/05\/279467277_753398565788492_5697774646000900563_n-300x138.jpg 300w, https:\/\/mdkoswiecim.pl\/wp-content\/uploads\/2022\/05\/279467277_753398565788492_5697774646000900563_n-768x354.jpg 768w, https:\/\/mdkoswiecim.pl\/wp-content\/uploads\/2022\/05\/279467277_753398565788492_5697774646000900563_n-1536x709.jpg 1536w, https:\/\/mdkoswiecim.pl\/wp-content\/uploads\/2022\/05\/279467277_753398565788492_5697774646000900563_n.jpg 2048w\" sizes=\"auto, (max-width: 1024px) 100vw, 1024px\" \/><figcaption>Uczestnicy turnieju wraz organizatorem.<\/figcaption><\/figure>\n\n\n\n<figure class=\"wp-block-image size-large\"><img loading=\"lazy\" decoding=\"async\" width=\"1024\" height=\"473\" src=\"https:\/\/mdkoswiecim.pl\/wp-content\/uploads\/2022\/05\/279722567_1865409310326992_174793018782074624_n-1024x473.jpg\" alt=\"\" class=\"wp-image-15450\" srcset=\"https:\/\/mdkoswiecim.pl\/wp-content\/uploads\/2022\/05\/279722567_1865409310326992_174793018782074624_n-1024x473.jpg 1024w, https:\/\/mdkoswiecim.pl\/wp-content\/uploads\/2022\/05\/279722567_1865409310326992_174793018782074624_n-300x138.jpg 300w, https:\/\/mdkoswiecim.pl\/wp-content\/uploads\/2022\/05\/279722567_1865409310326992_174793018782074624_n-768x354.jpg 768w, https:\/\/mdkoswiecim.pl\/wp-content\/uploads\/2022\/05\/279722567_1865409310326992_174793018782074624_n-1536x709.jpg 1536w, https:\/\/mdkoswiecim.pl\/wp-content\/uploads\/2022\/05\/279722567_1865409310326992_174793018782074624_n.jpg 2048w\" sizes=\"auto, (max-width: 1024px) 100vw, 1024px\" \/><figcaption>Uczestnicy turnieju podczas rozgrywek.<\/figcaption><\/figure>\n","protected":false},"excerpt":{"rendered":"<p>!5 kwietnia w Wielki Pi\u0105tek odby\u0142 si\u0119 \u015awi\u0105teczny Turniej Badmintona. Rozgrywki przeprowadzono w dw\u00f3ch kategoriach wiekowych: do 13 lat i powy\u017cej 13 lat. Wyniki w kategorii do 13 lat: I miejsce: Pawe\u0142 Szkodny II miejsce: Jan Klimas III miejsce: Jakub Kantyka Najlepsza dziewczyna: Julia Matula Wyniki w kategorii powy\u017cej 13 lat: I miejsce: Marek Zakrzowiecki [&hellip;]<\/p>\n","protected":false},"author":2,"featured_media":15450,"comment_status":"closed","ping_status":"closed","sticky":false,"template":"","format":"standard","meta":{"footnotes":""},"categories":[108],"tags":[],"class_list":["post-15447","post","type-post","status-publish","format-standard","has-post-thumbnail","hentry","category-aktualnosci"],"yoast_head":"<!-- This site is optimized with the Yoast SEO plugin v16.1.1 - https:\/\/yoast.com\/wordpress\/plugins\/seo\/ -->\n<title>\u015awi\u0105teczny Turniej Badmintona ju\u017c za nami. - MDK<\/title>\n<link rel=\"canonical\" href=\"https:\/\/mdkoswiecim.pl\/index.php\/2022\/05\/05\/swiateczny-turniej-badmintona-juz-za-nami\/\" \/>\n<meta property=\"og:locale\" content=\"pl_PL\" \/>\n<meta property=\"og:type\" content=\"article\" \/>\n<meta property=\"og:title\" content=\"\u015awi\u0105teczny Turniej Badmintona ju\u017c za nami. - MDK\" \/>\n<meta property=\"og:description\" content=\"!5 kwietnia w Wielki Pi\u0105tek odby\u0142 si\u0119 \u015awi\u0105teczny Turniej Badmintona. Rozgrywki przeprowadzono w dw\u00f3ch kategoriach wiekowych: do 13 lat i powy\u017cej 13 lat. Wyniki w kategorii do 13 lat: I miejsce: Pawe\u0142 Szkodny II miejsce: Jan Klimas III miejsce: Jakub Kantyka Najlepsza dziewczyna: Julia Matula Wyniki w kategorii powy\u017cej 13 lat: I miejsce: Marek Zakrzowiecki [&hellip;]\" \/>\n<meta property=\"og:url\" content=\"https:\/\/mdkoswiecim.pl\/index.php\/2022\/05\/05\/swiateczny-turniej-badmintona-juz-za-nami\/\" \/>\n<meta property=\"og:site_name\" content=\"MDK\" \/>\n<meta property=\"article:published_time\" content=\"2022-05-05T13:00:35+00:00\" \/>\n<meta property=\"article:modified_time\" content=\"2022-05-05T13:00:36+00:00\" \/>\n<meta property=\"og:image\" content=\"https:\/\/mdkoswiecim.pl\/wp-content\/uploads\/2022\/05\/279722567_1865409310326992_174793018782074624_n.jpg\" \/>\n\t<meta property=\"og:image:width\" content=\"2048\" \/>\n\t<meta property=\"og:image:height\" content=\"945\" \/>\n<meta name=\"twitter:card\" content=\"summary_large_image\" \/>\n<meta name=\"twitter:label1\" content=\"Szacowany czas czytania\">\n\t<meta name=\"twitter:data1\" content=\"1 minuta\">\n<script type=\"application\/ld+json\" class=\"yoast-schema-graph\">{\"@context\":\"https:\/\/schema.org\",\"@graph\":[{\"@type\":\"WebSite\",\"@id\":\"https:\/\/mdkoswiecim.pl\/#website\",\"url\":\"https:\/\/mdkoswiecim.pl\/\",\"name\":\"MDK\",\"description\":\"M\\u0142odzie\\u017cowy Dom Kultury w O\\u015bwi\\u0119cimiu\",\"potentialAction\":[{\"@type\":\"SearchAction\",\"target\":\"https:\/\/mdkoswiecim.pl\/?s={search_term_string}\",\"query-input\":\"required name=search_term_string\"}],\"inLanguage\":\"pl-PL\"},{\"@type\":\"ImageObject\",\"@id\":\"https:\/\/mdkoswiecim.pl\/index.php\/2022\/05\/05\/swiateczny-turniej-badmintona-juz-za-nami\/#primaryimage\",\"inLanguage\":\"pl-PL\",\"url\":\"https:\/\/mdkoswiecim.pl\/wp-content\/uploads\/2022\/05\/279722567_1865409310326992_174793018782074624_n.jpg\",\"contentUrl\":\"https:\/\/mdkoswiecim.pl\/wp-content\/uploads\/2022\/05\/279722567_1865409310326992_174793018782074624_n.jpg\",\"width\":2048,\"height\":945},{\"@type\":\"WebPage\",\"@id\":\"https:\/\/mdkoswiecim.pl\/index.php\/2022\/05\/05\/swiateczny-turniej-badmintona-juz-za-nami\/#webpage\",\"url\":\"https:\/\/mdkoswiecim.pl\/index.php\/2022\/05\/05\/swiateczny-turniej-badmintona-juz-za-nami\/\",\"name\":\"\\u015awi\\u0105teczny Turniej Badmintona ju\\u017c za nami. - MDK\",\"isPartOf\":{\"@id\":\"https:\/\/mdkoswiecim.pl\/#website\"},\"primaryImageOfPage\":{\"@id\":\"https:\/\/mdkoswiecim.pl\/index.php\/2022\/05\/05\/swiateczny-turniej-badmintona-juz-za-nami\/#primaryimage\"},\"datePublished\":\"2022-05-05T13:00:35+00:00\",\"dateModified\":\"2022-05-05T13:00:36+00:00\",\"author\":{\"@id\":\"https:\/\/mdkoswiecim.pl\/#\/schema\/person\/de4e1c3f9f9805d4834a83cd933e83a4\"},\"breadcrumb\":{\"@id\":\"https:\/\/mdkoswiecim.pl\/index.php\/2022\/05\/05\/swiateczny-turniej-badmintona-juz-za-nami\/#breadcrumb\"},\"inLanguage\":\"pl-PL\",\"potentialAction\":[{\"@type\":\"ReadAction\",\"target\":[\"https:\/\/mdkoswiecim.pl\/index.php\/2022\/05\/05\/swiateczny-turniej-badmintona-juz-za-nami\/\"]}]},{\"@type\":\"BreadcrumbList\",\"@id\":\"https:\/\/mdkoswiecim.pl\/index.php\/2022\/05\/05\/swiateczny-turniej-badmintona-juz-za-nami\/#breadcrumb\",\"itemListElement\":[{\"@type\":\"ListItem\",\"position\":1,\"item\":{\"@type\":\"WebPage\",\"@id\":\"https:\/\/mdkoswiecim.pl\/\",\"url\":\"https:\/\/mdkoswiecim.pl\/\",\"name\":\"Strona g\\u0142\\u00f3wna\"}},{\"@type\":\"ListItem\",\"position\":2,\"item\":{\"@type\":\"WebPage\",\"@id\":\"https:\/\/mdkoswiecim.pl\/index.php\/2022\/05\/05\/swiateczny-turniej-badmintona-juz-za-nami\/\",\"url\":\"https:\/\/mdkoswiecim.pl\/index.php\/2022\/05\/05\/swiateczny-turniej-badmintona-juz-za-nami\/\",\"name\":\"\\u015awi\\u0105teczny Turniej Badmintona ju\\u017c za nami.\"}}]},{\"@type\":\"Person\",\"@id\":\"https:\/\/mdkoswiecim.pl\/#\/schema\/person\/de4e1c3f9f9805d4834a83cd933e83a4\",\"name\":\"janusz.majcherek\",\"image\":{\"@type\":\"ImageObject\",\"@id\":\"https:\/\/mdkoswiecim.pl\/#personlogo\",\"inLanguage\":\"pl-PL\",\"url\":\"https:\/\/secure.gravatar.com\/avatar\/841ee0bdfc0ec9800cdb49de086063cd2bdca44d52221b7fee4d6a2db5eafb17?s=96&d=mm&r=g\",\"contentUrl\":\"https:\/\/secure.gravatar.com\/avatar\/841ee0bdfc0ec9800cdb49de086063cd2bdca44d52221b7fee4d6a2db5eafb17?s=96&d=mm&r=g\",\"caption\":\"janusz.majcherek\"}}]}<\/script>\n<!-- \/ Yoast SEO plugin. -->","_links":{"self":[{"href":"https:\/\/mdkoswiecim.pl\/index.php\/wp-json\/wp\/v2\/posts\/15447","targetHints":{"allow":["GET"]}}],"collection":[{"href":"https:\/\/mdkoswiecim.pl\/index.php\/wp-json\/wp\/v2\/posts"}],"about":[{"href":"https:\/\/mdkoswiecim.pl\/index.php\/wp-json\/wp\/v2\/types\/post"}],"author":[{"embeddable":true,"href":"https:\/\/mdkoswiecim.pl\/index.php\/wp-json\/wp\/v2\/users\/2"}],"replies":[{"embeddable":true,"href":"https:\/\/mdkoswiecim.pl\/index.php\/wp-json\/wp\/v2\/comments?post=15447"}],"version-history":[{"count":1,"href":"https:\/\/mdkoswiecim.pl\/index.php\/wp-json\/wp\/v2\/posts\/15447\/revisions"}],"predecessor-version":[{"id":15451,"href":"https:\/\/mdkoswiecim.pl\/index.php\/wp-json\/wp\/v2\/posts\/15447\/revisions\/15451"}],"wp:featuredmedia":[{"embeddable":true,"href":"https:\/\/mdkoswiecim.pl\/index.php\/wp-json\/wp\/v2\/media\/15450"}],"wp:attachment":[{"href":"https:\/\/mdkoswiecim.pl\/index.php\/wp-json\/wp\/v2\/media?parent=15447"}],"wp:term":[{"taxonomy":"category","embeddable":true,"href":"https:\/\/mdkoswiecim.pl\/index.php\/wp-json\/wp\/v2\/categories?post=15447"},{"taxonomy":"post_tag","embeddable":true,"href":"https:\/\/mdkoswiecim.pl\/index.php\/wp-json\/wp\/v2\/tags?post=15447"}],"curies":[{"name":"wp","href":"https:\/\/api.w.org\/{rel}","templated":true}]}}