{"id":15415,"date":"2022-04-28T14:53:44","date_gmt":"2022-04-28T12:53:44","guid":{"rendered":"https:\/\/mdkoswiecim.pl\/?p=15415"},"modified":"2022-04-28T14:54:28","modified_gmt":"2022-04-28T12:54:28","slug":"harmonogram-zajec-w-dniu-2-maja","status":"publish","type":"post","link":"https:\/\/mdkoswiecim.pl\/index.php\/2022\/04\/28\/harmonogram-zajec-w-dniu-2-maja\/","title":{"rendered":"HARMONOGRAM ZAJ\u0118\u0106 W DNIU 2 MAJA."},"content":{"rendered":"\n<p>W dniu 2 maja zaj\u0119cia w naszej plac\u00f3wce b\u0119d\u0105 obywa\u0107 si\u0119 w innych godzinach ni\u017c zazwyczaj. <\/p>\n\n\n\n<p>Poni\u017cej aktualny  harmonogram zaj\u0119\u0107 na 2 maja.<\/p>\n\n\n\n<div data-wp-interactive=\"core\/file\" class=\"wp-block-file\"><object data-wp-bind--hidden=\"!state.hasPdfPreview\" hidden class=\"wp-block-file__embed\" data=\"https:\/\/mdkoswiecim.pl\/wp-content\/uploads\/2022\/04\/Harmonogram-zajec-2-maj-2022.pdf\" type=\"application\/pdf\" style=\"width:100%;height:600px\" aria-label=\"Osadzone z Osadzone z Harmonogram-zajec-2-maj-2022..\"><\/object><a id=\"wp-block-file--media-df4b053a-80f5-42a1-ace9-f7df3d163974\" href=\"https:\/\/mdkoswiecim.pl\/wp-content\/uploads\/2022\/04\/Harmonogram-zajec-2-maj-2022.pdf\">Harmonogram-zajec-2-maj-2022<\/a><a href=\"https:\/\/mdkoswiecim.pl\/wp-content\/uploads\/2022\/04\/Harmonogram-zajec-2-maj-2022.pdf\" class=\"wp-block-file__button\" download aria-describedby=\"wp-block-file--media-df4b053a-80f5-42a1-ace9-f7df3d163974\">Pobierz<\/a><\/div>\n","protected":false},"excerpt":{"rendered":"<p>W dniu 2 maja zaj\u0119cia w naszej plac\u00f3wce b\u0119d\u0105 obywa\u0107 si\u0119 w innych godzinach ni\u017c zazwyczaj. Poni\u017cej aktualny harmonogram zaj\u0119\u0107 na 2 maja.<\/p>\n","protected":false},"author":2,"featured_media":15416,"comment_status":"closed","ping_status":"closed","sticky":false,"template":"","format":"standard","meta":{"footnotes":""},"categories":[108],"tags":[],"class_list":["post-15415","post","type-post","status-publish","format-standard","has-post-thumbnail","hentry","category-aktualnosci"],"yoast_head":"<!-- This site is optimized with the Yoast SEO plugin v16.1.1 - https:\/\/yoast.com\/wordpress\/plugins\/seo\/ -->\n<title>HARMONOGRAM ZAJ\u0118\u0106 W DNIU 2 MAJA. - MDK<\/title>\n<link rel=\"canonical\" href=\"https:\/\/mdkoswiecim.pl\/index.php\/2022\/04\/28\/harmonogram-zajec-w-dniu-2-maja\/\" \/>\n<meta property=\"og:locale\" content=\"pl_PL\" \/>\n<meta property=\"og:type\" content=\"article\" \/>\n<meta property=\"og:title\" content=\"HARMONOGRAM ZAJ\u0118\u0106 W DNIU 2 MAJA. - MDK\" \/>\n<meta property=\"og:description\" content=\"W dniu 2 maja zaj\u0119cia w naszej plac\u00f3wce b\u0119d\u0105 obywa\u0107 si\u0119 w innych godzinach ni\u017c zazwyczaj. Poni\u017cej aktualny harmonogram zaj\u0119\u0107 na 2 maja.\" \/>\n<meta property=\"og:url\" content=\"https:\/\/mdkoswiecim.pl\/index.php\/2022\/04\/28\/harmonogram-zajec-w-dniu-2-maja\/\" \/>\n<meta property=\"og:site_name\" content=\"MDK\" \/>\n<meta property=\"article:published_time\" content=\"2022-04-28T12:53:44+00:00\" \/>\n<meta property=\"article:modified_time\" content=\"2022-04-28T12:54:28+00:00\" \/>\n<meta property=\"og:image\" content=\"https:\/\/mdkoswiecim.pl\/wp-content\/uploads\/2022\/04\/calender-2389150_640.png\" \/>\n\t<meta property=\"og:image:width\" content=\"640\" \/>\n\t<meta property=\"og:image:height\" content=\"640\" \/>\n<meta name=\"twitter:card\" content=\"summary_large_image\" \/>\n<meta name=\"twitter:label1\" content=\"Szacowany czas czytania\">\n\t<meta name=\"twitter:data1\" content=\"1 minuta\">\n<script type=\"application\/ld+json\" class=\"yoast-schema-graph\">{\"@context\":\"https:\/\/schema.org\",\"@graph\":[{\"@type\":\"WebSite\",\"@id\":\"https:\/\/mdkoswiecim.pl\/#website\",\"url\":\"https:\/\/mdkoswiecim.pl\/\",\"name\":\"MDK\",\"description\":\"M\\u0142odzie\\u017cowy Dom Kultury w O\\u015bwi\\u0119cimiu\",\"potentialAction\":[{\"@type\":\"SearchAction\",\"target\":\"https:\/\/mdkoswiecim.pl\/?s={search_term_string}\",\"query-input\":\"required name=search_term_string\"}],\"inLanguage\":\"pl-PL\"},{\"@type\":\"ImageObject\",\"@id\":\"https:\/\/mdkoswiecim.pl\/index.php\/2022\/04\/28\/harmonogram-zajec-w-dniu-2-maja\/#primaryimage\",\"inLanguage\":\"pl-PL\",\"url\":\"https:\/\/mdkoswiecim.pl\/wp-content\/uploads\/2022\/04\/calender-2389150_640.png\",\"contentUrl\":\"https:\/\/mdkoswiecim.pl\/wp-content\/uploads\/2022\/04\/calender-2389150_640.png\",\"width\":640,\"height\":640},{\"@type\":\"WebPage\",\"@id\":\"https:\/\/mdkoswiecim.pl\/index.php\/2022\/04\/28\/harmonogram-zajec-w-dniu-2-maja\/#webpage\",\"url\":\"https:\/\/mdkoswiecim.pl\/index.php\/2022\/04\/28\/harmonogram-zajec-w-dniu-2-maja\/\",\"name\":\"HARMONOGRAM ZAJ\\u0118\\u0106 W DNIU 2 MAJA. - MDK\",\"isPartOf\":{\"@id\":\"https:\/\/mdkoswiecim.pl\/#website\"},\"primaryImageOfPage\":{\"@id\":\"https:\/\/mdkoswiecim.pl\/index.php\/2022\/04\/28\/harmonogram-zajec-w-dniu-2-maja\/#primaryimage\"},\"datePublished\":\"2022-04-28T12:53:44+00:00\",\"dateModified\":\"2022-04-28T12:54:28+00:00\",\"author\":{\"@id\":\"https:\/\/mdkoswiecim.pl\/#\/schema\/person\/de4e1c3f9f9805d4834a83cd933e83a4\"},\"breadcrumb\":{\"@id\":\"https:\/\/mdkoswiecim.pl\/index.php\/2022\/04\/28\/harmonogram-zajec-w-dniu-2-maja\/#breadcrumb\"},\"inLanguage\":\"pl-PL\",\"potentialAction\":[{\"@type\":\"ReadAction\",\"target\":[\"https:\/\/mdkoswiecim.pl\/index.php\/2022\/04\/28\/harmonogram-zajec-w-dniu-2-maja\/\"]}]},{\"@type\":\"BreadcrumbList\",\"@id\":\"https:\/\/mdkoswiecim.pl\/index.php\/2022\/04\/28\/harmonogram-zajec-w-dniu-2-maja\/#breadcrumb\",\"itemListElement\":[{\"@type\":\"ListItem\",\"position\":1,\"item\":{\"@type\":\"WebPage\",\"@id\":\"https:\/\/mdkoswiecim.pl\/\",\"url\":\"https:\/\/mdkoswiecim.pl\/\",\"name\":\"Strona g\\u0142\\u00f3wna\"}},{\"@type\":\"ListItem\",\"position\":2,\"item\":{\"@type\":\"WebPage\",\"@id\":\"https:\/\/mdkoswiecim.pl\/index.php\/2022\/04\/28\/harmonogram-zajec-w-dniu-2-maja\/\",\"url\":\"https:\/\/mdkoswiecim.pl\/index.php\/2022\/04\/28\/harmonogram-zajec-w-dniu-2-maja\/\",\"name\":\"HARMONOGRAM ZAJ\\u0118\\u0106 W DNIU 2 MAJA.\"}}]},{\"@type\":\"Person\",\"@id\":\"https:\/\/mdkoswiecim.pl\/#\/schema\/person\/de4e1c3f9f9805d4834a83cd933e83a4\",\"name\":\"janusz.majcherek\",\"image\":{\"@type\":\"ImageObject\",\"@id\":\"https:\/\/mdkoswiecim.pl\/#personlogo\",\"inLanguage\":\"pl-PL\",\"url\":\"https:\/\/secure.gravatar.com\/avatar\/841ee0bdfc0ec9800cdb49de086063cd2bdca44d52221b7fee4d6a2db5eafb17?s=96&d=mm&r=g\",\"contentUrl\":\"https:\/\/secure.gravatar.com\/avatar\/841ee0bdfc0ec9800cdb49de086063cd2bdca44d52221b7fee4d6a2db5eafb17?s=96&d=mm&r=g\",\"caption\":\"janusz.majcherek\"}}]}<\/script>\n<!-- \/ Yoast SEO plugin. -->","_links":{"self":[{"href":"https:\/\/mdkoswiecim.pl\/index.php\/wp-json\/wp\/v2\/posts\/15415","targetHints":{"allow":["GET"]}}],"collection":[{"href":"https:\/\/mdkoswiecim.pl\/index.php\/wp-json\/wp\/v2\/posts"}],"about":[{"href":"https:\/\/mdkoswiecim.pl\/index.php\/wp-json\/wp\/v2\/types\/post"}],"author":[{"embeddable":true,"href":"https:\/\/mdkoswiecim.pl\/index.php\/wp-json\/wp\/v2\/users\/2"}],"replies":[{"embeddable":true,"href":"https:\/\/mdkoswiecim.pl\/index.php\/wp-json\/wp\/v2\/comments?post=15415"}],"version-history":[{"count":2,"href":"https:\/\/mdkoswiecim.pl\/index.php\/wp-json\/wp\/v2\/posts\/15415\/revisions"}],"predecessor-version":[{"id":15419,"href":"https:\/\/mdkoswiecim.pl\/index.php\/wp-json\/wp\/v2\/posts\/15415\/revisions\/15419"}],"wp:featuredmedia":[{"embeddable":true,"href":"https:\/\/mdkoswiecim.pl\/index.php\/wp-json\/wp\/v2\/media\/15416"}],"wp:attachment":[{"href":"https:\/\/mdkoswiecim.pl\/index.php\/wp-json\/wp\/v2\/media?parent=15415"}],"wp:term":[{"taxonomy":"category","embeddable":true,"href":"https:\/\/mdkoswiecim.pl\/index.php\/wp-json\/wp\/v2\/categories?post=15415"},{"taxonomy":"post_tag","embeddable":true,"href":"https:\/\/mdkoswiecim.pl\/index.php\/wp-json\/wp\/v2\/tags?post=15415"}],"curies":[{"name":"wp","href":"https:\/\/api.w.org\/{rel}","templated":true}]}}