{"id":15379,"date":"2022-04-15T10:23:34","date_gmt":"2022-04-15T08:23:34","guid":{"rendered":"https:\/\/mdkoswiecim.pl\/?p=15379"},"modified":"2022-04-15T10:23:35","modified_gmt":"2022-04-15T08:23:35","slug":"wesolego-alleluja","status":"publish","type":"post","link":"https:\/\/mdkoswiecim.pl\/index.php\/2022\/04\/15\/wesolego-alleluja\/","title":{"rendered":"Weso\u0142ego Alleluja!"},"content":{"rendered":"\n<p class=\"has-text-align-center\">Zdrowych, pogodnych \u015awi\u0105t Wielkanocnych,<\/p>\n\n\n\n<p class=\"has-text-align-center\">przepe\u0142nionych wiar\u0105, nadziej\u0105 i mi\u0142o\u015bci\u0105. <\/p>\n\n\n\n<p class=\"has-text-align-center\">Radosnego, wiosennego nastroju<\/p>\n\n\n\n<p class=\"has-text-align-center\">oraz serdecznych spotka\u0144 w gronie rodziny i w\u015br\u00f3d przyjaci\u00f3\u0142<\/p>\n\n\n\n<p class=\"has-text-align-center\">\u017cycz\u0105 <\/p>\n\n\n\n<p class=\"has-text-align-center\">dyrektor oraz pracownicy<\/p>\n\n\n\n<p class=\"has-text-align-center\">M\u0142odzie\u017cowego Domu Kultury w O\u015bwi\u0119cimiu<\/p>\n","protected":false},"excerpt":{"rendered":"<p>Zdrowych, pogodnych \u015awi\u0105t Wielkanocnych, przepe\u0142nionych wiar\u0105, nadziej\u0105 i mi\u0142o\u015bci\u0105. Radosnego, wiosennego nastroju oraz serdecznych spotka\u0144 w gronie rodziny i w\u015br\u00f3d przyjaci\u00f3\u0142 \u017cycz\u0105 dyrektor oraz pracownicy M\u0142odzie\u017cowego Domu Kultury w O\u015bwi\u0119cimiu<\/p>\n","protected":false},"author":3,"featured_media":15380,"comment_status":"closed","ping_status":"closed","sticky":false,"template":"","format":"standard","meta":{"footnotes":""},"categories":[108],"tags":[],"class_list":["post-15379","post","type-post","status-publish","format-standard","has-post-thumbnail","hentry","category-aktualnosci"],"yoast_head":"<!-- This site is optimized with the Yoast SEO plugin v16.1.1 - https:\/\/yoast.com\/wordpress\/plugins\/seo\/ -->\n<title>Weso\u0142ego Alleluja! - MDK<\/title>\n<link rel=\"canonical\" href=\"https:\/\/mdkoswiecim.pl\/index.php\/2022\/04\/15\/wesolego-alleluja\/\" \/>\n<meta property=\"og:locale\" content=\"pl_PL\" \/>\n<meta property=\"og:type\" content=\"article\" \/>\n<meta property=\"og:title\" content=\"Weso\u0142ego Alleluja! - MDK\" \/>\n<meta property=\"og:description\" content=\"Zdrowych, pogodnych \u015awi\u0105t Wielkanocnych, przepe\u0142nionych wiar\u0105, nadziej\u0105 i mi\u0142o\u015bci\u0105. Radosnego, wiosennego nastroju oraz serdecznych spotka\u0144 w gronie rodziny i w\u015br\u00f3d przyjaci\u00f3\u0142 \u017cycz\u0105 dyrektor oraz pracownicy M\u0142odzie\u017cowego Domu Kultury w O\u015bwi\u0119cimiu\" \/>\n<meta property=\"og:url\" content=\"https:\/\/mdkoswiecim.pl\/index.php\/2022\/04\/15\/wesolego-alleluja\/\" \/>\n<meta property=\"og:site_name\" content=\"MDK\" \/>\n<meta property=\"article:published_time\" content=\"2022-04-15T08:23:34+00:00\" \/>\n<meta property=\"article:modified_time\" content=\"2022-04-15T08:23:35+00:00\" \/>\n<meta property=\"og:image\" content=\"https:\/\/mdkoswiecim.pl\/wp-content\/uploads\/2022\/04\/278403179_1187401512001807_1312427936320701602_n.jpg\" \/>\n\t<meta property=\"og:image:width\" content=\"801\" \/>\n\t<meta property=\"og:image:height\" content=\"548\" \/>\n<meta name=\"twitter:card\" content=\"summary_large_image\" \/>\n<meta name=\"twitter:label1\" content=\"Szacowany czas czytania\">\n\t<meta name=\"twitter:data1\" content=\"1 minuta\">\n<script type=\"application\/ld+json\" class=\"yoast-schema-graph\">{\"@context\":\"https:\/\/schema.org\",\"@graph\":[{\"@type\":\"WebSite\",\"@id\":\"https:\/\/mdkoswiecim.pl\/#website\",\"url\":\"https:\/\/mdkoswiecim.pl\/\",\"name\":\"MDK\",\"description\":\"M\\u0142odzie\\u017cowy Dom Kultury w O\\u015bwi\\u0119cimiu\",\"potentialAction\":[{\"@type\":\"SearchAction\",\"target\":\"https:\/\/mdkoswiecim.pl\/?s={search_term_string}\",\"query-input\":\"required name=search_term_string\"}],\"inLanguage\":\"pl-PL\"},{\"@type\":\"ImageObject\",\"@id\":\"https:\/\/mdkoswiecim.pl\/index.php\/2022\/04\/15\/wesolego-alleluja\/#primaryimage\",\"inLanguage\":\"pl-PL\",\"url\":\"https:\/\/mdkoswiecim.pl\/wp-content\/uploads\/2022\/04\/278403179_1187401512001807_1312427936320701602_n.jpg\",\"contentUrl\":\"https:\/\/mdkoswiecim.pl\/wp-content\/uploads\/2022\/04\/278403179_1187401512001807_1312427936320701602_n.jpg\",\"width\":801,\"height\":548},{\"@type\":\"WebPage\",\"@id\":\"https:\/\/mdkoswiecim.pl\/index.php\/2022\/04\/15\/wesolego-alleluja\/#webpage\",\"url\":\"https:\/\/mdkoswiecim.pl\/index.php\/2022\/04\/15\/wesolego-alleluja\/\",\"name\":\"Weso\\u0142ego Alleluja! - MDK\",\"isPartOf\":{\"@id\":\"https:\/\/mdkoswiecim.pl\/#website\"},\"primaryImageOfPage\":{\"@id\":\"https:\/\/mdkoswiecim.pl\/index.php\/2022\/04\/15\/wesolego-alleluja\/#primaryimage\"},\"datePublished\":\"2022-04-15T08:23:34+00:00\",\"dateModified\":\"2022-04-15T08:23:35+00:00\",\"author\":{\"@id\":\"https:\/\/mdkoswiecim.pl\/#\/schema\/person\/d9c1081e4cfefcbccad7ec11fa250f7a\"},\"breadcrumb\":{\"@id\":\"https:\/\/mdkoswiecim.pl\/index.php\/2022\/04\/15\/wesolego-alleluja\/#breadcrumb\"},\"inLanguage\":\"pl-PL\",\"potentialAction\":[{\"@type\":\"ReadAction\",\"target\":[\"https:\/\/mdkoswiecim.pl\/index.php\/2022\/04\/15\/wesolego-alleluja\/\"]}]},{\"@type\":\"BreadcrumbList\",\"@id\":\"https:\/\/mdkoswiecim.pl\/index.php\/2022\/04\/15\/wesolego-alleluja\/#breadcrumb\",\"itemListElement\":[{\"@type\":\"ListItem\",\"position\":1,\"item\":{\"@type\":\"WebPage\",\"@id\":\"https:\/\/mdkoswiecim.pl\/\",\"url\":\"https:\/\/mdkoswiecim.pl\/\",\"name\":\"Strona g\\u0142\\u00f3wna\"}},{\"@type\":\"ListItem\",\"position\":2,\"item\":{\"@type\":\"WebPage\",\"@id\":\"https:\/\/mdkoswiecim.pl\/index.php\/2022\/04\/15\/wesolego-alleluja\/\",\"url\":\"https:\/\/mdkoswiecim.pl\/index.php\/2022\/04\/15\/wesolego-alleluja\/\",\"name\":\"Weso\\u0142ego Alleluja!\"}}]},{\"@type\":\"Person\",\"@id\":\"https:\/\/mdkoswiecim.pl\/#\/schema\/person\/d9c1081e4cfefcbccad7ec11fa250f7a\",\"name\":\"alina.kwarciak\",\"image\":{\"@type\":\"ImageObject\",\"@id\":\"https:\/\/mdkoswiecim.pl\/#personlogo\",\"inLanguage\":\"pl-PL\",\"url\":\"https:\/\/secure.gravatar.com\/avatar\/cce8f640650bbd69c0efc0afd2dddb7945a94129b978796401e58cac1eb8b87b?s=96&d=mm&r=g\",\"contentUrl\":\"https:\/\/secure.gravatar.com\/avatar\/cce8f640650bbd69c0efc0afd2dddb7945a94129b978796401e58cac1eb8b87b?s=96&d=mm&r=g\",\"caption\":\"alina.kwarciak\"}}]}<\/script>\n<!-- \/ Yoast SEO plugin. -->","_links":{"self":[{"href":"https:\/\/mdkoswiecim.pl\/index.php\/wp-json\/wp\/v2\/posts\/15379","targetHints":{"allow":["GET"]}}],"collection":[{"href":"https:\/\/mdkoswiecim.pl\/index.php\/wp-json\/wp\/v2\/posts"}],"about":[{"href":"https:\/\/mdkoswiecim.pl\/index.php\/wp-json\/wp\/v2\/types\/post"}],"author":[{"embeddable":true,"href":"https:\/\/mdkoswiecim.pl\/index.php\/wp-json\/wp\/v2\/users\/3"}],"replies":[{"embeddable":true,"href":"https:\/\/mdkoswiecim.pl\/index.php\/wp-json\/wp\/v2\/comments?post=15379"}],"version-history":[{"count":1,"href":"https:\/\/mdkoswiecim.pl\/index.php\/wp-json\/wp\/v2\/posts\/15379\/revisions"}],"predecessor-version":[{"id":15381,"href":"https:\/\/mdkoswiecim.pl\/index.php\/wp-json\/wp\/v2\/posts\/15379\/revisions\/15381"}],"wp:featuredmedia":[{"embeddable":true,"href":"https:\/\/mdkoswiecim.pl\/index.php\/wp-json\/wp\/v2\/media\/15380"}],"wp:attachment":[{"href":"https:\/\/mdkoswiecim.pl\/index.php\/wp-json\/wp\/v2\/media?parent=15379"}],"wp:term":[{"taxonomy":"category","embeddable":true,"href":"https:\/\/mdkoswiecim.pl\/index.php\/wp-json\/wp\/v2\/categories?post=15379"},{"taxonomy":"post_tag","embeddable":true,"href":"https:\/\/mdkoswiecim.pl\/index.php\/wp-json\/wp\/v2\/tags?post=15379"}],"curies":[{"name":"wp","href":"https:\/\/api.w.org\/{rel}","templated":true}]}}