{"id":15367,"date":"2022-04-12T11:36:53","date_gmt":"2022-04-12T09:36:53","guid":{"rendered":"https:\/\/mdkoswiecim.pl\/?p=15367"},"modified":"2022-04-12T11:36:54","modified_gmt":"2022-04-12T09:36:54","slug":"harmonogram-zajec-mdk-w-okresie-swiatecznym","status":"publish","type":"post","link":"https:\/\/mdkoswiecim.pl\/index.php\/2022\/04\/12\/harmonogram-zajec-mdk-w-okresie-swiatecznym\/","title":{"rendered":"Harmonogram zaj\u0119\u0107 MDK w okresie \u015bwi\u0105tecznym."},"content":{"rendered":"\n<p>Zapraszamy do zapoznania si\u0119 z harmonogramem naszych zaj\u0119\u0107 w okresie \u015awi\u0105t Wielkanocnych. <\/p>\n\n\n\n<div class=\"wp-block-file\"><a id=\"wp-block-file--media-f10fcbb9-73fe-4638-8c24-220cf1c05136\" href=\"https:\/\/mdkoswiecim.pl\/wp-content\/uploads\/2022\/04\/Harmonogram-zajec-na-strone-w-okresie-swiatecznym-kwiecien-2022.docx\">Harmonogram-zajec-na-strone-w-okresie-swiatecznym-kwiecien-2022<\/a><a href=\"https:\/\/mdkoswiecim.pl\/wp-content\/uploads\/2022\/04\/Harmonogram-zajec-na-strone-w-okresie-swiatecznym-kwiecien-2022.docx\" class=\"wp-block-file__button\" download aria-describedby=\"wp-block-file--media-f10fcbb9-73fe-4638-8c24-220cf1c05136\">Pobierz<\/a><\/div>\n","protected":false},"excerpt":{"rendered":"<p>Zapraszamy do zapoznania si\u0119 z harmonogramem naszych zaj\u0119\u0107 w okresie \u015awi\u0105t Wielkanocnych.<\/p>\n","protected":false},"author":2,"featured_media":15368,"comment_status":"closed","ping_status":"closed","sticky":false,"template":"","format":"standard","meta":{"footnotes":""},"categories":[108],"tags":[],"class_list":["post-15367","post","type-post","status-publish","format-standard","has-post-thumbnail","hentry","category-aktualnosci"],"yoast_head":"<!-- This site is optimized with the Yoast SEO plugin v16.1.1 - https:\/\/yoast.com\/wordpress\/plugins\/seo\/ -->\n<title>Harmonogram zaj\u0119\u0107 MDK w okresie \u015bwi\u0105tecznym. - MDK<\/title>\n<link rel=\"canonical\" href=\"https:\/\/mdkoswiecim.pl\/index.php\/2022\/04\/12\/harmonogram-zajec-mdk-w-okresie-swiatecznym\/\" \/>\n<meta property=\"og:locale\" content=\"pl_PL\" \/>\n<meta property=\"og:type\" content=\"article\" \/>\n<meta property=\"og:title\" content=\"Harmonogram zaj\u0119\u0107 MDK w okresie \u015bwi\u0105tecznym. - MDK\" \/>\n<meta property=\"og:description\" content=\"Zapraszamy do zapoznania si\u0119 z harmonogramem naszych zaj\u0119\u0107 w okresie \u015awi\u0105t Wielkanocnych.\" \/>\n<meta property=\"og:url\" content=\"https:\/\/mdkoswiecim.pl\/index.php\/2022\/04\/12\/harmonogram-zajec-mdk-w-okresie-swiatecznym\/\" \/>\n<meta property=\"og:site_name\" content=\"MDK\" \/>\n<meta property=\"article:published_time\" content=\"2022-04-12T09:36:53+00:00\" \/>\n<meta property=\"article:modified_time\" content=\"2022-04-12T09:36:54+00:00\" \/>\n<meta property=\"og:image\" content=\"https:\/\/mdkoswiecim.pl\/wp-content\/uploads\/2022\/04\/school-5097794_1280.png\" \/>\n\t<meta property=\"og:image:width\" content=\"1280\" \/>\n\t<meta property=\"og:image:height\" content=\"1280\" \/>\n<meta name=\"twitter:card\" content=\"summary_large_image\" \/>\n<meta name=\"twitter:label1\" content=\"Szacowany czas czytania\">\n\t<meta name=\"twitter:data1\" content=\"1 minuta\">\n<script type=\"application\/ld+json\" class=\"yoast-schema-graph\">{\"@context\":\"https:\/\/schema.org\",\"@graph\":[{\"@type\":\"WebSite\",\"@id\":\"https:\/\/mdkoswiecim.pl\/#website\",\"url\":\"https:\/\/mdkoswiecim.pl\/\",\"name\":\"MDK\",\"description\":\"M\\u0142odzie\\u017cowy Dom Kultury w O\\u015bwi\\u0119cimiu\",\"potentialAction\":[{\"@type\":\"SearchAction\",\"target\":\"https:\/\/mdkoswiecim.pl\/?s={search_term_string}\",\"query-input\":\"required name=search_term_string\"}],\"inLanguage\":\"pl-PL\"},{\"@type\":\"ImageObject\",\"@id\":\"https:\/\/mdkoswiecim.pl\/index.php\/2022\/04\/12\/harmonogram-zajec-mdk-w-okresie-swiatecznym\/#primaryimage\",\"inLanguage\":\"pl-PL\",\"url\":\"https:\/\/mdkoswiecim.pl\/wp-content\/uploads\/2022\/04\/school-5097794_1280.png\",\"contentUrl\":\"https:\/\/mdkoswiecim.pl\/wp-content\/uploads\/2022\/04\/school-5097794_1280.png\",\"width\":1280,\"height\":1280},{\"@type\":\"WebPage\",\"@id\":\"https:\/\/mdkoswiecim.pl\/index.php\/2022\/04\/12\/harmonogram-zajec-mdk-w-okresie-swiatecznym\/#webpage\",\"url\":\"https:\/\/mdkoswiecim.pl\/index.php\/2022\/04\/12\/harmonogram-zajec-mdk-w-okresie-swiatecznym\/\",\"name\":\"Harmonogram zaj\\u0119\\u0107 MDK w okresie \\u015bwi\\u0105tecznym. - MDK\",\"isPartOf\":{\"@id\":\"https:\/\/mdkoswiecim.pl\/#website\"},\"primaryImageOfPage\":{\"@id\":\"https:\/\/mdkoswiecim.pl\/index.php\/2022\/04\/12\/harmonogram-zajec-mdk-w-okresie-swiatecznym\/#primaryimage\"},\"datePublished\":\"2022-04-12T09:36:53+00:00\",\"dateModified\":\"2022-04-12T09:36:54+00:00\",\"author\":{\"@id\":\"https:\/\/mdkoswiecim.pl\/#\/schema\/person\/de4e1c3f9f9805d4834a83cd933e83a4\"},\"breadcrumb\":{\"@id\":\"https:\/\/mdkoswiecim.pl\/index.php\/2022\/04\/12\/harmonogram-zajec-mdk-w-okresie-swiatecznym\/#breadcrumb\"},\"inLanguage\":\"pl-PL\",\"potentialAction\":[{\"@type\":\"ReadAction\",\"target\":[\"https:\/\/mdkoswiecim.pl\/index.php\/2022\/04\/12\/harmonogram-zajec-mdk-w-okresie-swiatecznym\/\"]}]},{\"@type\":\"BreadcrumbList\",\"@id\":\"https:\/\/mdkoswiecim.pl\/index.php\/2022\/04\/12\/harmonogram-zajec-mdk-w-okresie-swiatecznym\/#breadcrumb\",\"itemListElement\":[{\"@type\":\"ListItem\",\"position\":1,\"item\":{\"@type\":\"WebPage\",\"@id\":\"https:\/\/mdkoswiecim.pl\/\",\"url\":\"https:\/\/mdkoswiecim.pl\/\",\"name\":\"Strona g\\u0142\\u00f3wna\"}},{\"@type\":\"ListItem\",\"position\":2,\"item\":{\"@type\":\"WebPage\",\"@id\":\"https:\/\/mdkoswiecim.pl\/index.php\/2022\/04\/12\/harmonogram-zajec-mdk-w-okresie-swiatecznym\/\",\"url\":\"https:\/\/mdkoswiecim.pl\/index.php\/2022\/04\/12\/harmonogram-zajec-mdk-w-okresie-swiatecznym\/\",\"name\":\"Harmonogram zaj\\u0119\\u0107 MDK w okresie \\u015bwi\\u0105tecznym.\"}}]},{\"@type\":\"Person\",\"@id\":\"https:\/\/mdkoswiecim.pl\/#\/schema\/person\/de4e1c3f9f9805d4834a83cd933e83a4\",\"name\":\"janusz.majcherek\",\"image\":{\"@type\":\"ImageObject\",\"@id\":\"https:\/\/mdkoswiecim.pl\/#personlogo\",\"inLanguage\":\"pl-PL\",\"url\":\"https:\/\/secure.gravatar.com\/avatar\/841ee0bdfc0ec9800cdb49de086063cd2bdca44d52221b7fee4d6a2db5eafb17?s=96&d=mm&r=g\",\"contentUrl\":\"https:\/\/secure.gravatar.com\/avatar\/841ee0bdfc0ec9800cdb49de086063cd2bdca44d52221b7fee4d6a2db5eafb17?s=96&d=mm&r=g\",\"caption\":\"janusz.majcherek\"}}]}<\/script>\n<!-- \/ Yoast SEO plugin. -->","_links":{"self":[{"href":"https:\/\/mdkoswiecim.pl\/index.php\/wp-json\/wp\/v2\/posts\/15367","targetHints":{"allow":["GET"]}}],"collection":[{"href":"https:\/\/mdkoswiecim.pl\/index.php\/wp-json\/wp\/v2\/posts"}],"about":[{"href":"https:\/\/mdkoswiecim.pl\/index.php\/wp-json\/wp\/v2\/types\/post"}],"author":[{"embeddable":true,"href":"https:\/\/mdkoswiecim.pl\/index.php\/wp-json\/wp\/v2\/users\/2"}],"replies":[{"embeddable":true,"href":"https:\/\/mdkoswiecim.pl\/index.php\/wp-json\/wp\/v2\/comments?post=15367"}],"version-history":[{"count":1,"href":"https:\/\/mdkoswiecim.pl\/index.php\/wp-json\/wp\/v2\/posts\/15367\/revisions"}],"predecessor-version":[{"id":15370,"href":"https:\/\/mdkoswiecim.pl\/index.php\/wp-json\/wp\/v2\/posts\/15367\/revisions\/15370"}],"wp:featuredmedia":[{"embeddable":true,"href":"https:\/\/mdkoswiecim.pl\/index.php\/wp-json\/wp\/v2\/media\/15368"}],"wp:attachment":[{"href":"https:\/\/mdkoswiecim.pl\/index.php\/wp-json\/wp\/v2\/media?parent=15367"}],"wp:term":[{"taxonomy":"category","embeddable":true,"href":"https:\/\/mdkoswiecim.pl\/index.php\/wp-json\/wp\/v2\/categories?post=15367"},{"taxonomy":"post_tag","embeddable":true,"href":"https:\/\/mdkoswiecim.pl\/index.php\/wp-json\/wp\/v2\/tags?post=15367"}],"curies":[{"name":"wp","href":"https:\/\/api.w.org\/{rel}","templated":true}]}}