{"id":15351,"date":"2022-04-08T18:19:47","date_gmt":"2022-04-08T16:19:47","guid":{"rendered":"https:\/\/mdkoswiecim.pl\/?p=15351"},"modified":"2022-04-08T18:19:48","modified_gmt":"2022-04-08T16:19:48","slug":"nasze-cheerleaderki-na-wielkim-charytatywnym-meczu-siatkowki","status":"publish","type":"post","link":"https:\/\/mdkoswiecim.pl\/index.php\/2022\/04\/08\/nasze-cheerleaderki-na-wielkim-charytatywnym-meczu-siatkowki\/","title":{"rendered":"Nasze cheerleaderki na Wielkim Charytatywnym Meczu Siatk\u00f3wki."},"content":{"rendered":"\n<p>26.03.2022 w sobot\u0119 na hali sportowej powiatowego \u201eChemika\u201d odby\u0142 si\u0119 Wielki Charytatywny Mecz Siatk\u00f3wki, z kt\u00f3rego ca\u0142y doch\u00f3d zosta\u0142 przekazany na operacj\u0119 p\u00f3\u0142torarocznego Boryska Przes\u00f3ra. Mecz UKS Setbol kontra UKS Gminy Brzeszcze, zorganizowa\u0142o  Przedszkole Samorz\u0105dowe w Rajsku i fundacja Ma\u0142a Orkiestra Wielkiej Pomocy.<\/p>\n\n\n\n<p>Podczas imprezy przygotowano mn\u00f3stwo atrakcji. By\u0142y animacje dla dzieci, stoiska ze s\u0142odko\u015bciami, a tak\u017ce pojedynek Rodzice kontra Przyjaciele MOWP.<\/p>\n\n\n\n<p>Mecz u\u015bwietni\u0142y swoimi wyst\u0119pami r\u00f3wnie\u017c nasze Cheerleaderki pod opiek\u0105 Pani \u017banety P\u0142onki. <\/p>\n\n\n\n<figure class=\"wp-block-gallery has-nested-images columns-default is-cropped wp-block-gallery-1 is-layout-flex wp-block-gallery-is-layout-flex\">\n<figure class=\"wp-block-image size-full\"><img loading=\"lazy\" decoding=\"async\" width=\"685\" height=\"485\" data-id=\"15359\" src=\"https:\/\/mdkoswiecim.pl\/wp-content\/uploads\/2022\/04\/277230611_1653288351709508_6207939748699034704_n-1.jpg\" alt=\"\" class=\"wp-image-15359\" srcset=\"https:\/\/mdkoswiecim.pl\/wp-content\/uploads\/2022\/04\/277230611_1653288351709508_6207939748699034704_n-1.jpg 685w, https:\/\/mdkoswiecim.pl\/wp-content\/uploads\/2022\/04\/277230611_1653288351709508_6207939748699034704_n-1-300x212.jpg 300w\" sizes=\"auto, (max-width: 685px) 100vw, 685px\" \/><\/figure>\n\n\n\n<figure class=\"wp-block-image size-full\"><img loading=\"lazy\" decoding=\"async\" width=\"685\" height=\"485\" data-id=\"15360\" src=\"https:\/\/mdkoswiecim.pl\/wp-content\/uploads\/2022\/04\/275983900_1010480503202559_8068052493758993303_n-2.jpg\" alt=\"\" class=\"wp-image-15360\" srcset=\"https:\/\/mdkoswiecim.pl\/wp-content\/uploads\/2022\/04\/275983900_1010480503202559_8068052493758993303_n-2.jpg 685w, https:\/\/mdkoswiecim.pl\/wp-content\/uploads\/2022\/04\/275983900_1010480503202559_8068052493758993303_n-2-300x212.jpg 300w\" sizes=\"auto, (max-width: 685px) 100vw, 685px\" \/><\/figure>\n\n\n\n<figure class=\"wp-block-image size-full\"><img loading=\"lazy\" decoding=\"async\" width=\"685\" height=\"485\" data-id=\"15361\" src=\"https:\/\/mdkoswiecim.pl\/wp-content\/uploads\/2022\/04\/277028936_1000319240643891_2053732626781632694_n-1.jpg\" alt=\"\" class=\"wp-image-15361\" srcset=\"https:\/\/mdkoswiecim.pl\/wp-content\/uploads\/2022\/04\/277028936_1000319240643891_2053732626781632694_n-1.jpg 685w, https:\/\/mdkoswiecim.pl\/wp-content\/uploads\/2022\/04\/277028936_1000319240643891_2053732626781632694_n-1-300x212.jpg 300w\" sizes=\"auto, (max-width: 685px) 100vw, 685px\" \/><\/figure>\n\n\n\n<figure class=\"wp-block-image size-full\"><img loading=\"lazy\" decoding=\"async\" width=\"750\" height=\"422\" data-id=\"15362\" src=\"https:\/\/mdkoswiecim.pl\/wp-content\/uploads\/2022\/04\/277182827_348629903978913_3494002896650573739_n.jpg\" alt=\"\" class=\"wp-image-15362\" srcset=\"https:\/\/mdkoswiecim.pl\/wp-content\/uploads\/2022\/04\/277182827_348629903978913_3494002896650573739_n.jpg 750w, https:\/\/mdkoswiecim.pl\/wp-content\/uploads\/2022\/04\/277182827_348629903978913_3494002896650573739_n-300x169.jpg 300w\" sizes=\"auto, (max-width: 750px) 100vw, 750px\" \/><\/figure>\n<\/figure>\n\n\n\n<figure class=\"wp-block-video\"><\/figure>\n","protected":false},"excerpt":{"rendered":"<p>26.03.2022 w sobot\u0119 na hali sportowej powiatowego \u201eChemika\u201d odby\u0142 si\u0119 Wielki Charytatywny Mecz Siatk\u00f3wki, z kt\u00f3rego ca\u0142y doch\u00f3d zosta\u0142 przekazany na operacj\u0119 p\u00f3\u0142torarocznego Boryska Przes\u00f3ra. Mecz UKS Setbol kontra UKS Gminy Brzeszcze, zorganizowa\u0142o Przedszkole Samorz\u0105dowe w Rajsku i fundacja Ma\u0142a Orkiestra Wielkiej Pomocy. Podczas imprezy przygotowano mn\u00f3stwo atrakcji. By\u0142y animacje dla dzieci, stoiska ze s\u0142odko\u015bciami, [&hellip;]<\/p>\n","protected":false},"author":2,"featured_media":15364,"comment_status":"closed","ping_status":"closed","sticky":false,"template":"","format":"standard","meta":{"footnotes":""},"categories":[108],"tags":[],"class_list":["post-15351","post","type-post","status-publish","format-standard","has-post-thumbnail","hentry","category-aktualnosci"],"yoast_head":"<!-- This site is optimized with the Yoast SEO plugin v16.1.1 - https:\/\/yoast.com\/wordpress\/plugins\/seo\/ -->\n<title>Nasze cheerleaderki na Wielkim Charytatywnym Meczu Siatk\u00f3wki. - MDK<\/title>\n<link rel=\"canonical\" href=\"https:\/\/mdkoswiecim.pl\/index.php\/2022\/04\/08\/nasze-cheerleaderki-na-wielkim-charytatywnym-meczu-siatkowki\/\" \/>\n<meta property=\"og:locale\" content=\"pl_PL\" \/>\n<meta property=\"og:type\" content=\"article\" \/>\n<meta property=\"og:title\" content=\"Nasze cheerleaderki na Wielkim Charytatywnym Meczu Siatk\u00f3wki. - MDK\" \/>\n<meta property=\"og:description\" content=\"26.03.2022 w sobot\u0119 na hali sportowej powiatowego \u201eChemika\u201d odby\u0142 si\u0119 Wielki Charytatywny Mecz Siatk\u00f3wki, z kt\u00f3rego ca\u0142y doch\u00f3d zosta\u0142 przekazany na operacj\u0119 p\u00f3\u0142torarocznego Boryska Przes\u00f3ra. Mecz UKS Setbol kontra UKS Gminy Brzeszcze, zorganizowa\u0142o Przedszkole Samorz\u0105dowe w Rajsku i fundacja Ma\u0142a Orkiestra Wielkiej Pomocy. Podczas imprezy przygotowano mn\u00f3stwo atrakcji. By\u0142y animacje dla dzieci, stoiska ze s\u0142odko\u015bciami, [&hellip;]\" \/>\n<meta property=\"og:url\" content=\"https:\/\/mdkoswiecim.pl\/index.php\/2022\/04\/08\/nasze-cheerleaderki-na-wielkim-charytatywnym-meczu-siatkowki\/\" \/>\n<meta property=\"og:site_name\" content=\"MDK\" \/>\n<meta property=\"article:published_time\" content=\"2022-04-08T16:19:47+00:00\" \/>\n<meta property=\"article:modified_time\" content=\"2022-04-08T16:19:48+00:00\" \/>\n<meta property=\"og:image\" content=\"https:\/\/mdkoswiecim.pl\/wp-content\/uploads\/2022\/04\/277229636_352253740286482_2293139010035878277_n-1.jpg\" \/>\n\t<meta property=\"og:image:width\" content=\"750\" \/>\n\t<meta property=\"og:image:height\" content=\"422\" \/>\n<meta name=\"twitter:card\" content=\"summary_large_image\" \/>\n<meta name=\"twitter:label1\" content=\"Szacowany czas czytania\">\n\t<meta name=\"twitter:data1\" content=\"2 minuty\">\n<script type=\"application\/ld+json\" class=\"yoast-schema-graph\">{\"@context\":\"https:\/\/schema.org\",\"@graph\":[{\"@type\":\"WebSite\",\"@id\":\"https:\/\/mdkoswiecim.pl\/#website\",\"url\":\"https:\/\/mdkoswiecim.pl\/\",\"name\":\"MDK\",\"description\":\"M\\u0142odzie\\u017cowy Dom Kultury w O\\u015bwi\\u0119cimiu\",\"potentialAction\":[{\"@type\":\"SearchAction\",\"target\":\"https:\/\/mdkoswiecim.pl\/?s={search_term_string}\",\"query-input\":\"required name=search_term_string\"}],\"inLanguage\":\"pl-PL\"},{\"@type\":\"ImageObject\",\"@id\":\"https:\/\/mdkoswiecim.pl\/index.php\/2022\/04\/08\/nasze-cheerleaderki-na-wielkim-charytatywnym-meczu-siatkowki\/#primaryimage\",\"inLanguage\":\"pl-PL\",\"url\":\"https:\/\/mdkoswiecim.pl\/wp-content\/uploads\/2022\/04\/277229636_352253740286482_2293139010035878277_n-1.jpg\",\"contentUrl\":\"https:\/\/mdkoswiecim.pl\/wp-content\/uploads\/2022\/04\/277229636_352253740286482_2293139010035878277_n-1.jpg\",\"width\":750,\"height\":422},{\"@type\":\"WebPage\",\"@id\":\"https:\/\/mdkoswiecim.pl\/index.php\/2022\/04\/08\/nasze-cheerleaderki-na-wielkim-charytatywnym-meczu-siatkowki\/#webpage\",\"url\":\"https:\/\/mdkoswiecim.pl\/index.php\/2022\/04\/08\/nasze-cheerleaderki-na-wielkim-charytatywnym-meczu-siatkowki\/\",\"name\":\"Nasze cheerleaderki na Wielkim Charytatywnym Meczu Siatk\\u00f3wki. - MDK\",\"isPartOf\":{\"@id\":\"https:\/\/mdkoswiecim.pl\/#website\"},\"primaryImageOfPage\":{\"@id\":\"https:\/\/mdkoswiecim.pl\/index.php\/2022\/04\/08\/nasze-cheerleaderki-na-wielkim-charytatywnym-meczu-siatkowki\/#primaryimage\"},\"datePublished\":\"2022-04-08T16:19:47+00:00\",\"dateModified\":\"2022-04-08T16:19:48+00:00\",\"author\":{\"@id\":\"https:\/\/mdkoswiecim.pl\/#\/schema\/person\/de4e1c3f9f9805d4834a83cd933e83a4\"},\"breadcrumb\":{\"@id\":\"https:\/\/mdkoswiecim.pl\/index.php\/2022\/04\/08\/nasze-cheerleaderki-na-wielkim-charytatywnym-meczu-siatkowki\/#breadcrumb\"},\"inLanguage\":\"pl-PL\",\"potentialAction\":[{\"@type\":\"ReadAction\",\"target\":[\"https:\/\/mdkoswiecim.pl\/index.php\/2022\/04\/08\/nasze-cheerleaderki-na-wielkim-charytatywnym-meczu-siatkowki\/\"]}]},{\"@type\":\"BreadcrumbList\",\"@id\":\"https:\/\/mdkoswiecim.pl\/index.php\/2022\/04\/08\/nasze-cheerleaderki-na-wielkim-charytatywnym-meczu-siatkowki\/#breadcrumb\",\"itemListElement\":[{\"@type\":\"ListItem\",\"position\":1,\"item\":{\"@type\":\"WebPage\",\"@id\":\"https:\/\/mdkoswiecim.pl\/\",\"url\":\"https:\/\/mdkoswiecim.pl\/\",\"name\":\"Strona g\\u0142\\u00f3wna\"}},{\"@type\":\"ListItem\",\"position\":2,\"item\":{\"@type\":\"WebPage\",\"@id\":\"https:\/\/mdkoswiecim.pl\/index.php\/2022\/04\/08\/nasze-cheerleaderki-na-wielkim-charytatywnym-meczu-siatkowki\/\",\"url\":\"https:\/\/mdkoswiecim.pl\/index.php\/2022\/04\/08\/nasze-cheerleaderki-na-wielkim-charytatywnym-meczu-siatkowki\/\",\"name\":\"Nasze cheerleaderki na Wielkim Charytatywnym Meczu Siatk\\u00f3wki.\"}}]},{\"@type\":\"Person\",\"@id\":\"https:\/\/mdkoswiecim.pl\/#\/schema\/person\/de4e1c3f9f9805d4834a83cd933e83a4\",\"name\":\"janusz.majcherek\",\"image\":{\"@type\":\"ImageObject\",\"@id\":\"https:\/\/mdkoswiecim.pl\/#personlogo\",\"inLanguage\":\"pl-PL\",\"url\":\"https:\/\/secure.gravatar.com\/avatar\/841ee0bdfc0ec9800cdb49de086063cd2bdca44d52221b7fee4d6a2db5eafb17?s=96&d=mm&r=g\",\"contentUrl\":\"https:\/\/secure.gravatar.com\/avatar\/841ee0bdfc0ec9800cdb49de086063cd2bdca44d52221b7fee4d6a2db5eafb17?s=96&d=mm&r=g\",\"caption\":\"janusz.majcherek\"}}]}<\/script>\n<!-- \/ Yoast SEO plugin. -->","_links":{"self":[{"href":"https:\/\/mdkoswiecim.pl\/index.php\/wp-json\/wp\/v2\/posts\/15351","targetHints":{"allow":["GET"]}}],"collection":[{"href":"https:\/\/mdkoswiecim.pl\/index.php\/wp-json\/wp\/v2\/posts"}],"about":[{"href":"https:\/\/mdkoswiecim.pl\/index.php\/wp-json\/wp\/v2\/types\/post"}],"author":[{"embeddable":true,"href":"https:\/\/mdkoswiecim.pl\/index.php\/wp-json\/wp\/v2\/users\/2"}],"replies":[{"embeddable":true,"href":"https:\/\/mdkoswiecim.pl\/index.php\/wp-json\/wp\/v2\/comments?post=15351"}],"version-history":[{"count":2,"href":"https:\/\/mdkoswiecim.pl\/index.php\/wp-json\/wp\/v2\/posts\/15351\/revisions"}],"predecessor-version":[{"id":15365,"href":"https:\/\/mdkoswiecim.pl\/index.php\/wp-json\/wp\/v2\/posts\/15351\/revisions\/15365"}],"wp:featuredmedia":[{"embeddable":true,"href":"https:\/\/mdkoswiecim.pl\/index.php\/wp-json\/wp\/v2\/media\/15364"}],"wp:attachment":[{"href":"https:\/\/mdkoswiecim.pl\/index.php\/wp-json\/wp\/v2\/media?parent=15351"}],"wp:term":[{"taxonomy":"category","embeddable":true,"href":"https:\/\/mdkoswiecim.pl\/index.php\/wp-json\/wp\/v2\/categories?post=15351"},{"taxonomy":"post_tag","embeddable":true,"href":"https:\/\/mdkoswiecim.pl\/index.php\/wp-json\/wp\/v2\/tags?post=15351"}],"curies":[{"name":"wp","href":"https:\/\/api.w.org\/{rel}","templated":true}]}}