{"id":15296,"date":"2022-03-28T14:02:42","date_gmt":"2022-03-28T12:02:42","guid":{"rendered":"https:\/\/mdkoswiecim.pl\/?p=15296"},"modified":"2022-03-28T14:02:43","modified_gmt":"2022-03-28T12:02:43","slug":"informacja-o-zajeciach-plastycznych-dla-dzieci-z-ukrainy","status":"publish","type":"post","link":"https:\/\/mdkoswiecim.pl\/index.php\/2022\/03\/28\/informacja-o-zajeciach-plastycznych-dla-dzieci-z-ukrainy\/","title":{"rendered":"Informacja o zaj\u0119ciach plastycznych dla dzieci z Ukrainy"},"content":{"rendered":"\n<pre id=\"tw-target-text\" class=\"wp-block-preformatted\">\u0406\u043d\u0444\u043e\u0440\u043c\u0430\u0446\u0456\u044f \u043f\u0440\u043e \u0445\u0443\u0434\u043e\u0436\u043d\u0456 \u0437\u0430\u043d\u044f\u0442\u0442\u044f \u0434\u043b\u044f \u0434\u0456\u0442\u0435\u0439 \u0437 \u0423\u043a\u0440\u0430\u0457\u043d\u0438\n\nZaj\u0119cia plastyczne dla dzieci z Ukrainy w czwartki s\u0105 odwo\u0142ane do 28.04.\n\u0417\u0430\u043d\u044f\u0442\u0442\u044f \u0437 \u043c\u0438\u0441\u0442\u0435\u0446\u0442\u0432\u0430 \u0434\u043b\u044f \u0434\u0456\u0442\u0435\u0439 \u0437 \u0423\u043a\u0440\u0430\u0457\u043d\u0438 \u043f\u043e \u0447\u0435\u0442\u0432\u0435\u0440\u0433\u0430\u0445 \u0441\u043a\u0430\u0441\u043e\u0432\u0443\u044e\u0442\u044c\u0441\u044f \u0434\u043e 28.04.<\/pre>\n","protected":false},"excerpt":{"rendered":"<p>\u0406\u043d\u0444\u043e\u0440\u043c\u0430\u0446\u0456\u044f \u043f\u0440\u043e \u0445\u0443\u0434\u043e\u0436\u043d\u0456 \u0437\u0430\u043d\u044f\u0442\u0442\u044f \u0434\u043b\u044f \u0434\u0456\u0442\u0435\u0439 \u0437 \u0423\u043a\u0440\u0430\u0457\u043d\u0438 Zaj\u0119cia plastyczne dla dzieci z Ukrainy w czwartki s\u0105 odwo\u0142ane do 28.04. \u0417\u0430\u043d\u044f\u0442\u0442\u044f \u0437 \u043c\u0438\u0441\u0442\u0435\u0446\u0442\u0432\u0430 \u0434\u043b\u044f \u0434\u0456\u0442\u0435\u0439 \u0437 \u0423\u043a\u0440\u0430\u0457\u043d\u0438 \u043f\u043e \u0447\u0435\u0442\u0432\u0435\u0440\u0433\u0430\u0445 \u0441\u043a\u0430\u0441\u043e\u0432\u0443\u044e\u0442\u044c\u0441\u044f \u0434\u043e 28.04.<\/p>\n","protected":false},"author":2,"featured_media":15159,"comment_status":"closed","ping_status":"closed","sticky":false,"template":"","format":"standard","meta":{"footnotes":""},"categories":[108],"tags":[],"class_list":["post-15296","post","type-post","status-publish","format-standard","has-post-thumbnail","hentry","category-aktualnosci"],"yoast_head":"<!-- This site is optimized with the Yoast SEO plugin v16.1.1 - https:\/\/yoast.com\/wordpress\/plugins\/seo\/ -->\n<title>Informacja o zaj\u0119ciach plastycznych dla dzieci z Ukrainy - MDK<\/title>\n<link rel=\"canonical\" href=\"https:\/\/mdkoswiecim.pl\/index.php\/2022\/03\/28\/informacja-o-zajeciach-plastycznych-dla-dzieci-z-ukrainy\/\" \/>\n<meta property=\"og:locale\" content=\"pl_PL\" \/>\n<meta property=\"og:type\" content=\"article\" \/>\n<meta property=\"og:title\" content=\"Informacja o zaj\u0119ciach plastycznych dla dzieci z Ukrainy - MDK\" \/>\n<meta property=\"og:description\" content=\"\u0406\u043d\u0444\u043e\u0440\u043c\u0430\u0446\u0456\u044f \u043f\u0440\u043e \u0445\u0443\u0434\u043e\u0436\u043d\u0456 \u0437\u0430\u043d\u044f\u0442\u0442\u044f \u0434\u043b\u044f \u0434\u0456\u0442\u0435\u0439 \u0437 \u0423\u043a\u0440\u0430\u0457\u043d\u0438 Zaj\u0119cia plastyczne dla dzieci z Ukrainy w czwartki s\u0105 odwo\u0142ane do 28.04. \u0417\u0430\u043d\u044f\u0442\u0442\u044f \u0437 \u043c\u0438\u0441\u0442\u0435\u0446\u0442\u0432\u0430 \u0434\u043b\u044f \u0434\u0456\u0442\u0435\u0439 \u0437 \u0423\u043a\u0440\u0430\u0457\u043d\u0438 \u043f\u043e \u0447\u0435\u0442\u0432\u0435\u0440\u0433\u0430\u0445 \u0441\u043a\u0430\u0441\u043e\u0432\u0443\u044e\u0442\u044c\u0441\u044f \u0434\u043e 28.04.\" \/>\n<meta property=\"og:url\" content=\"https:\/\/mdkoswiecim.pl\/index.php\/2022\/03\/28\/informacja-o-zajeciach-plastycznych-dla-dzieci-z-ukrainy\/\" \/>\n<meta property=\"og:site_name\" content=\"MDK\" \/>\n<meta property=\"article:published_time\" content=\"2022-03-28T12:02:42+00:00\" \/>\n<meta property=\"article:modified_time\" content=\"2022-03-28T12:02:43+00:00\" \/>\n<meta property=\"og:image\" content=\"https:\/\/mdkoswiecim.pl\/wp-content\/uploads\/2022\/03\/Bez-nazwy.jpg\" \/>\n\t<meta property=\"og:image:width\" content=\"1920\" \/>\n\t<meta property=\"og:image:height\" content=\"1396\" \/>\n<meta name=\"twitter:card\" content=\"summary_large_image\" \/>\n<meta name=\"twitter:label1\" content=\"Szacowany czas czytania\">\n\t<meta name=\"twitter:data1\" content=\"1 minuta\">\n<script type=\"application\/ld+json\" class=\"yoast-schema-graph\">{\"@context\":\"https:\/\/schema.org\",\"@graph\":[{\"@type\":\"WebSite\",\"@id\":\"https:\/\/mdkoswiecim.pl\/#website\",\"url\":\"https:\/\/mdkoswiecim.pl\/\",\"name\":\"MDK\",\"description\":\"M\\u0142odzie\\u017cowy Dom Kultury w O\\u015bwi\\u0119cimiu\",\"potentialAction\":[{\"@type\":\"SearchAction\",\"target\":\"https:\/\/mdkoswiecim.pl\/?s={search_term_string}\",\"query-input\":\"required name=search_term_string\"}],\"inLanguage\":\"pl-PL\"},{\"@type\":\"ImageObject\",\"@id\":\"https:\/\/mdkoswiecim.pl\/index.php\/2022\/03\/28\/informacja-o-zajeciach-plastycznych-dla-dzieci-z-ukrainy\/#primaryimage\",\"inLanguage\":\"pl-PL\",\"url\":\"https:\/\/mdkoswiecim.pl\/wp-content\/uploads\/2022\/03\/Bez-nazwy.jpg\",\"contentUrl\":\"https:\/\/mdkoswiecim.pl\/wp-content\/uploads\/2022\/03\/Bez-nazwy.jpg\",\"width\":1920,\"height\":1396},{\"@type\":\"WebPage\",\"@id\":\"https:\/\/mdkoswiecim.pl\/index.php\/2022\/03\/28\/informacja-o-zajeciach-plastycznych-dla-dzieci-z-ukrainy\/#webpage\",\"url\":\"https:\/\/mdkoswiecim.pl\/index.php\/2022\/03\/28\/informacja-o-zajeciach-plastycznych-dla-dzieci-z-ukrainy\/\",\"name\":\"Informacja o zaj\\u0119ciach plastycznych dla dzieci z Ukrainy - MDK\",\"isPartOf\":{\"@id\":\"https:\/\/mdkoswiecim.pl\/#website\"},\"primaryImageOfPage\":{\"@id\":\"https:\/\/mdkoswiecim.pl\/index.php\/2022\/03\/28\/informacja-o-zajeciach-plastycznych-dla-dzieci-z-ukrainy\/#primaryimage\"},\"datePublished\":\"2022-03-28T12:02:42+00:00\",\"dateModified\":\"2022-03-28T12:02:43+00:00\",\"author\":{\"@id\":\"https:\/\/mdkoswiecim.pl\/#\/schema\/person\/de4e1c3f9f9805d4834a83cd933e83a4\"},\"breadcrumb\":{\"@id\":\"https:\/\/mdkoswiecim.pl\/index.php\/2022\/03\/28\/informacja-o-zajeciach-plastycznych-dla-dzieci-z-ukrainy\/#breadcrumb\"},\"inLanguage\":\"pl-PL\",\"potentialAction\":[{\"@type\":\"ReadAction\",\"target\":[\"https:\/\/mdkoswiecim.pl\/index.php\/2022\/03\/28\/informacja-o-zajeciach-plastycznych-dla-dzieci-z-ukrainy\/\"]}]},{\"@type\":\"BreadcrumbList\",\"@id\":\"https:\/\/mdkoswiecim.pl\/index.php\/2022\/03\/28\/informacja-o-zajeciach-plastycznych-dla-dzieci-z-ukrainy\/#breadcrumb\",\"itemListElement\":[{\"@type\":\"ListItem\",\"position\":1,\"item\":{\"@type\":\"WebPage\",\"@id\":\"https:\/\/mdkoswiecim.pl\/\",\"url\":\"https:\/\/mdkoswiecim.pl\/\",\"name\":\"Strona g\\u0142\\u00f3wna\"}},{\"@type\":\"ListItem\",\"position\":2,\"item\":{\"@type\":\"WebPage\",\"@id\":\"https:\/\/mdkoswiecim.pl\/index.php\/2022\/03\/28\/informacja-o-zajeciach-plastycznych-dla-dzieci-z-ukrainy\/\",\"url\":\"https:\/\/mdkoswiecim.pl\/index.php\/2022\/03\/28\/informacja-o-zajeciach-plastycznych-dla-dzieci-z-ukrainy\/\",\"name\":\"Informacja o zaj\\u0119ciach plastycznych dla dzieci z Ukrainy\"}}]},{\"@type\":\"Person\",\"@id\":\"https:\/\/mdkoswiecim.pl\/#\/schema\/person\/de4e1c3f9f9805d4834a83cd933e83a4\",\"name\":\"janusz.majcherek\",\"image\":{\"@type\":\"ImageObject\",\"@id\":\"https:\/\/mdkoswiecim.pl\/#personlogo\",\"inLanguage\":\"pl-PL\",\"url\":\"https:\/\/secure.gravatar.com\/avatar\/841ee0bdfc0ec9800cdb49de086063cd2bdca44d52221b7fee4d6a2db5eafb17?s=96&d=mm&r=g\",\"contentUrl\":\"https:\/\/secure.gravatar.com\/avatar\/841ee0bdfc0ec9800cdb49de086063cd2bdca44d52221b7fee4d6a2db5eafb17?s=96&d=mm&r=g\",\"caption\":\"janusz.majcherek\"}}]}<\/script>\n<!-- \/ Yoast SEO plugin. -->","_links":{"self":[{"href":"https:\/\/mdkoswiecim.pl\/index.php\/wp-json\/wp\/v2\/posts\/15296","targetHints":{"allow":["GET"]}}],"collection":[{"href":"https:\/\/mdkoswiecim.pl\/index.php\/wp-json\/wp\/v2\/posts"}],"about":[{"href":"https:\/\/mdkoswiecim.pl\/index.php\/wp-json\/wp\/v2\/types\/post"}],"author":[{"embeddable":true,"href":"https:\/\/mdkoswiecim.pl\/index.php\/wp-json\/wp\/v2\/users\/2"}],"replies":[{"embeddable":true,"href":"https:\/\/mdkoswiecim.pl\/index.php\/wp-json\/wp\/v2\/comments?post=15296"}],"version-history":[{"count":1,"href":"https:\/\/mdkoswiecim.pl\/index.php\/wp-json\/wp\/v2\/posts\/15296\/revisions"}],"predecessor-version":[{"id":15297,"href":"https:\/\/mdkoswiecim.pl\/index.php\/wp-json\/wp\/v2\/posts\/15296\/revisions\/15297"}],"wp:featuredmedia":[{"embeddable":true,"href":"https:\/\/mdkoswiecim.pl\/index.php\/wp-json\/wp\/v2\/media\/15159"}],"wp:attachment":[{"href":"https:\/\/mdkoswiecim.pl\/index.php\/wp-json\/wp\/v2\/media?parent=15296"}],"wp:term":[{"taxonomy":"category","embeddable":true,"href":"https:\/\/mdkoswiecim.pl\/index.php\/wp-json\/wp\/v2\/categories?post=15296"},{"taxonomy":"post_tag","embeddable":true,"href":"https:\/\/mdkoswiecim.pl\/index.php\/wp-json\/wp\/v2\/tags?post=15296"}],"curies":[{"name":"wp","href":"https:\/\/api.w.org\/{rel}","templated":true}]}}