{"id":15214,"date":"2022-03-21T17:38:12","date_gmt":"2022-03-21T16:38:12","guid":{"rendered":"https:\/\/mdkoswiecim.pl\/?p=15214"},"modified":"2022-03-23T21:00:59","modified_gmt":"2022-03-23T20:00:59","slug":"uwaga-zmiana-w-zajeciach-gitary-oraz-ukulele","status":"publish","type":"post","link":"https:\/\/mdkoswiecim.pl\/index.php\/2022\/03\/21\/uwaga-zmiana-w-zajeciach-gitary-oraz-ukulele\/","title":{"rendered":"Uwaga! Zmiany w zaj\u0119ciach gry na gitarze oraz na ukulele."},"content":{"rendered":"\n<p>W dniach <strong><em>od 21 marca  do 09 kwietnia<\/em><\/strong> nast\u0105pi zmiana w zaj\u0119ciach prowadzonych przez pani\u0105 Kamil\u0119 Sibik. <\/p>\n\n\n\n<p>Zaj\u0119cia <em>Gry na gitarze <\/em>w poniedzia\u0142ki w K\u0119tach oraz w pi\u0105tki w Che\u0142mku s\u0105 odwo\u0142ane do 9 kwietnia<\/p>\n\n\n\n<p>Zaj\u0119cia <em>Gry na ukulele<\/em> we wtorki w MDK r\u00f3wnie\u017c s\u0105 odwo\u0142ane do 9 kwietnia.<\/p>\n\n\n\n<p>Zaj\u0119cia <em>Gry na gitarze<\/em> we wtorki w MDK 16:30 &#8211; 18:00 &#8211;  zast\u0119pstwo pan Janusz Majcherek.<\/p>\n\n\n\n<p>Zaj\u0119cia <em>Zespo\u0142u muzycznego<\/em> z \u015brody  odb\u0119d\u0105 si\u0119 we wtorek w ramach zaj\u0119\u0107 grupy <em>Gra na gitarze<\/em> 16:30 &#8211; 18:00<\/p>\n\n\n\n<p>Zaj\u0119cia <em>Gra na gitarze<\/em> w czwartki z godziny 15:45 &#8211; 17:15 odb\u0119d\u0105 si\u0119 w ten sam dzie\u0144 w godzinach 15:15 &#8211; 16:45 &#8211; zast\u0119pstwo pan Janusz Majcherek.<\/p>\n\n\n\n<p>Zaj\u0119cia <em>Gra na gitarze<\/em> czwartki 17:25 &#8211; 18:55 odb\u0119d\u0105 si\u0119 w \u015brod\u0119 w godzinach 16:50 &#8211; 18:20 &#8211; zast\u0119pstwo pan Janusz Majcherek.<\/p>\n\n\n\n<p>Za utrudnienia i komplikacje przepraszamy.<\/p>\n","protected":false},"excerpt":{"rendered":"<p>W dniach od 21 marca do 09 kwietnia nast\u0105pi zmiana w zaj\u0119ciach prowadzonych przez pani\u0105 Kamil\u0119 Sibik. Zaj\u0119cia Gry na gitarze w poniedzia\u0142ki w K\u0119tach oraz w pi\u0105tki w Che\u0142mku s\u0105 odwo\u0142ane do 9 kwietnia Zaj\u0119cia Gry na ukulele we wtorki w MDK r\u00f3wnie\u017c s\u0105 odwo\u0142ane do 9 kwietnia. Zaj\u0119cia Gry na gitarze we wtorki [&hellip;]<\/p>\n","protected":false},"author":2,"featured_media":15215,"comment_status":"closed","ping_status":"closed","sticky":false,"template":"","format":"standard","meta":{"footnotes":""},"categories":[108],"tags":[],"class_list":["post-15214","post","type-post","status-publish","format-standard","has-post-thumbnail","hentry","category-aktualnosci"],"yoast_head":"<!-- This site is optimized with the Yoast SEO plugin v16.1.1 - https:\/\/yoast.com\/wordpress\/plugins\/seo\/ -->\n<title>Uwaga! Zmiany w zaj\u0119ciach gry na gitarze oraz na ukulele. - MDK<\/title>\n<link rel=\"canonical\" href=\"https:\/\/mdkoswiecim.pl\/index.php\/2022\/03\/21\/uwaga-zmiana-w-zajeciach-gitary-oraz-ukulele\/\" \/>\n<meta property=\"og:locale\" content=\"pl_PL\" \/>\n<meta property=\"og:type\" content=\"article\" \/>\n<meta property=\"og:title\" content=\"Uwaga! Zmiany w zaj\u0119ciach gry na gitarze oraz na ukulele. - MDK\" \/>\n<meta property=\"og:description\" content=\"W dniach od 21 marca do 09 kwietnia nast\u0105pi zmiana w zaj\u0119ciach prowadzonych przez pani\u0105 Kamil\u0119 Sibik. Zaj\u0119cia Gry na gitarze w poniedzia\u0142ki w K\u0119tach oraz w pi\u0105tki w Che\u0142mku s\u0105 odwo\u0142ane do 9 kwietnia Zaj\u0119cia Gry na ukulele we wtorki w MDK r\u00f3wnie\u017c s\u0105 odwo\u0142ane do 9 kwietnia. Zaj\u0119cia Gry na gitarze we wtorki [&hellip;]\" \/>\n<meta property=\"og:url\" content=\"https:\/\/mdkoswiecim.pl\/index.php\/2022\/03\/21\/uwaga-zmiana-w-zajeciach-gitary-oraz-ukulele\/\" \/>\n<meta property=\"og:site_name\" content=\"MDK\" \/>\n<meta property=\"article:published_time\" content=\"2022-03-21T16:38:12+00:00\" \/>\n<meta property=\"article:modified_time\" content=\"2022-03-23T20:00:59+00:00\" \/>\n<meta property=\"og:image\" content=\"https:\/\/mdkoswiecim.pl\/wp-content\/uploads\/2022\/03\/wazne.jpg\" \/>\n\t<meta property=\"og:image:width\" content=\"800\" \/>\n\t<meta property=\"og:image:height\" content=\"800\" \/>\n<meta name=\"twitter:card\" content=\"summary_large_image\" \/>\n<meta name=\"twitter:label1\" content=\"Szacowany czas czytania\">\n\t<meta name=\"twitter:data1\" content=\"1 minuta\">\n<script type=\"application\/ld+json\" class=\"yoast-schema-graph\">{\"@context\":\"https:\/\/schema.org\",\"@graph\":[{\"@type\":\"WebSite\",\"@id\":\"https:\/\/mdkoswiecim.pl\/#website\",\"url\":\"https:\/\/mdkoswiecim.pl\/\",\"name\":\"MDK\",\"description\":\"M\\u0142odzie\\u017cowy Dom Kultury w O\\u015bwi\\u0119cimiu\",\"potentialAction\":[{\"@type\":\"SearchAction\",\"target\":\"https:\/\/mdkoswiecim.pl\/?s={search_term_string}\",\"query-input\":\"required name=search_term_string\"}],\"inLanguage\":\"pl-PL\"},{\"@type\":\"ImageObject\",\"@id\":\"https:\/\/mdkoswiecim.pl\/index.php\/2022\/03\/21\/uwaga-zmiana-w-zajeciach-gitary-oraz-ukulele\/#primaryimage\",\"inLanguage\":\"pl-PL\",\"url\":\"https:\/\/mdkoswiecim.pl\/wp-content\/uploads\/2022\/03\/wazne.jpg\",\"contentUrl\":\"https:\/\/mdkoswiecim.pl\/wp-content\/uploads\/2022\/03\/wazne.jpg\",\"width\":800,\"height\":800},{\"@type\":\"WebPage\",\"@id\":\"https:\/\/mdkoswiecim.pl\/index.php\/2022\/03\/21\/uwaga-zmiana-w-zajeciach-gitary-oraz-ukulele\/#webpage\",\"url\":\"https:\/\/mdkoswiecim.pl\/index.php\/2022\/03\/21\/uwaga-zmiana-w-zajeciach-gitary-oraz-ukulele\/\",\"name\":\"Uwaga! Zmiany w zaj\\u0119ciach gry na gitarze oraz na ukulele. - MDK\",\"isPartOf\":{\"@id\":\"https:\/\/mdkoswiecim.pl\/#website\"},\"primaryImageOfPage\":{\"@id\":\"https:\/\/mdkoswiecim.pl\/index.php\/2022\/03\/21\/uwaga-zmiana-w-zajeciach-gitary-oraz-ukulele\/#primaryimage\"},\"datePublished\":\"2022-03-21T16:38:12+00:00\",\"dateModified\":\"2022-03-23T20:00:59+00:00\",\"author\":{\"@id\":\"https:\/\/mdkoswiecim.pl\/#\/schema\/person\/de4e1c3f9f9805d4834a83cd933e83a4\"},\"breadcrumb\":{\"@id\":\"https:\/\/mdkoswiecim.pl\/index.php\/2022\/03\/21\/uwaga-zmiana-w-zajeciach-gitary-oraz-ukulele\/#breadcrumb\"},\"inLanguage\":\"pl-PL\",\"potentialAction\":[{\"@type\":\"ReadAction\",\"target\":[\"https:\/\/mdkoswiecim.pl\/index.php\/2022\/03\/21\/uwaga-zmiana-w-zajeciach-gitary-oraz-ukulele\/\"]}]},{\"@type\":\"BreadcrumbList\",\"@id\":\"https:\/\/mdkoswiecim.pl\/index.php\/2022\/03\/21\/uwaga-zmiana-w-zajeciach-gitary-oraz-ukulele\/#breadcrumb\",\"itemListElement\":[{\"@type\":\"ListItem\",\"position\":1,\"item\":{\"@type\":\"WebPage\",\"@id\":\"https:\/\/mdkoswiecim.pl\/\",\"url\":\"https:\/\/mdkoswiecim.pl\/\",\"name\":\"Strona g\\u0142\\u00f3wna\"}},{\"@type\":\"ListItem\",\"position\":2,\"item\":{\"@type\":\"WebPage\",\"@id\":\"https:\/\/mdkoswiecim.pl\/index.php\/2022\/03\/21\/uwaga-zmiana-w-zajeciach-gitary-oraz-ukulele\/\",\"url\":\"https:\/\/mdkoswiecim.pl\/index.php\/2022\/03\/21\/uwaga-zmiana-w-zajeciach-gitary-oraz-ukulele\/\",\"name\":\"Uwaga! Zmiany w zaj\\u0119ciach gry na gitarze oraz na ukulele.\"}}]},{\"@type\":\"Person\",\"@id\":\"https:\/\/mdkoswiecim.pl\/#\/schema\/person\/de4e1c3f9f9805d4834a83cd933e83a4\",\"name\":\"janusz.majcherek\",\"image\":{\"@type\":\"ImageObject\",\"@id\":\"https:\/\/mdkoswiecim.pl\/#personlogo\",\"inLanguage\":\"pl-PL\",\"url\":\"https:\/\/secure.gravatar.com\/avatar\/841ee0bdfc0ec9800cdb49de086063cd2bdca44d52221b7fee4d6a2db5eafb17?s=96&d=mm&r=g\",\"contentUrl\":\"https:\/\/secure.gravatar.com\/avatar\/841ee0bdfc0ec9800cdb49de086063cd2bdca44d52221b7fee4d6a2db5eafb17?s=96&d=mm&r=g\",\"caption\":\"janusz.majcherek\"}}]}<\/script>\n<!-- \/ Yoast SEO plugin. -->","_links":{"self":[{"href":"https:\/\/mdkoswiecim.pl\/index.php\/wp-json\/wp\/v2\/posts\/15214","targetHints":{"allow":["GET"]}}],"collection":[{"href":"https:\/\/mdkoswiecim.pl\/index.php\/wp-json\/wp\/v2\/posts"}],"about":[{"href":"https:\/\/mdkoswiecim.pl\/index.php\/wp-json\/wp\/v2\/types\/post"}],"author":[{"embeddable":true,"href":"https:\/\/mdkoswiecim.pl\/index.php\/wp-json\/wp\/v2\/users\/2"}],"replies":[{"embeddable":true,"href":"https:\/\/mdkoswiecim.pl\/index.php\/wp-json\/wp\/v2\/comments?post=15214"}],"version-history":[{"count":4,"href":"https:\/\/mdkoswiecim.pl\/index.php\/wp-json\/wp\/v2\/posts\/15214\/revisions"}],"predecessor-version":[{"id":15236,"href":"https:\/\/mdkoswiecim.pl\/index.php\/wp-json\/wp\/v2\/posts\/15214\/revisions\/15236"}],"wp:featuredmedia":[{"embeddable":true,"href":"https:\/\/mdkoswiecim.pl\/index.php\/wp-json\/wp\/v2\/media\/15215"}],"wp:attachment":[{"href":"https:\/\/mdkoswiecim.pl\/index.php\/wp-json\/wp\/v2\/media?parent=15214"}],"wp:term":[{"taxonomy":"category","embeddable":true,"href":"https:\/\/mdkoswiecim.pl\/index.php\/wp-json\/wp\/v2\/categories?post=15214"},{"taxonomy":"post_tag","embeddable":true,"href":"https:\/\/mdkoswiecim.pl\/index.php\/wp-json\/wp\/v2\/tags?post=15214"}],"curies":[{"name":"wp","href":"https:\/\/api.w.org\/{rel}","templated":true}]}}