{"id":15179,"date":"2022-03-16T17:16:20","date_gmt":"2022-03-16T16:16:20","guid":{"rendered":"https:\/\/mdkoswiecim.pl\/?p=15179"},"modified":"2022-03-16T17:16:21","modified_gmt":"2022-03-16T16:16:21","slug":"spektakl-teatralny-mdk-dla-kobiet-i-nie-tylko-z-uniwersytetu-trzeciego-wieku","status":"publish","type":"post","link":"https:\/\/mdkoswiecim.pl\/index.php\/2022\/03\/16\/spektakl-teatralny-mdk-dla-kobiet-i-nie-tylko-z-uniwersytetu-trzeciego-wieku\/","title":{"rendered":"Spektakl teatralny MDK dla Kobiet i nie tylko z Uniwersytetu Trzeciego Wieku"},"content":{"rendered":"\n<p>8 marca w O\u015bwi\u0119cimskim Centrum Kultury Uniwersytet Trzeciego Wieku \u015bwi\u0119towa\u0142 Dzie\u0144 Kobiet. Z tej okazji grupa teatralna M\u0142odzie\u017cowego Domu Kultury w O\u015bwi\u0119cimiu zaprezentowa\u0142a na scenie OCK spektakl teatralny, sk\u0142adaj\u0105cy si\u0119 z trzech etiud, urozmaiconych choreografiami przygotowanymi wraz z instruktorem, pani\u0105 Ann\u0105 Chodack\u0105. Dzi\u0119kujemy UTW za zaproszenie i \u017cyczymy du\u017co zdrowia i u\u015bmiechu.<\/p>\n\n\n\n<p>Poni\u017cej link do filmu.<\/p>\n\n\n\n<p><a href=\"https:\/\/drive.google.com\/file\/d\/1BbWYyk9J9g306Sp4kNQvWUqkdYfxCwqI\/view?usp=sharing\">https:\/\/drive.google.com\/file\/d\/1BbWYyk9J9g306Sp4kNQvWUqkdYfxCwqI\/view?usp=sharing<\/a><\/p>\n\n\n\n<figure class=\"wp-block-gallery has-nested-images columns-default is-cropped wp-block-gallery-1 is-layout-flex wp-block-gallery-is-layout-flex\">\n<figure class=\"wp-block-image size-large\"><img loading=\"lazy\" decoding=\"async\" width=\"1024\" height=\"1024\" data-id=\"15180\" src=\"https:\/\/mdkoswiecim.pl\/wp-content\/uploads\/2022\/03\/20220308_152311-1024x1024.jpg\" alt=\"\" class=\"wp-image-15180\" srcset=\"https:\/\/mdkoswiecim.pl\/wp-content\/uploads\/2022\/03\/20220308_152311-1024x1024.jpg 1024w, https:\/\/mdkoswiecim.pl\/wp-content\/uploads\/2022\/03\/20220308_152311-300x300.jpg 300w, https:\/\/mdkoswiecim.pl\/wp-content\/uploads\/2022\/03\/20220308_152311-150x150.jpg 150w, https:\/\/mdkoswiecim.pl\/wp-content\/uploads\/2022\/03\/20220308_152311-768x768.jpg 768w, https:\/\/mdkoswiecim.pl\/wp-content\/uploads\/2022\/03\/20220308_152311-1536x1536.jpg 1536w, https:\/\/mdkoswiecim.pl\/wp-content\/uploads\/2022\/03\/20220308_152311-2048x2048.jpg 2048w\" sizes=\"auto, (max-width: 1024px) 100vw, 1024px\" \/><\/figure>\n\n\n\n<figure class=\"wp-block-image size-large\"><img loading=\"lazy\" decoding=\"async\" width=\"1024\" height=\"1024\" data-id=\"15181\" src=\"https:\/\/mdkoswiecim.pl\/wp-content\/uploads\/2022\/03\/20220308_153226-1024x1024.jpg\" alt=\"\" class=\"wp-image-15181\" srcset=\"https:\/\/mdkoswiecim.pl\/wp-content\/uploads\/2022\/03\/20220308_153226-1024x1024.jpg 1024w, https:\/\/mdkoswiecim.pl\/wp-content\/uploads\/2022\/03\/20220308_153226-300x300.jpg 300w, https:\/\/mdkoswiecim.pl\/wp-content\/uploads\/2022\/03\/20220308_153226-150x150.jpg 150w, https:\/\/mdkoswiecim.pl\/wp-content\/uploads\/2022\/03\/20220308_153226-768x768.jpg 768w, https:\/\/mdkoswiecim.pl\/wp-content\/uploads\/2022\/03\/20220308_153226-1536x1536.jpg 1536w, https:\/\/mdkoswiecim.pl\/wp-content\/uploads\/2022\/03\/20220308_153226-2048x2048.jpg 2048w\" sizes=\"auto, (max-width: 1024px) 100vw, 1024px\" \/><\/figure>\n\n\n\n<figure class=\"wp-block-image size-large\"><img loading=\"lazy\" decoding=\"async\" width=\"1024\" height=\"768\" data-id=\"15182\" src=\"https:\/\/mdkoswiecim.pl\/wp-content\/uploads\/2022\/03\/20220308_154342-1024x768.jpg\" alt=\"\" class=\"wp-image-15182\" srcset=\"https:\/\/mdkoswiecim.pl\/wp-content\/uploads\/2022\/03\/20220308_154342-1024x768.jpg 1024w, https:\/\/mdkoswiecim.pl\/wp-content\/uploads\/2022\/03\/20220308_154342-300x225.jpg 300w, https:\/\/mdkoswiecim.pl\/wp-content\/uploads\/2022\/03\/20220308_154342-768x576.jpg 768w, https:\/\/mdkoswiecim.pl\/wp-content\/uploads\/2022\/03\/20220308_154342-1536x1152.jpg 1536w, https:\/\/mdkoswiecim.pl\/wp-content\/uploads\/2022\/03\/20220308_154342-2048x1536.jpg 2048w\" sizes=\"auto, (max-width: 1024px) 100vw, 1024px\" \/><\/figure>\n\n\n\n<figure class=\"wp-block-image size-large\"><img loading=\"lazy\" decoding=\"async\" width=\"1024\" height=\"768\" data-id=\"15183\" src=\"https:\/\/mdkoswiecim.pl\/wp-content\/uploads\/2022\/03\/20220308_154429-1024x768.jpg\" alt=\"\" class=\"wp-image-15183\" srcset=\"https:\/\/mdkoswiecim.pl\/wp-content\/uploads\/2022\/03\/20220308_154429-1024x768.jpg 1024w, https:\/\/mdkoswiecim.pl\/wp-content\/uploads\/2022\/03\/20220308_154429-300x225.jpg 300w, https:\/\/mdkoswiecim.pl\/wp-content\/uploads\/2022\/03\/20220308_154429-768x576.jpg 768w, https:\/\/mdkoswiecim.pl\/wp-content\/uploads\/2022\/03\/20220308_154429-1536x1152.jpg 1536w, https:\/\/mdkoswiecim.pl\/wp-content\/uploads\/2022\/03\/20220308_154429-2048x1536.jpg 2048w\" sizes=\"auto, (max-width: 1024px) 100vw, 1024px\" \/><\/figure>\n\n\n\n<figure class=\"wp-block-image size-large\"><img loading=\"lazy\" decoding=\"async\" width=\"1024\" height=\"768\" data-id=\"15184\" src=\"https:\/\/mdkoswiecim.pl\/wp-content\/uploads\/2022\/03\/20220308_154437-1024x768.jpg\" alt=\"\" class=\"wp-image-15184\" srcset=\"https:\/\/mdkoswiecim.pl\/wp-content\/uploads\/2022\/03\/20220308_154437-1024x768.jpg 1024w, https:\/\/mdkoswiecim.pl\/wp-content\/uploads\/2022\/03\/20220308_154437-300x225.jpg 300w, https:\/\/mdkoswiecim.pl\/wp-content\/uploads\/2022\/03\/20220308_154437-768x576.jpg 768w, https:\/\/mdkoswiecim.pl\/wp-content\/uploads\/2022\/03\/20220308_154437-1536x1152.jpg 1536w, https:\/\/mdkoswiecim.pl\/wp-content\/uploads\/2022\/03\/20220308_154437-2048x1536.jpg 2048w\" sizes=\"auto, (max-width: 1024px) 100vw, 1024px\" \/><\/figure>\n<\/figure>\n","protected":false},"excerpt":{"rendered":"<p>8 marca w O\u015bwi\u0119cimskim Centrum Kultury Uniwersytet Trzeciego Wieku \u015bwi\u0119towa\u0142 Dzie\u0144 Kobiet. Z tej okazji grupa teatralna M\u0142odzie\u017cowego Domu Kultury w O\u015bwi\u0119cimiu zaprezentowa\u0142a na scenie OCK spektakl teatralny, sk\u0142adaj\u0105cy si\u0119 z trzech etiud, urozmaiconych choreografiami przygotowanymi wraz z instruktorem, pani\u0105 Ann\u0105 Chodack\u0105. Dzi\u0119kujemy UTW za zaproszenie i \u017cyczymy du\u017co zdrowia i u\u015bmiechu. Poni\u017cej link do [&hellip;]<\/p>\n","protected":false},"author":3,"featured_media":15183,"comment_status":"closed","ping_status":"closed","sticky":false,"template":"","format":"standard","meta":{"footnotes":""},"categories":[108],"tags":[],"class_list":["post-15179","post","type-post","status-publish","format-standard","has-post-thumbnail","hentry","category-aktualnosci"],"yoast_head":"<!-- This site is optimized with the Yoast SEO plugin v16.1.1 - https:\/\/yoast.com\/wordpress\/plugins\/seo\/ -->\n<title>Spektakl teatralny MDK dla Kobiet i nie tylko z Uniwersytetu Trzeciego Wieku - MDK<\/title>\n<link rel=\"canonical\" href=\"https:\/\/mdkoswiecim.pl\/index.php\/2022\/03\/16\/spektakl-teatralny-mdk-dla-kobiet-i-nie-tylko-z-uniwersytetu-trzeciego-wieku\/\" \/>\n<meta property=\"og:locale\" content=\"pl_PL\" \/>\n<meta property=\"og:type\" content=\"article\" \/>\n<meta property=\"og:title\" content=\"Spektakl teatralny MDK dla Kobiet i nie tylko z Uniwersytetu Trzeciego Wieku - MDK\" \/>\n<meta property=\"og:description\" content=\"8 marca w O\u015bwi\u0119cimskim Centrum Kultury Uniwersytet Trzeciego Wieku \u015bwi\u0119towa\u0142 Dzie\u0144 Kobiet. Z tej okazji grupa teatralna M\u0142odzie\u017cowego Domu Kultury w O\u015bwi\u0119cimiu zaprezentowa\u0142a na scenie OCK spektakl teatralny, sk\u0142adaj\u0105cy si\u0119 z trzech etiud, urozmaiconych choreografiami przygotowanymi wraz z instruktorem, pani\u0105 Ann\u0105 Chodack\u0105. Dzi\u0119kujemy UTW za zaproszenie i \u017cyczymy du\u017co zdrowia i u\u015bmiechu. Poni\u017cej link do [&hellip;]\" \/>\n<meta property=\"og:url\" content=\"https:\/\/mdkoswiecim.pl\/index.php\/2022\/03\/16\/spektakl-teatralny-mdk-dla-kobiet-i-nie-tylko-z-uniwersytetu-trzeciego-wieku\/\" \/>\n<meta property=\"og:site_name\" content=\"MDK\" \/>\n<meta property=\"article:published_time\" content=\"2022-03-16T16:16:20+00:00\" \/>\n<meta property=\"article:modified_time\" content=\"2022-03-16T16:16:21+00:00\" \/>\n<meta property=\"og:image\" content=\"https:\/\/mdkoswiecim.pl\/wp-content\/uploads\/2022\/03\/20220308_154429-scaled.jpg\" \/>\n\t<meta property=\"og:image:width\" content=\"2560\" \/>\n\t<meta property=\"og:image:height\" content=\"1920\" \/>\n<meta name=\"twitter:card\" content=\"summary_large_image\" \/>\n<meta name=\"twitter:label1\" content=\"Szacowany czas czytania\">\n\t<meta name=\"twitter:data1\" content=\"2 minuty\">\n<script type=\"application\/ld+json\" class=\"yoast-schema-graph\">{\"@context\":\"https:\/\/schema.org\",\"@graph\":[{\"@type\":\"WebSite\",\"@id\":\"https:\/\/mdkoswiecim.pl\/#website\",\"url\":\"https:\/\/mdkoswiecim.pl\/\",\"name\":\"MDK\",\"description\":\"M\\u0142odzie\\u017cowy Dom Kultury w O\\u015bwi\\u0119cimiu\",\"potentialAction\":[{\"@type\":\"SearchAction\",\"target\":\"https:\/\/mdkoswiecim.pl\/?s={search_term_string}\",\"query-input\":\"required name=search_term_string\"}],\"inLanguage\":\"pl-PL\"},{\"@type\":\"ImageObject\",\"@id\":\"https:\/\/mdkoswiecim.pl\/index.php\/2022\/03\/16\/spektakl-teatralny-mdk-dla-kobiet-i-nie-tylko-z-uniwersytetu-trzeciego-wieku\/#primaryimage\",\"inLanguage\":\"pl-PL\",\"url\":\"https:\/\/mdkoswiecim.pl\/wp-content\/uploads\/2022\/03\/20220308_154429-scaled.jpg\",\"contentUrl\":\"https:\/\/mdkoswiecim.pl\/wp-content\/uploads\/2022\/03\/20220308_154429-scaled.jpg\",\"width\":2560,\"height\":1920},{\"@type\":\"WebPage\",\"@id\":\"https:\/\/mdkoswiecim.pl\/index.php\/2022\/03\/16\/spektakl-teatralny-mdk-dla-kobiet-i-nie-tylko-z-uniwersytetu-trzeciego-wieku\/#webpage\",\"url\":\"https:\/\/mdkoswiecim.pl\/index.php\/2022\/03\/16\/spektakl-teatralny-mdk-dla-kobiet-i-nie-tylko-z-uniwersytetu-trzeciego-wieku\/\",\"name\":\"Spektakl teatralny MDK dla Kobiet i nie tylko z Uniwersytetu Trzeciego Wieku - MDK\",\"isPartOf\":{\"@id\":\"https:\/\/mdkoswiecim.pl\/#website\"},\"primaryImageOfPage\":{\"@id\":\"https:\/\/mdkoswiecim.pl\/index.php\/2022\/03\/16\/spektakl-teatralny-mdk-dla-kobiet-i-nie-tylko-z-uniwersytetu-trzeciego-wieku\/#primaryimage\"},\"datePublished\":\"2022-03-16T16:16:20+00:00\",\"dateModified\":\"2022-03-16T16:16:21+00:00\",\"author\":{\"@id\":\"https:\/\/mdkoswiecim.pl\/#\/schema\/person\/d9c1081e4cfefcbccad7ec11fa250f7a\"},\"breadcrumb\":{\"@id\":\"https:\/\/mdkoswiecim.pl\/index.php\/2022\/03\/16\/spektakl-teatralny-mdk-dla-kobiet-i-nie-tylko-z-uniwersytetu-trzeciego-wieku\/#breadcrumb\"},\"inLanguage\":\"pl-PL\",\"potentialAction\":[{\"@type\":\"ReadAction\",\"target\":[\"https:\/\/mdkoswiecim.pl\/index.php\/2022\/03\/16\/spektakl-teatralny-mdk-dla-kobiet-i-nie-tylko-z-uniwersytetu-trzeciego-wieku\/\"]}]},{\"@type\":\"BreadcrumbList\",\"@id\":\"https:\/\/mdkoswiecim.pl\/index.php\/2022\/03\/16\/spektakl-teatralny-mdk-dla-kobiet-i-nie-tylko-z-uniwersytetu-trzeciego-wieku\/#breadcrumb\",\"itemListElement\":[{\"@type\":\"ListItem\",\"position\":1,\"item\":{\"@type\":\"WebPage\",\"@id\":\"https:\/\/mdkoswiecim.pl\/\",\"url\":\"https:\/\/mdkoswiecim.pl\/\",\"name\":\"Strona g\\u0142\\u00f3wna\"}},{\"@type\":\"ListItem\",\"position\":2,\"item\":{\"@type\":\"WebPage\",\"@id\":\"https:\/\/mdkoswiecim.pl\/index.php\/2022\/03\/16\/spektakl-teatralny-mdk-dla-kobiet-i-nie-tylko-z-uniwersytetu-trzeciego-wieku\/\",\"url\":\"https:\/\/mdkoswiecim.pl\/index.php\/2022\/03\/16\/spektakl-teatralny-mdk-dla-kobiet-i-nie-tylko-z-uniwersytetu-trzeciego-wieku\/\",\"name\":\"Spektakl teatralny MDK dla Kobiet i nie tylko z Uniwersytetu Trzeciego Wieku\"}}]},{\"@type\":\"Person\",\"@id\":\"https:\/\/mdkoswiecim.pl\/#\/schema\/person\/d9c1081e4cfefcbccad7ec11fa250f7a\",\"name\":\"alina.kwarciak\",\"image\":{\"@type\":\"ImageObject\",\"@id\":\"https:\/\/mdkoswiecim.pl\/#personlogo\",\"inLanguage\":\"pl-PL\",\"url\":\"https:\/\/secure.gravatar.com\/avatar\/cce8f640650bbd69c0efc0afd2dddb7945a94129b978796401e58cac1eb8b87b?s=96&d=mm&r=g\",\"contentUrl\":\"https:\/\/secure.gravatar.com\/avatar\/cce8f640650bbd69c0efc0afd2dddb7945a94129b978796401e58cac1eb8b87b?s=96&d=mm&r=g\",\"caption\":\"alina.kwarciak\"}}]}<\/script>\n<!-- \/ Yoast SEO plugin. -->","_links":{"self":[{"href":"https:\/\/mdkoswiecim.pl\/index.php\/wp-json\/wp\/v2\/posts\/15179","targetHints":{"allow":["GET"]}}],"collection":[{"href":"https:\/\/mdkoswiecim.pl\/index.php\/wp-json\/wp\/v2\/posts"}],"about":[{"href":"https:\/\/mdkoswiecim.pl\/index.php\/wp-json\/wp\/v2\/types\/post"}],"author":[{"embeddable":true,"href":"https:\/\/mdkoswiecim.pl\/index.php\/wp-json\/wp\/v2\/users\/3"}],"replies":[{"embeddable":true,"href":"https:\/\/mdkoswiecim.pl\/index.php\/wp-json\/wp\/v2\/comments?post=15179"}],"version-history":[{"count":1,"href":"https:\/\/mdkoswiecim.pl\/index.php\/wp-json\/wp\/v2\/posts\/15179\/revisions"}],"predecessor-version":[{"id":15185,"href":"https:\/\/mdkoswiecim.pl\/index.php\/wp-json\/wp\/v2\/posts\/15179\/revisions\/15185"}],"wp:featuredmedia":[{"embeddable":true,"href":"https:\/\/mdkoswiecim.pl\/index.php\/wp-json\/wp\/v2\/media\/15183"}],"wp:attachment":[{"href":"https:\/\/mdkoswiecim.pl\/index.php\/wp-json\/wp\/v2\/media?parent=15179"}],"wp:term":[{"taxonomy":"category","embeddable":true,"href":"https:\/\/mdkoswiecim.pl\/index.php\/wp-json\/wp\/v2\/categories?post=15179"},{"taxonomy":"post_tag","embeddable":true,"href":"https:\/\/mdkoswiecim.pl\/index.php\/wp-json\/wp\/v2\/tags?post=15179"}],"curies":[{"name":"wp","href":"https:\/\/api.w.org\/{rel}","templated":true}]}}