{"id":15155,"date":"2022-03-14T09:28:29","date_gmt":"2022-03-14T08:28:29","guid":{"rendered":"https:\/\/mdkoswiecim.pl\/?p=15155"},"modified":"2022-03-16T12:58:16","modified_gmt":"2022-03-16T11:58:16","slug":"zajecia-dla-dzieci-i-mlodziezy-z-ukrainy","status":"publish","type":"post","link":"https:\/\/mdkoswiecim.pl\/index.php\/2022\/03\/14\/zajecia-dla-dzieci-i-mlodziezy-z-ukrainy\/","title":{"rendered":"Zaj\u0119cia dla dzieci i m\u0142odzie\u017cy z Ukrainy"},"content":{"rendered":"\n<pre id=\"tw-target-text\" class=\"wp-block-preformatted\"><strong>\u0417\u0430\u043d\u044f\u0442\u0442\u044f \u0434\u043b\u044f \u0434\u0456\u0442\u0435\u0439 \u0442\u0430 \u043f\u0456\u0434\u043b\u0456\u0442\u043a\u0456\u0432 \u0437 \u0423\u043a\u0440\u0430\u0457\u043d\u0438<\/strong><\/pre>\n\n\n\n<p>M\u0142odzie\u017cowy Dom Kultury w O\u015bwi\u0119cimiu zaprasza na zaj\u0119cia dzieci i m\u0142odzie\u017c z Ukrainy od 6 do 20 roku \u017cycia. Opr\u00f3cz zaj\u0119\u0107 og\u00f3lnodost\u0119pnych przygotowali\u015bmy dodatkowe zaj\u0119cia tylko dla nich:<\/p>\n\n\n\n<p>nauka j\u0119zyka polskiego &#8211; poniedzia\u0142ek 15.30-17.00<\/p>\n\n\n\n<p>zabawy plastyczne &#8211; czwartek 17.30-19.00<\/p>\n\n\n\n<p>Zapisy obowi\u0105zkowe!<\/p>\n\n\n\n<p>ZAJ\u0118CIA ROZPOCZN\u0104 SI\u0118 28 MARCA 2022 R.<\/p>\n\n\n\n<div class=\"wp-block-file\"><a id=\"wp-block-file--media-5a071910-bcf0-4757-a76c-62175c08fa64\" href=\"https:\/\/mdkoswiecim.pl\/wp-content\/uploads\/2022\/03\/HARMONOGRAM-zajec-2021-3-1-1.doc\">HARMONOGRAM-zajec-2021-3-1-1<\/a><a href=\"https:\/\/mdkoswiecim.pl\/wp-content\/uploads\/2022\/03\/HARMONOGRAM-zajec-2021-3-1-1.doc\" class=\"wp-block-file__button\" download aria-describedby=\"wp-block-file--media-5a071910-bcf0-4757-a76c-62175c08fa64\">Pobierz<\/a><\/div>\n\n\n\n<pre id=\"tw-target-text\" class=\"wp-block-preformatted\">\u041c\u043e\u043b\u043e\u0434\u0456\u0436\u043d\u0438\u0439 \u0433\u0440\u043e\u043c\u0430\u0434\u0441\u044c\u043a\u0438\u0439 \u0446\u0435\u043d\u0442\u0440 \u0432 \u041e\u0441\u0432\u0435\u043d\u0446\u0438\u043c\u0456 \u0437\u0430\u043f\u0440\u043e\u0448\u0443\u0454 \u043d\u0430 \u0437\u0430\u043d\u044f\u0442\u0442\u044f \u0434\u0456\u0442\u0435\u0439 \u0442\u0430 \u043f\u0456\u0434\u043b\u0456\u0442\u043a\u0456\u0432 \u0437 \u0423\u043a\u0440\u0430\u0457\u043d\u0438 \u0432\u0456\u0434 6 \u0434\u043e 20 \u0440\u043e\u043a\u0456\u0432. \u041e\u043a\u0440\u0456\u043c \u043c\u0430\u0441\u043e\u0432\u0438\u0445, \u043c\u0438 \u043f\u0456\u0434\u0433\u043e\u0442\u0443\u0432\u0430\u043b\u0438 \u0434\u043e\u0434\u0430\u0442\u043a\u043e\u0432\u0456 \u0437\u0430\u043d\u044f\u0442\u0442\u044f \u043b\u0438\u0448\u0435 \u0434\u043b\u044f \u043d\u0438\u0445: \n\n\u0432\u0438\u0432\u0447\u0435\u043d\u043d\u044f \u043f\u043e\u043b\u044c\u0441\u044c\u043a\u043e\u0457 \u043c\u043e\u0432\u0438 - \u043f\u043e\u043d\u0435\u0434\u0456\u043b\u043e\u043a 15.30-17.00 \n\n\u0445\u0443\u0434\u043e\u0436\u043d\u0456 \u0456\u0433\u0440\u0438 \u2013 \u0447\u0435\u0442\u0432\u0435\u0440 16.00-18.30 \n\n\u041e\u0431\u043e\u0432'\u044f\u0437\u043a\u043e\u0432\u0456 \u0437\u0430\u043f\u0438\u0441\u0438! \u0417\u0410\u041d\u042f\u0422\u0422\u042f \u041f\u041e\u0427\u0410\u0422\u042f\u0422\u042c\u0421\u042f 28 \u0411\u0415\u0420\u0415\u0417\u041d\u042f 2022 \u0420\u041e\u041a\u0423. \n<\/pre>\n\n\n\n<div class=\"wp-block-file\"><a id=\"wp-block-file--media-4d28d8da-0d18-45f4-80d7-897c4a1d36c9\" href=\"https:\/\/mdkoswiecim.pl\/wp-content\/uploads\/2022\/03\/HARMONOGRAM-zajec-2021-3-1-1.doc\">HARMONOGRAM-zajec-2021-3-1-1<\/a><a href=\"https:\/\/mdkoswiecim.pl\/wp-content\/uploads\/2022\/03\/HARMONOGRAM-zajec-2021-3-1-1.doc\" class=\"wp-block-file__button\" download aria-describedby=\"wp-block-file--media-4d28d8da-0d18-45f4-80d7-897c4a1d36c9\">Pobierz<\/a><\/div>\n\n\n\n<div class=\"wp-block-file\"><a id=\"wp-block-file--media-cfafdebe-da77-4d6f-be5e-e3b85a30086c\" href=\"https:\/\/mdkoswiecim.pl\/wp-content\/uploads\/2022\/03\/\u0437\u0430\u044f\u0432\u0430-\u043f\u0440\u043e-\u0434\u043e\u043f\u0443\u0441\u043a-\u043a\u0430\u043d\u0434\u0438\u0434\u0430\u0442\u0430-1.doc\">\u0437\u0430\u044f\u0432\u0430-\u043f\u0440\u043e-\u0434\u043e\u043f\u0443\u0441\u043a-\u043a\u0430\u043d\u0434\u0438\u0434\u0430\u0442\u0430-1<\/a><a href=\"https:\/\/mdkoswiecim.pl\/wp-content\/uploads\/2022\/03\/\u0437\u0430\u044f\u0432\u0430-\u043f\u0440\u043e-\u0434\u043e\u043f\u0443\u0441\u043a-\u043a\u0430\u043d\u0434\u0438\u0434\u0430\u0442\u0430-1.doc\" class=\"wp-block-file__button\" download aria-describedby=\"wp-block-file--media-cfafdebe-da77-4d6f-be5e-e3b85a30086c\">Pobierz<\/a><\/div>\n","protected":false},"excerpt":{"rendered":"<p>\u0417\u0430\u043d\u044f\u0442\u0442\u044f \u0434\u043b\u044f \u0434\u0456\u0442\u0435\u0439 \u0442\u0430 \u043f\u0456\u0434\u043b\u0456\u0442\u043a\u0456\u0432 \u0437 \u0423\u043a\u0440\u0430\u0457\u043d\u0438 M\u0142odzie\u017cowy Dom Kultury w O\u015bwi\u0119cimiu zaprasza na zaj\u0119cia dzieci i m\u0142odzie\u017c z Ukrainy od 6 do 20 roku \u017cycia. Opr\u00f3cz zaj\u0119\u0107 og\u00f3lnodost\u0119pnych przygotowali\u015bmy dodatkowe zaj\u0119cia tylko dla nich: nauka j\u0119zyka polskiego &#8211; poniedzia\u0142ek 15.30-17.00 zabawy plastyczne &#8211; czwartek 17.30-19.00 Zapisy obowi\u0105zkowe! ZAJ\u0118CIA ROZPOCZN\u0104 SI\u0118 28 MARCA 2022 R. [&hellip;]<\/p>\n","protected":false},"author":3,"featured_media":15159,"comment_status":"closed","ping_status":"closed","sticky":false,"template":"","format":"standard","meta":{"footnotes":""},"categories":[108],"tags":[],"class_list":["post-15155","post","type-post","status-publish","format-standard","has-post-thumbnail","hentry","category-aktualnosci"],"yoast_head":"<!-- This site is optimized with the Yoast SEO plugin v16.1.1 - https:\/\/yoast.com\/wordpress\/plugins\/seo\/ -->\n<title>Zaj\u0119cia dla dzieci i m\u0142odzie\u017cy z Ukrainy - MDK<\/title>\n<link rel=\"canonical\" href=\"https:\/\/mdkoswiecim.pl\/index.php\/2022\/03\/14\/zajecia-dla-dzieci-i-mlodziezy-z-ukrainy\/\" \/>\n<meta property=\"og:locale\" content=\"pl_PL\" \/>\n<meta property=\"og:type\" content=\"article\" \/>\n<meta property=\"og:title\" content=\"Zaj\u0119cia dla dzieci i m\u0142odzie\u017cy z Ukrainy - MDK\" \/>\n<meta property=\"og:description\" content=\"\u0417\u0430\u043d\u044f\u0442\u0442\u044f \u0434\u043b\u044f \u0434\u0456\u0442\u0435\u0439 \u0442\u0430 \u043f\u0456\u0434\u043b\u0456\u0442\u043a\u0456\u0432 \u0437 \u0423\u043a\u0440\u0430\u0457\u043d\u0438 M\u0142odzie\u017cowy Dom Kultury w O\u015bwi\u0119cimiu zaprasza na zaj\u0119cia dzieci i m\u0142odzie\u017c z Ukrainy od 6 do 20 roku \u017cycia. Opr\u00f3cz zaj\u0119\u0107 og\u00f3lnodost\u0119pnych przygotowali\u015bmy dodatkowe zaj\u0119cia tylko dla nich: nauka j\u0119zyka polskiego &#8211; poniedzia\u0142ek 15.30-17.00 zabawy plastyczne &#8211; czwartek 17.30-19.00 Zapisy obowi\u0105zkowe! ZAJ\u0118CIA ROZPOCZN\u0104 SI\u0118 28 MARCA 2022 R. [&hellip;]\" \/>\n<meta property=\"og:url\" content=\"https:\/\/mdkoswiecim.pl\/index.php\/2022\/03\/14\/zajecia-dla-dzieci-i-mlodziezy-z-ukrainy\/\" \/>\n<meta property=\"og:site_name\" content=\"MDK\" \/>\n<meta property=\"article:published_time\" content=\"2022-03-14T08:28:29+00:00\" \/>\n<meta property=\"article:modified_time\" content=\"2022-03-16T11:58:16+00:00\" \/>\n<meta property=\"og:image\" content=\"https:\/\/mdkoswiecim.pl\/wp-content\/uploads\/2022\/03\/Bez-nazwy.jpg\" \/>\n\t<meta property=\"og:image:width\" content=\"1920\" \/>\n\t<meta property=\"og:image:height\" content=\"1396\" \/>\n<meta name=\"twitter:card\" content=\"summary_large_image\" \/>\n<meta name=\"twitter:label1\" content=\"Szacowany czas czytania\">\n\t<meta name=\"twitter:data1\" content=\"1 minuta\">\n<script type=\"application\/ld+json\" class=\"yoast-schema-graph\">{\"@context\":\"https:\/\/schema.org\",\"@graph\":[{\"@type\":\"WebSite\",\"@id\":\"https:\/\/mdkoswiecim.pl\/#website\",\"url\":\"https:\/\/mdkoswiecim.pl\/\",\"name\":\"MDK\",\"description\":\"M\\u0142odzie\\u017cowy Dom Kultury w O\\u015bwi\\u0119cimiu\",\"potentialAction\":[{\"@type\":\"SearchAction\",\"target\":\"https:\/\/mdkoswiecim.pl\/?s={search_term_string}\",\"query-input\":\"required name=search_term_string\"}],\"inLanguage\":\"pl-PL\"},{\"@type\":\"ImageObject\",\"@id\":\"https:\/\/mdkoswiecim.pl\/index.php\/2022\/03\/14\/zajecia-dla-dzieci-i-mlodziezy-z-ukrainy\/#primaryimage\",\"inLanguage\":\"pl-PL\",\"url\":\"https:\/\/mdkoswiecim.pl\/wp-content\/uploads\/2022\/03\/Bez-nazwy.jpg\",\"contentUrl\":\"https:\/\/mdkoswiecim.pl\/wp-content\/uploads\/2022\/03\/Bez-nazwy.jpg\",\"width\":1920,\"height\":1396},{\"@type\":\"WebPage\",\"@id\":\"https:\/\/mdkoswiecim.pl\/index.php\/2022\/03\/14\/zajecia-dla-dzieci-i-mlodziezy-z-ukrainy\/#webpage\",\"url\":\"https:\/\/mdkoswiecim.pl\/index.php\/2022\/03\/14\/zajecia-dla-dzieci-i-mlodziezy-z-ukrainy\/\",\"name\":\"Zaj\\u0119cia dla dzieci i m\\u0142odzie\\u017cy z Ukrainy - MDK\",\"isPartOf\":{\"@id\":\"https:\/\/mdkoswiecim.pl\/#website\"},\"primaryImageOfPage\":{\"@id\":\"https:\/\/mdkoswiecim.pl\/index.php\/2022\/03\/14\/zajecia-dla-dzieci-i-mlodziezy-z-ukrainy\/#primaryimage\"},\"datePublished\":\"2022-03-14T08:28:29+00:00\",\"dateModified\":\"2022-03-16T11:58:16+00:00\",\"author\":{\"@id\":\"https:\/\/mdkoswiecim.pl\/#\/schema\/person\/d9c1081e4cfefcbccad7ec11fa250f7a\"},\"breadcrumb\":{\"@id\":\"https:\/\/mdkoswiecim.pl\/index.php\/2022\/03\/14\/zajecia-dla-dzieci-i-mlodziezy-z-ukrainy\/#breadcrumb\"},\"inLanguage\":\"pl-PL\",\"potentialAction\":[{\"@type\":\"ReadAction\",\"target\":[\"https:\/\/mdkoswiecim.pl\/index.php\/2022\/03\/14\/zajecia-dla-dzieci-i-mlodziezy-z-ukrainy\/\"]}]},{\"@type\":\"BreadcrumbList\",\"@id\":\"https:\/\/mdkoswiecim.pl\/index.php\/2022\/03\/14\/zajecia-dla-dzieci-i-mlodziezy-z-ukrainy\/#breadcrumb\",\"itemListElement\":[{\"@type\":\"ListItem\",\"position\":1,\"item\":{\"@type\":\"WebPage\",\"@id\":\"https:\/\/mdkoswiecim.pl\/\",\"url\":\"https:\/\/mdkoswiecim.pl\/\",\"name\":\"Strona g\\u0142\\u00f3wna\"}},{\"@type\":\"ListItem\",\"position\":2,\"item\":{\"@type\":\"WebPage\",\"@id\":\"https:\/\/mdkoswiecim.pl\/index.php\/2022\/03\/14\/zajecia-dla-dzieci-i-mlodziezy-z-ukrainy\/\",\"url\":\"https:\/\/mdkoswiecim.pl\/index.php\/2022\/03\/14\/zajecia-dla-dzieci-i-mlodziezy-z-ukrainy\/\",\"name\":\"Zaj\\u0119cia dla dzieci i m\\u0142odzie\\u017cy z Ukrainy\"}}]},{\"@type\":\"Person\",\"@id\":\"https:\/\/mdkoswiecim.pl\/#\/schema\/person\/d9c1081e4cfefcbccad7ec11fa250f7a\",\"name\":\"alina.kwarciak\",\"image\":{\"@type\":\"ImageObject\",\"@id\":\"https:\/\/mdkoswiecim.pl\/#personlogo\",\"inLanguage\":\"pl-PL\",\"url\":\"https:\/\/secure.gravatar.com\/avatar\/cce8f640650bbd69c0efc0afd2dddb7945a94129b978796401e58cac1eb8b87b?s=96&d=mm&r=g\",\"contentUrl\":\"https:\/\/secure.gravatar.com\/avatar\/cce8f640650bbd69c0efc0afd2dddb7945a94129b978796401e58cac1eb8b87b?s=96&d=mm&r=g\",\"caption\":\"alina.kwarciak\"}}]}<\/script>\n<!-- \/ Yoast SEO plugin. -->","_links":{"self":[{"href":"https:\/\/mdkoswiecim.pl\/index.php\/wp-json\/wp\/v2\/posts\/15155","targetHints":{"allow":["GET"]}}],"collection":[{"href":"https:\/\/mdkoswiecim.pl\/index.php\/wp-json\/wp\/v2\/posts"}],"about":[{"href":"https:\/\/mdkoswiecim.pl\/index.php\/wp-json\/wp\/v2\/types\/post"}],"author":[{"embeddable":true,"href":"https:\/\/mdkoswiecim.pl\/index.php\/wp-json\/wp\/v2\/users\/3"}],"replies":[{"embeddable":true,"href":"https:\/\/mdkoswiecim.pl\/index.php\/wp-json\/wp\/v2\/comments?post=15155"}],"version-history":[{"count":8,"href":"https:\/\/mdkoswiecim.pl\/index.php\/wp-json\/wp\/v2\/posts\/15155\/revisions"}],"predecessor-version":[{"id":15173,"href":"https:\/\/mdkoswiecim.pl\/index.php\/wp-json\/wp\/v2\/posts\/15155\/revisions\/15173"}],"wp:featuredmedia":[{"embeddable":true,"href":"https:\/\/mdkoswiecim.pl\/index.php\/wp-json\/wp\/v2\/media\/15159"}],"wp:attachment":[{"href":"https:\/\/mdkoswiecim.pl\/index.php\/wp-json\/wp\/v2\/media?parent=15155"}],"wp:term":[{"taxonomy":"category","embeddable":true,"href":"https:\/\/mdkoswiecim.pl\/index.php\/wp-json\/wp\/v2\/categories?post=15155"},{"taxonomy":"post_tag","embeddable":true,"href":"https:\/\/mdkoswiecim.pl\/index.php\/wp-json\/wp\/v2\/tags?post=15155"}],"curies":[{"name":"wp","href":"https:\/\/api.w.org\/{rel}","templated":true}]}}