{"id":15068,"date":"2022-02-16T12:51:33","date_gmt":"2022-02-16T11:51:33","guid":{"rendered":"https:\/\/mdkoswiecim.pl\/?p=15068"},"modified":"2022-02-16T12:51:57","modified_gmt":"2022-02-16T11:51:57","slug":"itwarte-indywidualne-mistrzostwa-mdk-w-szachach-dla-mlodziezy-14-19-lat","status":"publish","type":"post","link":"https:\/\/mdkoswiecim.pl\/index.php\/2022\/02\/16\/itwarte-indywidualne-mistrzostwa-mdk-w-szachach-dla-mlodziezy-14-19-lat\/","title":{"rendered":"Otwarte Indywidualne Mistrzostwa MDK w Szachach dla m\u0142odzie\u017cy 14-19 lat"},"content":{"rendered":"\n<p>Zapraszamy m\u0142odzie\u017c w wieku 14-19 lat na Otwarte Indywidualne Mistrzostwa MDK w Szachach.<br>Termin: 26 lutego 2022r.; godz.9:30<br>Miejsce: MDK O\u015bwi\u0119cim, ul. Olszewskiego 1<\/p>\n\n\n\n<p>Regulamin konkursu:<\/p>\n\n\n\n<div data-wp-interactive=\"core\/file\" class=\"wp-block-file\"><object data-wp-bind--hidden=\"!state.hasPdfPreview\" hidden class=\"wp-block-file__embed\" data=\"https:\/\/mdkoswiecim.pl\/wp-content\/uploads\/2022\/02\/Regulamin-turnieju-szachowego-26.02.2022.pdf\" type=\"application\/pdf\" style=\"width:100%;height:600px\" aria-label=\"Osadzone z Osadzone z Regulamin-turnieju-szachowego-26.02.2022..\"><\/object><a id=\"wp-block-file--media-87bb7e53-0f0f-4d23-9d17-ca871c986f18\" href=\"https:\/\/mdkoswiecim.pl\/wp-content\/uploads\/2022\/02\/Regulamin-turnieju-szachowego-26.02.2022.pdf\">Regulamin-turnieju-szachowego-26.02.2022<\/a><a href=\"https:\/\/mdkoswiecim.pl\/wp-content\/uploads\/2022\/02\/Regulamin-turnieju-szachowego-26.02.2022.pdf\" class=\"wp-block-file__button\" download aria-describedby=\"wp-block-file--media-87bb7e53-0f0f-4d23-9d17-ca871c986f18\">Pobierz<\/a><\/div>\n\n\n\n<div data-wp-interactive=\"core\/file\" class=\"wp-block-file\"><object data-wp-bind--hidden=\"!state.hasPdfPreview\" hidden class=\"wp-block-file__embed\" data=\"https:\/\/mdkoswiecim.pl\/wp-content\/uploads\/2022\/02\/plakat-26.02.2022.pdf\" type=\"application\/pdf\" style=\"width:100%;height:600px\" aria-label=\"Osadzone z Osadzone z plakat-26.02.2022..\"><\/object><a id=\"wp-block-file--media-28f95323-09e2-4191-ab87-5ba1e5b9a339\" href=\"https:\/\/mdkoswiecim.pl\/wp-content\/uploads\/2022\/02\/plakat-26.02.2022.pdf\">plakat-26.02.2022<\/a><a href=\"https:\/\/mdkoswiecim.pl\/wp-content\/uploads\/2022\/02\/plakat-26.02.2022.pdf\" class=\"wp-block-file__button\" download aria-describedby=\"wp-block-file--media-28f95323-09e2-4191-ab87-5ba1e5b9a339\">Pobierz<\/a><\/div>\n\n\n","protected":false},"excerpt":{"rendered":"<p>Zapraszamy m\u0142odzie\u017c w wieku 14-19 lat na Otwarte Indywidualne Mistrzostwa MDK w Szachach.Termin: 26 lutego 2022r.; godz.9:30Miejsce: MDK O\u015bwi\u0119cim, ul. Olszewskiego 1 Regulamin konkursu:<\/p>\n","protected":false},"author":3,"featured_media":15072,"comment_status":"closed","ping_status":"closed","sticky":false,"template":"","format":"standard","meta":{"footnotes":""},"categories":[107,108],"tags":[],"class_list":["post-15068","post","type-post","status-publish","format-standard","has-post-thumbnail","hentry","category-konkursy","category-aktualnosci"],"yoast_head":"<!-- This site is optimized with the Yoast SEO plugin v16.1.1 - https:\/\/yoast.com\/wordpress\/plugins\/seo\/ -->\n<title>Otwarte Indywidualne Mistrzostwa MDK w Szachach dla m\u0142odzie\u017cy 14-19 lat - MDK<\/title>\n<link rel=\"canonical\" href=\"https:\/\/mdkoswiecim.pl\/index.php\/2022\/02\/16\/itwarte-indywidualne-mistrzostwa-mdk-w-szachach-dla-mlodziezy-14-19-lat\/\" \/>\n<meta property=\"og:locale\" content=\"pl_PL\" \/>\n<meta property=\"og:type\" content=\"article\" \/>\n<meta property=\"og:title\" content=\"Otwarte Indywidualne Mistrzostwa MDK w Szachach dla m\u0142odzie\u017cy 14-19 lat - MDK\" \/>\n<meta property=\"og:description\" content=\"Zapraszamy m\u0142odzie\u017c w wieku 14-19 lat na Otwarte Indywidualne Mistrzostwa MDK w Szachach.Termin: 26 lutego 2022r.; godz.9:30Miejsce: MDK O\u015bwi\u0119cim, ul. Olszewskiego 1 Regulamin konkursu:\" \/>\n<meta property=\"og:url\" content=\"https:\/\/mdkoswiecim.pl\/index.php\/2022\/02\/16\/itwarte-indywidualne-mistrzostwa-mdk-w-szachach-dla-mlodziezy-14-19-lat\/\" \/>\n<meta property=\"og:site_name\" content=\"MDK\" \/>\n<meta property=\"article:published_time\" content=\"2022-02-16T11:51:33+00:00\" \/>\n<meta property=\"article:modified_time\" content=\"2022-02-16T11:51:57+00:00\" \/>\n<meta property=\"og:image\" content=\"https:\/\/mdkoswiecim.pl\/wp-content\/uploads\/2022\/02\/plakat-26.02.2022-1-scaled-e1645012276353.jpg\" \/>\n\t<meta property=\"og:image:width\" content=\"1388\" \/>\n\t<meta property=\"og:image:height\" content=\"793\" \/>\n<meta name=\"twitter:card\" content=\"summary_large_image\" \/>\n<meta name=\"twitter:label1\" content=\"Szacowany czas czytania\">\n\t<meta name=\"twitter:data1\" content=\"1 minuta\">\n<script type=\"application\/ld+json\" class=\"yoast-schema-graph\">{\"@context\":\"https:\/\/schema.org\",\"@graph\":[{\"@type\":\"WebSite\",\"@id\":\"https:\/\/mdkoswiecim.pl\/#website\",\"url\":\"https:\/\/mdkoswiecim.pl\/\",\"name\":\"MDK\",\"description\":\"M\\u0142odzie\\u017cowy Dom Kultury w O\\u015bwi\\u0119cimiu\",\"potentialAction\":[{\"@type\":\"SearchAction\",\"target\":\"https:\/\/mdkoswiecim.pl\/?s={search_term_string}\",\"query-input\":\"required name=search_term_string\"}],\"inLanguage\":\"pl-PL\"},{\"@type\":\"ImageObject\",\"@id\":\"https:\/\/mdkoswiecim.pl\/index.php\/2022\/02\/16\/itwarte-indywidualne-mistrzostwa-mdk-w-szachach-dla-mlodziezy-14-19-lat\/#primaryimage\",\"inLanguage\":\"pl-PL\",\"url\":\"https:\/\/mdkoswiecim.pl\/wp-content\/uploads\/2022\/02\/plakat-26.02.2022-1-scaled-e1645012276353.jpg\",\"contentUrl\":\"https:\/\/mdkoswiecim.pl\/wp-content\/uploads\/2022\/02\/plakat-26.02.2022-1-scaled-e1645012276353.jpg\",\"width\":1388,\"height\":793},{\"@type\":\"WebPage\",\"@id\":\"https:\/\/mdkoswiecim.pl\/index.php\/2022\/02\/16\/itwarte-indywidualne-mistrzostwa-mdk-w-szachach-dla-mlodziezy-14-19-lat\/#webpage\",\"url\":\"https:\/\/mdkoswiecim.pl\/index.php\/2022\/02\/16\/itwarte-indywidualne-mistrzostwa-mdk-w-szachach-dla-mlodziezy-14-19-lat\/\",\"name\":\"Otwarte Indywidualne Mistrzostwa MDK w Szachach dla m\\u0142odzie\\u017cy 14-19 lat - MDK\",\"isPartOf\":{\"@id\":\"https:\/\/mdkoswiecim.pl\/#website\"},\"primaryImageOfPage\":{\"@id\":\"https:\/\/mdkoswiecim.pl\/index.php\/2022\/02\/16\/itwarte-indywidualne-mistrzostwa-mdk-w-szachach-dla-mlodziezy-14-19-lat\/#primaryimage\"},\"datePublished\":\"2022-02-16T11:51:33+00:00\",\"dateModified\":\"2022-02-16T11:51:57+00:00\",\"author\":{\"@id\":\"https:\/\/mdkoswiecim.pl\/#\/schema\/person\/d9c1081e4cfefcbccad7ec11fa250f7a\"},\"breadcrumb\":{\"@id\":\"https:\/\/mdkoswiecim.pl\/index.php\/2022\/02\/16\/itwarte-indywidualne-mistrzostwa-mdk-w-szachach-dla-mlodziezy-14-19-lat\/#breadcrumb\"},\"inLanguage\":\"pl-PL\",\"potentialAction\":[{\"@type\":\"ReadAction\",\"target\":[\"https:\/\/mdkoswiecim.pl\/index.php\/2022\/02\/16\/itwarte-indywidualne-mistrzostwa-mdk-w-szachach-dla-mlodziezy-14-19-lat\/\"]}]},{\"@type\":\"BreadcrumbList\",\"@id\":\"https:\/\/mdkoswiecim.pl\/index.php\/2022\/02\/16\/itwarte-indywidualne-mistrzostwa-mdk-w-szachach-dla-mlodziezy-14-19-lat\/#breadcrumb\",\"itemListElement\":[{\"@type\":\"ListItem\",\"position\":1,\"item\":{\"@type\":\"WebPage\",\"@id\":\"https:\/\/mdkoswiecim.pl\/\",\"url\":\"https:\/\/mdkoswiecim.pl\/\",\"name\":\"Strona g\\u0142\\u00f3wna\"}},{\"@type\":\"ListItem\",\"position\":2,\"item\":{\"@type\":\"WebPage\",\"@id\":\"https:\/\/mdkoswiecim.pl\/index.php\/2022\/02\/16\/itwarte-indywidualne-mistrzostwa-mdk-w-szachach-dla-mlodziezy-14-19-lat\/\",\"url\":\"https:\/\/mdkoswiecim.pl\/index.php\/2022\/02\/16\/itwarte-indywidualne-mistrzostwa-mdk-w-szachach-dla-mlodziezy-14-19-lat\/\",\"name\":\"Otwarte Indywidualne Mistrzostwa MDK w Szachach dla m\\u0142odzie\\u017cy 14-19 lat\"}}]},{\"@type\":\"Person\",\"@id\":\"https:\/\/mdkoswiecim.pl\/#\/schema\/person\/d9c1081e4cfefcbccad7ec11fa250f7a\",\"name\":\"alina.kwarciak\",\"image\":{\"@type\":\"ImageObject\",\"@id\":\"https:\/\/mdkoswiecim.pl\/#personlogo\",\"inLanguage\":\"pl-PL\",\"url\":\"https:\/\/secure.gravatar.com\/avatar\/cce8f640650bbd69c0efc0afd2dddb7945a94129b978796401e58cac1eb8b87b?s=96&d=mm&r=g\",\"contentUrl\":\"https:\/\/secure.gravatar.com\/avatar\/cce8f640650bbd69c0efc0afd2dddb7945a94129b978796401e58cac1eb8b87b?s=96&d=mm&r=g\",\"caption\":\"alina.kwarciak\"}}]}<\/script>\n<!-- \/ Yoast SEO plugin. -->","_links":{"self":[{"href":"https:\/\/mdkoswiecim.pl\/index.php\/wp-json\/wp\/v2\/posts\/15068","targetHints":{"allow":["GET"]}}],"collection":[{"href":"https:\/\/mdkoswiecim.pl\/index.php\/wp-json\/wp\/v2\/posts"}],"about":[{"href":"https:\/\/mdkoswiecim.pl\/index.php\/wp-json\/wp\/v2\/types\/post"}],"author":[{"embeddable":true,"href":"https:\/\/mdkoswiecim.pl\/index.php\/wp-json\/wp\/v2\/users\/3"}],"replies":[{"embeddable":true,"href":"https:\/\/mdkoswiecim.pl\/index.php\/wp-json\/wp\/v2\/comments?post=15068"}],"version-history":[{"count":2,"href":"https:\/\/mdkoswiecim.pl\/index.php\/wp-json\/wp\/v2\/posts\/15068\/revisions"}],"predecessor-version":[{"id":15074,"href":"https:\/\/mdkoswiecim.pl\/index.php\/wp-json\/wp\/v2\/posts\/15068\/revisions\/15074"}],"wp:featuredmedia":[{"embeddable":true,"href":"https:\/\/mdkoswiecim.pl\/index.php\/wp-json\/wp\/v2\/media\/15072"}],"wp:attachment":[{"href":"https:\/\/mdkoswiecim.pl\/index.php\/wp-json\/wp\/v2\/media?parent=15068"}],"wp:term":[{"taxonomy":"category","embeddable":true,"href":"https:\/\/mdkoswiecim.pl\/index.php\/wp-json\/wp\/v2\/categories?post=15068"},{"taxonomy":"post_tag","embeddable":true,"href":"https:\/\/mdkoswiecim.pl\/index.php\/wp-json\/wp\/v2\/tags?post=15068"}],"curies":[{"name":"wp","href":"https:\/\/api.w.org\/{rel}","templated":true}]}}