{"id":15056,"date":"2022-02-15T13:30:21","date_gmt":"2022-02-15T12:30:21","guid":{"rendered":"https:\/\/mdkoswiecim.pl\/?p=15056"},"modified":"2022-02-15T13:30:24","modified_gmt":"2022-02-15T12:30:24","slug":"kulturalnie-z-mdk-czyli-wyjazd-do-krakowa","status":"publish","type":"post","link":"https:\/\/mdkoswiecim.pl\/index.php\/2022\/02\/15\/kulturalnie-z-mdk-czyli-wyjazd-do-krakowa\/","title":{"rendered":"KULTURALNIE z MDK &#8211; czyli wyjazd do Krakowa"},"content":{"rendered":"\n<p>9 lutego br. uczestnicy zaj\u0119\u0107 teatralnych i plastycznych MDK odwiedzili Krak\u00f3w. Ich celem by\u0142o zapoznanie si\u0119 z przesz\u0142o\u015bci\u0105 tego miasta oraz do\u015bwiadczenie bliskiego kontaktu ze sztuk\u0105 teatraln\u0105. Wizyta w wojew\u00f3dzkim mie\u015bcie rozpocz\u0119\u0142a si\u0119 od odwiedzenia krakowskiego muzeum &#8211; RYNEK PODZIEMNY. Tam uczestnicy wyjazdu mogli zobaczy\u0107, jak wygl\u0105da\u0142o \u017cycie w dawnym mie\u015bcie i dowiedzieli si\u0119, dlaczego pod Rynkiem znajduj\u0105 si\u0119 elementy zabudowa\u0144 oraz pierwsze miejskie trakty. <\/p>\n\n\n\n<p>Kolejnym przystankiem by\u0142 Teatr STU. Sztuka &#8220;Balladyna&#8221; w nietypowej i zaskakuj\u0105cej interpretacji, zachwyci\u0142a wszystkich. <\/p>\n\n\n\n<p>Wyjazd zosta\u0142 dofinansowany przez Przedsi\u0119biorstwo Wodoci\u0105g\u00f3w i Kanalizacji w O\u015bwi\u0119cimiu, Przedsi\u0119biorstwo Energetyki Cieplnej w O\u015bwi\u0119cimiu oraz Centrum Biznesu Ma\u0142opolski Zachodniej w O\u015bwi\u0119cimiu. Za pokrycie koszt\u00f3w transportu serdecznie dzi\u0119kujemy \ud83d\ude42<\/p>\n\n\n\n<figure class=\"wp-block-gallery has-nested-images columns-default is-cropped wp-block-gallery-1 is-layout-flex wp-block-gallery-is-layout-flex\">\n<figure class=\"wp-block-image size-large\"><img loading=\"lazy\" decoding=\"async\" width=\"768\" height=\"1024\" data-id=\"15062\" src=\"https:\/\/mdkoswiecim.pl\/wp-content\/uploads\/2022\/02\/273875539_2068603766631430_1367375416948785346_n-768x1024.jpg\" alt=\"\" class=\"wp-image-15062\" srcset=\"https:\/\/mdkoswiecim.pl\/wp-content\/uploads\/2022\/02\/273875539_2068603766631430_1367375416948785346_n-768x1024.jpg 768w, https:\/\/mdkoswiecim.pl\/wp-content\/uploads\/2022\/02\/273875539_2068603766631430_1367375416948785346_n-225x300.jpg 225w, https:\/\/mdkoswiecim.pl\/wp-content\/uploads\/2022\/02\/273875539_2068603766631430_1367375416948785346_n-1152x1536.jpg 1152w, https:\/\/mdkoswiecim.pl\/wp-content\/uploads\/2022\/02\/273875539_2068603766631430_1367375416948785346_n.jpg 1296w\" sizes=\"auto, (max-width: 768px) 100vw, 768px\" \/><figcaption>M\u0142odzie\u017c w muzeum<\/figcaption><\/figure>\n\n\n\n<figure class=\"wp-block-image size-large\"><img loading=\"lazy\" decoding=\"async\" width=\"768\" height=\"1024\" data-id=\"15063\" src=\"https:\/\/mdkoswiecim.pl\/wp-content\/uploads\/2022\/02\/273697738_648703659753802_486631290081626696_n-768x1024.jpg\" alt=\"\" class=\"wp-image-15063\" srcset=\"https:\/\/mdkoswiecim.pl\/wp-content\/uploads\/2022\/02\/273697738_648703659753802_486631290081626696_n-768x1024.jpg 768w, https:\/\/mdkoswiecim.pl\/wp-content\/uploads\/2022\/02\/273697738_648703659753802_486631290081626696_n-225x300.jpg 225w, https:\/\/mdkoswiecim.pl\/wp-content\/uploads\/2022\/02\/273697738_648703659753802_486631290081626696_n-1152x1536.jpg 1152w, https:\/\/mdkoswiecim.pl\/wp-content\/uploads\/2022\/02\/273697738_648703659753802_486631290081626696_n.jpg 1296w\" sizes=\"auto, (max-width: 768px) 100vw, 768px\" \/><figcaption>M\u0142odzie\u017c w muzeum<\/figcaption><\/figure>\n\n\n\n<figure class=\"wp-block-image size-large\"><img loading=\"lazy\" decoding=\"async\" width=\"768\" height=\"1024\" data-id=\"15064\" src=\"https:\/\/mdkoswiecim.pl\/wp-content\/uploads\/2022\/02\/273937146_314108960784725_3419850263988771758_n-768x1024.jpg\" alt=\"\" class=\"wp-image-15064\" srcset=\"https:\/\/mdkoswiecim.pl\/wp-content\/uploads\/2022\/02\/273937146_314108960784725_3419850263988771758_n-768x1024.jpg 768w, https:\/\/mdkoswiecim.pl\/wp-content\/uploads\/2022\/02\/273937146_314108960784725_3419850263988771758_n-225x300.jpg 225w, https:\/\/mdkoswiecim.pl\/wp-content\/uploads\/2022\/02\/273937146_314108960784725_3419850263988771758_n-1152x1536.jpg 1152w, https:\/\/mdkoswiecim.pl\/wp-content\/uploads\/2022\/02\/273937146_314108960784725_3419850263988771758_n.jpg 1296w\" sizes=\"auto, (max-width: 768px) 100vw, 768px\" \/><figcaption>Dawny w\u00f3z<\/figcaption><\/figure>\n\n\n\n<figure class=\"wp-block-image size-large\"><img loading=\"lazy\" decoding=\"async\" width=\"1024\" height=\"768\" data-id=\"15066\" src=\"https:\/\/mdkoswiecim.pl\/wp-content\/uploads\/2022\/02\/273609505_981101386134999_4820006842533337575_n-1024x768.jpg\" alt=\"\" class=\"wp-image-15066\" srcset=\"https:\/\/mdkoswiecim.pl\/wp-content\/uploads\/2022\/02\/273609505_981101386134999_4820006842533337575_n-1024x768.jpg 1024w, https:\/\/mdkoswiecim.pl\/wp-content\/uploads\/2022\/02\/273609505_981101386134999_4820006842533337575_n-300x225.jpg 300w, https:\/\/mdkoswiecim.pl\/wp-content\/uploads\/2022\/02\/273609505_981101386134999_4820006842533337575_n-768x576.jpg 768w, https:\/\/mdkoswiecim.pl\/wp-content\/uploads\/2022\/02\/273609505_981101386134999_4820006842533337575_n-1536x1152.jpg 1536w, https:\/\/mdkoswiecim.pl\/wp-content\/uploads\/2022\/02\/273609505_981101386134999_4820006842533337575_n.jpg 1728w\" sizes=\"auto, (max-width: 1024px) 100vw, 1024px\" \/><figcaption>Dawne naczynia gliniane<\/figcaption><\/figure>\n\n\n\n<figure class=\"wp-block-image size-large\"><img loading=\"lazy\" decoding=\"async\" width=\"768\" height=\"1024\" data-id=\"15065\" src=\"https:\/\/mdkoswiecim.pl\/wp-content\/uploads\/2022\/02\/273635278_1092598511534960_8940719991400052514_n-768x1024.jpg\" alt=\"\" class=\"wp-image-15065\" srcset=\"https:\/\/mdkoswiecim.pl\/wp-content\/uploads\/2022\/02\/273635278_1092598511534960_8940719991400052514_n-768x1024.jpg 768w, https:\/\/mdkoswiecim.pl\/wp-content\/uploads\/2022\/02\/273635278_1092598511534960_8940719991400052514_n-225x300.jpg 225w, https:\/\/mdkoswiecim.pl\/wp-content\/uploads\/2022\/02\/273635278_1092598511534960_8940719991400052514_n-1152x1536.jpg 1152w, https:\/\/mdkoswiecim.pl\/wp-content\/uploads\/2022\/02\/273635278_1092598511534960_8940719991400052514_n.jpg 1296w\" sizes=\"auto, (max-width: 768px) 100vw, 768px\" \/><figcaption>Makieta dawnego Krakowa<\/figcaption><\/figure>\n<\/figure>\n","protected":false},"excerpt":{"rendered":"<p>9 lutego br. uczestnicy zaj\u0119\u0107 teatralnych i plastycznych MDK odwiedzili Krak\u00f3w. Ich celem by\u0142o zapoznanie si\u0119 z przesz\u0142o\u015bci\u0105 tego miasta oraz do\u015bwiadczenie bliskiego kontaktu ze sztuk\u0105 teatraln\u0105. Wizyta w wojew\u00f3dzkim mie\u015bcie rozpocz\u0119\u0142a si\u0119 od odwiedzenia krakowskiego muzeum &#8211; RYNEK PODZIEMNY. Tam uczestnicy wyjazdu mogli zobaczy\u0107, jak wygl\u0105da\u0142o \u017cycie w dawnym mie\u015bcie i dowiedzieli si\u0119, dlaczego [&hellip;]<\/p>\n","protected":false},"author":3,"featured_media":15066,"comment_status":"closed","ping_status":"closed","sticky":false,"template":"","format":"standard","meta":{"footnotes":""},"categories":[108],"tags":[],"class_list":["post-15056","post","type-post","status-publish","format-standard","has-post-thumbnail","hentry","category-aktualnosci"],"yoast_head":"<!-- This site is optimized with the Yoast SEO plugin v16.1.1 - https:\/\/yoast.com\/wordpress\/plugins\/seo\/ -->\n<title>KULTURALNIE z MDK - czyli wyjazd do Krakowa - MDK<\/title>\n<link rel=\"canonical\" href=\"https:\/\/mdkoswiecim.pl\/index.php\/2022\/02\/15\/kulturalnie-z-mdk-czyli-wyjazd-do-krakowa\/\" \/>\n<meta property=\"og:locale\" content=\"pl_PL\" \/>\n<meta property=\"og:type\" content=\"article\" \/>\n<meta property=\"og:title\" content=\"KULTURALNIE z MDK - czyli wyjazd do Krakowa - MDK\" \/>\n<meta property=\"og:description\" content=\"9 lutego br. uczestnicy zaj\u0119\u0107 teatralnych i plastycznych MDK odwiedzili Krak\u00f3w. Ich celem by\u0142o zapoznanie si\u0119 z przesz\u0142o\u015bci\u0105 tego miasta oraz do\u015bwiadczenie bliskiego kontaktu ze sztuk\u0105 teatraln\u0105. Wizyta w wojew\u00f3dzkim mie\u015bcie rozpocz\u0119\u0142a si\u0119 od odwiedzenia krakowskiego muzeum &#8211; RYNEK PODZIEMNY. Tam uczestnicy wyjazdu mogli zobaczy\u0107, jak wygl\u0105da\u0142o \u017cycie w dawnym mie\u015bcie i dowiedzieli si\u0119, dlaczego [&hellip;]\" \/>\n<meta property=\"og:url\" content=\"https:\/\/mdkoswiecim.pl\/index.php\/2022\/02\/15\/kulturalnie-z-mdk-czyli-wyjazd-do-krakowa\/\" \/>\n<meta property=\"og:site_name\" content=\"MDK\" \/>\n<meta property=\"article:published_time\" content=\"2022-02-15T12:30:21+00:00\" \/>\n<meta property=\"article:modified_time\" content=\"2022-02-15T12:30:24+00:00\" \/>\n<meta property=\"og:image\" content=\"https:\/\/mdkoswiecim.pl\/wp-content\/uploads\/2022\/02\/273609505_981101386134999_4820006842533337575_n.jpg\" \/>\n\t<meta property=\"og:image:width\" content=\"1728\" \/>\n\t<meta property=\"og:image:height\" content=\"1296\" \/>\n<meta name=\"twitter:card\" content=\"summary_large_image\" \/>\n<meta name=\"twitter:label1\" content=\"Szacowany czas czytania\">\n\t<meta name=\"twitter:data1\" content=\"2 minuty\">\n<script type=\"application\/ld+json\" class=\"yoast-schema-graph\">{\"@context\":\"https:\/\/schema.org\",\"@graph\":[{\"@type\":\"WebSite\",\"@id\":\"https:\/\/mdkoswiecim.pl\/#website\",\"url\":\"https:\/\/mdkoswiecim.pl\/\",\"name\":\"MDK\",\"description\":\"M\\u0142odzie\\u017cowy Dom Kultury w O\\u015bwi\\u0119cimiu\",\"potentialAction\":[{\"@type\":\"SearchAction\",\"target\":\"https:\/\/mdkoswiecim.pl\/?s={search_term_string}\",\"query-input\":\"required name=search_term_string\"}],\"inLanguage\":\"pl-PL\"},{\"@type\":\"ImageObject\",\"@id\":\"https:\/\/mdkoswiecim.pl\/index.php\/2022\/02\/15\/kulturalnie-z-mdk-czyli-wyjazd-do-krakowa\/#primaryimage\",\"inLanguage\":\"pl-PL\",\"url\":\"https:\/\/mdkoswiecim.pl\/wp-content\/uploads\/2022\/02\/273609505_981101386134999_4820006842533337575_n.jpg\",\"contentUrl\":\"https:\/\/mdkoswiecim.pl\/wp-content\/uploads\/2022\/02\/273609505_981101386134999_4820006842533337575_n.jpg\",\"width\":1728,\"height\":1296},{\"@type\":\"WebPage\",\"@id\":\"https:\/\/mdkoswiecim.pl\/index.php\/2022\/02\/15\/kulturalnie-z-mdk-czyli-wyjazd-do-krakowa\/#webpage\",\"url\":\"https:\/\/mdkoswiecim.pl\/index.php\/2022\/02\/15\/kulturalnie-z-mdk-czyli-wyjazd-do-krakowa\/\",\"name\":\"KULTURALNIE z MDK - czyli wyjazd do Krakowa - MDK\",\"isPartOf\":{\"@id\":\"https:\/\/mdkoswiecim.pl\/#website\"},\"primaryImageOfPage\":{\"@id\":\"https:\/\/mdkoswiecim.pl\/index.php\/2022\/02\/15\/kulturalnie-z-mdk-czyli-wyjazd-do-krakowa\/#primaryimage\"},\"datePublished\":\"2022-02-15T12:30:21+00:00\",\"dateModified\":\"2022-02-15T12:30:24+00:00\",\"author\":{\"@id\":\"https:\/\/mdkoswiecim.pl\/#\/schema\/person\/d9c1081e4cfefcbccad7ec11fa250f7a\"},\"breadcrumb\":{\"@id\":\"https:\/\/mdkoswiecim.pl\/index.php\/2022\/02\/15\/kulturalnie-z-mdk-czyli-wyjazd-do-krakowa\/#breadcrumb\"},\"inLanguage\":\"pl-PL\",\"potentialAction\":[{\"@type\":\"ReadAction\",\"target\":[\"https:\/\/mdkoswiecim.pl\/index.php\/2022\/02\/15\/kulturalnie-z-mdk-czyli-wyjazd-do-krakowa\/\"]}]},{\"@type\":\"BreadcrumbList\",\"@id\":\"https:\/\/mdkoswiecim.pl\/index.php\/2022\/02\/15\/kulturalnie-z-mdk-czyli-wyjazd-do-krakowa\/#breadcrumb\",\"itemListElement\":[{\"@type\":\"ListItem\",\"position\":1,\"item\":{\"@type\":\"WebPage\",\"@id\":\"https:\/\/mdkoswiecim.pl\/\",\"url\":\"https:\/\/mdkoswiecim.pl\/\",\"name\":\"Strona g\\u0142\\u00f3wna\"}},{\"@type\":\"ListItem\",\"position\":2,\"item\":{\"@type\":\"WebPage\",\"@id\":\"https:\/\/mdkoswiecim.pl\/index.php\/2022\/02\/15\/kulturalnie-z-mdk-czyli-wyjazd-do-krakowa\/\",\"url\":\"https:\/\/mdkoswiecim.pl\/index.php\/2022\/02\/15\/kulturalnie-z-mdk-czyli-wyjazd-do-krakowa\/\",\"name\":\"KULTURALNIE z MDK &#8211; czyli wyjazd do Krakowa\"}}]},{\"@type\":\"Person\",\"@id\":\"https:\/\/mdkoswiecim.pl\/#\/schema\/person\/d9c1081e4cfefcbccad7ec11fa250f7a\",\"name\":\"alina.kwarciak\",\"image\":{\"@type\":\"ImageObject\",\"@id\":\"https:\/\/mdkoswiecim.pl\/#personlogo\",\"inLanguage\":\"pl-PL\",\"url\":\"https:\/\/secure.gravatar.com\/avatar\/cce8f640650bbd69c0efc0afd2dddb7945a94129b978796401e58cac1eb8b87b?s=96&d=mm&r=g\",\"contentUrl\":\"https:\/\/secure.gravatar.com\/avatar\/cce8f640650bbd69c0efc0afd2dddb7945a94129b978796401e58cac1eb8b87b?s=96&d=mm&r=g\",\"caption\":\"alina.kwarciak\"}}]}<\/script>\n<!-- \/ Yoast SEO plugin. -->","_links":{"self":[{"href":"https:\/\/mdkoswiecim.pl\/index.php\/wp-json\/wp\/v2\/posts\/15056","targetHints":{"allow":["GET"]}}],"collection":[{"href":"https:\/\/mdkoswiecim.pl\/index.php\/wp-json\/wp\/v2\/posts"}],"about":[{"href":"https:\/\/mdkoswiecim.pl\/index.php\/wp-json\/wp\/v2\/types\/post"}],"author":[{"embeddable":true,"href":"https:\/\/mdkoswiecim.pl\/index.php\/wp-json\/wp\/v2\/users\/3"}],"replies":[{"embeddable":true,"href":"https:\/\/mdkoswiecim.pl\/index.php\/wp-json\/wp\/v2\/comments?post=15056"}],"version-history":[{"count":1,"href":"https:\/\/mdkoswiecim.pl\/index.php\/wp-json\/wp\/v2\/posts\/15056\/revisions"}],"predecessor-version":[{"id":15067,"href":"https:\/\/mdkoswiecim.pl\/index.php\/wp-json\/wp\/v2\/posts\/15056\/revisions\/15067"}],"wp:featuredmedia":[{"embeddable":true,"href":"https:\/\/mdkoswiecim.pl\/index.php\/wp-json\/wp\/v2\/media\/15066"}],"wp:attachment":[{"href":"https:\/\/mdkoswiecim.pl\/index.php\/wp-json\/wp\/v2\/media?parent=15056"}],"wp:term":[{"taxonomy":"category","embeddable":true,"href":"https:\/\/mdkoswiecim.pl\/index.php\/wp-json\/wp\/v2\/categories?post=15056"},{"taxonomy":"post_tag","embeddable":true,"href":"https:\/\/mdkoswiecim.pl\/index.php\/wp-json\/wp\/v2\/tags?post=15056"}],"curies":[{"name":"wp","href":"https:\/\/api.w.org\/{rel}","templated":true}]}}