{"id":15054,"date":"2022-02-15T13:27:40","date_gmt":"2022-02-15T12:27:40","guid":{"rendered":"https:\/\/mdkoswiecim.pl\/?p=15054"},"modified":"2022-02-15T13:27:42","modified_gmt":"2022-02-15T12:27:42","slug":"jubileuszowy-xxv-konkurs-wiedzy-o-oswiecimiu","status":"publish","type":"post","link":"https:\/\/mdkoswiecim.pl\/index.php\/2022\/02\/15\/jubileuszowy-xxv-konkurs-wiedzy-o-oswiecimiu\/","title":{"rendered":"Jubileuszowy XXV Konkurs Wiedzy o O\u015bwi\u0119cimiu"},"content":{"rendered":"\n<p><\/p>\n\n\n\n<p>Serdecznie zapraszamy uczni\u00f3w klas IV do VIII szk\u00f3\u0142 podstawowych z terenu powiatu o\u015bwi\u0119cimskiego do wzi\u0119cia udzia\u0142u w jubileuszowym XXV Konkursie Wiedzy o O\u015bwi\u0119cimiu po patronatem Starosty O\u015bwi\u0119cimskiego. Zg\u0142oszenia przyjmujemy do 15 marca 2022r. <\/p>\n\n\n\n<div data-wp-interactive=\"core\/file\" class=\"wp-block-file\"><object data-wp-bind--hidden=\"!state.hasPdfPreview\" hidden class=\"wp-block-file__embed\" data=\"https:\/\/mdkoswiecim.pl\/wp-content\/uploads\/2022\/02\/KWoO-plakat.pdf\" type=\"application\/pdf\" style=\"width:100%;height:600px\" aria-label=\"Osadzone z Osadzone z KWoO-plakat..\"><\/object><a id=\"wp-block-file--media-2d282a58-7637-4575-8149-1279c68f4dfe\" href=\"https:\/\/mdkoswiecim.pl\/wp-content\/uploads\/2022\/02\/KWoO-plakat.pdf\">KWoO-plakat<\/a><a href=\"https:\/\/mdkoswiecim.pl\/wp-content\/uploads\/2022\/02\/KWoO-plakat.pdf\" class=\"wp-block-file__button\" download aria-describedby=\"wp-block-file--media-2d282a58-7637-4575-8149-1279c68f4dfe\">Pobierz<\/a><\/div>\n\n\n\n<div data-wp-interactive=\"core\/file\" class=\"wp-block-file\"><object data-wp-bind--hidden=\"!state.hasPdfPreview\" hidden class=\"wp-block-file__embed\" data=\"https:\/\/mdkoswiecim.pl\/wp-content\/uploads\/2022\/02\/Regulamin-Konkursu-Wiedzy-o-Oswiecimiu-2022_1.pdf\" type=\"application\/pdf\" style=\"width:100%;height:600px\" aria-label=\"Osadzone z Osadzone z Regulamin-Konkursu-Wiedzy-o-Oswiecimiu-2022_1..\"><\/object><a id=\"wp-block-file--media-76d850bc-b152-46a5-9ac8-b2cebd490ebc\" href=\"https:\/\/mdkoswiecim.pl\/wp-content\/uploads\/2022\/02\/Regulamin-Konkursu-Wiedzy-o-Oswiecimiu-2022_1.pdf\">Regulamin-Konkursu-Wiedzy-o-Oswiecimiu-2022_1<\/a><a href=\"https:\/\/mdkoswiecim.pl\/wp-content\/uploads\/2022\/02\/Regulamin-Konkursu-Wiedzy-o-Oswiecimiu-2022_1.pdf\" class=\"wp-block-file__button\" download aria-describedby=\"wp-block-file--media-76d850bc-b152-46a5-9ac8-b2cebd490ebc\">Pobierz<\/a><\/div>\n\n\n\n\n\n<p> <\/p>\n","protected":false},"excerpt":{"rendered":"<p>Serdecznie zapraszamy uczni\u00f3w klas IV do VIII szk\u00f3\u0142 podstawowych z terenu powiatu o\u015bwi\u0119cimskiego do wzi\u0119cia udzia\u0142u w jubileuszowym XXV Konkursie Wiedzy o O\u015bwi\u0119cimiu po patronatem Starosty O\u015bwi\u0119cimskiego. Zg\u0142oszenia przyjmujemy do 15 marca 2022r.<\/p>\n","protected":false},"author":2,"featured_media":15059,"comment_status":"closed","ping_status":"closed","sticky":false,"template":"","format":"standard","meta":{"footnotes":""},"categories":[107,108],"tags":[],"class_list":["post-15054","post","type-post","status-publish","format-standard","has-post-thumbnail","hentry","category-konkursy","category-aktualnosci"],"yoast_head":"<!-- This site is optimized with the Yoast SEO plugin v16.1.1 - https:\/\/yoast.com\/wordpress\/plugins\/seo\/ -->\n<title>Jubileuszowy XXV Konkurs Wiedzy o O\u015bwi\u0119cimiu - MDK<\/title>\n<link rel=\"canonical\" href=\"https:\/\/mdkoswiecim.pl\/index.php\/2022\/02\/15\/jubileuszowy-xxv-konkurs-wiedzy-o-oswiecimiu\/\" \/>\n<meta property=\"og:locale\" content=\"pl_PL\" \/>\n<meta property=\"og:type\" content=\"article\" \/>\n<meta property=\"og:title\" content=\"Jubileuszowy XXV Konkurs Wiedzy o O\u015bwi\u0119cimiu - MDK\" \/>\n<meta property=\"og:description\" content=\"Serdecznie zapraszamy uczni\u00f3w klas IV do VIII szk\u00f3\u0142 podstawowych z terenu powiatu o\u015bwi\u0119cimskiego do wzi\u0119cia udzia\u0142u w jubileuszowym XXV Konkursie Wiedzy o O\u015bwi\u0119cimiu po patronatem Starosty O\u015bwi\u0119cimskiego. Zg\u0142oszenia przyjmujemy do 15 marca 2022r.\" \/>\n<meta property=\"og:url\" content=\"https:\/\/mdkoswiecim.pl\/index.php\/2022\/02\/15\/jubileuszowy-xxv-konkurs-wiedzy-o-oswiecimiu\/\" \/>\n<meta property=\"og:site_name\" content=\"MDK\" \/>\n<meta property=\"article:published_time\" content=\"2022-02-15T12:27:40+00:00\" \/>\n<meta property=\"article:modified_time\" content=\"2022-02-15T12:27:42+00:00\" \/>\n<meta property=\"og:image\" content=\"https:\/\/mdkoswiecim.pl\/wp-content\/uploads\/2022\/02\/osw-2.png\" \/>\n\t<meta property=\"og:image:width\" content=\"1565\" \/>\n\t<meta property=\"og:image:height\" content=\"893\" \/>\n<meta name=\"twitter:card\" content=\"summary_large_image\" \/>\n<meta name=\"twitter:label1\" content=\"Szacowany czas czytania\">\n\t<meta name=\"twitter:data1\" content=\"1 minuta\">\n<script type=\"application\/ld+json\" class=\"yoast-schema-graph\">{\"@context\":\"https:\/\/schema.org\",\"@graph\":[{\"@type\":\"WebSite\",\"@id\":\"https:\/\/mdkoswiecim.pl\/#website\",\"url\":\"https:\/\/mdkoswiecim.pl\/\",\"name\":\"MDK\",\"description\":\"M\\u0142odzie\\u017cowy Dom Kultury w O\\u015bwi\\u0119cimiu\",\"potentialAction\":[{\"@type\":\"SearchAction\",\"target\":\"https:\/\/mdkoswiecim.pl\/?s={search_term_string}\",\"query-input\":\"required name=search_term_string\"}],\"inLanguage\":\"pl-PL\"},{\"@type\":\"ImageObject\",\"@id\":\"https:\/\/mdkoswiecim.pl\/index.php\/2022\/02\/15\/jubileuszowy-xxv-konkurs-wiedzy-o-oswiecimiu\/#primaryimage\",\"inLanguage\":\"pl-PL\",\"url\":\"https:\/\/mdkoswiecim.pl\/wp-content\/uploads\/2022\/02\/osw-2.png\",\"contentUrl\":\"https:\/\/mdkoswiecim.pl\/wp-content\/uploads\/2022\/02\/osw-2.png\",\"width\":1565,\"height\":893},{\"@type\":\"WebPage\",\"@id\":\"https:\/\/mdkoswiecim.pl\/index.php\/2022\/02\/15\/jubileuszowy-xxv-konkurs-wiedzy-o-oswiecimiu\/#webpage\",\"url\":\"https:\/\/mdkoswiecim.pl\/index.php\/2022\/02\/15\/jubileuszowy-xxv-konkurs-wiedzy-o-oswiecimiu\/\",\"name\":\"Jubileuszowy XXV Konkurs Wiedzy o O\\u015bwi\\u0119cimiu - MDK\",\"isPartOf\":{\"@id\":\"https:\/\/mdkoswiecim.pl\/#website\"},\"primaryImageOfPage\":{\"@id\":\"https:\/\/mdkoswiecim.pl\/index.php\/2022\/02\/15\/jubileuszowy-xxv-konkurs-wiedzy-o-oswiecimiu\/#primaryimage\"},\"datePublished\":\"2022-02-15T12:27:40+00:00\",\"dateModified\":\"2022-02-15T12:27:42+00:00\",\"author\":{\"@id\":\"https:\/\/mdkoswiecim.pl\/#\/schema\/person\/de4e1c3f9f9805d4834a83cd933e83a4\"},\"breadcrumb\":{\"@id\":\"https:\/\/mdkoswiecim.pl\/index.php\/2022\/02\/15\/jubileuszowy-xxv-konkurs-wiedzy-o-oswiecimiu\/#breadcrumb\"},\"inLanguage\":\"pl-PL\",\"potentialAction\":[{\"@type\":\"ReadAction\",\"target\":[\"https:\/\/mdkoswiecim.pl\/index.php\/2022\/02\/15\/jubileuszowy-xxv-konkurs-wiedzy-o-oswiecimiu\/\"]}]},{\"@type\":\"BreadcrumbList\",\"@id\":\"https:\/\/mdkoswiecim.pl\/index.php\/2022\/02\/15\/jubileuszowy-xxv-konkurs-wiedzy-o-oswiecimiu\/#breadcrumb\",\"itemListElement\":[{\"@type\":\"ListItem\",\"position\":1,\"item\":{\"@type\":\"WebPage\",\"@id\":\"https:\/\/mdkoswiecim.pl\/\",\"url\":\"https:\/\/mdkoswiecim.pl\/\",\"name\":\"Strona g\\u0142\\u00f3wna\"}},{\"@type\":\"ListItem\",\"position\":2,\"item\":{\"@type\":\"WebPage\",\"@id\":\"https:\/\/mdkoswiecim.pl\/index.php\/2022\/02\/15\/jubileuszowy-xxv-konkurs-wiedzy-o-oswiecimiu\/\",\"url\":\"https:\/\/mdkoswiecim.pl\/index.php\/2022\/02\/15\/jubileuszowy-xxv-konkurs-wiedzy-o-oswiecimiu\/\",\"name\":\"Jubileuszowy XXV Konkurs Wiedzy o O\\u015bwi\\u0119cimiu\"}}]},{\"@type\":\"Person\",\"@id\":\"https:\/\/mdkoswiecim.pl\/#\/schema\/person\/de4e1c3f9f9805d4834a83cd933e83a4\",\"name\":\"janusz.majcherek\",\"image\":{\"@type\":\"ImageObject\",\"@id\":\"https:\/\/mdkoswiecim.pl\/#personlogo\",\"inLanguage\":\"pl-PL\",\"url\":\"https:\/\/secure.gravatar.com\/avatar\/841ee0bdfc0ec9800cdb49de086063cd2bdca44d52221b7fee4d6a2db5eafb17?s=96&d=mm&r=g\",\"contentUrl\":\"https:\/\/secure.gravatar.com\/avatar\/841ee0bdfc0ec9800cdb49de086063cd2bdca44d52221b7fee4d6a2db5eafb17?s=96&d=mm&r=g\",\"caption\":\"janusz.majcherek\"}}]}<\/script>\n<!-- \/ Yoast SEO plugin. -->","_links":{"self":[{"href":"https:\/\/mdkoswiecim.pl\/index.php\/wp-json\/wp\/v2\/posts\/15054","targetHints":{"allow":["GET"]}}],"collection":[{"href":"https:\/\/mdkoswiecim.pl\/index.php\/wp-json\/wp\/v2\/posts"}],"about":[{"href":"https:\/\/mdkoswiecim.pl\/index.php\/wp-json\/wp\/v2\/types\/post"}],"author":[{"embeddable":true,"href":"https:\/\/mdkoswiecim.pl\/index.php\/wp-json\/wp\/v2\/users\/2"}],"replies":[{"embeddable":true,"href":"https:\/\/mdkoswiecim.pl\/index.php\/wp-json\/wp\/v2\/comments?post=15054"}],"version-history":[{"count":2,"href":"https:\/\/mdkoswiecim.pl\/index.php\/wp-json\/wp\/v2\/posts\/15054\/revisions"}],"predecessor-version":[{"id":15061,"href":"https:\/\/mdkoswiecim.pl\/index.php\/wp-json\/wp\/v2\/posts\/15054\/revisions\/15061"}],"wp:featuredmedia":[{"embeddable":true,"href":"https:\/\/mdkoswiecim.pl\/index.php\/wp-json\/wp\/v2\/media\/15059"}],"wp:attachment":[{"href":"https:\/\/mdkoswiecim.pl\/index.php\/wp-json\/wp\/v2\/media?parent=15054"}],"wp:term":[{"taxonomy":"category","embeddable":true,"href":"https:\/\/mdkoswiecim.pl\/index.php\/wp-json\/wp\/v2\/categories?post=15054"},{"taxonomy":"post_tag","embeddable":true,"href":"https:\/\/mdkoswiecim.pl\/index.php\/wp-json\/wp\/v2\/tags?post=15054"}],"curies":[{"name":"wp","href":"https:\/\/api.w.org\/{rel}","templated":true}]}}