{"id":15035,"date":"2022-02-03T16:38:30","date_gmt":"2022-02-03T15:38:30","guid":{"rendered":"https:\/\/mdkoswiecim.pl\/?p=15035"},"modified":"2022-02-03T16:40:33","modified_gmt":"2022-02-03T15:40:33","slug":"iii-powiatowy-konkurs-plastyczny-kufer-wyobrazni-pod-haslem-niesamowita-fantastyczna-przygoda","status":"publish","type":"post","link":"https:\/\/mdkoswiecim.pl\/index.php\/2022\/02\/03\/iii-powiatowy-konkurs-plastyczny-kufer-wyobrazni-pod-haslem-niesamowita-fantastyczna-przygoda\/","title":{"rendered":"III Powiatowy Konkurs Plastyczny &#8221; Kufer Wyobra\u017ani&#8221; pod has\u0142em &#8220;Niesamowita, fantastyczna przygoda&#8221;"},"content":{"rendered":"\n<p>Serdecznie zapraszamy do wzi\u0119cia udzia\u0142u w  III Powiatowym Konkursie  Plastycznym &#8220;Kufer Wyobra\u017ani&#8221;, kt\u00f3ry  adresowany jest do dzieci i m\u0142odzie\u017cy od 6 roku \u017cycia do uko\u0144czenia szko\u0142y \u015bredniej, w tym uczni\u00f3w lub uczestnik\u00f3w zaj\u0119\u0107 plac\u00f3wek wychowania pozaszkolnego oraz \u015bwietlic terapeutycznych. Has\u0142em przewodnim konkursu jest:  &#8220;Niesamowita, fantastyczna przygoda&#8221;.<\/p>\n\n\n\n<p>Poni\u017cej znajdziecie regulamin konkursu. <\/p>\n\n\n\n<div class=\"wp-block-file\"><a id=\"wp-block-file--media-f4894121-86a4-40ce-aa67-acb692104d46\" href=\"https:\/\/mdkoswiecim.pl\/wp-content\/uploads\/2022\/02\/regulamin-3.docx\">regulamin-3<\/a><a href=\"https:\/\/mdkoswiecim.pl\/wp-content\/uploads\/2022\/02\/regulamin-3.docx\" class=\"wp-block-file__button\" download aria-describedby=\"wp-block-file--media-f4894121-86a4-40ce-aa67-acb692104d46\">Pobierz<\/a><\/div>\n\n\n\n<figure class=\"wp-block-image size-large\"><img loading=\"lazy\" decoding=\"async\" width=\"729\" height=\"1024\" src=\"https:\/\/mdkoswiecim.pl\/wp-content\/uploads\/2022\/02\/plakat1-729x1024.jpg\" alt=\"\" class=\"wp-image-15038\" srcset=\"https:\/\/mdkoswiecim.pl\/wp-content\/uploads\/2022\/02\/plakat1-729x1024.jpg 729w, https:\/\/mdkoswiecim.pl\/wp-content\/uploads\/2022\/02\/plakat1-214x300.jpg 214w, https:\/\/mdkoswiecim.pl\/wp-content\/uploads\/2022\/02\/plakat1-768x1078.jpg 768w, https:\/\/mdkoswiecim.pl\/wp-content\/uploads\/2022\/02\/plakat1-1094x1536.jpg 1094w, https:\/\/mdkoswiecim.pl\/wp-content\/uploads\/2022\/02\/plakat1-1458x2048.jpg 1458w, https:\/\/mdkoswiecim.pl\/wp-content\/uploads\/2022\/02\/plakat1-scaled.jpg 1823w\" sizes=\"auto, (max-width: 729px) 100vw, 729px\" \/><\/figure>\n","protected":false},"excerpt":{"rendered":"<p>Serdecznie zapraszamy do wzi\u0119cia udzia\u0142u w III Powiatowym Konkursie Plastycznym &#8220;Kufer Wyobra\u017ani&#8221;, kt\u00f3ry adresowany jest do dzieci i m\u0142odzie\u017cy od 6 roku \u017cycia do uko\u0144czenia szko\u0142y \u015bredniej, w tym uczni\u00f3w lub uczestnik\u00f3w zaj\u0119\u0107 plac\u00f3wek wychowania pozaszkolnego oraz \u015bwietlic terapeutycznych. Has\u0142em przewodnim konkursu jest: &#8220;Niesamowita, fantastyczna przygoda&#8221;. Poni\u017cej znajdziecie regulamin konkursu.<\/p>\n","protected":false},"author":2,"featured_media":15039,"comment_status":"closed","ping_status":"closed","sticky":false,"template":"","format":"standard","meta":{"footnotes":""},"categories":[107,108],"tags":[],"class_list":["post-15035","post","type-post","status-publish","format-standard","has-post-thumbnail","hentry","category-konkursy","category-aktualnosci"],"yoast_head":"<!-- This site is optimized with the Yoast SEO plugin v16.1.1 - https:\/\/yoast.com\/wordpress\/plugins\/seo\/ -->\n<title>III Powiatowy Konkurs Plastyczny &quot; Kufer Wyobra\u017ani&quot; pod has\u0142em &quot;Niesamowita, fantastyczna przygoda&quot; - MDK<\/title>\n<link rel=\"canonical\" href=\"https:\/\/mdkoswiecim.pl\/index.php\/2022\/02\/03\/iii-powiatowy-konkurs-plastyczny-kufer-wyobrazni-pod-haslem-niesamowita-fantastyczna-przygoda\/\" \/>\n<meta property=\"og:locale\" content=\"pl_PL\" \/>\n<meta property=\"og:type\" content=\"article\" \/>\n<meta property=\"og:title\" content=\"III Powiatowy Konkurs Plastyczny &quot; Kufer Wyobra\u017ani&quot; pod has\u0142em &quot;Niesamowita, fantastyczna przygoda&quot; - MDK\" \/>\n<meta property=\"og:description\" content=\"Serdecznie zapraszamy do wzi\u0119cia udzia\u0142u w III Powiatowym Konkursie Plastycznym &#8220;Kufer Wyobra\u017ani&#8221;, kt\u00f3ry adresowany jest do dzieci i m\u0142odzie\u017cy od 6 roku \u017cycia do uko\u0144czenia szko\u0142y \u015bredniej, w tym uczni\u00f3w lub uczestnik\u00f3w zaj\u0119\u0107 plac\u00f3wek wychowania pozaszkolnego oraz \u015bwietlic terapeutycznych. Has\u0142em przewodnim konkursu jest: &#8220;Niesamowita, fantastyczna przygoda&#8221;. Poni\u017cej znajdziecie regulamin konkursu.\" \/>\n<meta property=\"og:url\" content=\"https:\/\/mdkoswiecim.pl\/index.php\/2022\/02\/03\/iii-powiatowy-konkurs-plastyczny-kufer-wyobrazni-pod-haslem-niesamowita-fantastyczna-przygoda\/\" \/>\n<meta property=\"og:site_name\" content=\"MDK\" \/>\n<meta property=\"article:published_time\" content=\"2022-02-03T15:38:30+00:00\" \/>\n<meta property=\"article:modified_time\" content=\"2022-02-03T15:40:33+00:00\" \/>\n<meta property=\"og:image\" content=\"https:\/\/mdkoswiecim.pl\/wp-content\/uploads\/2022\/02\/plakat1-1-scaled-e1643902818973.jpg\" \/>\n\t<meta property=\"og:image:width\" content=\"1824\" \/>\n\t<meta property=\"og:image:height\" content=\"1135\" \/>\n<meta name=\"twitter:card\" content=\"summary_large_image\" \/>\n<meta name=\"twitter:label1\" content=\"Szacowany czas czytania\">\n\t<meta name=\"twitter:data1\" content=\"1 minuta\">\n<script type=\"application\/ld+json\" class=\"yoast-schema-graph\">{\"@context\":\"https:\/\/schema.org\",\"@graph\":[{\"@type\":\"WebSite\",\"@id\":\"https:\/\/mdkoswiecim.pl\/#website\",\"url\":\"https:\/\/mdkoswiecim.pl\/\",\"name\":\"MDK\",\"description\":\"M\\u0142odzie\\u017cowy Dom Kultury w O\\u015bwi\\u0119cimiu\",\"potentialAction\":[{\"@type\":\"SearchAction\",\"target\":\"https:\/\/mdkoswiecim.pl\/?s={search_term_string}\",\"query-input\":\"required name=search_term_string\"}],\"inLanguage\":\"pl-PL\"},{\"@type\":\"ImageObject\",\"@id\":\"https:\/\/mdkoswiecim.pl\/index.php\/2022\/02\/03\/iii-powiatowy-konkurs-plastyczny-kufer-wyobrazni-pod-haslem-niesamowita-fantastyczna-przygoda\/#primaryimage\",\"inLanguage\":\"pl-PL\",\"url\":\"https:\/\/mdkoswiecim.pl\/wp-content\/uploads\/2022\/02\/plakat1-1-scaled-e1643902818973.jpg\",\"contentUrl\":\"https:\/\/mdkoswiecim.pl\/wp-content\/uploads\/2022\/02\/plakat1-1-scaled-e1643902818973.jpg\",\"width\":1824,\"height\":1135},{\"@type\":\"WebPage\",\"@id\":\"https:\/\/mdkoswiecim.pl\/index.php\/2022\/02\/03\/iii-powiatowy-konkurs-plastyczny-kufer-wyobrazni-pod-haslem-niesamowita-fantastyczna-przygoda\/#webpage\",\"url\":\"https:\/\/mdkoswiecim.pl\/index.php\/2022\/02\/03\/iii-powiatowy-konkurs-plastyczny-kufer-wyobrazni-pod-haslem-niesamowita-fantastyczna-przygoda\/\",\"name\":\"III Powiatowy Konkurs Plastyczny \\\" Kufer Wyobra\\u017ani\\\" pod has\\u0142em \\\"Niesamowita, fantastyczna przygoda\\\" - MDK\",\"isPartOf\":{\"@id\":\"https:\/\/mdkoswiecim.pl\/#website\"},\"primaryImageOfPage\":{\"@id\":\"https:\/\/mdkoswiecim.pl\/index.php\/2022\/02\/03\/iii-powiatowy-konkurs-plastyczny-kufer-wyobrazni-pod-haslem-niesamowita-fantastyczna-przygoda\/#primaryimage\"},\"datePublished\":\"2022-02-03T15:38:30+00:00\",\"dateModified\":\"2022-02-03T15:40:33+00:00\",\"author\":{\"@id\":\"https:\/\/mdkoswiecim.pl\/#\/schema\/person\/de4e1c3f9f9805d4834a83cd933e83a4\"},\"breadcrumb\":{\"@id\":\"https:\/\/mdkoswiecim.pl\/index.php\/2022\/02\/03\/iii-powiatowy-konkurs-plastyczny-kufer-wyobrazni-pod-haslem-niesamowita-fantastyczna-przygoda\/#breadcrumb\"},\"inLanguage\":\"pl-PL\",\"potentialAction\":[{\"@type\":\"ReadAction\",\"target\":[\"https:\/\/mdkoswiecim.pl\/index.php\/2022\/02\/03\/iii-powiatowy-konkurs-plastyczny-kufer-wyobrazni-pod-haslem-niesamowita-fantastyczna-przygoda\/\"]}]},{\"@type\":\"BreadcrumbList\",\"@id\":\"https:\/\/mdkoswiecim.pl\/index.php\/2022\/02\/03\/iii-powiatowy-konkurs-plastyczny-kufer-wyobrazni-pod-haslem-niesamowita-fantastyczna-przygoda\/#breadcrumb\",\"itemListElement\":[{\"@type\":\"ListItem\",\"position\":1,\"item\":{\"@type\":\"WebPage\",\"@id\":\"https:\/\/mdkoswiecim.pl\/\",\"url\":\"https:\/\/mdkoswiecim.pl\/\",\"name\":\"Strona g\\u0142\\u00f3wna\"}},{\"@type\":\"ListItem\",\"position\":2,\"item\":{\"@type\":\"WebPage\",\"@id\":\"https:\/\/mdkoswiecim.pl\/index.php\/2022\/02\/03\/iii-powiatowy-konkurs-plastyczny-kufer-wyobrazni-pod-haslem-niesamowita-fantastyczna-przygoda\/\",\"url\":\"https:\/\/mdkoswiecim.pl\/index.php\/2022\/02\/03\/iii-powiatowy-konkurs-plastyczny-kufer-wyobrazni-pod-haslem-niesamowita-fantastyczna-przygoda\/\",\"name\":\"III Powiatowy Konkurs Plastyczny &#8221; Kufer Wyobra\\u017ani&#8221; pod has\\u0142em &#8222;Niesamowita, fantastyczna przygoda&#8221;\"}}]},{\"@type\":\"Person\",\"@id\":\"https:\/\/mdkoswiecim.pl\/#\/schema\/person\/de4e1c3f9f9805d4834a83cd933e83a4\",\"name\":\"janusz.majcherek\",\"image\":{\"@type\":\"ImageObject\",\"@id\":\"https:\/\/mdkoswiecim.pl\/#personlogo\",\"inLanguage\":\"pl-PL\",\"url\":\"https:\/\/secure.gravatar.com\/avatar\/841ee0bdfc0ec9800cdb49de086063cd2bdca44d52221b7fee4d6a2db5eafb17?s=96&d=mm&r=g\",\"contentUrl\":\"https:\/\/secure.gravatar.com\/avatar\/841ee0bdfc0ec9800cdb49de086063cd2bdca44d52221b7fee4d6a2db5eafb17?s=96&d=mm&r=g\",\"caption\":\"janusz.majcherek\"}}]}<\/script>\n<!-- \/ Yoast SEO plugin. -->","_links":{"self":[{"href":"https:\/\/mdkoswiecim.pl\/index.php\/wp-json\/wp\/v2\/posts\/15035","targetHints":{"allow":["GET"]}}],"collection":[{"href":"https:\/\/mdkoswiecim.pl\/index.php\/wp-json\/wp\/v2\/posts"}],"about":[{"href":"https:\/\/mdkoswiecim.pl\/index.php\/wp-json\/wp\/v2\/types\/post"}],"author":[{"embeddable":true,"href":"https:\/\/mdkoswiecim.pl\/index.php\/wp-json\/wp\/v2\/users\/2"}],"replies":[{"embeddable":true,"href":"https:\/\/mdkoswiecim.pl\/index.php\/wp-json\/wp\/v2\/comments?post=15035"}],"version-history":[{"count":3,"href":"https:\/\/mdkoswiecim.pl\/index.php\/wp-json\/wp\/v2\/posts\/15035\/revisions"}],"predecessor-version":[{"id":15041,"href":"https:\/\/mdkoswiecim.pl\/index.php\/wp-json\/wp\/v2\/posts\/15035\/revisions\/15041"}],"wp:featuredmedia":[{"embeddable":true,"href":"https:\/\/mdkoswiecim.pl\/index.php\/wp-json\/wp\/v2\/media\/15039"}],"wp:attachment":[{"href":"https:\/\/mdkoswiecim.pl\/index.php\/wp-json\/wp\/v2\/media?parent=15035"}],"wp:term":[{"taxonomy":"category","embeddable":true,"href":"https:\/\/mdkoswiecim.pl\/index.php\/wp-json\/wp\/v2\/categories?post=15035"},{"taxonomy":"post_tag","embeddable":true,"href":"https:\/\/mdkoswiecim.pl\/index.php\/wp-json\/wp\/v2\/tags?post=15035"}],"curies":[{"name":"wp","href":"https:\/\/api.w.org\/{rel}","templated":true}]}}