{"id":15017,"date":"2022-01-14T14:25:34","date_gmt":"2022-01-14T13:25:34","guid":{"rendered":"https:\/\/mdkoswiecim.pl\/?p=15017"},"modified":"2022-01-14T14:25:37","modified_gmt":"2022-01-14T13:25:37","slug":"odbior-prac-i-nagrod-powiatowy-konkurs-plastyczny-w-swiatecznym-nastroju","status":"publish","type":"post","link":"https:\/\/mdkoswiecim.pl\/index.php\/2022\/01\/14\/odbior-prac-i-nagrod-powiatowy-konkurs-plastyczny-w-swiatecznym-nastroju\/","title":{"rendered":"ODBI\u00d3R PRAC I NAGR\u00d3D &#8211; POWIATOWY KONKURS PLASTYCZNY &#8220;W \u015aWI\u0104TECZNYM NASTROJU&#8221;"},"content":{"rendered":"\n<p>W czwartek 13 stycznia rozdali\u015bmy nagrody w II Powiatowym Konkursie Plastycznym &#8220;W \u015bwi\u0105tecznym nastroju&#8221;. Bardzo prosimy o odbi\u00f3r nagr\u00f3d, kt\u00f3re nie zosta\u0142y odebrane w czasie czwartkowej uroczysto\u015bci. Prosimy r\u00f3wnie\u017c o odebranie prac, kt\u00f3re wp\u0142yn\u0119\u0142y na nasz konkurs. Po 6 lutego 2022 r. nieodebrane prace konkursowe przechodz\u0105 na w\u0142asno\u015b\u0107 MDK.Listy os\u00f3b nagrodzonych i wyr\u00f3\u017cnionych znajduj\u0105 si\u0119 w linkach:<\/p>\n\n\n\n<p><blockquote class=\"wp-embedded-content\" data-secret=\"s7VSCVCEym\"><a href=\"https:\/\/mdkoswiecim.pl\/index.php\/2022\/01\/12\/wyniki-powiatowego-konkursu-plastycznego-w-swiatecznym-nastroju\/\">Wyniki Powiatowego Konkursu Plastycznego \u201cW \u015bwi\u0105tecznym nastroju\u201d.<\/a><\/blockquote><iframe loading=\"lazy\" class=\"wp-embedded-content\" sandbox=\"allow-scripts\" security=\"restricted\" style=\"position: absolute; clip: rect(1px, 1px, 1px, 1px);\" title=\"&#8222;Wyniki Powiatowego Konkursu Plastycznego \u201cW \u015bwi\u0105tecznym nastroju\u201d.&#8221; &#8212; MDK\" src=\"https:\/\/mdkoswiecim.pl\/index.php\/2022\/01\/12\/wyniki-powiatowego-konkursu-plastycznego-w-swiatecznym-nastroju\/embed\/#?secret=s7VSCVCEym\" data-secret=\"s7VSCVCEym\" width=\"600\" height=\"338\" frameborder=\"0\" marginwidth=\"0\" marginheight=\"0\" scrolling=\"no\"><\/iframe><\/p>\n\n\n\n<p>\/https:\/\/mdkoswiecim.pl\/index.php\/2022\/01\/12\/ii-powiatowy-konkurs-koled-i-pastoralek-2\/<\/p>\n","protected":false},"excerpt":{"rendered":"<p>W czwartek 13 stycznia rozdali\u015bmy nagrody w II Powiatowym Konkursie Plastycznym &#8220;W \u015bwi\u0105tecznym nastroju&#8221;. Bardzo prosimy o odbi\u00f3r nagr\u00f3d, kt\u00f3re nie zosta\u0142y odebrane w czasie czwartkowej uroczysto\u015bci. Prosimy r\u00f3wnie\u017c o odebranie prac, kt\u00f3re wp\u0142yn\u0119\u0142y na nasz konkurs. Po 6 lutego 2022 r. nieodebrane prace konkursowe przechodz\u0105 na w\u0142asno\u015b\u0107 MDK.Listy os\u00f3b nagrodzonych i wyr\u00f3\u017cnionych znajduj\u0105 si\u0119 [&hellip;]<\/p>\n","protected":false},"author":3,"featured_media":15018,"comment_status":"closed","ping_status":"open","sticky":false,"template":"","format":"standard","meta":{"footnotes":""},"categories":[108],"tags":[],"class_list":["post-15017","post","type-post","status-publish","format-standard","has-post-thumbnail","hentry","category-aktualnosci"],"yoast_head":"<!-- This site is optimized with the Yoast SEO plugin v16.1.1 - https:\/\/yoast.com\/wordpress\/plugins\/seo\/ -->\n<title>ODBI\u00d3R PRAC I NAGR\u00d3D - POWIATOWY KONKURS PLASTYCZNY &quot;W \u015aWI\u0104TECZNYM NASTROJU&quot; - MDK<\/title>\n<link rel=\"canonical\" href=\"https:\/\/mdkoswiecim.pl\/index.php\/2022\/01\/14\/odbior-prac-i-nagrod-powiatowy-konkurs-plastyczny-w-swiatecznym-nastroju\/\" \/>\n<meta property=\"og:locale\" content=\"pl_PL\" \/>\n<meta property=\"og:type\" content=\"article\" \/>\n<meta property=\"og:title\" content=\"ODBI\u00d3R PRAC I NAGR\u00d3D - POWIATOWY KONKURS PLASTYCZNY &quot;W \u015aWI\u0104TECZNYM NASTROJU&quot; - MDK\" \/>\n<meta property=\"og:description\" content=\"W czwartek 13 stycznia rozdali\u015bmy nagrody w II Powiatowym Konkursie Plastycznym &#8220;W \u015bwi\u0105tecznym nastroju&#8221;. Bardzo prosimy o odbi\u00f3r nagr\u00f3d, kt\u00f3re nie zosta\u0142y odebrane w czasie czwartkowej uroczysto\u015bci. Prosimy r\u00f3wnie\u017c o odebranie prac, kt\u00f3re wp\u0142yn\u0119\u0142y na nasz konkurs. Po 6 lutego 2022 r. nieodebrane prace konkursowe przechodz\u0105 na w\u0142asno\u015b\u0107 MDK.Listy os\u00f3b nagrodzonych i wyr\u00f3\u017cnionych znajduj\u0105 si\u0119 [&hellip;]\" \/>\n<meta property=\"og:url\" content=\"https:\/\/mdkoswiecim.pl\/index.php\/2022\/01\/14\/odbior-prac-i-nagrod-powiatowy-konkurs-plastyczny-w-swiatecznym-nastroju\/\" \/>\n<meta property=\"og:site_name\" content=\"MDK\" \/>\n<meta property=\"article:published_time\" content=\"2022-01-14T13:25:34+00:00\" \/>\n<meta property=\"article:modified_time\" content=\"2022-01-14T13:25:37+00:00\" \/>\n<meta property=\"og:image\" content=\"https:\/\/mdkoswiecim.pl\/wp-content\/uploads\/2022\/01\/m4_Easy-Resize.com_-1-1024x682-1.jpg\" \/>\n\t<meta property=\"og:image:width\" content=\"1024\" \/>\n\t<meta property=\"og:image:height\" content=\"682\" \/>\n<meta name=\"twitter:card\" content=\"summary_large_image\" \/>\n<meta name=\"twitter:label1\" content=\"Szacowany czas czytania\">\n\t<meta name=\"twitter:data1\" content=\"1 minuta\">\n<script type=\"application\/ld+json\" class=\"yoast-schema-graph\">{\"@context\":\"https:\/\/schema.org\",\"@graph\":[{\"@type\":\"WebSite\",\"@id\":\"https:\/\/mdkoswiecim.pl\/#website\",\"url\":\"https:\/\/mdkoswiecim.pl\/\",\"name\":\"MDK\",\"description\":\"M\\u0142odzie\\u017cowy Dom Kultury w O\\u015bwi\\u0119cimiu\",\"potentialAction\":[{\"@type\":\"SearchAction\",\"target\":\"https:\/\/mdkoswiecim.pl\/?s={search_term_string}\",\"query-input\":\"required name=search_term_string\"}],\"inLanguage\":\"pl-PL\"},{\"@type\":\"ImageObject\",\"@id\":\"https:\/\/mdkoswiecim.pl\/index.php\/2022\/01\/14\/odbior-prac-i-nagrod-powiatowy-konkurs-plastyczny-w-swiatecznym-nastroju\/#primaryimage\",\"inLanguage\":\"pl-PL\",\"url\":\"https:\/\/mdkoswiecim.pl\/wp-content\/uploads\/2022\/01\/m4_Easy-Resize.com_-1-1024x682-1.jpg\",\"contentUrl\":\"https:\/\/mdkoswiecim.pl\/wp-content\/uploads\/2022\/01\/m4_Easy-Resize.com_-1-1024x682-1.jpg\",\"width\":1024,\"height\":682},{\"@type\":\"WebPage\",\"@id\":\"https:\/\/mdkoswiecim.pl\/index.php\/2022\/01\/14\/odbior-prac-i-nagrod-powiatowy-konkurs-plastyczny-w-swiatecznym-nastroju\/#webpage\",\"url\":\"https:\/\/mdkoswiecim.pl\/index.php\/2022\/01\/14\/odbior-prac-i-nagrod-powiatowy-konkurs-plastyczny-w-swiatecznym-nastroju\/\",\"name\":\"ODBI\\u00d3R PRAC I NAGR\\u00d3D - POWIATOWY KONKURS PLASTYCZNY \\\"W \\u015aWI\\u0104TECZNYM NASTROJU\\\" - MDK\",\"isPartOf\":{\"@id\":\"https:\/\/mdkoswiecim.pl\/#website\"},\"primaryImageOfPage\":{\"@id\":\"https:\/\/mdkoswiecim.pl\/index.php\/2022\/01\/14\/odbior-prac-i-nagrod-powiatowy-konkurs-plastyczny-w-swiatecznym-nastroju\/#primaryimage\"},\"datePublished\":\"2022-01-14T13:25:34+00:00\",\"dateModified\":\"2022-01-14T13:25:37+00:00\",\"author\":{\"@id\":\"https:\/\/mdkoswiecim.pl\/#\/schema\/person\/d9c1081e4cfefcbccad7ec11fa250f7a\"},\"breadcrumb\":{\"@id\":\"https:\/\/mdkoswiecim.pl\/index.php\/2022\/01\/14\/odbior-prac-i-nagrod-powiatowy-konkurs-plastyczny-w-swiatecznym-nastroju\/#breadcrumb\"},\"inLanguage\":\"pl-PL\",\"potentialAction\":[{\"@type\":\"ReadAction\",\"target\":[\"https:\/\/mdkoswiecim.pl\/index.php\/2022\/01\/14\/odbior-prac-i-nagrod-powiatowy-konkurs-plastyczny-w-swiatecznym-nastroju\/\"]}]},{\"@type\":\"BreadcrumbList\",\"@id\":\"https:\/\/mdkoswiecim.pl\/index.php\/2022\/01\/14\/odbior-prac-i-nagrod-powiatowy-konkurs-plastyczny-w-swiatecznym-nastroju\/#breadcrumb\",\"itemListElement\":[{\"@type\":\"ListItem\",\"position\":1,\"item\":{\"@type\":\"WebPage\",\"@id\":\"https:\/\/mdkoswiecim.pl\/\",\"url\":\"https:\/\/mdkoswiecim.pl\/\",\"name\":\"Strona g\\u0142\\u00f3wna\"}},{\"@type\":\"ListItem\",\"position\":2,\"item\":{\"@type\":\"WebPage\",\"@id\":\"https:\/\/mdkoswiecim.pl\/index.php\/2022\/01\/14\/odbior-prac-i-nagrod-powiatowy-konkurs-plastyczny-w-swiatecznym-nastroju\/\",\"url\":\"https:\/\/mdkoswiecim.pl\/index.php\/2022\/01\/14\/odbior-prac-i-nagrod-powiatowy-konkurs-plastyczny-w-swiatecznym-nastroju\/\",\"name\":\"ODBI\\u00d3R PRAC I NAGR\\u00d3D &#8211; POWIATOWY KONKURS PLASTYCZNY &#8220;W \\u015aWI\\u0104TECZNYM NASTROJU&#8221;\"}}]},{\"@type\":\"Person\",\"@id\":\"https:\/\/mdkoswiecim.pl\/#\/schema\/person\/d9c1081e4cfefcbccad7ec11fa250f7a\",\"name\":\"alina.kwarciak\",\"image\":{\"@type\":\"ImageObject\",\"@id\":\"https:\/\/mdkoswiecim.pl\/#personlogo\",\"inLanguage\":\"pl-PL\",\"url\":\"https:\/\/secure.gravatar.com\/avatar\/cce8f640650bbd69c0efc0afd2dddb7945a94129b978796401e58cac1eb8b87b?s=96&d=mm&r=g\",\"contentUrl\":\"https:\/\/secure.gravatar.com\/avatar\/cce8f640650bbd69c0efc0afd2dddb7945a94129b978796401e58cac1eb8b87b?s=96&d=mm&r=g\",\"caption\":\"alina.kwarciak\"}}]}<\/script>\n<!-- \/ Yoast SEO plugin. -->","_links":{"self":[{"href":"https:\/\/mdkoswiecim.pl\/index.php\/wp-json\/wp\/v2\/posts\/15017","targetHints":{"allow":["GET"]}}],"collection":[{"href":"https:\/\/mdkoswiecim.pl\/index.php\/wp-json\/wp\/v2\/posts"}],"about":[{"href":"https:\/\/mdkoswiecim.pl\/index.php\/wp-json\/wp\/v2\/types\/post"}],"author":[{"embeddable":true,"href":"https:\/\/mdkoswiecim.pl\/index.php\/wp-json\/wp\/v2\/users\/3"}],"replies":[{"embeddable":true,"href":"https:\/\/mdkoswiecim.pl\/index.php\/wp-json\/wp\/v2\/comments?post=15017"}],"version-history":[{"count":1,"href":"https:\/\/mdkoswiecim.pl\/index.php\/wp-json\/wp\/v2\/posts\/15017\/revisions"}],"predecessor-version":[{"id":15019,"href":"https:\/\/mdkoswiecim.pl\/index.php\/wp-json\/wp\/v2\/posts\/15017\/revisions\/15019"}],"wp:featuredmedia":[{"embeddable":true,"href":"https:\/\/mdkoswiecim.pl\/index.php\/wp-json\/wp\/v2\/media\/15018"}],"wp:attachment":[{"href":"https:\/\/mdkoswiecim.pl\/index.php\/wp-json\/wp\/v2\/media?parent=15017"}],"wp:term":[{"taxonomy":"category","embeddable":true,"href":"https:\/\/mdkoswiecim.pl\/index.php\/wp-json\/wp\/v2\/categories?post=15017"},{"taxonomy":"post_tag","embeddable":true,"href":"https:\/\/mdkoswiecim.pl\/index.php\/wp-json\/wp\/v2\/tags?post=15017"}],"curies":[{"name":"wp","href":"https:\/\/api.w.org\/{rel}","templated":true}]}}