{"id":14968,"date":"2022-01-03T13:24:57","date_gmt":"2022-01-03T12:24:57","guid":{"rendered":"https:\/\/mdkoswiecim.pl\/?p=14968"},"modified":"2022-01-03T13:24:59","modified_gmt":"2022-01-03T12:24:59","slug":"koncert-koled-w-salezjanach","status":"publish","type":"post","link":"https:\/\/mdkoswiecim.pl\/index.php\/2022\/01\/03\/koncert-koled-w-salezjanach\/","title":{"rendered":"Koncert Kol\u0119d w Salezjanach."},"content":{"rendered":"\n<p>Nowy rok rozpocz\u0119ty koncertowo. W niedziel\u0119 2 stycznia 2022 r. na zaproszenie ksi\u0119\u017cy Salezjan\u00f3w go\u015bcili\u015bmy z koncertem \u015bwi\u0105tecznym w Parafii p.w. MBWW w O\u015bwi\u0119cimiu. Podczas koncertu us\u0142ysze\u0107 mo\u017cna by\u0142o zar\u00f3wno kol\u0119dy tradycyjne, jak r\u00f3wnie\u017c pastora\u0142ki i utwory nawi\u0105zuj\u0105ce tematyk\u0105 do \u015bwi\u0105t Bo\u017cego Narodzenia. Go\u015bcinnie z zespo\u0142em wyst\u0105pi\u0142a nasza wolontariuszka z Armenii Knarik, kt\u00f3ra opr\u00f3cz gry na skrzypcach zachwyci\u0142a s\u0142uchaczy \u015bpiewaj\u0105c jedn\u0105 ze zwrotek \u201cMario czy ju\u017c wiesz\u201d w j\u0119zyku polskim. Publiczno\u015b\u0107 przyj\u0119\u0142a wyst\u0119p zespo\u0142u bardzo gor\u0105co, czego da\u0142a wyraz owacjami na stoj\u0105co oraz podw\u00f3jnym bisem.<\/p>\n\n\n\n<p>Zesp\u00f3\u0142 wyst\u0105pi\u0142 w sk\u0142adzie:<\/p>\n\n\n\n<p>Zuzanna Bratek \u2013 \u015bpiew, gitara<\/p>\n\n\n\n<p>Anna Walancik \u2013 gitara<\/p>\n\n\n\n<p>Knarik Karapetyan \u2013 skrzypce, \u015bpiew<\/p>\n\n\n\n<p>Kamila Sibik \u2013 \u015bpiew, gitara<\/p>\n\n\n\n<p>Janusz Majcherek \u2013 bas, syntezator.<\/p>\n\n\n\n<figure class=\"wp-block-video\"><video height=\"656\" style=\"aspect-ratio: 368 \/ 656;\" width=\"368\" controls src=\"https:\/\/mdkoswiecim.pl\/wp-content\/uploads\/2022\/01\/video-1641153137-1.mp4\"><\/video><\/figure>\n\n\n\n<figure class=\"wp-block-video\"><video height=\"656\" style=\"aspect-ratio: 368 \/ 656;\" width=\"368\" controls src=\"https:\/\/mdkoswiecim.pl\/wp-content\/uploads\/2022\/01\/video-1641152115-1.mp4\"><\/video><\/figure>\n\n\n\n<figure class=\"wp-block-image size-large\"><img loading=\"lazy\" decoding=\"async\" width=\"1024\" height=\"683\" src=\"https:\/\/mdkoswiecim.pl\/wp-content\/uploads\/2022\/01\/IMG_0779-2-1024x683.jpg\" alt=\"\" class=\"wp-image-14971\" srcset=\"https:\/\/mdkoswiecim.pl\/wp-content\/uploads\/2022\/01\/IMG_0779-2-1024x683.jpg 1024w, https:\/\/mdkoswiecim.pl\/wp-content\/uploads\/2022\/01\/IMG_0779-2-300x200.jpg 300w, https:\/\/mdkoswiecim.pl\/wp-content\/uploads\/2022\/01\/IMG_0779-2-768x512.jpg 768w, https:\/\/mdkoswiecim.pl\/wp-content\/uploads\/2022\/01\/IMG_0779-2-1536x1024.jpg 1536w, https:\/\/mdkoswiecim.pl\/wp-content\/uploads\/2022\/01\/IMG_0779-2-2048x1365.jpg 2048w\" sizes=\"auto, (max-width: 1024px) 100vw, 1024px\" \/><figcaption>Zesp\u00f3\u0142 MDK podczas wyst\u0119pu.<\/figcaption><\/figure>\n\n\n\n<figure class=\"wp-block-image size-large\"><img loading=\"lazy\" decoding=\"async\" width=\"1024\" height=\"683\" src=\"https:\/\/mdkoswiecim.pl\/wp-content\/uploads\/2022\/01\/IMG_0802-2-1024x683.jpg\" alt=\"\" class=\"wp-image-14972\" srcset=\"https:\/\/mdkoswiecim.pl\/wp-content\/uploads\/2022\/01\/IMG_0802-2-1024x683.jpg 1024w, https:\/\/mdkoswiecim.pl\/wp-content\/uploads\/2022\/01\/IMG_0802-2-300x200.jpg 300w, https:\/\/mdkoswiecim.pl\/wp-content\/uploads\/2022\/01\/IMG_0802-2-768x512.jpg 768w, https:\/\/mdkoswiecim.pl\/wp-content\/uploads\/2022\/01\/IMG_0802-2-1536x1024.jpg 1536w, https:\/\/mdkoswiecim.pl\/wp-content\/uploads\/2022\/01\/IMG_0802-2-2048x1365.jpg 2048w\" sizes=\"auto, (max-width: 1024px) 100vw, 1024px\" \/><figcaption> Zesp\u00f3\u0142 MDK podczas wyst\u0119pu. <\/figcaption><\/figure>\n\n\n\n<p><\/p>\n\n\n\n<figure class=\"wp-block-image size-large\"><img loading=\"lazy\" decoding=\"async\" width=\"1024\" height=\"683\" src=\"https:\/\/mdkoswiecim.pl\/wp-content\/uploads\/2022\/01\/IMG_0826-2-1024x683.jpg\" alt=\"\" class=\"wp-image-14974\" srcset=\"https:\/\/mdkoswiecim.pl\/wp-content\/uploads\/2022\/01\/IMG_0826-2-1024x683.jpg 1024w, https:\/\/mdkoswiecim.pl\/wp-content\/uploads\/2022\/01\/IMG_0826-2-300x200.jpg 300w, https:\/\/mdkoswiecim.pl\/wp-content\/uploads\/2022\/01\/IMG_0826-2-768x512.jpg 768w, https:\/\/mdkoswiecim.pl\/wp-content\/uploads\/2022\/01\/IMG_0826-2-1536x1024.jpg 1536w, https:\/\/mdkoswiecim.pl\/wp-content\/uploads\/2022\/01\/IMG_0826-2-2048x1365.jpg 2048w\" sizes=\"auto, (max-width: 1024px) 100vw, 1024px\" \/><figcaption> Zesp\u00f3\u0142 MDK podczas wyst\u0119pu. <\/figcaption><\/figure>\n\n\n\n<figure class=\"wp-block-image size-large\"><img loading=\"lazy\" decoding=\"async\" width=\"1024\" height=\"683\" src=\"https:\/\/mdkoswiecim.pl\/wp-content\/uploads\/2022\/01\/IMG_0839-3-1024x683.jpg\" alt=\"\" class=\"wp-image-14975\" srcset=\"https:\/\/mdkoswiecim.pl\/wp-content\/uploads\/2022\/01\/IMG_0839-3-1024x683.jpg 1024w, https:\/\/mdkoswiecim.pl\/wp-content\/uploads\/2022\/01\/IMG_0839-3-300x200.jpg 300w, https:\/\/mdkoswiecim.pl\/wp-content\/uploads\/2022\/01\/IMG_0839-3-768x512.jpg 768w, https:\/\/mdkoswiecim.pl\/wp-content\/uploads\/2022\/01\/IMG_0839-3-1536x1024.jpg 1536w, https:\/\/mdkoswiecim.pl\/wp-content\/uploads\/2022\/01\/IMG_0839-3-2048x1365.jpg 2048w\" sizes=\"auto, (max-width: 1024px) 100vw, 1024px\" \/><figcaption> Zesp\u00f3\u0142 MDK podczas wyst\u0119pu. <\/figcaption><\/figure>\n","protected":false},"excerpt":{"rendered":"<p>Nowy rok rozpocz\u0119ty koncertowo. W niedziel\u0119 2 stycznia 2022 r. na zaproszenie ksi\u0119\u017cy Salezjan\u00f3w go\u015bcili\u015bmy z koncertem \u015bwi\u0105tecznym w Parafii p.w. MBWW w O\u015bwi\u0119cimiu. Podczas koncertu us\u0142ysze\u0107 mo\u017cna by\u0142o zar\u00f3wno kol\u0119dy tradycyjne, jak r\u00f3wnie\u017c pastora\u0142ki i utwory nawi\u0105zuj\u0105ce tematyk\u0105 do \u015bwi\u0105t Bo\u017cego Narodzenia. Go\u015bcinnie z zespo\u0142em wyst\u0105pi\u0142a nasza wolontariuszka z Armenii Knarik, kt\u00f3ra opr\u00f3cz gry [&hellip;]<\/p>\n","protected":false},"author":2,"featured_media":14965,"comment_status":"closed","ping_status":"open","sticky":false,"template":"","format":"standard","meta":{"footnotes":""},"categories":[108],"tags":[],"class_list":["post-14968","post","type-post","status-publish","format-standard","has-post-thumbnail","hentry","category-aktualnosci"],"yoast_head":"<!-- This site is optimized with the Yoast SEO plugin v16.1.1 - https:\/\/yoast.com\/wordpress\/plugins\/seo\/ -->\n<title>Koncert Kol\u0119d w Salezjanach. - MDK<\/title>\n<link rel=\"canonical\" href=\"https:\/\/mdkoswiecim.pl\/index.php\/2022\/01\/03\/koncert-koled-w-salezjanach\/\" \/>\n<meta property=\"og:locale\" content=\"pl_PL\" \/>\n<meta property=\"og:type\" content=\"article\" \/>\n<meta property=\"og:title\" content=\"Koncert Kol\u0119d w Salezjanach. - MDK\" \/>\n<meta property=\"og:description\" content=\"Nowy rok rozpocz\u0119ty koncertowo. W niedziel\u0119 2 stycznia 2022 r. na zaproszenie ksi\u0119\u017cy Salezjan\u00f3w go\u015bcili\u015bmy z koncertem \u015bwi\u0105tecznym w Parafii p.w. MBWW w O\u015bwi\u0119cimiu. Podczas koncertu us\u0142ysze\u0107 mo\u017cna by\u0142o zar\u00f3wno kol\u0119dy tradycyjne, jak r\u00f3wnie\u017c pastora\u0142ki i utwory nawi\u0105zuj\u0105ce tematyk\u0105 do \u015bwi\u0105t Bo\u017cego Narodzenia. Go\u015bcinnie z zespo\u0142em wyst\u0105pi\u0142a nasza wolontariuszka z Armenii Knarik, kt\u00f3ra opr\u00f3cz gry [&hellip;]\" \/>\n<meta property=\"og:url\" content=\"https:\/\/mdkoswiecim.pl\/index.php\/2022\/01\/03\/koncert-koled-w-salezjanach\/\" \/>\n<meta property=\"og:site_name\" content=\"MDK\" \/>\n<meta property=\"article:published_time\" content=\"2022-01-03T12:24:57+00:00\" \/>\n<meta property=\"article:modified_time\" content=\"2022-01-03T12:24:59+00:00\" \/>\n<meta property=\"og:image\" content=\"https:\/\/mdkoswiecim.pl\/wp-content\/uploads\/2022\/01\/IMG_0826-1-scaled.jpg\" \/>\n\t<meta property=\"og:image:width\" content=\"2560\" \/>\n\t<meta property=\"og:image:height\" content=\"1707\" \/>\n<meta name=\"twitter:card\" content=\"summary_large_image\" \/>\n<meta name=\"twitter:label1\" content=\"Szacowany czas czytania\">\n\t<meta name=\"twitter:data1\" content=\"2 minuty\">\n<script type=\"application\/ld+json\" class=\"yoast-schema-graph\">{\"@context\":\"https:\/\/schema.org\",\"@graph\":[{\"@type\":\"WebSite\",\"@id\":\"https:\/\/mdkoswiecim.pl\/#website\",\"url\":\"https:\/\/mdkoswiecim.pl\/\",\"name\":\"MDK\",\"description\":\"M\\u0142odzie\\u017cowy Dom Kultury w O\\u015bwi\\u0119cimiu\",\"potentialAction\":[{\"@type\":\"SearchAction\",\"target\":\"https:\/\/mdkoswiecim.pl\/?s={search_term_string}\",\"query-input\":\"required name=search_term_string\"}],\"inLanguage\":\"pl-PL\"},{\"@type\":\"ImageObject\",\"@id\":\"https:\/\/mdkoswiecim.pl\/index.php\/2022\/01\/03\/koncert-koled-w-salezjanach\/#primaryimage\",\"inLanguage\":\"pl-PL\",\"url\":\"https:\/\/mdkoswiecim.pl\/wp-content\/uploads\/2022\/01\/IMG_0826-1-scaled.jpg\",\"contentUrl\":\"https:\/\/mdkoswiecim.pl\/wp-content\/uploads\/2022\/01\/IMG_0826-1-scaled.jpg\",\"width\":2560,\"height\":1707},{\"@type\":\"WebPage\",\"@id\":\"https:\/\/mdkoswiecim.pl\/index.php\/2022\/01\/03\/koncert-koled-w-salezjanach\/#webpage\",\"url\":\"https:\/\/mdkoswiecim.pl\/index.php\/2022\/01\/03\/koncert-koled-w-salezjanach\/\",\"name\":\"Koncert Kol\\u0119d w Salezjanach. - MDK\",\"isPartOf\":{\"@id\":\"https:\/\/mdkoswiecim.pl\/#website\"},\"primaryImageOfPage\":{\"@id\":\"https:\/\/mdkoswiecim.pl\/index.php\/2022\/01\/03\/koncert-koled-w-salezjanach\/#primaryimage\"},\"datePublished\":\"2022-01-03T12:24:57+00:00\",\"dateModified\":\"2022-01-03T12:24:59+00:00\",\"author\":{\"@id\":\"https:\/\/mdkoswiecim.pl\/#\/schema\/person\/de4e1c3f9f9805d4834a83cd933e83a4\"},\"breadcrumb\":{\"@id\":\"https:\/\/mdkoswiecim.pl\/index.php\/2022\/01\/03\/koncert-koled-w-salezjanach\/#breadcrumb\"},\"inLanguage\":\"pl-PL\",\"potentialAction\":[{\"@type\":\"ReadAction\",\"target\":[\"https:\/\/mdkoswiecim.pl\/index.php\/2022\/01\/03\/koncert-koled-w-salezjanach\/\"]}]},{\"@type\":\"BreadcrumbList\",\"@id\":\"https:\/\/mdkoswiecim.pl\/index.php\/2022\/01\/03\/koncert-koled-w-salezjanach\/#breadcrumb\",\"itemListElement\":[{\"@type\":\"ListItem\",\"position\":1,\"item\":{\"@type\":\"WebPage\",\"@id\":\"https:\/\/mdkoswiecim.pl\/\",\"url\":\"https:\/\/mdkoswiecim.pl\/\",\"name\":\"Strona g\\u0142\\u00f3wna\"}},{\"@type\":\"ListItem\",\"position\":2,\"item\":{\"@type\":\"WebPage\",\"@id\":\"https:\/\/mdkoswiecim.pl\/index.php\/2022\/01\/03\/koncert-koled-w-salezjanach\/\",\"url\":\"https:\/\/mdkoswiecim.pl\/index.php\/2022\/01\/03\/koncert-koled-w-salezjanach\/\",\"name\":\"Koncert Kol\\u0119d w Salezjanach.\"}}]},{\"@type\":\"Person\",\"@id\":\"https:\/\/mdkoswiecim.pl\/#\/schema\/person\/de4e1c3f9f9805d4834a83cd933e83a4\",\"name\":\"janusz.majcherek\",\"image\":{\"@type\":\"ImageObject\",\"@id\":\"https:\/\/mdkoswiecim.pl\/#personlogo\",\"inLanguage\":\"pl-PL\",\"url\":\"https:\/\/secure.gravatar.com\/avatar\/841ee0bdfc0ec9800cdb49de086063cd2bdca44d52221b7fee4d6a2db5eafb17?s=96&d=mm&r=g\",\"contentUrl\":\"https:\/\/secure.gravatar.com\/avatar\/841ee0bdfc0ec9800cdb49de086063cd2bdca44d52221b7fee4d6a2db5eafb17?s=96&d=mm&r=g\",\"caption\":\"janusz.majcherek\"}}]}<\/script>\n<!-- \/ Yoast SEO plugin. -->","_links":{"self":[{"href":"https:\/\/mdkoswiecim.pl\/index.php\/wp-json\/wp\/v2\/posts\/14968","targetHints":{"allow":["GET"]}}],"collection":[{"href":"https:\/\/mdkoswiecim.pl\/index.php\/wp-json\/wp\/v2\/posts"}],"about":[{"href":"https:\/\/mdkoswiecim.pl\/index.php\/wp-json\/wp\/v2\/types\/post"}],"author":[{"embeddable":true,"href":"https:\/\/mdkoswiecim.pl\/index.php\/wp-json\/wp\/v2\/users\/2"}],"replies":[{"embeddable":true,"href":"https:\/\/mdkoswiecim.pl\/index.php\/wp-json\/wp\/v2\/comments?post=14968"}],"version-history":[{"count":1,"href":"https:\/\/mdkoswiecim.pl\/index.php\/wp-json\/wp\/v2\/posts\/14968\/revisions"}],"predecessor-version":[{"id":14976,"href":"https:\/\/mdkoswiecim.pl\/index.php\/wp-json\/wp\/v2\/posts\/14968\/revisions\/14976"}],"wp:featuredmedia":[{"embeddable":true,"href":"https:\/\/mdkoswiecim.pl\/index.php\/wp-json\/wp\/v2\/media\/14965"}],"wp:attachment":[{"href":"https:\/\/mdkoswiecim.pl\/index.php\/wp-json\/wp\/v2\/media?parent=14968"}],"wp:term":[{"taxonomy":"category","embeddable":true,"href":"https:\/\/mdkoswiecim.pl\/index.php\/wp-json\/wp\/v2\/categories?post=14968"},{"taxonomy":"post_tag","embeddable":true,"href":"https:\/\/mdkoswiecim.pl\/index.php\/wp-json\/wp\/v2\/tags?post=14968"}],"curies":[{"name":"wp","href":"https:\/\/api.w.org\/{rel}","templated":true}]}}