{"id":14948,"date":"2021-12-29T12:59:34","date_gmt":"2021-12-29T11:59:34","guid":{"rendered":"https:\/\/mdkoswiecim.pl\/?p=14948"},"modified":"2021-12-29T12:59:36","modified_gmt":"2021-12-29T11:59:36","slug":"koncert-koled","status":"publish","type":"post","link":"https:\/\/mdkoswiecim.pl\/index.php\/2021\/12\/29\/koncert-koled\/","title":{"rendered":"KONCERT KOL\u0118D"},"content":{"rendered":"\n<figure class=\"wp-block-image size-large\"><img loading=\"lazy\" decoding=\"async\" width=\"724\" height=\"1024\" src=\"https:\/\/mdkoswiecim.pl\/wp-content\/uploads\/2021\/12\/269813880_4634623173288681_1999081813890305463_n-1-724x1024.png\" alt=\"\" class=\"wp-image-14950\" srcset=\"https:\/\/mdkoswiecim.pl\/wp-content\/uploads\/2021\/12\/269813880_4634623173288681_1999081813890305463_n-1-724x1024.png 724w, https:\/\/mdkoswiecim.pl\/wp-content\/uploads\/2021\/12\/269813880_4634623173288681_1999081813890305463_n-1-212x300.png 212w, https:\/\/mdkoswiecim.pl\/wp-content\/uploads\/2021\/12\/269813880_4634623173288681_1999081813890305463_n-1-768x1086.png 768w, https:\/\/mdkoswiecim.pl\/wp-content\/uploads\/2021\/12\/269813880_4634623173288681_1999081813890305463_n-1-1086x1536.png 1086w, https:\/\/mdkoswiecim.pl\/wp-content\/uploads\/2021\/12\/269813880_4634623173288681_1999081813890305463_n-1.png 1448w\" sizes=\"auto, (max-width: 724px) 100vw, 724px\" \/><\/figure>\n\n\n\n<p>Serdecznie zapraszamy wszystkich na koncert kol\u0119d w wykonaniu naszego zespo\u0142u oraz przyjaci\u00f3\u0142, kt\u00f3ry odb\u0119dzie  w najbli\u017csz\u0105 niedziel\u0119 2 stycznia o g. 16:00 w sanktuarium MBWW w O\u015bwi\u0119cimiu. <\/p>\n\n\n\n<p>Koncert odb\u0119dzie si\u0119 przy zachowaniu re\u017cimu sanitarnego.<\/p>\n","protected":false},"excerpt":{"rendered":"<p>Serdecznie zapraszamy wszystkich na koncert kol\u0119d w wykonaniu naszego zespo\u0142u oraz przyjaci\u00f3\u0142, kt\u00f3ry odb\u0119dzie w najbli\u017csz\u0105 niedziel\u0119 2 stycznia o g. 16:00 w sanktuarium MBWW w O\u015bwi\u0119cimiu. Koncert odb\u0119dzie si\u0119 przy zachowaniu re\u017cimu sanitarnego.<\/p>\n","protected":false},"author":2,"featured_media":14949,"comment_status":"closed","ping_status":"open","sticky":false,"template":"","format":"standard","meta":{"footnotes":""},"categories":[108],"tags":[],"class_list":["post-14948","post","type-post","status-publish","format-standard","has-post-thumbnail","hentry","category-aktualnosci"],"yoast_head":"<!-- This site is optimized with the Yoast SEO plugin v16.1.1 - https:\/\/yoast.com\/wordpress\/plugins\/seo\/ -->\n<title>KONCERT KOL\u0118D - MDK<\/title>\n<link rel=\"canonical\" href=\"https:\/\/mdkoswiecim.pl\/index.php\/2021\/12\/29\/koncert-koled\/\" \/>\n<meta property=\"og:locale\" content=\"pl_PL\" \/>\n<meta property=\"og:type\" content=\"article\" \/>\n<meta property=\"og:title\" content=\"KONCERT KOL\u0118D - MDK\" \/>\n<meta property=\"og:description\" content=\"Serdecznie zapraszamy wszystkich na koncert kol\u0119d w wykonaniu naszego zespo\u0142u oraz przyjaci\u00f3\u0142, kt\u00f3ry odb\u0119dzie w najbli\u017csz\u0105 niedziel\u0119 2 stycznia o g. 16:00 w sanktuarium MBWW w O\u015bwi\u0119cimiu. Koncert odb\u0119dzie si\u0119 przy zachowaniu re\u017cimu sanitarnego.\" \/>\n<meta property=\"og:url\" content=\"https:\/\/mdkoswiecim.pl\/index.php\/2021\/12\/29\/koncert-koled\/\" \/>\n<meta property=\"og:site_name\" content=\"MDK\" \/>\n<meta property=\"article:published_time\" content=\"2021-12-29T11:59:34+00:00\" \/>\n<meta property=\"article:modified_time\" content=\"2021-12-29T11:59:36+00:00\" \/>\n<meta property=\"og:image\" content=\"https:\/\/mdkoswiecim.pl\/wp-content\/uploads\/2021\/12\/269813880_4634623173288681_1999081813890305463_n-e1640779067434.png\" \/>\n\t<meta property=\"og:image:width\" content=\"1448\" \/>\n\t<meta property=\"og:image:height\" content=\"890\" \/>\n<meta name=\"twitter:card\" content=\"summary_large_image\" \/>\n<meta name=\"twitter:label1\" content=\"Szacowany czas czytania\">\n\t<meta name=\"twitter:data1\" content=\"1 minuta\">\n<script type=\"application\/ld+json\" class=\"yoast-schema-graph\">{\"@context\":\"https:\/\/schema.org\",\"@graph\":[{\"@type\":\"WebSite\",\"@id\":\"https:\/\/mdkoswiecim.pl\/#website\",\"url\":\"https:\/\/mdkoswiecim.pl\/\",\"name\":\"MDK\",\"description\":\"M\\u0142odzie\\u017cowy Dom Kultury w O\\u015bwi\\u0119cimiu\",\"potentialAction\":[{\"@type\":\"SearchAction\",\"target\":\"https:\/\/mdkoswiecim.pl\/?s={search_term_string}\",\"query-input\":\"required name=search_term_string\"}],\"inLanguage\":\"pl-PL\"},{\"@type\":\"ImageObject\",\"@id\":\"https:\/\/mdkoswiecim.pl\/index.php\/2021\/12\/29\/koncert-koled\/#primaryimage\",\"inLanguage\":\"pl-PL\",\"url\":\"https:\/\/mdkoswiecim.pl\/wp-content\/uploads\/2021\/12\/269813880_4634623173288681_1999081813890305463_n-e1640779067434.png\",\"contentUrl\":\"https:\/\/mdkoswiecim.pl\/wp-content\/uploads\/2021\/12\/269813880_4634623173288681_1999081813890305463_n-e1640779067434.png\",\"width\":1448,\"height\":890},{\"@type\":\"WebPage\",\"@id\":\"https:\/\/mdkoswiecim.pl\/index.php\/2021\/12\/29\/koncert-koled\/#webpage\",\"url\":\"https:\/\/mdkoswiecim.pl\/index.php\/2021\/12\/29\/koncert-koled\/\",\"name\":\"KONCERT KOL\\u0118D - MDK\",\"isPartOf\":{\"@id\":\"https:\/\/mdkoswiecim.pl\/#website\"},\"primaryImageOfPage\":{\"@id\":\"https:\/\/mdkoswiecim.pl\/index.php\/2021\/12\/29\/koncert-koled\/#primaryimage\"},\"datePublished\":\"2021-12-29T11:59:34+00:00\",\"dateModified\":\"2021-12-29T11:59:36+00:00\",\"author\":{\"@id\":\"https:\/\/mdkoswiecim.pl\/#\/schema\/person\/de4e1c3f9f9805d4834a83cd933e83a4\"},\"breadcrumb\":{\"@id\":\"https:\/\/mdkoswiecim.pl\/index.php\/2021\/12\/29\/koncert-koled\/#breadcrumb\"},\"inLanguage\":\"pl-PL\",\"potentialAction\":[{\"@type\":\"ReadAction\",\"target\":[\"https:\/\/mdkoswiecim.pl\/index.php\/2021\/12\/29\/koncert-koled\/\"]}]},{\"@type\":\"BreadcrumbList\",\"@id\":\"https:\/\/mdkoswiecim.pl\/index.php\/2021\/12\/29\/koncert-koled\/#breadcrumb\",\"itemListElement\":[{\"@type\":\"ListItem\",\"position\":1,\"item\":{\"@type\":\"WebPage\",\"@id\":\"https:\/\/mdkoswiecim.pl\/\",\"url\":\"https:\/\/mdkoswiecim.pl\/\",\"name\":\"Strona g\\u0142\\u00f3wna\"}},{\"@type\":\"ListItem\",\"position\":2,\"item\":{\"@type\":\"WebPage\",\"@id\":\"https:\/\/mdkoswiecim.pl\/index.php\/2021\/12\/29\/koncert-koled\/\",\"url\":\"https:\/\/mdkoswiecim.pl\/index.php\/2021\/12\/29\/koncert-koled\/\",\"name\":\"KONCERT KOL\\u0118D\"}}]},{\"@type\":\"Person\",\"@id\":\"https:\/\/mdkoswiecim.pl\/#\/schema\/person\/de4e1c3f9f9805d4834a83cd933e83a4\",\"name\":\"janusz.majcherek\",\"image\":{\"@type\":\"ImageObject\",\"@id\":\"https:\/\/mdkoswiecim.pl\/#personlogo\",\"inLanguage\":\"pl-PL\",\"url\":\"https:\/\/secure.gravatar.com\/avatar\/841ee0bdfc0ec9800cdb49de086063cd2bdca44d52221b7fee4d6a2db5eafb17?s=96&d=mm&r=g\",\"contentUrl\":\"https:\/\/secure.gravatar.com\/avatar\/841ee0bdfc0ec9800cdb49de086063cd2bdca44d52221b7fee4d6a2db5eafb17?s=96&d=mm&r=g\",\"caption\":\"janusz.majcherek\"}}]}<\/script>\n<!-- \/ Yoast SEO plugin. -->","_links":{"self":[{"href":"https:\/\/mdkoswiecim.pl\/index.php\/wp-json\/wp\/v2\/posts\/14948","targetHints":{"allow":["GET"]}}],"collection":[{"href":"https:\/\/mdkoswiecim.pl\/index.php\/wp-json\/wp\/v2\/posts"}],"about":[{"href":"https:\/\/mdkoswiecim.pl\/index.php\/wp-json\/wp\/v2\/types\/post"}],"author":[{"embeddable":true,"href":"https:\/\/mdkoswiecim.pl\/index.php\/wp-json\/wp\/v2\/users\/2"}],"replies":[{"embeddable":true,"href":"https:\/\/mdkoswiecim.pl\/index.php\/wp-json\/wp\/v2\/comments?post=14948"}],"version-history":[{"count":1,"href":"https:\/\/mdkoswiecim.pl\/index.php\/wp-json\/wp\/v2\/posts\/14948\/revisions"}],"predecessor-version":[{"id":14951,"href":"https:\/\/mdkoswiecim.pl\/index.php\/wp-json\/wp\/v2\/posts\/14948\/revisions\/14951"}],"wp:featuredmedia":[{"embeddable":true,"href":"https:\/\/mdkoswiecim.pl\/index.php\/wp-json\/wp\/v2\/media\/14949"}],"wp:attachment":[{"href":"https:\/\/mdkoswiecim.pl\/index.php\/wp-json\/wp\/v2\/media?parent=14948"}],"wp:term":[{"taxonomy":"category","embeddable":true,"href":"https:\/\/mdkoswiecim.pl\/index.php\/wp-json\/wp\/v2\/categories?post=14948"},{"taxonomy":"post_tag","embeddable":true,"href":"https:\/\/mdkoswiecim.pl\/index.php\/wp-json\/wp\/v2\/tags?post=14948"}],"curies":[{"name":"wp","href":"https:\/\/api.w.org\/{rel}","templated":true}]}}