{"id":14932,"date":"2021-12-23T11:21:28","date_gmt":"2021-12-23T10:21:28","guid":{"rendered":"https:\/\/mdkoswiecim.pl\/?p=14932"},"modified":"2021-12-23T11:21:29","modified_gmt":"2021-12-23T10:21:29","slug":"koncert-koled-dla-utw","status":"publish","type":"post","link":"https:\/\/mdkoswiecim.pl\/index.php\/2021\/12\/23\/koncert-koled-dla-utw\/","title":{"rendered":"Koncert kol\u0119d dla UTW"},"content":{"rendered":"\n<p>We wtorek w OCK w ramach spotka\u0144 Uniwersytetu Trzeciego Wieku odby\u0142 si\u0119 koncert kol\u0119d naszego zespo\u0142u wraz z go\u015bcinnym udzia\u0142em wolontariuszek Juli i Qnarik. Podczas koncertu us\u0142ysze\u0107 mo\u017cna by\u0142o kol\u0119dy, pastora\u0142ki  oraz piosenki \u015bwi\u0105teczne w niecodziennych aran\u017cacjach. \u015awi\u0105teczna atmosfera udzieli\u0142a si\u0119 publiczno\u015bci, kt\u00f3ra r\u00f3wnie\u017c w\u0142\u0105czy\u0142a si\u0119 do wsp\u00f3lnego \u015bpiewania oraz nagrodzi\u0142a gromkimi brawami wyst\u0119puj\u0105cych. <\/p>\n\n\n\n<p>Zesp\u00f3\u0142 wyst\u0105pi\u0142 w sk\u0142adzie:<\/p>\n\n\n\n<p>Zuzanna Bratek &#8211; \u015bpiew, gitara<\/p>\n\n\n\n<p>Anna Walancik &#8211; gitara<\/p>\n\n\n\n<p>Kamila Sibik &#8211; \u015bpiew, gitara<\/p>\n\n\n\n<p>Julia Ingidua Sanchez &#8211; wiolonczela<\/p>\n\n\n\n<p>Qnarik Karapetyan &#8211; skrzypce<\/p>\n\n\n\n<p>Janusz Majcherek &#8211; bas, syntezator<\/p>\n\n\n\n<p>Serdecznie dzi\u0119kujemy UTW za zaproszenie.  <\/p>\n\n\n\n<figure class=\"wp-block-image size-full\"><img loading=\"lazy\" decoding=\"async\" width=\"675\" height=\"903\" src=\"https:\/\/mdkoswiecim.pl\/wp-content\/uploads\/2021\/12\/264130281_2988126164738811_2672562072864204642_n.jpg\" alt=\"\" class=\"wp-image-14933\" srcset=\"https:\/\/mdkoswiecim.pl\/wp-content\/uploads\/2021\/12\/264130281_2988126164738811_2672562072864204642_n.jpg 675w, https:\/\/mdkoswiecim.pl\/wp-content\/uploads\/2021\/12\/264130281_2988126164738811_2672562072864204642_n-224x300.jpg 224w\" sizes=\"auto, (max-width: 675px) 100vw, 675px\" \/><figcaption>Nasze wolontariuszki podczas przygotowa\u0144 do koncertu<\/figcaption><\/figure>\n\n\n\n<figure class=\"wp-block-image size-full\"><img loading=\"lazy\" decoding=\"async\" width=\"864\" height=\"648\" src=\"https:\/\/mdkoswiecim.pl\/wp-content\/uploads\/2021\/12\/267001239_538023087892375_5055242111990119573_n.jpg\" alt=\"\" class=\"wp-image-14935\" srcset=\"https:\/\/mdkoswiecim.pl\/wp-content\/uploads\/2021\/12\/267001239_538023087892375_5055242111990119573_n.jpg 864w, https:\/\/mdkoswiecim.pl\/wp-content\/uploads\/2021\/12\/267001239_538023087892375_5055242111990119573_n-300x225.jpg 300w, https:\/\/mdkoswiecim.pl\/wp-content\/uploads\/2021\/12\/267001239_538023087892375_5055242111990119573_n-768x576.jpg 768w\" sizes=\"auto, (max-width: 864px) 100vw, 864px\" \/><figcaption>Zesp\u00f3\u0142 podczas wyst\u0119pu.<\/figcaption><\/figure>\n\n\n\n<figure class=\"wp-block-image size-full\"><img loading=\"lazy\" decoding=\"async\" width=\"648\" height=\"864\" src=\"https:\/\/mdkoswiecim.pl\/wp-content\/uploads\/2021\/12\/264417990_626963625108153_6906624171970946767_n.jpg\" alt=\"\" class=\"wp-image-14936\" srcset=\"https:\/\/mdkoswiecim.pl\/wp-content\/uploads\/2021\/12\/264417990_626963625108153_6906624171970946767_n.jpg 648w, https:\/\/mdkoswiecim.pl\/wp-content\/uploads\/2021\/12\/264417990_626963625108153_6906624171970946767_n-225x300.jpg 225w\" sizes=\"auto, (max-width: 648px) 100vw, 648px\" \/><figcaption> Zesp\u00f3\u0142 podczas wyst\u0119pu. <\/figcaption><\/figure>\n\n\n\n<figure class=\"wp-block-image size-full\"><img loading=\"lazy\" decoding=\"async\" width=\"800\" height=\"598\" src=\"https:\/\/mdkoswiecim.pl\/wp-content\/uploads\/2021\/12\/268730939_651634122630430_2751006452554579105_n.jpg\" alt=\"\" class=\"wp-image-14934\" srcset=\"https:\/\/mdkoswiecim.pl\/wp-content\/uploads\/2021\/12\/268730939_651634122630430_2751006452554579105_n.jpg 800w, https:\/\/mdkoswiecim.pl\/wp-content\/uploads\/2021\/12\/268730939_651634122630430_2751006452554579105_n-300x225.jpg 300w, https:\/\/mdkoswiecim.pl\/wp-content\/uploads\/2021\/12\/268730939_651634122630430_2751006452554579105_n-768x574.jpg 768w\" sizes=\"auto, (max-width: 800px) 100vw, 800px\" \/><figcaption>Wsp\u00f3lne zdj\u0119cie ju\u017c po koncercie.<\/figcaption><\/figure>\n","protected":false},"excerpt":{"rendered":"<p>We wtorek w OCK w ramach spotka\u0144 Uniwersytetu Trzeciego Wieku odby\u0142 si\u0119 koncert kol\u0119d naszego zespo\u0142u wraz z go\u015bcinnym udzia\u0142em wolontariuszek Juli i Qnarik. Podczas koncertu us\u0142ysze\u0107 mo\u017cna by\u0142o kol\u0119dy, pastora\u0142ki oraz piosenki \u015bwi\u0105teczne w niecodziennych aran\u017cacjach. \u015awi\u0105teczna atmosfera udzieli\u0142a si\u0119 publiczno\u015bci, kt\u00f3ra r\u00f3wnie\u017c w\u0142\u0105czy\u0142a si\u0119 do wsp\u00f3lnego \u015bpiewania oraz nagrodzi\u0142a gromkimi brawami wyst\u0119puj\u0105cych. Zesp\u00f3\u0142 [&hellip;]<\/p>\n","protected":false},"author":2,"featured_media":14935,"comment_status":"closed","ping_status":"open","sticky":false,"template":"","format":"standard","meta":{"footnotes":""},"categories":[108],"tags":[],"class_list":["post-14932","post","type-post","status-publish","format-standard","has-post-thumbnail","hentry","category-aktualnosci"],"yoast_head":"<!-- This site is optimized with the Yoast SEO plugin v16.1.1 - https:\/\/yoast.com\/wordpress\/plugins\/seo\/ -->\n<title>Koncert kol\u0119d dla UTW - MDK<\/title>\n<link rel=\"canonical\" href=\"https:\/\/mdkoswiecim.pl\/index.php\/2021\/12\/23\/koncert-koled-dla-utw\/\" \/>\n<meta property=\"og:locale\" content=\"pl_PL\" \/>\n<meta property=\"og:type\" content=\"article\" \/>\n<meta property=\"og:title\" content=\"Koncert kol\u0119d dla UTW - MDK\" \/>\n<meta property=\"og:description\" content=\"We wtorek w OCK w ramach spotka\u0144 Uniwersytetu Trzeciego Wieku odby\u0142 si\u0119 koncert kol\u0119d naszego zespo\u0142u wraz z go\u015bcinnym udzia\u0142em wolontariuszek Juli i Qnarik. Podczas koncertu us\u0142ysze\u0107 mo\u017cna by\u0142o kol\u0119dy, pastora\u0142ki oraz piosenki \u015bwi\u0105teczne w niecodziennych aran\u017cacjach. \u015awi\u0105teczna atmosfera udzieli\u0142a si\u0119 publiczno\u015bci, kt\u00f3ra r\u00f3wnie\u017c w\u0142\u0105czy\u0142a si\u0119 do wsp\u00f3lnego \u015bpiewania oraz nagrodzi\u0142a gromkimi brawami wyst\u0119puj\u0105cych. Zesp\u00f3\u0142 [&hellip;]\" \/>\n<meta property=\"og:url\" content=\"https:\/\/mdkoswiecim.pl\/index.php\/2021\/12\/23\/koncert-koled-dla-utw\/\" \/>\n<meta property=\"og:site_name\" content=\"MDK\" \/>\n<meta property=\"article:published_time\" content=\"2021-12-23T10:21:28+00:00\" \/>\n<meta property=\"article:modified_time\" content=\"2021-12-23T10:21:29+00:00\" \/>\n<meta property=\"og:image\" content=\"https:\/\/mdkoswiecim.pl\/wp-content\/uploads\/2021\/12\/267001239_538023087892375_5055242111990119573_n.jpg\" \/>\n\t<meta property=\"og:image:width\" content=\"864\" \/>\n\t<meta property=\"og:image:height\" content=\"648\" \/>\n<meta name=\"twitter:card\" content=\"summary_large_image\" \/>\n<meta name=\"twitter:label1\" content=\"Szacowany czas czytania\">\n\t<meta name=\"twitter:data1\" content=\"2 minuty\">\n<script type=\"application\/ld+json\" class=\"yoast-schema-graph\">{\"@context\":\"https:\/\/schema.org\",\"@graph\":[{\"@type\":\"WebSite\",\"@id\":\"https:\/\/mdkoswiecim.pl\/#website\",\"url\":\"https:\/\/mdkoswiecim.pl\/\",\"name\":\"MDK\",\"description\":\"M\\u0142odzie\\u017cowy Dom Kultury w O\\u015bwi\\u0119cimiu\",\"potentialAction\":[{\"@type\":\"SearchAction\",\"target\":\"https:\/\/mdkoswiecim.pl\/?s={search_term_string}\",\"query-input\":\"required name=search_term_string\"}],\"inLanguage\":\"pl-PL\"},{\"@type\":\"ImageObject\",\"@id\":\"https:\/\/mdkoswiecim.pl\/index.php\/2021\/12\/23\/koncert-koled-dla-utw\/#primaryimage\",\"inLanguage\":\"pl-PL\",\"url\":\"https:\/\/mdkoswiecim.pl\/wp-content\/uploads\/2021\/12\/267001239_538023087892375_5055242111990119573_n.jpg\",\"contentUrl\":\"https:\/\/mdkoswiecim.pl\/wp-content\/uploads\/2021\/12\/267001239_538023087892375_5055242111990119573_n.jpg\",\"width\":864,\"height\":648},{\"@type\":\"WebPage\",\"@id\":\"https:\/\/mdkoswiecim.pl\/index.php\/2021\/12\/23\/koncert-koled-dla-utw\/#webpage\",\"url\":\"https:\/\/mdkoswiecim.pl\/index.php\/2021\/12\/23\/koncert-koled-dla-utw\/\",\"name\":\"Koncert kol\\u0119d dla UTW - MDK\",\"isPartOf\":{\"@id\":\"https:\/\/mdkoswiecim.pl\/#website\"},\"primaryImageOfPage\":{\"@id\":\"https:\/\/mdkoswiecim.pl\/index.php\/2021\/12\/23\/koncert-koled-dla-utw\/#primaryimage\"},\"datePublished\":\"2021-12-23T10:21:28+00:00\",\"dateModified\":\"2021-12-23T10:21:29+00:00\",\"author\":{\"@id\":\"https:\/\/mdkoswiecim.pl\/#\/schema\/person\/de4e1c3f9f9805d4834a83cd933e83a4\"},\"breadcrumb\":{\"@id\":\"https:\/\/mdkoswiecim.pl\/index.php\/2021\/12\/23\/koncert-koled-dla-utw\/#breadcrumb\"},\"inLanguage\":\"pl-PL\",\"potentialAction\":[{\"@type\":\"ReadAction\",\"target\":[\"https:\/\/mdkoswiecim.pl\/index.php\/2021\/12\/23\/koncert-koled-dla-utw\/\"]}]},{\"@type\":\"BreadcrumbList\",\"@id\":\"https:\/\/mdkoswiecim.pl\/index.php\/2021\/12\/23\/koncert-koled-dla-utw\/#breadcrumb\",\"itemListElement\":[{\"@type\":\"ListItem\",\"position\":1,\"item\":{\"@type\":\"WebPage\",\"@id\":\"https:\/\/mdkoswiecim.pl\/\",\"url\":\"https:\/\/mdkoswiecim.pl\/\",\"name\":\"Strona g\\u0142\\u00f3wna\"}},{\"@type\":\"ListItem\",\"position\":2,\"item\":{\"@type\":\"WebPage\",\"@id\":\"https:\/\/mdkoswiecim.pl\/index.php\/2021\/12\/23\/koncert-koled-dla-utw\/\",\"url\":\"https:\/\/mdkoswiecim.pl\/index.php\/2021\/12\/23\/koncert-koled-dla-utw\/\",\"name\":\"Koncert kol\\u0119d dla UTW\"}}]},{\"@type\":\"Person\",\"@id\":\"https:\/\/mdkoswiecim.pl\/#\/schema\/person\/de4e1c3f9f9805d4834a83cd933e83a4\",\"name\":\"janusz.majcherek\",\"image\":{\"@type\":\"ImageObject\",\"@id\":\"https:\/\/mdkoswiecim.pl\/#personlogo\",\"inLanguage\":\"pl-PL\",\"url\":\"https:\/\/secure.gravatar.com\/avatar\/841ee0bdfc0ec9800cdb49de086063cd2bdca44d52221b7fee4d6a2db5eafb17?s=96&d=mm&r=g\",\"contentUrl\":\"https:\/\/secure.gravatar.com\/avatar\/841ee0bdfc0ec9800cdb49de086063cd2bdca44d52221b7fee4d6a2db5eafb17?s=96&d=mm&r=g\",\"caption\":\"janusz.majcherek\"}}]}<\/script>\n<!-- \/ Yoast SEO plugin. -->","_links":{"self":[{"href":"https:\/\/mdkoswiecim.pl\/index.php\/wp-json\/wp\/v2\/posts\/14932","targetHints":{"allow":["GET"]}}],"collection":[{"href":"https:\/\/mdkoswiecim.pl\/index.php\/wp-json\/wp\/v2\/posts"}],"about":[{"href":"https:\/\/mdkoswiecim.pl\/index.php\/wp-json\/wp\/v2\/types\/post"}],"author":[{"embeddable":true,"href":"https:\/\/mdkoswiecim.pl\/index.php\/wp-json\/wp\/v2\/users\/2"}],"replies":[{"embeddable":true,"href":"https:\/\/mdkoswiecim.pl\/index.php\/wp-json\/wp\/v2\/comments?post=14932"}],"version-history":[{"count":2,"href":"https:\/\/mdkoswiecim.pl\/index.php\/wp-json\/wp\/v2\/posts\/14932\/revisions"}],"predecessor-version":[{"id":14938,"href":"https:\/\/mdkoswiecim.pl\/index.php\/wp-json\/wp\/v2\/posts\/14932\/revisions\/14938"}],"wp:featuredmedia":[{"embeddable":true,"href":"https:\/\/mdkoswiecim.pl\/index.php\/wp-json\/wp\/v2\/media\/14935"}],"wp:attachment":[{"href":"https:\/\/mdkoswiecim.pl\/index.php\/wp-json\/wp\/v2\/media?parent=14932"}],"wp:term":[{"taxonomy":"category","embeddable":true,"href":"https:\/\/mdkoswiecim.pl\/index.php\/wp-json\/wp\/v2\/categories?post=14932"},{"taxonomy":"post_tag","embeddable":true,"href":"https:\/\/mdkoswiecim.pl\/index.php\/wp-json\/wp\/v2\/tags?post=14932"}],"curies":[{"name":"wp","href":"https:\/\/api.w.org\/{rel}","templated":true}]}}