{"id":14917,"date":"2021-12-22T11:57:46","date_gmt":"2021-12-22T10:57:46","guid":{"rendered":"https:\/\/mdkoswiecim.pl\/?p=14917"},"modified":"2021-12-22T11:57:48","modified_gmt":"2021-12-22T10:57:48","slug":"final-xxv-konkursu-polskiej-poezji-religijnej-pierscien-sw-kingi","status":"publish","type":"post","link":"https:\/\/mdkoswiecim.pl\/index.php\/2021\/12\/22\/final-xxv-konkursu-polskiej-poezji-religijnej-pierscien-sw-kingi\/","title":{"rendered":"Fina\u0142 XXV Konkursu Polskiej Poezji Religijnej &#8220;Pier\u015bcie\u0144 \u015bw. Kingi&#8221;"},"content":{"rendered":"\n<p>16 grudnia 2021 odby\u0142 si\u0119 w Bochni fina\u0142 Jubileuszowego XXV ju\u017c Konkursu Polskiej Poezji Religijnej &#8220;Pier\u015bcie\u0144 \u015bw. Kingi&#8221;. W tym roku zaprezentowa\u0142a si\u0119 w nim jedna z najm\u0142odszych uczestniczek zaj\u0119\u0107 teatralnych, Zuzia Raci\u0119cka. Opr\u00f3cz pokaz\u00f3w, gdzie zaprezentowa\u0142a sw\u00f3j kie\u0142kuj\u0105cy talent mia\u0142a okazj\u0119 zobaczy\u0107 wyst\u0119py innych koleg\u00f3w w jej kategorii oraz zwiedzi\u0107 Kopalni\u0119 Soli w Bochni, w kt\u00f3rej jak co roku odbywa\u0142 si\u0119 turniej. Zuzia nie zosta\u0142a co prawda laureatk\u0105, ale godnie zaprezentowa\u0142a MDK i zdoby\u0142a do\u015bwiadczenia, kt\u00f3re niew\u0105tpliwie b\u0119dzie mia\u0142a okazj\u0119 wykorzysta\u0107 podczas zaj\u0119\u0107 teatralnych i w innych konkursach. Gratulujemy!<\/p>\n\n\n\n<figure class=\"wp-block-image size-large\"><img loading=\"lazy\" decoding=\"async\" width=\"768\" height=\"1024\" src=\"https:\/\/mdkoswiecim.pl\/wp-content\/uploads\/2021\/12\/KINGA-768x1024.jpeg\" alt=\"\" class=\"wp-image-14918\" srcset=\"https:\/\/mdkoswiecim.pl\/wp-content\/uploads\/2021\/12\/KINGA-768x1024.jpeg 768w, https:\/\/mdkoswiecim.pl\/wp-content\/uploads\/2021\/12\/KINGA-225x300.jpeg 225w, https:\/\/mdkoswiecim.pl\/wp-content\/uploads\/2021\/12\/KINGA-1152x1536.jpeg 1152w, https:\/\/mdkoswiecim.pl\/wp-content\/uploads\/2021\/12\/KINGA-1536x2048.jpeg 1536w, https:\/\/mdkoswiecim.pl\/wp-content\/uploads\/2021\/12\/KINGA-scaled.jpeg 1920w\" sizes=\"auto, (max-width: 768px) 100vw, 768px\" \/><\/figure>\n","protected":false},"excerpt":{"rendered":"<p>16 grudnia 2021 odby\u0142 si\u0119 w Bochni fina\u0142 Jubileuszowego XXV ju\u017c Konkursu Polskiej Poezji Religijnej &#8220;Pier\u015bcie\u0144 \u015bw. Kingi&#8221;. W tym roku zaprezentowa\u0142a si\u0119 w nim jedna z najm\u0142odszych uczestniczek zaj\u0119\u0107 teatralnych, Zuzia Raci\u0119cka. Opr\u00f3cz pokaz\u00f3w, gdzie zaprezentowa\u0142a sw\u00f3j kie\u0142kuj\u0105cy talent mia\u0142a okazj\u0119 zobaczy\u0107 wyst\u0119py innych koleg\u00f3w w jej kategorii oraz zwiedzi\u0107 Kopalni\u0119 Soli w Bochni, [&hellip;]<\/p>\n","protected":false},"author":2,"featured_media":14918,"comment_status":"closed","ping_status":"open","sticky":false,"template":"","format":"standard","meta":{"footnotes":""},"categories":[108],"tags":[],"class_list":["post-14917","post","type-post","status-publish","format-standard","has-post-thumbnail","hentry","category-aktualnosci"],"yoast_head":"<!-- This site is optimized with the Yoast SEO plugin v16.1.1 - https:\/\/yoast.com\/wordpress\/plugins\/seo\/ -->\n<title>Fina\u0142 XXV Konkursu Polskiej Poezji Religijnej &quot;Pier\u015bcie\u0144 \u015bw. Kingi&quot; - MDK<\/title>\n<link rel=\"canonical\" href=\"https:\/\/mdkoswiecim.pl\/index.php\/2021\/12\/22\/final-xxv-konkursu-polskiej-poezji-religijnej-pierscien-sw-kingi\/\" \/>\n<meta property=\"og:locale\" content=\"pl_PL\" \/>\n<meta property=\"og:type\" content=\"article\" \/>\n<meta property=\"og:title\" content=\"Fina\u0142 XXV Konkursu Polskiej Poezji Religijnej &quot;Pier\u015bcie\u0144 \u015bw. Kingi&quot; - MDK\" \/>\n<meta property=\"og:description\" content=\"16 grudnia 2021 odby\u0142 si\u0119 w Bochni fina\u0142 Jubileuszowego XXV ju\u017c Konkursu Polskiej Poezji Religijnej &#8220;Pier\u015bcie\u0144 \u015bw. Kingi&#8221;. W tym roku zaprezentowa\u0142a si\u0119 w nim jedna z najm\u0142odszych uczestniczek zaj\u0119\u0107 teatralnych, Zuzia Raci\u0119cka. Opr\u00f3cz pokaz\u00f3w, gdzie zaprezentowa\u0142a sw\u00f3j kie\u0142kuj\u0105cy talent mia\u0142a okazj\u0119 zobaczy\u0107 wyst\u0119py innych koleg\u00f3w w jej kategorii oraz zwiedzi\u0107 Kopalni\u0119 Soli w Bochni, [&hellip;]\" \/>\n<meta property=\"og:url\" content=\"https:\/\/mdkoswiecim.pl\/index.php\/2021\/12\/22\/final-xxv-konkursu-polskiej-poezji-religijnej-pierscien-sw-kingi\/\" \/>\n<meta property=\"og:site_name\" content=\"MDK\" \/>\n<meta property=\"article:published_time\" content=\"2021-12-22T10:57:46+00:00\" \/>\n<meta property=\"article:modified_time\" content=\"2021-12-22T10:57:48+00:00\" \/>\n<meta property=\"og:image\" content=\"https:\/\/mdkoswiecim.pl\/wp-content\/uploads\/2021\/12\/KINGA-scaled.jpeg\" \/>\n\t<meta property=\"og:image:width\" content=\"1920\" \/>\n\t<meta property=\"og:image:height\" content=\"2560\" \/>\n<meta name=\"twitter:card\" content=\"summary_large_image\" \/>\n<meta name=\"twitter:label1\" content=\"Szacowany czas czytania\">\n\t<meta name=\"twitter:data1\" content=\"1 minuta\">\n<script type=\"application\/ld+json\" class=\"yoast-schema-graph\">{\"@context\":\"https:\/\/schema.org\",\"@graph\":[{\"@type\":\"WebSite\",\"@id\":\"https:\/\/mdkoswiecim.pl\/#website\",\"url\":\"https:\/\/mdkoswiecim.pl\/\",\"name\":\"MDK\",\"description\":\"M\\u0142odzie\\u017cowy Dom Kultury w O\\u015bwi\\u0119cimiu\",\"potentialAction\":[{\"@type\":\"SearchAction\",\"target\":\"https:\/\/mdkoswiecim.pl\/?s={search_term_string}\",\"query-input\":\"required name=search_term_string\"}],\"inLanguage\":\"pl-PL\"},{\"@type\":\"ImageObject\",\"@id\":\"https:\/\/mdkoswiecim.pl\/index.php\/2021\/12\/22\/final-xxv-konkursu-polskiej-poezji-religijnej-pierscien-sw-kingi\/#primaryimage\",\"inLanguage\":\"pl-PL\",\"url\":\"https:\/\/mdkoswiecim.pl\/wp-content\/uploads\/2021\/12\/KINGA-scaled.jpeg\",\"contentUrl\":\"https:\/\/mdkoswiecim.pl\/wp-content\/uploads\/2021\/12\/KINGA-scaled.jpeg\",\"width\":1920,\"height\":2560},{\"@type\":\"WebPage\",\"@id\":\"https:\/\/mdkoswiecim.pl\/index.php\/2021\/12\/22\/final-xxv-konkursu-polskiej-poezji-religijnej-pierscien-sw-kingi\/#webpage\",\"url\":\"https:\/\/mdkoswiecim.pl\/index.php\/2021\/12\/22\/final-xxv-konkursu-polskiej-poezji-religijnej-pierscien-sw-kingi\/\",\"name\":\"Fina\\u0142 XXV Konkursu Polskiej Poezji Religijnej \\\"Pier\\u015bcie\\u0144 \\u015bw. Kingi\\\" - MDK\",\"isPartOf\":{\"@id\":\"https:\/\/mdkoswiecim.pl\/#website\"},\"primaryImageOfPage\":{\"@id\":\"https:\/\/mdkoswiecim.pl\/index.php\/2021\/12\/22\/final-xxv-konkursu-polskiej-poezji-religijnej-pierscien-sw-kingi\/#primaryimage\"},\"datePublished\":\"2021-12-22T10:57:46+00:00\",\"dateModified\":\"2021-12-22T10:57:48+00:00\",\"author\":{\"@id\":\"https:\/\/mdkoswiecim.pl\/#\/schema\/person\/de4e1c3f9f9805d4834a83cd933e83a4\"},\"breadcrumb\":{\"@id\":\"https:\/\/mdkoswiecim.pl\/index.php\/2021\/12\/22\/final-xxv-konkursu-polskiej-poezji-religijnej-pierscien-sw-kingi\/#breadcrumb\"},\"inLanguage\":\"pl-PL\",\"potentialAction\":[{\"@type\":\"ReadAction\",\"target\":[\"https:\/\/mdkoswiecim.pl\/index.php\/2021\/12\/22\/final-xxv-konkursu-polskiej-poezji-religijnej-pierscien-sw-kingi\/\"]}]},{\"@type\":\"BreadcrumbList\",\"@id\":\"https:\/\/mdkoswiecim.pl\/index.php\/2021\/12\/22\/final-xxv-konkursu-polskiej-poezji-religijnej-pierscien-sw-kingi\/#breadcrumb\",\"itemListElement\":[{\"@type\":\"ListItem\",\"position\":1,\"item\":{\"@type\":\"WebPage\",\"@id\":\"https:\/\/mdkoswiecim.pl\/\",\"url\":\"https:\/\/mdkoswiecim.pl\/\",\"name\":\"Strona g\\u0142\\u00f3wna\"}},{\"@type\":\"ListItem\",\"position\":2,\"item\":{\"@type\":\"WebPage\",\"@id\":\"https:\/\/mdkoswiecim.pl\/index.php\/2021\/12\/22\/final-xxv-konkursu-polskiej-poezji-religijnej-pierscien-sw-kingi\/\",\"url\":\"https:\/\/mdkoswiecim.pl\/index.php\/2021\/12\/22\/final-xxv-konkursu-polskiej-poezji-religijnej-pierscien-sw-kingi\/\",\"name\":\"Fina\\u0142 XXV Konkursu Polskiej Poezji Religijnej &#8220;Pier\\u015bcie\\u0144 \\u015bw. Kingi&#8221;\"}}]},{\"@type\":\"Person\",\"@id\":\"https:\/\/mdkoswiecim.pl\/#\/schema\/person\/de4e1c3f9f9805d4834a83cd933e83a4\",\"name\":\"janusz.majcherek\",\"image\":{\"@type\":\"ImageObject\",\"@id\":\"https:\/\/mdkoswiecim.pl\/#personlogo\",\"inLanguage\":\"pl-PL\",\"url\":\"https:\/\/secure.gravatar.com\/avatar\/841ee0bdfc0ec9800cdb49de086063cd2bdca44d52221b7fee4d6a2db5eafb17?s=96&d=mm&r=g\",\"contentUrl\":\"https:\/\/secure.gravatar.com\/avatar\/841ee0bdfc0ec9800cdb49de086063cd2bdca44d52221b7fee4d6a2db5eafb17?s=96&d=mm&r=g\",\"caption\":\"janusz.majcherek\"}}]}<\/script>\n<!-- \/ Yoast SEO plugin. -->","_links":{"self":[{"href":"https:\/\/mdkoswiecim.pl\/index.php\/wp-json\/wp\/v2\/posts\/14917","targetHints":{"allow":["GET"]}}],"collection":[{"href":"https:\/\/mdkoswiecim.pl\/index.php\/wp-json\/wp\/v2\/posts"}],"about":[{"href":"https:\/\/mdkoswiecim.pl\/index.php\/wp-json\/wp\/v2\/types\/post"}],"author":[{"embeddable":true,"href":"https:\/\/mdkoswiecim.pl\/index.php\/wp-json\/wp\/v2\/users\/2"}],"replies":[{"embeddable":true,"href":"https:\/\/mdkoswiecim.pl\/index.php\/wp-json\/wp\/v2\/comments?post=14917"}],"version-history":[{"count":1,"href":"https:\/\/mdkoswiecim.pl\/index.php\/wp-json\/wp\/v2\/posts\/14917\/revisions"}],"predecessor-version":[{"id":14919,"href":"https:\/\/mdkoswiecim.pl\/index.php\/wp-json\/wp\/v2\/posts\/14917\/revisions\/14919"}],"wp:featuredmedia":[{"embeddable":true,"href":"https:\/\/mdkoswiecim.pl\/index.php\/wp-json\/wp\/v2\/media\/14918"}],"wp:attachment":[{"href":"https:\/\/mdkoswiecim.pl\/index.php\/wp-json\/wp\/v2\/media?parent=14917"}],"wp:term":[{"taxonomy":"category","embeddable":true,"href":"https:\/\/mdkoswiecim.pl\/index.php\/wp-json\/wp\/v2\/categories?post=14917"},{"taxonomy":"post_tag","embeddable":true,"href":"https:\/\/mdkoswiecim.pl\/index.php\/wp-json\/wp\/v2\/tags?post=14917"}],"curies":[{"name":"wp","href":"https:\/\/api.w.org\/{rel}","templated":true}]}}