{"id":14882,"date":"2021-12-15T12:42:45","date_gmt":"2021-12-15T11:42:45","guid":{"rendered":"https:\/\/mdkoswiecim.pl\/?p=14882"},"modified":"2021-12-15T18:43:54","modified_gmt":"2021-12-15T17:43:54","slug":"sukcesy-naszych-cheerleaderek","status":"publish","type":"post","link":"https:\/\/mdkoswiecim.pl\/index.php\/2021\/12\/15\/sukcesy-naszych-cheerleaderek\/","title":{"rendered":"Sukcesy naszych Cheerleaderek."},"content":{"rendered":"\n<p>Cheerleaderki z grupy SHAKE, b\u0119d\u0105ce uczestniczkami zaj\u0119\u0107 M\u0142odzie\u017cowego Domu Kultury w O\u015bwi\u0119cimiu, 14 grudnia 2021 r.  wzi\u0119\u0142y\u00a0 udzia\u0142 w Wojew\u00f3dzkich Szkolnych Zawodach Rytm-Muzyka-Taniec w Limanowej.\u00a0 Ich sukcesem jest zaj\u0119cie 2. miejsca w kategorii junior (klasy 7-8) oraz 3. miejsca w kategorii junior m\u0142odszy (klasy 1-6).\u00a0<br><\/p>\n\n\n\n<p>Junior m\u0142odszy: Paulina Cembala, Nicole Kwarciak, Maja Stanek, Milena Kwarciak, Karolina Jakubik, Natalia Baka, Amelia \u0141\u0105ka, Julia Brudny, Aleksandra Soca\u0142a.<br><\/p>\n\n\n\n<p>Juniorki to Lena Karkoszka, Anna Baranowska, Milena Broda, Weronika Zwarycz, Aleksandra Romanek i Olga Por\u0119bska.<\/p>\n\n\n\n<p>Gratulujemy!<br><br><\/p>\n","protected":false},"excerpt":{"rendered":"<p>Cheerleaderki z grupy SHAKE, b\u0119d\u0105ce uczestniczkami zaj\u0119\u0107 M\u0142odzie\u017cowego Domu Kultury w O\u015bwi\u0119cimiu, 14 grudnia 2021 r. wzi\u0119\u0142y\u00a0 udzia\u0142 w Wojew\u00f3dzkich Szkolnych Zawodach Rytm-Muzyka-Taniec w Limanowej.\u00a0 Ich sukcesem jest zaj\u0119cie 2. miejsca w kategorii junior (klasy 7-8) oraz 3. miejsca w kategorii junior m\u0142odszy (klasy 1-6).\u00a0 Junior m\u0142odszy: Paulina Cembala, Nicole Kwarciak, Maja Stanek, Milena Kwarciak, [&hellip;]<\/p>\n","protected":false},"author":2,"featured_media":14883,"comment_status":"closed","ping_status":"open","sticky":false,"template":"","format":"standard","meta":{"footnotes":""},"categories":[108],"tags":[],"class_list":["post-14882","post","type-post","status-publish","format-standard","has-post-thumbnail","hentry","category-aktualnosci"],"yoast_head":"<!-- This site is optimized with the Yoast SEO plugin v16.1.1 - https:\/\/yoast.com\/wordpress\/plugins\/seo\/ -->\n<title>Sukcesy naszych Cheerleaderek. - MDK<\/title>\n<link rel=\"canonical\" href=\"https:\/\/mdkoswiecim.pl\/index.php\/2021\/12\/15\/sukcesy-naszych-cheerleaderek\/\" \/>\n<meta property=\"og:locale\" content=\"pl_PL\" \/>\n<meta property=\"og:type\" content=\"article\" \/>\n<meta property=\"og:title\" content=\"Sukcesy naszych Cheerleaderek. - MDK\" \/>\n<meta property=\"og:description\" content=\"Cheerleaderki z grupy SHAKE, b\u0119d\u0105ce uczestniczkami zaj\u0119\u0107 M\u0142odzie\u017cowego Domu Kultury w O\u015bwi\u0119cimiu, 14 grudnia 2021 r. wzi\u0119\u0142y\u00a0 udzia\u0142 w Wojew\u00f3dzkich Szkolnych Zawodach Rytm-Muzyka-Taniec w Limanowej.\u00a0 Ich sukcesem jest zaj\u0119cie 2. miejsca w kategorii junior (klasy 7-8) oraz 3. miejsca w kategorii junior m\u0142odszy (klasy 1-6).\u00a0 Junior m\u0142odszy: Paulina Cembala, Nicole Kwarciak, Maja Stanek, Milena Kwarciak, [&hellip;]\" \/>\n<meta property=\"og:url\" content=\"https:\/\/mdkoswiecim.pl\/index.php\/2021\/12\/15\/sukcesy-naszych-cheerleaderek\/\" \/>\n<meta property=\"og:site_name\" content=\"MDK\" \/>\n<meta property=\"article:published_time\" content=\"2021-12-15T11:42:45+00:00\" \/>\n<meta property=\"article:modified_time\" content=\"2021-12-15T17:43:54+00:00\" \/>\n<meta property=\"og:image\" content=\"https:\/\/mdkoswiecim.pl\/wp-content\/uploads\/2021\/12\/puchar-2021.jpg\" \/>\n\t<meta property=\"og:image:width\" content=\"1080\" \/>\n\t<meta property=\"og:image:height\" content=\"1080\" \/>\n<meta name=\"twitter:card\" content=\"summary_large_image\" \/>\n<meta name=\"twitter:label1\" content=\"Szacowany czas czytania\">\n\t<meta name=\"twitter:data1\" content=\"1 minuta\">\n<script type=\"application\/ld+json\" class=\"yoast-schema-graph\">{\"@context\":\"https:\/\/schema.org\",\"@graph\":[{\"@type\":\"WebSite\",\"@id\":\"https:\/\/mdkoswiecim.pl\/#website\",\"url\":\"https:\/\/mdkoswiecim.pl\/\",\"name\":\"MDK\",\"description\":\"M\\u0142odzie\\u017cowy Dom Kultury w O\\u015bwi\\u0119cimiu\",\"potentialAction\":[{\"@type\":\"SearchAction\",\"target\":\"https:\/\/mdkoswiecim.pl\/?s={search_term_string}\",\"query-input\":\"required name=search_term_string\"}],\"inLanguage\":\"pl-PL\"},{\"@type\":\"ImageObject\",\"@id\":\"https:\/\/mdkoswiecim.pl\/index.php\/2021\/12\/15\/sukcesy-naszych-cheerleaderek\/#primaryimage\",\"inLanguage\":\"pl-PL\",\"url\":\"https:\/\/mdkoswiecim.pl\/wp-content\/uploads\/2021\/12\/puchar-2021.jpg\",\"contentUrl\":\"https:\/\/mdkoswiecim.pl\/wp-content\/uploads\/2021\/12\/puchar-2021.jpg\",\"width\":1080,\"height\":1080},{\"@type\":\"WebPage\",\"@id\":\"https:\/\/mdkoswiecim.pl\/index.php\/2021\/12\/15\/sukcesy-naszych-cheerleaderek\/#webpage\",\"url\":\"https:\/\/mdkoswiecim.pl\/index.php\/2021\/12\/15\/sukcesy-naszych-cheerleaderek\/\",\"name\":\"Sukcesy naszych Cheerleaderek. - MDK\",\"isPartOf\":{\"@id\":\"https:\/\/mdkoswiecim.pl\/#website\"},\"primaryImageOfPage\":{\"@id\":\"https:\/\/mdkoswiecim.pl\/index.php\/2021\/12\/15\/sukcesy-naszych-cheerleaderek\/#primaryimage\"},\"datePublished\":\"2021-12-15T11:42:45+00:00\",\"dateModified\":\"2021-12-15T17:43:54+00:00\",\"author\":{\"@id\":\"https:\/\/mdkoswiecim.pl\/#\/schema\/person\/de4e1c3f9f9805d4834a83cd933e83a4\"},\"breadcrumb\":{\"@id\":\"https:\/\/mdkoswiecim.pl\/index.php\/2021\/12\/15\/sukcesy-naszych-cheerleaderek\/#breadcrumb\"},\"inLanguage\":\"pl-PL\",\"potentialAction\":[{\"@type\":\"ReadAction\",\"target\":[\"https:\/\/mdkoswiecim.pl\/index.php\/2021\/12\/15\/sukcesy-naszych-cheerleaderek\/\"]}]},{\"@type\":\"BreadcrumbList\",\"@id\":\"https:\/\/mdkoswiecim.pl\/index.php\/2021\/12\/15\/sukcesy-naszych-cheerleaderek\/#breadcrumb\",\"itemListElement\":[{\"@type\":\"ListItem\",\"position\":1,\"item\":{\"@type\":\"WebPage\",\"@id\":\"https:\/\/mdkoswiecim.pl\/\",\"url\":\"https:\/\/mdkoswiecim.pl\/\",\"name\":\"Strona g\\u0142\\u00f3wna\"}},{\"@type\":\"ListItem\",\"position\":2,\"item\":{\"@type\":\"WebPage\",\"@id\":\"https:\/\/mdkoswiecim.pl\/index.php\/2021\/12\/15\/sukcesy-naszych-cheerleaderek\/\",\"url\":\"https:\/\/mdkoswiecim.pl\/index.php\/2021\/12\/15\/sukcesy-naszych-cheerleaderek\/\",\"name\":\"Sukcesy naszych Cheerleaderek.\"}}]},{\"@type\":\"Person\",\"@id\":\"https:\/\/mdkoswiecim.pl\/#\/schema\/person\/de4e1c3f9f9805d4834a83cd933e83a4\",\"name\":\"janusz.majcherek\",\"image\":{\"@type\":\"ImageObject\",\"@id\":\"https:\/\/mdkoswiecim.pl\/#personlogo\",\"inLanguage\":\"pl-PL\",\"url\":\"https:\/\/secure.gravatar.com\/avatar\/841ee0bdfc0ec9800cdb49de086063cd2bdca44d52221b7fee4d6a2db5eafb17?s=96&d=mm&r=g\",\"contentUrl\":\"https:\/\/secure.gravatar.com\/avatar\/841ee0bdfc0ec9800cdb49de086063cd2bdca44d52221b7fee4d6a2db5eafb17?s=96&d=mm&r=g\",\"caption\":\"janusz.majcherek\"}}]}<\/script>\n<!-- \/ Yoast SEO plugin. -->","_links":{"self":[{"href":"https:\/\/mdkoswiecim.pl\/index.php\/wp-json\/wp\/v2\/posts\/14882","targetHints":{"allow":["GET"]}}],"collection":[{"href":"https:\/\/mdkoswiecim.pl\/index.php\/wp-json\/wp\/v2\/posts"}],"about":[{"href":"https:\/\/mdkoswiecim.pl\/index.php\/wp-json\/wp\/v2\/types\/post"}],"author":[{"embeddable":true,"href":"https:\/\/mdkoswiecim.pl\/index.php\/wp-json\/wp\/v2\/users\/2"}],"replies":[{"embeddable":true,"href":"https:\/\/mdkoswiecim.pl\/index.php\/wp-json\/wp\/v2\/comments?post=14882"}],"version-history":[{"count":3,"href":"https:\/\/mdkoswiecim.pl\/index.php\/wp-json\/wp\/v2\/posts\/14882\/revisions"}],"predecessor-version":[{"id":14888,"href":"https:\/\/mdkoswiecim.pl\/index.php\/wp-json\/wp\/v2\/posts\/14882\/revisions\/14888"}],"wp:featuredmedia":[{"embeddable":true,"href":"https:\/\/mdkoswiecim.pl\/index.php\/wp-json\/wp\/v2\/media\/14883"}],"wp:attachment":[{"href":"https:\/\/mdkoswiecim.pl\/index.php\/wp-json\/wp\/v2\/media?parent=14882"}],"wp:term":[{"taxonomy":"category","embeddable":true,"href":"https:\/\/mdkoswiecim.pl\/index.php\/wp-json\/wp\/v2\/categories?post=14882"},{"taxonomy":"post_tag","embeddable":true,"href":"https:\/\/mdkoswiecim.pl\/index.php\/wp-json\/wp\/v2\/tags?post=14882"}],"curies":[{"name":"wp","href":"https:\/\/api.w.org\/{rel}","templated":true}]}}