{"id":14875,"date":"2021-12-13T13:08:10","date_gmt":"2021-12-13T12:08:10","guid":{"rendered":"https:\/\/mdkoswiecim.pl\/?p=14875"},"modified":"2021-12-22T11:44:53","modified_gmt":"2021-12-22T10:44:53","slug":"harmonogram-zajec-mdk-w-przerwie-swiatecznej","status":"publish","type":"post","link":"https:\/\/mdkoswiecim.pl\/index.php\/2021\/12\/13\/harmonogram-zajec-mdk-w-przerwie-swiatecznej\/","title":{"rendered":"Harmonogram zaj\u0119\u0107 MDK w przerwie \u015bwi\u0105tecznej."},"content":{"rendered":"\n<p>Serdecznie zapraszamy do zapoznania si\u0119 z harmonogramem naszych zaj\u0119\u0107 w czasie przerwy \u015bwi\u0105tecznej.<\/p>\n\n\n\n<div class=\"wp-block-file\"><a href=\"https:\/\/mdkoswiecim.pl\/wp-content\/uploads\/2021\/12\/Harmonogram-zajec-BN-2021-2.docx\">Harmonogram-zajec-BN-2021-2<\/a><a href=\"https:\/\/mdkoswiecim.pl\/wp-content\/uploads\/2021\/12\/Harmonogram-zajec-BN-2021-2.docx\" class=\"wp-block-file__button\" download>Pobierz<\/a><\/div>\n","protected":false},"excerpt":{"rendered":"<p>Serdecznie zapraszamy do zapoznania si\u0119 z harmonogramem naszych zaj\u0119\u0107 w czasie przerwy \u015bwi\u0105tecznej.<\/p>\n","protected":false},"author":2,"featured_media":3666,"comment_status":"closed","ping_status":"open","sticky":false,"template":"","format":"standard","meta":{"footnotes":""},"categories":[108],"tags":[],"class_list":["post-14875","post","type-post","status-publish","format-standard","has-post-thumbnail","hentry","category-aktualnosci"],"yoast_head":"<!-- This site is optimized with the Yoast SEO plugin v16.1.1 - https:\/\/yoast.com\/wordpress\/plugins\/seo\/ -->\n<title>Harmonogram zaj\u0119\u0107 MDK w przerwie \u015bwi\u0105tecznej. - MDK<\/title>\n<link rel=\"canonical\" href=\"https:\/\/mdkoswiecim.pl\/index.php\/2021\/12\/13\/harmonogram-zajec-mdk-w-przerwie-swiatecznej\/\" \/>\n<meta property=\"og:locale\" content=\"pl_PL\" \/>\n<meta property=\"og:type\" content=\"article\" \/>\n<meta property=\"og:title\" content=\"Harmonogram zaj\u0119\u0107 MDK w przerwie \u015bwi\u0105tecznej. - MDK\" \/>\n<meta property=\"og:description\" content=\"Serdecznie zapraszamy do zapoznania si\u0119 z harmonogramem naszych zaj\u0119\u0107 w czasie przerwy \u015bwi\u0105tecznej.\" \/>\n<meta property=\"og:url\" content=\"https:\/\/mdkoswiecim.pl\/index.php\/2021\/12\/13\/harmonogram-zajec-mdk-w-przerwie-swiatecznej\/\" \/>\n<meta property=\"og:site_name\" content=\"MDK\" \/>\n<meta property=\"article:published_time\" content=\"2021-12-13T12:08:10+00:00\" \/>\n<meta property=\"article:modified_time\" content=\"2021-12-22T10:44:53+00:00\" \/>\n<meta property=\"og:image\" content=\"https:\/\/mdkoswiecim.pl\/wp-content\/uploads\/2021\/02\/people-2557399_1920.jpg\" \/>\n\t<meta property=\"og:image:width\" content=\"1920\" \/>\n\t<meta property=\"og:image:height\" content=\"1279\" \/>\n<meta name=\"twitter:card\" content=\"summary_large_image\" \/>\n<meta name=\"twitter:label1\" content=\"Szacowany czas czytania\">\n\t<meta name=\"twitter:data1\" content=\"1 minuta\">\n<script type=\"application\/ld+json\" class=\"yoast-schema-graph\">{\"@context\":\"https:\/\/schema.org\",\"@graph\":[{\"@type\":\"WebSite\",\"@id\":\"https:\/\/mdkoswiecim.pl\/#website\",\"url\":\"https:\/\/mdkoswiecim.pl\/\",\"name\":\"MDK\",\"description\":\"M\\u0142odzie\\u017cowy Dom Kultury w O\\u015bwi\\u0119cimiu\",\"potentialAction\":[{\"@type\":\"SearchAction\",\"target\":\"https:\/\/mdkoswiecim.pl\/?s={search_term_string}\",\"query-input\":\"required name=search_term_string\"}],\"inLanguage\":\"pl-PL\"},{\"@type\":\"ImageObject\",\"@id\":\"https:\/\/mdkoswiecim.pl\/index.php\/2021\/12\/13\/harmonogram-zajec-mdk-w-przerwie-swiatecznej\/#primaryimage\",\"inLanguage\":\"pl-PL\",\"url\":\"https:\/\/mdkoswiecim.pl\/wp-content\/uploads\/2021\/02\/people-2557399_1920.jpg\",\"contentUrl\":\"https:\/\/mdkoswiecim.pl\/wp-content\/uploads\/2021\/02\/people-2557399_1920.jpg\",\"width\":1920,\"height\":1279,\"caption\":\"people-2557399_1920\"},{\"@type\":\"WebPage\",\"@id\":\"https:\/\/mdkoswiecim.pl\/index.php\/2021\/12\/13\/harmonogram-zajec-mdk-w-przerwie-swiatecznej\/#webpage\",\"url\":\"https:\/\/mdkoswiecim.pl\/index.php\/2021\/12\/13\/harmonogram-zajec-mdk-w-przerwie-swiatecznej\/\",\"name\":\"Harmonogram zaj\\u0119\\u0107 MDK w przerwie \\u015bwi\\u0105tecznej. - MDK\",\"isPartOf\":{\"@id\":\"https:\/\/mdkoswiecim.pl\/#website\"},\"primaryImageOfPage\":{\"@id\":\"https:\/\/mdkoswiecim.pl\/index.php\/2021\/12\/13\/harmonogram-zajec-mdk-w-przerwie-swiatecznej\/#primaryimage\"},\"datePublished\":\"2021-12-13T12:08:10+00:00\",\"dateModified\":\"2021-12-22T10:44:53+00:00\",\"author\":{\"@id\":\"https:\/\/mdkoswiecim.pl\/#\/schema\/person\/de4e1c3f9f9805d4834a83cd933e83a4\"},\"breadcrumb\":{\"@id\":\"https:\/\/mdkoswiecim.pl\/index.php\/2021\/12\/13\/harmonogram-zajec-mdk-w-przerwie-swiatecznej\/#breadcrumb\"},\"inLanguage\":\"pl-PL\",\"potentialAction\":[{\"@type\":\"ReadAction\",\"target\":[\"https:\/\/mdkoswiecim.pl\/index.php\/2021\/12\/13\/harmonogram-zajec-mdk-w-przerwie-swiatecznej\/\"]}]},{\"@type\":\"BreadcrumbList\",\"@id\":\"https:\/\/mdkoswiecim.pl\/index.php\/2021\/12\/13\/harmonogram-zajec-mdk-w-przerwie-swiatecznej\/#breadcrumb\",\"itemListElement\":[{\"@type\":\"ListItem\",\"position\":1,\"item\":{\"@type\":\"WebPage\",\"@id\":\"https:\/\/mdkoswiecim.pl\/\",\"url\":\"https:\/\/mdkoswiecim.pl\/\",\"name\":\"Strona g\\u0142\\u00f3wna\"}},{\"@type\":\"ListItem\",\"position\":2,\"item\":{\"@type\":\"WebPage\",\"@id\":\"https:\/\/mdkoswiecim.pl\/index.php\/2021\/12\/13\/harmonogram-zajec-mdk-w-przerwie-swiatecznej\/\",\"url\":\"https:\/\/mdkoswiecim.pl\/index.php\/2021\/12\/13\/harmonogram-zajec-mdk-w-przerwie-swiatecznej\/\",\"name\":\"Harmonogram zaj\\u0119\\u0107 MDK w przerwie \\u015bwi\\u0105tecznej.\"}}]},{\"@type\":\"Person\",\"@id\":\"https:\/\/mdkoswiecim.pl\/#\/schema\/person\/de4e1c3f9f9805d4834a83cd933e83a4\",\"name\":\"janusz.majcherek\",\"image\":{\"@type\":\"ImageObject\",\"@id\":\"https:\/\/mdkoswiecim.pl\/#personlogo\",\"inLanguage\":\"pl-PL\",\"url\":\"https:\/\/secure.gravatar.com\/avatar\/841ee0bdfc0ec9800cdb49de086063cd2bdca44d52221b7fee4d6a2db5eafb17?s=96&d=mm&r=g\",\"contentUrl\":\"https:\/\/secure.gravatar.com\/avatar\/841ee0bdfc0ec9800cdb49de086063cd2bdca44d52221b7fee4d6a2db5eafb17?s=96&d=mm&r=g\",\"caption\":\"janusz.majcherek\"}}]}<\/script>\n<!-- \/ Yoast SEO plugin. -->","_links":{"self":[{"href":"https:\/\/mdkoswiecim.pl\/index.php\/wp-json\/wp\/v2\/posts\/14875","targetHints":{"allow":["GET"]}}],"collection":[{"href":"https:\/\/mdkoswiecim.pl\/index.php\/wp-json\/wp\/v2\/posts"}],"about":[{"href":"https:\/\/mdkoswiecim.pl\/index.php\/wp-json\/wp\/v2\/types\/post"}],"author":[{"embeddable":true,"href":"https:\/\/mdkoswiecim.pl\/index.php\/wp-json\/wp\/v2\/users\/2"}],"replies":[{"embeddable":true,"href":"https:\/\/mdkoswiecim.pl\/index.php\/wp-json\/wp\/v2\/comments?post=14875"}],"version-history":[{"count":4,"href":"https:\/\/mdkoswiecim.pl\/index.php\/wp-json\/wp\/v2\/posts\/14875\/revisions"}],"predecessor-version":[{"id":14916,"href":"https:\/\/mdkoswiecim.pl\/index.php\/wp-json\/wp\/v2\/posts\/14875\/revisions\/14916"}],"wp:featuredmedia":[{"embeddable":true,"href":"https:\/\/mdkoswiecim.pl\/index.php\/wp-json\/wp\/v2\/media\/3666"}],"wp:attachment":[{"href":"https:\/\/mdkoswiecim.pl\/index.php\/wp-json\/wp\/v2\/media?parent=14875"}],"wp:term":[{"taxonomy":"category","embeddable":true,"href":"https:\/\/mdkoswiecim.pl\/index.php\/wp-json\/wp\/v2\/categories?post=14875"},{"taxonomy":"post_tag","embeddable":true,"href":"https:\/\/mdkoswiecim.pl\/index.php\/wp-json\/wp\/v2\/tags?post=14875"}],"curies":[{"name":"wp","href":"https:\/\/api.w.org\/{rel}","templated":true}]}}