{"id":14823,"date":"2021-11-18T14:21:12","date_gmt":"2021-11-18T13:21:12","guid":{"rendered":"https:\/\/mdkoswiecim.pl\/?p=14823"},"modified":"2021-11-18T14:21:13","modified_gmt":"2021-11-18T13:21:13","slug":"wrozby-andrzejkowe","status":"publish","type":"post","link":"https:\/\/mdkoswiecim.pl\/index.php\/2021\/11\/18\/wrozby-andrzejkowe\/","title":{"rendered":"&#8220;Wr\u00f3\u017cby andrzejkowe&#8221;"},"content":{"rendered":"\n<p>M\u0142odzie\u017cowy Dom Kultury w O\u015bwi\u0119cimiu  zaprasza wychowank\u00f3w sekcji MDK od 1 &#8211; 4 klasy szko\u0142y podstawowej na: <\/p>\n\n\n\n<p>&#8220;<strong>Wr\u00f3\u017cby andrzejkowe&#8221;. <\/strong><\/p>\n\n\n\n<p>Impreza odb\u0119dzie si\u0119 w dniu 26.11.2021 w godzinach: 17.00 &#8211; 19.00 w siedzibie MDK, ul Olszewskiego1 w O\u015bwi\u0119cimiu. <strong> <\/strong><\/p>\n","protected":false},"excerpt":{"rendered":"<p>M\u0142odzie\u017cowy Dom Kultury w O\u015bwi\u0119cimiu zaprasza wychowank\u00f3w sekcji MDK od 1 &#8211; 4 klasy szko\u0142y podstawowej na: &#8220;Wr\u00f3\u017cby andrzejkowe&#8221;. Impreza odb\u0119dzie si\u0119 w dniu 26.11.2021 w godzinach: 17.00 &#8211; 19.00 w siedzibie MDK, ul Olszewskiego1 w O\u015bwi\u0119cimiu.<\/p>\n","protected":false},"author":2,"featured_media":14824,"comment_status":"closed","ping_status":"open","sticky":false,"template":"","format":"standard","meta":{"footnotes":""},"categories":[108],"tags":[],"class_list":["post-14823","post","type-post","status-publish","format-standard","has-post-thumbnail","hentry","category-aktualnosci"],"yoast_head":"<!-- This site is optimized with the Yoast SEO plugin v16.1.1 - https:\/\/yoast.com\/wordpress\/plugins\/seo\/ -->\n<title>&quot;Wr\u00f3\u017cby andrzejkowe&quot; - MDK<\/title>\n<link rel=\"canonical\" href=\"https:\/\/mdkoswiecim.pl\/index.php\/2021\/11\/18\/wrozby-andrzejkowe\/\" \/>\n<meta property=\"og:locale\" content=\"pl_PL\" \/>\n<meta property=\"og:type\" content=\"article\" \/>\n<meta property=\"og:title\" content=\"&quot;Wr\u00f3\u017cby andrzejkowe&quot; - MDK\" \/>\n<meta property=\"og:description\" content=\"M\u0142odzie\u017cowy Dom Kultury w O\u015bwi\u0119cimiu zaprasza wychowank\u00f3w sekcji MDK od 1 &#8211; 4 klasy szko\u0142y podstawowej na: &#8220;Wr\u00f3\u017cby andrzejkowe&#8221;. Impreza odb\u0119dzie si\u0119 w dniu 26.11.2021 w godzinach: 17.00 &#8211; 19.00 w siedzibie MDK, ul Olszewskiego1 w O\u015bwi\u0119cimiu.\" \/>\n<meta property=\"og:url\" content=\"https:\/\/mdkoswiecim.pl\/index.php\/2021\/11\/18\/wrozby-andrzejkowe\/\" \/>\n<meta property=\"og:site_name\" content=\"MDK\" \/>\n<meta property=\"article:published_time\" content=\"2021-11-18T13:21:12+00:00\" \/>\n<meta property=\"article:modified_time\" content=\"2021-11-18T13:21:13+00:00\" \/>\n<meta property=\"og:image\" content=\"https:\/\/mdkoswiecim.pl\/wp-content\/uploads\/2021\/11\/carnival-4753066_640.jpg\" \/>\n\t<meta property=\"og:image:width\" content=\"640\" \/>\n\t<meta property=\"og:image:height\" content=\"426\" \/>\n<meta name=\"twitter:card\" content=\"summary_large_image\" \/>\n<meta name=\"twitter:label1\" content=\"Szacowany czas czytania\">\n\t<meta name=\"twitter:data1\" content=\"1 minuta\">\n<script type=\"application\/ld+json\" class=\"yoast-schema-graph\">{\"@context\":\"https:\/\/schema.org\",\"@graph\":[{\"@type\":\"WebSite\",\"@id\":\"https:\/\/mdkoswiecim.pl\/#website\",\"url\":\"https:\/\/mdkoswiecim.pl\/\",\"name\":\"MDK\",\"description\":\"M\\u0142odzie\\u017cowy Dom Kultury w O\\u015bwi\\u0119cimiu\",\"potentialAction\":[{\"@type\":\"SearchAction\",\"target\":\"https:\/\/mdkoswiecim.pl\/?s={search_term_string}\",\"query-input\":\"required name=search_term_string\"}],\"inLanguage\":\"pl-PL\"},{\"@type\":\"ImageObject\",\"@id\":\"https:\/\/mdkoswiecim.pl\/index.php\/2021\/11\/18\/wrozby-andrzejkowe\/#primaryimage\",\"inLanguage\":\"pl-PL\",\"url\":\"https:\/\/mdkoswiecim.pl\/wp-content\/uploads\/2021\/11\/carnival-4753066_640.jpg\",\"contentUrl\":\"https:\/\/mdkoswiecim.pl\/wp-content\/uploads\/2021\/11\/carnival-4753066_640.jpg\",\"width\":640,\"height\":426},{\"@type\":\"WebPage\",\"@id\":\"https:\/\/mdkoswiecim.pl\/index.php\/2021\/11\/18\/wrozby-andrzejkowe\/#webpage\",\"url\":\"https:\/\/mdkoswiecim.pl\/index.php\/2021\/11\/18\/wrozby-andrzejkowe\/\",\"name\":\"\\\"Wr\\u00f3\\u017cby andrzejkowe\\\" - MDK\",\"isPartOf\":{\"@id\":\"https:\/\/mdkoswiecim.pl\/#website\"},\"primaryImageOfPage\":{\"@id\":\"https:\/\/mdkoswiecim.pl\/index.php\/2021\/11\/18\/wrozby-andrzejkowe\/#primaryimage\"},\"datePublished\":\"2021-11-18T13:21:12+00:00\",\"dateModified\":\"2021-11-18T13:21:13+00:00\",\"author\":{\"@id\":\"https:\/\/mdkoswiecim.pl\/#\/schema\/person\/de4e1c3f9f9805d4834a83cd933e83a4\"},\"breadcrumb\":{\"@id\":\"https:\/\/mdkoswiecim.pl\/index.php\/2021\/11\/18\/wrozby-andrzejkowe\/#breadcrumb\"},\"inLanguage\":\"pl-PL\",\"potentialAction\":[{\"@type\":\"ReadAction\",\"target\":[\"https:\/\/mdkoswiecim.pl\/index.php\/2021\/11\/18\/wrozby-andrzejkowe\/\"]}]},{\"@type\":\"BreadcrumbList\",\"@id\":\"https:\/\/mdkoswiecim.pl\/index.php\/2021\/11\/18\/wrozby-andrzejkowe\/#breadcrumb\",\"itemListElement\":[{\"@type\":\"ListItem\",\"position\":1,\"item\":{\"@type\":\"WebPage\",\"@id\":\"https:\/\/mdkoswiecim.pl\/\",\"url\":\"https:\/\/mdkoswiecim.pl\/\",\"name\":\"Strona g\\u0142\\u00f3wna\"}},{\"@type\":\"ListItem\",\"position\":2,\"item\":{\"@type\":\"WebPage\",\"@id\":\"https:\/\/mdkoswiecim.pl\/index.php\/2021\/11\/18\/wrozby-andrzejkowe\/\",\"url\":\"https:\/\/mdkoswiecim.pl\/index.php\/2021\/11\/18\/wrozby-andrzejkowe\/\",\"name\":\"&#8220;Wr\\u00f3\\u017cby andrzejkowe&#8221;\"}}]},{\"@type\":\"Person\",\"@id\":\"https:\/\/mdkoswiecim.pl\/#\/schema\/person\/de4e1c3f9f9805d4834a83cd933e83a4\",\"name\":\"janusz.majcherek\",\"image\":{\"@type\":\"ImageObject\",\"@id\":\"https:\/\/mdkoswiecim.pl\/#personlogo\",\"inLanguage\":\"pl-PL\",\"url\":\"https:\/\/secure.gravatar.com\/avatar\/841ee0bdfc0ec9800cdb49de086063cd2bdca44d52221b7fee4d6a2db5eafb17?s=96&d=mm&r=g\",\"contentUrl\":\"https:\/\/secure.gravatar.com\/avatar\/841ee0bdfc0ec9800cdb49de086063cd2bdca44d52221b7fee4d6a2db5eafb17?s=96&d=mm&r=g\",\"caption\":\"janusz.majcherek\"}}]}<\/script>\n<!-- \/ Yoast SEO plugin. -->","_links":{"self":[{"href":"https:\/\/mdkoswiecim.pl\/index.php\/wp-json\/wp\/v2\/posts\/14823","targetHints":{"allow":["GET"]}}],"collection":[{"href":"https:\/\/mdkoswiecim.pl\/index.php\/wp-json\/wp\/v2\/posts"}],"about":[{"href":"https:\/\/mdkoswiecim.pl\/index.php\/wp-json\/wp\/v2\/types\/post"}],"author":[{"embeddable":true,"href":"https:\/\/mdkoswiecim.pl\/index.php\/wp-json\/wp\/v2\/users\/2"}],"replies":[{"embeddable":true,"href":"https:\/\/mdkoswiecim.pl\/index.php\/wp-json\/wp\/v2\/comments?post=14823"}],"version-history":[{"count":2,"href":"https:\/\/mdkoswiecim.pl\/index.php\/wp-json\/wp\/v2\/posts\/14823\/revisions"}],"predecessor-version":[{"id":14826,"href":"https:\/\/mdkoswiecim.pl\/index.php\/wp-json\/wp\/v2\/posts\/14823\/revisions\/14826"}],"wp:featuredmedia":[{"embeddable":true,"href":"https:\/\/mdkoswiecim.pl\/index.php\/wp-json\/wp\/v2\/media\/14824"}],"wp:attachment":[{"href":"https:\/\/mdkoswiecim.pl\/index.php\/wp-json\/wp\/v2\/media?parent=14823"}],"wp:term":[{"taxonomy":"category","embeddable":true,"href":"https:\/\/mdkoswiecim.pl\/index.php\/wp-json\/wp\/v2\/categories?post=14823"},{"taxonomy":"post_tag","embeddable":true,"href":"https:\/\/mdkoswiecim.pl\/index.php\/wp-json\/wp\/v2\/tags?post=14823"}],"curies":[{"name":"wp","href":"https:\/\/api.w.org\/{rel}","templated":true}]}}