{"id":14821,"date":"2021-11-18T09:26:09","date_gmt":"2021-11-18T08:26:09","guid":{"rendered":"https:\/\/mdkoswiecim.pl\/?p=14821"},"modified":"2021-11-18T09:26:11","modified_gmt":"2021-11-18T08:26:11","slug":"filmowy-skrot-gali-niepodlegla","status":"publish","type":"post","link":"https:\/\/mdkoswiecim.pl\/index.php\/2021\/11\/18\/filmowy-skrot-gali-niepodlegla\/","title":{"rendered":"Filmowy skr\u00f3t Gali NIEPODLEG\u0141A"},"content":{"rendered":"\n<p>Zapraszamy do ogl\u0105dni\u0119cia filmu z uroczystej Gali NIEPODLEG\u0141A, kt\u00f3ra odby\u0142a si\u0119 9 listopada w O\u015bwi\u0119cimskim Centrum Kultury.<\/p>\n\n\n\n<p>Gospodarzem gali by\u0142 Zarz\u0105d Powiatu O\u015bwi\u0119cimskiego.<\/p>\n\n\n\n<p><a href=\"https:\/\/www.youtube.com\/watch?v=4ACaV91s8XY\">11 listopada z MDK &#8211; YouTube<\/a><\/p>\n","protected":false},"excerpt":{"rendered":"<p>Zapraszamy do ogl\u0105dni\u0119cia filmu z uroczystej Gali NIEPODLEG\u0141A, kt\u00f3ra odby\u0142a si\u0119 9 listopada w O\u015bwi\u0119cimskim Centrum Kultury. Gospodarzem gali by\u0142 Zarz\u0105d Powiatu O\u015bwi\u0119cimskiego. 11 listopada z MDK &#8211; YouTube<\/p>\n","protected":false},"author":3,"featured_media":14688,"comment_status":"closed","ping_status":"open","sticky":false,"template":"","format":"standard","meta":{"footnotes":""},"categories":[108],"tags":[],"class_list":["post-14821","post","type-post","status-publish","format-standard","has-post-thumbnail","hentry","category-aktualnosci"],"yoast_head":"<!-- This site is optimized with the Yoast SEO plugin v16.1.1 - https:\/\/yoast.com\/wordpress\/plugins\/seo\/ -->\n<title>Filmowy skr\u00f3t Gali NIEPODLEG\u0141A - MDK<\/title>\n<link rel=\"canonical\" href=\"https:\/\/mdkoswiecim.pl\/index.php\/2021\/11\/18\/filmowy-skrot-gali-niepodlegla\/\" \/>\n<meta property=\"og:locale\" content=\"pl_PL\" \/>\n<meta property=\"og:type\" content=\"article\" \/>\n<meta property=\"og:title\" content=\"Filmowy skr\u00f3t Gali NIEPODLEG\u0141A - MDK\" \/>\n<meta property=\"og:description\" content=\"Zapraszamy do ogl\u0105dni\u0119cia filmu z uroczystej Gali NIEPODLEG\u0141A, kt\u00f3ra odby\u0142a si\u0119 9 listopada w O\u015bwi\u0119cimskim Centrum Kultury. Gospodarzem gali by\u0142 Zarz\u0105d Powiatu O\u015bwi\u0119cimskiego. 11 listopada z MDK &#8211; YouTube\" \/>\n<meta property=\"og:url\" content=\"https:\/\/mdkoswiecim.pl\/index.php\/2021\/11\/18\/filmowy-skrot-gali-niepodlegla\/\" \/>\n<meta property=\"og:site_name\" content=\"MDK\" \/>\n<meta property=\"article:published_time\" content=\"2021-11-18T08:26:09+00:00\" \/>\n<meta property=\"article:modified_time\" content=\"2021-11-18T08:26:11+00:00\" \/>\n<meta property=\"og:image\" content=\"https:\/\/mdkoswiecim.pl\/wp-content\/uploads\/2021\/10\/0001-scaled-e1637223944776.jpg\" \/>\n\t<meta property=\"og:image:width\" content=\"1811\" \/>\n\t<meta property=\"og:image:height\" content=\"1107\" \/>\n<meta name=\"twitter:card\" content=\"summary_large_image\" \/>\n<meta name=\"twitter:label1\" content=\"Szacowany czas czytania\">\n\t<meta name=\"twitter:data1\" content=\"1 minuta\">\n<script type=\"application\/ld+json\" class=\"yoast-schema-graph\">{\"@context\":\"https:\/\/schema.org\",\"@graph\":[{\"@type\":\"WebSite\",\"@id\":\"https:\/\/mdkoswiecim.pl\/#website\",\"url\":\"https:\/\/mdkoswiecim.pl\/\",\"name\":\"MDK\",\"description\":\"M\\u0142odzie\\u017cowy Dom Kultury w O\\u015bwi\\u0119cimiu\",\"potentialAction\":[{\"@type\":\"SearchAction\",\"target\":\"https:\/\/mdkoswiecim.pl\/?s={search_term_string}\",\"query-input\":\"required name=search_term_string\"}],\"inLanguage\":\"pl-PL\"},{\"@type\":\"ImageObject\",\"@id\":\"https:\/\/mdkoswiecim.pl\/index.php\/2021\/11\/18\/filmowy-skrot-gali-niepodlegla\/#primaryimage\",\"inLanguage\":\"pl-PL\",\"url\":\"https:\/\/mdkoswiecim.pl\/wp-content\/uploads\/2021\/10\/0001-scaled-e1637223944776.jpg\",\"contentUrl\":\"https:\/\/mdkoswiecim.pl\/wp-content\/uploads\/2021\/10\/0001-scaled-e1637223944776.jpg\",\"width\":1811,\"height\":1107},{\"@type\":\"WebPage\",\"@id\":\"https:\/\/mdkoswiecim.pl\/index.php\/2021\/11\/18\/filmowy-skrot-gali-niepodlegla\/#webpage\",\"url\":\"https:\/\/mdkoswiecim.pl\/index.php\/2021\/11\/18\/filmowy-skrot-gali-niepodlegla\/\",\"name\":\"Filmowy skr\\u00f3t Gali NIEPODLEG\\u0141A - MDK\",\"isPartOf\":{\"@id\":\"https:\/\/mdkoswiecim.pl\/#website\"},\"primaryImageOfPage\":{\"@id\":\"https:\/\/mdkoswiecim.pl\/index.php\/2021\/11\/18\/filmowy-skrot-gali-niepodlegla\/#primaryimage\"},\"datePublished\":\"2021-11-18T08:26:09+00:00\",\"dateModified\":\"2021-11-18T08:26:11+00:00\",\"author\":{\"@id\":\"https:\/\/mdkoswiecim.pl\/#\/schema\/person\/d9c1081e4cfefcbccad7ec11fa250f7a\"},\"breadcrumb\":{\"@id\":\"https:\/\/mdkoswiecim.pl\/index.php\/2021\/11\/18\/filmowy-skrot-gali-niepodlegla\/#breadcrumb\"},\"inLanguage\":\"pl-PL\",\"potentialAction\":[{\"@type\":\"ReadAction\",\"target\":[\"https:\/\/mdkoswiecim.pl\/index.php\/2021\/11\/18\/filmowy-skrot-gali-niepodlegla\/\"]}]},{\"@type\":\"BreadcrumbList\",\"@id\":\"https:\/\/mdkoswiecim.pl\/index.php\/2021\/11\/18\/filmowy-skrot-gali-niepodlegla\/#breadcrumb\",\"itemListElement\":[{\"@type\":\"ListItem\",\"position\":1,\"item\":{\"@type\":\"WebPage\",\"@id\":\"https:\/\/mdkoswiecim.pl\/\",\"url\":\"https:\/\/mdkoswiecim.pl\/\",\"name\":\"Strona g\\u0142\\u00f3wna\"}},{\"@type\":\"ListItem\",\"position\":2,\"item\":{\"@type\":\"WebPage\",\"@id\":\"https:\/\/mdkoswiecim.pl\/index.php\/2021\/11\/18\/filmowy-skrot-gali-niepodlegla\/\",\"url\":\"https:\/\/mdkoswiecim.pl\/index.php\/2021\/11\/18\/filmowy-skrot-gali-niepodlegla\/\",\"name\":\"Filmowy skr\\u00f3t Gali NIEPODLEG\\u0141A\"}}]},{\"@type\":\"Person\",\"@id\":\"https:\/\/mdkoswiecim.pl\/#\/schema\/person\/d9c1081e4cfefcbccad7ec11fa250f7a\",\"name\":\"alina.kwarciak\",\"image\":{\"@type\":\"ImageObject\",\"@id\":\"https:\/\/mdkoswiecim.pl\/#personlogo\",\"inLanguage\":\"pl-PL\",\"url\":\"https:\/\/secure.gravatar.com\/avatar\/cce8f640650bbd69c0efc0afd2dddb7945a94129b978796401e58cac1eb8b87b?s=96&d=mm&r=g\",\"contentUrl\":\"https:\/\/secure.gravatar.com\/avatar\/cce8f640650bbd69c0efc0afd2dddb7945a94129b978796401e58cac1eb8b87b?s=96&d=mm&r=g\",\"caption\":\"alina.kwarciak\"}}]}<\/script>\n<!-- \/ Yoast SEO plugin. -->","_links":{"self":[{"href":"https:\/\/mdkoswiecim.pl\/index.php\/wp-json\/wp\/v2\/posts\/14821","targetHints":{"allow":["GET"]}}],"collection":[{"href":"https:\/\/mdkoswiecim.pl\/index.php\/wp-json\/wp\/v2\/posts"}],"about":[{"href":"https:\/\/mdkoswiecim.pl\/index.php\/wp-json\/wp\/v2\/types\/post"}],"author":[{"embeddable":true,"href":"https:\/\/mdkoswiecim.pl\/index.php\/wp-json\/wp\/v2\/users\/3"}],"replies":[{"embeddable":true,"href":"https:\/\/mdkoswiecim.pl\/index.php\/wp-json\/wp\/v2\/comments?post=14821"}],"version-history":[{"count":1,"href":"https:\/\/mdkoswiecim.pl\/index.php\/wp-json\/wp\/v2\/posts\/14821\/revisions"}],"predecessor-version":[{"id":14822,"href":"https:\/\/mdkoswiecim.pl\/index.php\/wp-json\/wp\/v2\/posts\/14821\/revisions\/14822"}],"wp:featuredmedia":[{"embeddable":true,"href":"https:\/\/mdkoswiecim.pl\/index.php\/wp-json\/wp\/v2\/media\/14688"}],"wp:attachment":[{"href":"https:\/\/mdkoswiecim.pl\/index.php\/wp-json\/wp\/v2\/media?parent=14821"}],"wp:term":[{"taxonomy":"category","embeddable":true,"href":"https:\/\/mdkoswiecim.pl\/index.php\/wp-json\/wp\/v2\/categories?post=14821"},{"taxonomy":"post_tag","embeddable":true,"href":"https:\/\/mdkoswiecim.pl\/index.php\/wp-json\/wp\/v2\/tags?post=14821"}],"curies":[{"name":"wp","href":"https:\/\/api.w.org\/{rel}","templated":true}]}}