{"id":14726,"date":"2021-11-02T14:08:01","date_gmt":"2021-11-02T13:08:01","guid":{"rendered":"https:\/\/mdkoswiecim.pl\/?p=14726"},"modified":"2021-11-02T14:16:47","modified_gmt":"2021-11-02T13:16:47","slug":"sukcesy-naszych-nauczycieli-z-zespolu-ultrasonic","status":"publish","type":"post","link":"https:\/\/mdkoswiecim.pl\/index.php\/2021\/11\/02\/sukcesy-naszych-nauczycieli-z-zespolu-ultrasonic\/","title":{"rendered":"Sukcesy naszych nauczycieli z zespo\u0142u Ultrasonic"},"content":{"rendered":"\n<p>Mi\u0142o nam poinformowa\u0107, \u017ce p\u0142yta zespo\u0142u Ultrasonic,  nad kt\u00f3r\u0105 wraz ze Starost\u0105 Powiatu O\u015bwi\u0119cimskiego obj\u0119li\u015bmy patronat, zosta\u0142a p\u0142yt\u0105 tygodnia radia Ostrowiec. Opr\u00f3cz tego sukcesu zesp\u00f3\u0142 w ostatnim czasie by\u0142 go\u015bciem m.in. na antenie Tr\u00f3jki Polskiego Radia, oraz innych rozg\u0142o\u015bni jak Radio Lublin, Radio Radom czy radio Bia\u0142ystok, a tak\u017ce na wielu portalach internetowych po\u015bwi\u0119conych muzyce. W listopadowym wydaniu magazynu Teraz Rock ukaza\u0142a si\u0119 bardzo przychylna recenzja p\u0142yty, za kt\u00f3r\u0105 Ultrasonic otrzyma\u0142 wysok\u0105 ocen\u0119 4\/5 gwiazdek. Nied\u0142ugo uka\u017ce si\u0119 r\u00f3wnie\u017c teledysk do promuj\u0105cego p\u0142yt\u0119 utworu &#8220;Kara&#8221; <\/p>\n\n\n\n<p>Zapraszamy na stron\u0119 zespo\u0142u, gdzie mo\u017cna na bie\u017c\u0105co \u015bledzi\u0107 dzia\u0142alno\u015b\u0107 naszych muzyk\u00f3w<\/p>\n\n\n\n<p><a href=\"https:\/\/www.facebook.com\/profile.php?id=427898177637925&amp;ref=br_tf&amp;epa=SEARCH_BOX\">https:\/\/www.facebook.com\/profile.php?id=427898177637925&amp;ref=br_tf&amp;epa=SEARCH_BOX<\/a><\/p>\n\n\n\n<p>Trzymamy kciuki za dalsze sukcesy!<\/p>\n","protected":false},"excerpt":{"rendered":"<p>Mi\u0142o nam poinformowa\u0107, \u017ce p\u0142yta zespo\u0142u Ultrasonic, nad kt\u00f3r\u0105 wraz ze Starost\u0105 Powiatu O\u015bwi\u0119cimskiego obj\u0119li\u015bmy patronat, zosta\u0142a p\u0142yt\u0105 tygodnia radia Ostrowiec. Opr\u00f3cz tego sukcesu zesp\u00f3\u0142 w ostatnim czasie by\u0142 go\u015bciem m.in. na antenie Tr\u00f3jki Polskiego Radia, oraz innych rozg\u0142o\u015bni jak Radio Lublin, Radio Radom czy radio Bia\u0142ystok, a tak\u017ce na wielu portalach internetowych po\u015bwi\u0119conych muzyce. [&hellip;]<\/p>\n","protected":false},"author":2,"featured_media":14727,"comment_status":"closed","ping_status":"open","sticky":false,"template":"","format":"standard","meta":{"footnotes":""},"categories":[108],"tags":[],"class_list":["post-14726","post","type-post","status-publish","format-standard","has-post-thumbnail","hentry","category-aktualnosci"],"yoast_head":"<!-- This site is optimized with the Yoast SEO plugin v16.1.1 - https:\/\/yoast.com\/wordpress\/plugins\/seo\/ -->\n<title>Sukcesy naszych nauczycieli z zespo\u0142u Ultrasonic - MDK<\/title>\n<link rel=\"canonical\" href=\"https:\/\/mdkoswiecim.pl\/index.php\/2021\/11\/02\/sukcesy-naszych-nauczycieli-z-zespolu-ultrasonic\/\" \/>\n<meta property=\"og:locale\" content=\"pl_PL\" \/>\n<meta property=\"og:type\" content=\"article\" \/>\n<meta property=\"og:title\" content=\"Sukcesy naszych nauczycieli z zespo\u0142u Ultrasonic - MDK\" \/>\n<meta property=\"og:description\" content=\"Mi\u0142o nam poinformowa\u0107, \u017ce p\u0142yta zespo\u0142u Ultrasonic, nad kt\u00f3r\u0105 wraz ze Starost\u0105 Powiatu O\u015bwi\u0119cimskiego obj\u0119li\u015bmy patronat, zosta\u0142a p\u0142yt\u0105 tygodnia radia Ostrowiec. Opr\u00f3cz tego sukcesu zesp\u00f3\u0142 w ostatnim czasie by\u0142 go\u015bciem m.in. na antenie Tr\u00f3jki Polskiego Radia, oraz innych rozg\u0142o\u015bni jak Radio Lublin, Radio Radom czy radio Bia\u0142ystok, a tak\u017ce na wielu portalach internetowych po\u015bwi\u0119conych muzyce. [&hellip;]\" \/>\n<meta property=\"og:url\" content=\"https:\/\/mdkoswiecim.pl\/index.php\/2021\/11\/02\/sukcesy-naszych-nauczycieli-z-zespolu-ultrasonic\/\" \/>\n<meta property=\"og:site_name\" content=\"MDK\" \/>\n<meta property=\"article:published_time\" content=\"2021-11-02T13:08:01+00:00\" \/>\n<meta property=\"article:modified_time\" content=\"2021-11-02T13:16:47+00:00\" \/>\n<meta property=\"og:image\" content=\"https:\/\/mdkoswiecim.pl\/wp-content\/uploads\/2021\/11\/plyta-tygodnia-e1635858393150.jpg\" \/>\n\t<meta property=\"og:image:width\" content=\"1080\" \/>\n\t<meta property=\"og:image:height\" content=\"629\" \/>\n<meta name=\"twitter:card\" content=\"summary_large_image\" \/>\n<meta name=\"twitter:label1\" content=\"Szacowany czas czytania\">\n\t<meta name=\"twitter:data1\" content=\"1 minuta\">\n<script type=\"application\/ld+json\" class=\"yoast-schema-graph\">{\"@context\":\"https:\/\/schema.org\",\"@graph\":[{\"@type\":\"WebSite\",\"@id\":\"https:\/\/mdkoswiecim.pl\/#website\",\"url\":\"https:\/\/mdkoswiecim.pl\/\",\"name\":\"MDK\",\"description\":\"M\\u0142odzie\\u017cowy Dom Kultury w O\\u015bwi\\u0119cimiu\",\"potentialAction\":[{\"@type\":\"SearchAction\",\"target\":\"https:\/\/mdkoswiecim.pl\/?s={search_term_string}\",\"query-input\":\"required name=search_term_string\"}],\"inLanguage\":\"pl-PL\"},{\"@type\":\"ImageObject\",\"@id\":\"https:\/\/mdkoswiecim.pl\/index.php\/2021\/11\/02\/sukcesy-naszych-nauczycieli-z-zespolu-ultrasonic\/#primaryimage\",\"inLanguage\":\"pl-PL\",\"url\":\"https:\/\/mdkoswiecim.pl\/wp-content\/uploads\/2021\/11\/plyta-tygodnia-e1635858393150.jpg\",\"contentUrl\":\"https:\/\/mdkoswiecim.pl\/wp-content\/uploads\/2021\/11\/plyta-tygodnia-e1635858393150.jpg\",\"width\":1080,\"height\":629},{\"@type\":\"WebPage\",\"@id\":\"https:\/\/mdkoswiecim.pl\/index.php\/2021\/11\/02\/sukcesy-naszych-nauczycieli-z-zespolu-ultrasonic\/#webpage\",\"url\":\"https:\/\/mdkoswiecim.pl\/index.php\/2021\/11\/02\/sukcesy-naszych-nauczycieli-z-zespolu-ultrasonic\/\",\"name\":\"Sukcesy naszych nauczycieli z zespo\\u0142u Ultrasonic - MDK\",\"isPartOf\":{\"@id\":\"https:\/\/mdkoswiecim.pl\/#website\"},\"primaryImageOfPage\":{\"@id\":\"https:\/\/mdkoswiecim.pl\/index.php\/2021\/11\/02\/sukcesy-naszych-nauczycieli-z-zespolu-ultrasonic\/#primaryimage\"},\"datePublished\":\"2021-11-02T13:08:01+00:00\",\"dateModified\":\"2021-11-02T13:16:47+00:00\",\"author\":{\"@id\":\"https:\/\/mdkoswiecim.pl\/#\/schema\/person\/de4e1c3f9f9805d4834a83cd933e83a4\"},\"breadcrumb\":{\"@id\":\"https:\/\/mdkoswiecim.pl\/index.php\/2021\/11\/02\/sukcesy-naszych-nauczycieli-z-zespolu-ultrasonic\/#breadcrumb\"},\"inLanguage\":\"pl-PL\",\"potentialAction\":[{\"@type\":\"ReadAction\",\"target\":[\"https:\/\/mdkoswiecim.pl\/index.php\/2021\/11\/02\/sukcesy-naszych-nauczycieli-z-zespolu-ultrasonic\/\"]}]},{\"@type\":\"BreadcrumbList\",\"@id\":\"https:\/\/mdkoswiecim.pl\/index.php\/2021\/11\/02\/sukcesy-naszych-nauczycieli-z-zespolu-ultrasonic\/#breadcrumb\",\"itemListElement\":[{\"@type\":\"ListItem\",\"position\":1,\"item\":{\"@type\":\"WebPage\",\"@id\":\"https:\/\/mdkoswiecim.pl\/\",\"url\":\"https:\/\/mdkoswiecim.pl\/\",\"name\":\"Strona g\\u0142\\u00f3wna\"}},{\"@type\":\"ListItem\",\"position\":2,\"item\":{\"@type\":\"WebPage\",\"@id\":\"https:\/\/mdkoswiecim.pl\/index.php\/2021\/11\/02\/sukcesy-naszych-nauczycieli-z-zespolu-ultrasonic\/\",\"url\":\"https:\/\/mdkoswiecim.pl\/index.php\/2021\/11\/02\/sukcesy-naszych-nauczycieli-z-zespolu-ultrasonic\/\",\"name\":\"Sukcesy naszych nauczycieli z zespo\\u0142u Ultrasonic\"}}]},{\"@type\":\"Person\",\"@id\":\"https:\/\/mdkoswiecim.pl\/#\/schema\/person\/de4e1c3f9f9805d4834a83cd933e83a4\",\"name\":\"janusz.majcherek\",\"image\":{\"@type\":\"ImageObject\",\"@id\":\"https:\/\/mdkoswiecim.pl\/#personlogo\",\"inLanguage\":\"pl-PL\",\"url\":\"https:\/\/secure.gravatar.com\/avatar\/841ee0bdfc0ec9800cdb49de086063cd2bdca44d52221b7fee4d6a2db5eafb17?s=96&d=mm&r=g\",\"contentUrl\":\"https:\/\/secure.gravatar.com\/avatar\/841ee0bdfc0ec9800cdb49de086063cd2bdca44d52221b7fee4d6a2db5eafb17?s=96&d=mm&r=g\",\"caption\":\"janusz.majcherek\"}}]}<\/script>\n<!-- \/ Yoast SEO plugin. -->","_links":{"self":[{"href":"https:\/\/mdkoswiecim.pl\/index.php\/wp-json\/wp\/v2\/posts\/14726","targetHints":{"allow":["GET"]}}],"collection":[{"href":"https:\/\/mdkoswiecim.pl\/index.php\/wp-json\/wp\/v2\/posts"}],"about":[{"href":"https:\/\/mdkoswiecim.pl\/index.php\/wp-json\/wp\/v2\/types\/post"}],"author":[{"embeddable":true,"href":"https:\/\/mdkoswiecim.pl\/index.php\/wp-json\/wp\/v2\/users\/2"}],"replies":[{"embeddable":true,"href":"https:\/\/mdkoswiecim.pl\/index.php\/wp-json\/wp\/v2\/comments?post=14726"}],"version-history":[{"count":4,"href":"https:\/\/mdkoswiecim.pl\/index.php\/wp-json\/wp\/v2\/posts\/14726\/revisions"}],"predecessor-version":[{"id":14732,"href":"https:\/\/mdkoswiecim.pl\/index.php\/wp-json\/wp\/v2\/posts\/14726\/revisions\/14732"}],"wp:featuredmedia":[{"embeddable":true,"href":"https:\/\/mdkoswiecim.pl\/index.php\/wp-json\/wp\/v2\/media\/14727"}],"wp:attachment":[{"href":"https:\/\/mdkoswiecim.pl\/index.php\/wp-json\/wp\/v2\/media?parent=14726"}],"wp:term":[{"taxonomy":"category","embeddable":true,"href":"https:\/\/mdkoswiecim.pl\/index.php\/wp-json\/wp\/v2\/categories?post=14726"},{"taxonomy":"post_tag","embeddable":true,"href":"https:\/\/mdkoswiecim.pl\/index.php\/wp-json\/wp\/v2\/tags?post=14726"}],"curies":[{"name":"wp","href":"https:\/\/api.w.org\/{rel}","templated":true}]}}