{"id":14705,"date":"2021-10-29T13:27:52","date_gmt":"2021-10-29T11:27:52","guid":{"rendered":"https:\/\/mdkoswiecim.pl\/?p=14705"},"modified":"2021-10-29T14:30:58","modified_gmt":"2021-10-29T12:30:58","slug":"wyniki-viii-ogolnopolskiego-konkursu-fotograficznego-moje-miejsce-na-ziemi","status":"publish","type":"post","link":"https:\/\/mdkoswiecim.pl\/index.php\/2021\/10\/29\/wyniki-viii-ogolnopolskiego-konkursu-fotograficznego-moje-miejsce-na-ziemi\/","title":{"rendered":"Wyniki VIII Og\u00f3lnopolskiego konkursu fotograficznego &#8220;Moje miejsce na Ziemi&#8221;"},"content":{"rendered":"\n<p>Na konkurs fotograficzny &#8220;Moje miejsce na Ziemi&#8221; wp\u0142yn\u0119\u0142y 82 prace. <\/p>\n\n\n\n<p>Jury w sk\u0142adzie Pawe\u0142 Wodniak, Ma\u0142gorzata Musielak,<br>Ewa Toll postanowi\u0142o przyzna\u0107 nagrody i wyr\u00f3\u017cnienia nast\u0119puj\u0105cym osobom:<\/p>\n\n\n\n<p><strong>I miejsce:<\/strong><\/p>\n\n\n\n<p>MAJA KOTARSKA \u2013 MDK \u201ePod Akacj\u0105\u201d, Lublin<\/p>\n\n\n\n<p>FILIP S\u0141AWI\u0143SKI \u2013 Che\u0142mek<\/p>\n\n\n\n<p><strong>II miejsce:<\/strong><\/p>\n\n\n\n<p>KLAUDIA BIA\u0141A \u2013 MDK \u201ePod Akacj\u0105\u201d, Lublin<\/p>\n\n\n\n<p>KONSTANTY DOMA\u0143SKI \u2013 MDK \u201ePod Akacj\u0105\u201d, Lublin<\/p>\n\n\n\n<p><strong>III miejsce:<\/strong><\/p>\n\n\n\n<p>ANNA STAREK \u2013 MDK \u201ePod Akacj\u0105\u201d, Lublin<\/p>\n\n\n\n<p>ANNA W\u0104CHALSKA \u2013 MDK, Gorz\u00f3w Wielkopolski<\/p>\n\n\n\n<p><strong>Wyr\u00f3\u017cnienia:<\/strong><\/p>\n\n\n\n<p>JULIA PISKORZ \u2013 MDK \u201ePod Akacj\u0105\u201d, Lublin<\/p>\n\n\n\n<p>MAJA KOTARSKA \u2013 MDK \u201ePod Akacj\u0105\u201d, Lublin<\/p>\n\n\n\n<p>ANTONI HO\u0141Y\u0143SKI \u2013 MDK, Gorz\u00f3w Wielkopolski<\/p>\n\n\n\n<p>NATALIA SADOWSKA \u2013 MDK, Gorz\u00f3w Wielkopolski<\/p>\n\n\n\n<p>Serdecznie zapraszamy 9 Listopada g.14:00 na Gal\u0119 z okazji \u015awi\u0119ta Niepodleg\u0142o\u015bci do OCK  podczas kt\u00f3rej odb\u0119dzie si\u0119 wr\u0119czenie nagr\u00f3d. <\/p>\n\n\n\n<p>N<strong>agrodzone prace<\/strong>:<\/p>\n\n\n\n<figure class=\"wp-block-image size-large\"><img loading=\"lazy\" decoding=\"async\" width=\"1024\" height=\"683\" src=\"https:\/\/mdkoswiecim.pl\/wp-content\/uploads\/2021\/10\/I-Miejsce-Filip-Slawinski-1024x683.jpg\" alt=\"\" class=\"wp-image-14706\" srcset=\"https:\/\/mdkoswiecim.pl\/wp-content\/uploads\/2021\/10\/I-Miejsce-Filip-Slawinski-1024x683.jpg 1024w, https:\/\/mdkoswiecim.pl\/wp-content\/uploads\/2021\/10\/I-Miejsce-Filip-Slawinski-300x200.jpg 300w, https:\/\/mdkoswiecim.pl\/wp-content\/uploads\/2021\/10\/I-Miejsce-Filip-Slawinski-768x512.jpg 768w, https:\/\/mdkoswiecim.pl\/wp-content\/uploads\/2021\/10\/I-Miejsce-Filip-Slawinski-1536x1024.jpg 1536w, https:\/\/mdkoswiecim.pl\/wp-content\/uploads\/2021\/10\/I-Miejsce-Filip-Slawinski-2048x1365.jpg 2048w\" sizes=\"auto, (max-width: 1024px) 100vw, 1024px\" \/><figcaption>I Miejsce FILIP S\u0141AWI\u0143SKI<\/figcaption><\/figure>\n\n\n\n<figure class=\"wp-block-image size-large\"><img loading=\"lazy\" decoding=\"async\" width=\"1024\" height=\"725\" src=\"https:\/\/mdkoswiecim.pl\/wp-content\/uploads\/2021\/10\/I-Miejsce-Maja-Kotarska-1024x725.jpg\" alt=\"\" class=\"wp-image-14707\" srcset=\"https:\/\/mdkoswiecim.pl\/wp-content\/uploads\/2021\/10\/I-Miejsce-Maja-Kotarska-1024x725.jpg 1024w, https:\/\/mdkoswiecim.pl\/wp-content\/uploads\/2021\/10\/I-Miejsce-Maja-Kotarska-300x212.jpg 300w, https:\/\/mdkoswiecim.pl\/wp-content\/uploads\/2021\/10\/I-Miejsce-Maja-Kotarska-768x544.jpg 768w, https:\/\/mdkoswiecim.pl\/wp-content\/uploads\/2021\/10\/I-Miejsce-Maja-Kotarska-1536x1087.jpg 1536w, https:\/\/mdkoswiecim.pl\/wp-content\/uploads\/2021\/10\/I-Miejsce-Maja-Kotarska-2048x1449.jpg 2048w\" sizes=\"auto, (max-width: 1024px) 100vw, 1024px\" \/><figcaption>I miejsce  MAJA KOTARSKA<\/figcaption><\/figure>\n\n\n\n<figure class=\"wp-block-image size-large\"><img loading=\"lazy\" decoding=\"async\" width=\"725\" height=\"1024\" src=\"https:\/\/mdkoswiecim.pl\/wp-content\/uploads\/2021\/10\/II-Miejsce-Klaudia-Biala-725x1024.jpg\" alt=\"\" class=\"wp-image-14708\" srcset=\"https:\/\/mdkoswiecim.pl\/wp-content\/uploads\/2021\/10\/II-Miejsce-Klaudia-Biala-725x1024.jpg 725w, https:\/\/mdkoswiecim.pl\/wp-content\/uploads\/2021\/10\/II-Miejsce-Klaudia-Biala-212x300.jpg 212w, https:\/\/mdkoswiecim.pl\/wp-content\/uploads\/2021\/10\/II-Miejsce-Klaudia-Biala-768x1085.jpg 768w, https:\/\/mdkoswiecim.pl\/wp-content\/uploads\/2021\/10\/II-Miejsce-Klaudia-Biala-1087x1536.jpg 1087w, https:\/\/mdkoswiecim.pl\/wp-content\/uploads\/2021\/10\/II-Miejsce-Klaudia-Biala-1449x2048.jpg 1449w, https:\/\/mdkoswiecim.pl\/wp-content\/uploads\/2021\/10\/II-Miejsce-Klaudia-Biala-scaled.jpg 1812w\" sizes=\"auto, (max-width: 725px) 100vw, 725px\" \/><figcaption>II Miejsce KLAUDIA BIA\u0141A<\/figcaption><\/figure>\n\n\n\n<figure class=\"wp-block-image size-large\"><img loading=\"lazy\" decoding=\"async\" width=\"724\" height=\"1024\" src=\"https:\/\/mdkoswiecim.pl\/wp-content\/uploads\/2021\/10\/II-Miejsce-Konstanty-Domanski.-724x1024.jpg\" alt=\"\" class=\"wp-image-14709\" srcset=\"https:\/\/mdkoswiecim.pl\/wp-content\/uploads\/2021\/10\/II-Miejsce-Konstanty-Domanski.-724x1024.jpg 724w, https:\/\/mdkoswiecim.pl\/wp-content\/uploads\/2021\/10\/II-Miejsce-Konstanty-Domanski.-212x300.jpg 212w, https:\/\/mdkoswiecim.pl\/wp-content\/uploads\/2021\/10\/II-Miejsce-Konstanty-Domanski.-768x1087.jpg 768w, https:\/\/mdkoswiecim.pl\/wp-content\/uploads\/2021\/10\/II-Miejsce-Konstanty-Domanski.-1086x1536.jpg 1086w, https:\/\/mdkoswiecim.pl\/wp-content\/uploads\/2021\/10\/II-Miejsce-Konstanty-Domanski.-1448x2048.jpg 1448w, https:\/\/mdkoswiecim.pl\/wp-content\/uploads\/2021\/10\/II-Miejsce-Konstanty-Domanski.-scaled.jpg 1809w\" sizes=\"auto, (max-width: 724px) 100vw, 724px\" \/><figcaption> II Miejsce KONSTANTY DOMA\u0143SKI <\/figcaption><\/figure>\n\n\n\n<figure class=\"wp-block-image size-large\"><img loading=\"lazy\" decoding=\"async\" width=\"724\" height=\"1024\" src=\"https:\/\/mdkoswiecim.pl\/wp-content\/uploads\/2021\/10\/II-Miejsce-Konstanty-Domanski-724x1024.jpg\" alt=\"\" class=\"wp-image-14710\" srcset=\"https:\/\/mdkoswiecim.pl\/wp-content\/uploads\/2021\/10\/II-Miejsce-Konstanty-Domanski-724x1024.jpg 724w, https:\/\/mdkoswiecim.pl\/wp-content\/uploads\/2021\/10\/II-Miejsce-Konstanty-Domanski-212x300.jpg 212w, https:\/\/mdkoswiecim.pl\/wp-content\/uploads\/2021\/10\/II-Miejsce-Konstanty-Domanski-768x1086.jpg 768w, https:\/\/mdkoswiecim.pl\/wp-content\/uploads\/2021\/10\/II-Miejsce-Konstanty-Domanski-1087x1536.jpg 1087w, https:\/\/mdkoswiecim.pl\/wp-content\/uploads\/2021\/10\/II-Miejsce-Konstanty-Domanski-1449x2048.jpg 1449w, https:\/\/mdkoswiecim.pl\/wp-content\/uploads\/2021\/10\/II-Miejsce-Konstanty-Domanski-scaled.jpg 1811w\" sizes=\"auto, (max-width: 724px) 100vw, 724px\" \/><figcaption>II Miejsce KONSTANTY DOMA\u0143SKI<\/figcaption><\/figure>\n\n\n\n<figure class=\"wp-block-image size-large\"><img loading=\"lazy\" decoding=\"async\" width=\"1024\" height=\"725\" src=\"https:\/\/mdkoswiecim.pl\/wp-content\/uploads\/2021\/10\/III-Miejsce-Anna-Starek-1024x725.jpg\" alt=\"\" class=\"wp-image-14711\" srcset=\"https:\/\/mdkoswiecim.pl\/wp-content\/uploads\/2021\/10\/III-Miejsce-Anna-Starek-1024x725.jpg 1024w, https:\/\/mdkoswiecim.pl\/wp-content\/uploads\/2021\/10\/III-Miejsce-Anna-Starek-300x212.jpg 300w, https:\/\/mdkoswiecim.pl\/wp-content\/uploads\/2021\/10\/III-Miejsce-Anna-Starek-768x544.jpg 768w, https:\/\/mdkoswiecim.pl\/wp-content\/uploads\/2021\/10\/III-Miejsce-Anna-Starek-1536x1087.jpg 1536w, https:\/\/mdkoswiecim.pl\/wp-content\/uploads\/2021\/10\/III-Miejsce-Anna-Starek-2048x1450.jpg 2048w\" sizes=\"auto, (max-width: 1024px) 100vw, 1024px\" \/><figcaption>III Miejsce ANNA STAREK<\/figcaption><\/figure>\n\n\n\n<figure class=\"wp-block-image size-large\"><img loading=\"lazy\" decoding=\"async\" width=\"1024\" height=\"724\" src=\"https:\/\/mdkoswiecim.pl\/wp-content\/uploads\/2021\/10\/III-Miejsce-Anna-Wachalska-1024x724.jpg\" alt=\"\" class=\"wp-image-14712\" srcset=\"https:\/\/mdkoswiecim.pl\/wp-content\/uploads\/2021\/10\/III-Miejsce-Anna-Wachalska-1024x724.jpg 1024w, https:\/\/mdkoswiecim.pl\/wp-content\/uploads\/2021\/10\/III-Miejsce-Anna-Wachalska-300x212.jpg 300w, https:\/\/mdkoswiecim.pl\/wp-content\/uploads\/2021\/10\/III-Miejsce-Anna-Wachalska-768x543.jpg 768w, https:\/\/mdkoswiecim.pl\/wp-content\/uploads\/2021\/10\/III-Miejsce-Anna-Wachalska-1536x1086.jpg 1536w, https:\/\/mdkoswiecim.pl\/wp-content\/uploads\/2021\/10\/III-Miejsce-Anna-Wachalska-2048x1448.jpg 2048w, https:\/\/mdkoswiecim.pl\/wp-content\/uploads\/2021\/10\/III-Miejsce-Anna-Wachalska-850x600.jpg 850w\" sizes=\"auto, (max-width: 1024px) 100vw, 1024px\" \/><figcaption>III Miejsce ANNA W\u0104CHALSKA<\/figcaption><\/figure>\n\n\n\n<figure class=\"wp-block-image size-large\"><img loading=\"lazy\" decoding=\"async\" width=\"1024\" height=\"683\" src=\"https:\/\/mdkoswiecim.pl\/wp-content\/uploads\/2021\/10\/Wyroznienie-Antoni-Holynski-1024x683.jpg\" alt=\"\" class=\"wp-image-14713\" srcset=\"https:\/\/mdkoswiecim.pl\/wp-content\/uploads\/2021\/10\/Wyroznienie-Antoni-Holynski-1024x683.jpg 1024w, https:\/\/mdkoswiecim.pl\/wp-content\/uploads\/2021\/10\/Wyroznienie-Antoni-Holynski-300x200.jpg 300w, https:\/\/mdkoswiecim.pl\/wp-content\/uploads\/2021\/10\/Wyroznienie-Antoni-Holynski-768x512.jpg 768w, https:\/\/mdkoswiecim.pl\/wp-content\/uploads\/2021\/10\/Wyroznienie-Antoni-Holynski-1536x1024.jpg 1536w, https:\/\/mdkoswiecim.pl\/wp-content\/uploads\/2021\/10\/Wyroznienie-Antoni-Holynski-2048x1365.jpg 2048w\" sizes=\"auto, (max-width: 1024px) 100vw, 1024px\" \/><figcaption>Wyr\u00f3\u017cnienie &#8211; ANTONI HO\u0141Y\u0143SKI<\/figcaption><\/figure>\n\n\n\n<figure class=\"wp-block-image size-large\"><img loading=\"lazy\" decoding=\"async\" width=\"724\" height=\"1024\" src=\"https:\/\/mdkoswiecim.pl\/wp-content\/uploads\/2021\/10\/Wyroznienie-Julia-Piskorz-724x1024.jpg\" alt=\"\" class=\"wp-image-14714\" srcset=\"https:\/\/mdkoswiecim.pl\/wp-content\/uploads\/2021\/10\/Wyroznienie-Julia-Piskorz-724x1024.jpg 724w, https:\/\/mdkoswiecim.pl\/wp-content\/uploads\/2021\/10\/Wyroznienie-Julia-Piskorz-212x300.jpg 212w, https:\/\/mdkoswiecim.pl\/wp-content\/uploads\/2021\/10\/Wyroznienie-Julia-Piskorz-768x1087.jpg 768w, https:\/\/mdkoswiecim.pl\/wp-content\/uploads\/2021\/10\/Wyroznienie-Julia-Piskorz-1085x1536.jpg 1085w, https:\/\/mdkoswiecim.pl\/wp-content\/uploads\/2021\/10\/Wyroznienie-Julia-Piskorz-1447x2048.jpg 1447w, https:\/\/mdkoswiecim.pl\/wp-content\/uploads\/2021\/10\/Wyroznienie-Julia-Piskorz-scaled.jpg 1809w\" sizes=\"auto, (max-width: 724px) 100vw, 724px\" \/><figcaption>Wyr\u00f3\u017cnienie &#8211; JULIA PISKORZ<\/figcaption><\/figure>\n\n\n\n<figure class=\"wp-block-image size-large\"><img loading=\"lazy\" decoding=\"async\" width=\"684\" height=\"1024\" src=\"https:\/\/mdkoswiecim.pl\/wp-content\/uploads\/2021\/10\/Wyroznienie-Maja-Kotarska-684x1024.jpg\" alt=\"\" class=\"wp-image-14715\" srcset=\"https:\/\/mdkoswiecim.pl\/wp-content\/uploads\/2021\/10\/Wyroznienie-Maja-Kotarska-684x1024.jpg 684w, https:\/\/mdkoswiecim.pl\/wp-content\/uploads\/2021\/10\/Wyroznienie-Maja-Kotarska-200x300.jpg 200w, https:\/\/mdkoswiecim.pl\/wp-content\/uploads\/2021\/10\/Wyroznienie-Maja-Kotarska-768x1149.jpg 768w, https:\/\/mdkoswiecim.pl\/wp-content\/uploads\/2021\/10\/Wyroznienie-Maja-Kotarska-1026x1536.jpg 1026w, https:\/\/mdkoswiecim.pl\/wp-content\/uploads\/2021\/10\/Wyroznienie-Maja-Kotarska-1368x2048.jpg 1368w, https:\/\/mdkoswiecim.pl\/wp-content\/uploads\/2021\/10\/Wyroznienie-Maja-Kotarska-scaled.jpg 1711w\" sizes=\"auto, (max-width: 684px) 100vw, 684px\" \/><figcaption>Wyr\u00f3\u017cnienie &#8211; MAJA KOTARSKA<\/figcaption><\/figure>\n\n\n\n<figure class=\"wp-block-image size-large\"><img loading=\"lazy\" decoding=\"async\" width=\"1024\" height=\"724\" src=\"https:\/\/mdkoswiecim.pl\/wp-content\/uploads\/2021\/10\/Wyroznienie-Natalia-Sadowska-1024x724.jpg\" alt=\"\" class=\"wp-image-14716\" srcset=\"https:\/\/mdkoswiecim.pl\/wp-content\/uploads\/2021\/10\/Wyroznienie-Natalia-Sadowska-1024x724.jpg 1024w, https:\/\/mdkoswiecim.pl\/wp-content\/uploads\/2021\/10\/Wyroznienie-Natalia-Sadowska-300x212.jpg 300w, https:\/\/mdkoswiecim.pl\/wp-content\/uploads\/2021\/10\/Wyroznienie-Natalia-Sadowska-768x543.jpg 768w, https:\/\/mdkoswiecim.pl\/wp-content\/uploads\/2021\/10\/Wyroznienie-Natalia-Sadowska-1536x1086.jpg 1536w, https:\/\/mdkoswiecim.pl\/wp-content\/uploads\/2021\/10\/Wyroznienie-Natalia-Sadowska-2048x1448.jpg 2048w, https:\/\/mdkoswiecim.pl\/wp-content\/uploads\/2021\/10\/Wyroznienie-Natalia-Sadowska-850x600.jpg 850w\" sizes=\"auto, (max-width: 1024px) 100vw, 1024px\" \/><figcaption>Wyr\u00f3\u017cnienie &#8211; NATALIA SADOWSKA<\/figcaption><\/figure>\n","protected":false},"excerpt":{"rendered":"<p>Na konkurs fotograficzny &#8220;Moje miejsce na Ziemi&#8221; wp\u0142yn\u0119\u0142y 82 prace. Jury w sk\u0142adzie Pawe\u0142 Wodniak, Ma\u0142gorzata Musielak,Ewa Toll postanowi\u0142o przyzna\u0107 nagrody i wyr\u00f3\u017cnienia nast\u0119puj\u0105cym osobom: I miejsce: MAJA KOTARSKA \u2013 MDK \u201ePod Akacj\u0105\u201d, Lublin FILIP S\u0141AWI\u0143SKI \u2013 Che\u0142mek II miejsce: KLAUDIA BIA\u0141A \u2013 MDK \u201ePod Akacj\u0105\u201d, Lublin KONSTANTY DOMA\u0143SKI \u2013 MDK \u201ePod Akacj\u0105\u201d, Lublin III [&hellip;]<\/p>\n","protected":false},"author":2,"featured_media":14476,"comment_status":"closed","ping_status":"open","sticky":false,"template":"","format":"standard","meta":{"footnotes":""},"categories":[107,108],"tags":[],"class_list":["post-14705","post","type-post","status-publish","format-standard","has-post-thumbnail","hentry","category-konkursy","category-aktualnosci"],"yoast_head":"<!-- This site is optimized with the Yoast SEO plugin v16.1.1 - https:\/\/yoast.com\/wordpress\/plugins\/seo\/ -->\n<title>Wyniki VIII Og\u00f3lnopolskiego konkursu fotograficznego &quot;Moje miejsce na Ziemi&quot; - MDK<\/title>\n<link rel=\"canonical\" href=\"https:\/\/mdkoswiecim.pl\/index.php\/2021\/10\/29\/wyniki-viii-ogolnopolskiego-konkursu-fotograficznego-moje-miejsce-na-ziemi\/\" \/>\n<meta property=\"og:locale\" content=\"pl_PL\" \/>\n<meta property=\"og:type\" content=\"article\" \/>\n<meta property=\"og:title\" content=\"Wyniki VIII Og\u00f3lnopolskiego konkursu fotograficznego &quot;Moje miejsce na Ziemi&quot; - MDK\" \/>\n<meta property=\"og:description\" content=\"Na konkurs fotograficzny &#8220;Moje miejsce na Ziemi&#8221; wp\u0142yn\u0119\u0142y 82 prace. Jury w sk\u0142adzie Pawe\u0142 Wodniak, Ma\u0142gorzata Musielak,Ewa Toll postanowi\u0142o przyzna\u0107 nagrody i wyr\u00f3\u017cnienia nast\u0119puj\u0105cym osobom: I miejsce: MAJA KOTARSKA \u2013 MDK \u201ePod Akacj\u0105\u201d, Lublin FILIP S\u0141AWI\u0143SKI \u2013 Che\u0142mek II miejsce: KLAUDIA BIA\u0141A \u2013 MDK \u201ePod Akacj\u0105\u201d, Lublin KONSTANTY DOMA\u0143SKI \u2013 MDK \u201ePod Akacj\u0105\u201d, Lublin III [&hellip;]\" \/>\n<meta property=\"og:url\" content=\"https:\/\/mdkoswiecim.pl\/index.php\/2021\/10\/29\/wyniki-viii-ogolnopolskiego-konkursu-fotograficznego-moje-miejsce-na-ziemi\/\" \/>\n<meta property=\"og:site_name\" content=\"MDK\" \/>\n<meta property=\"article:published_time\" content=\"2021-10-29T11:27:52+00:00\" \/>\n<meta property=\"article:modified_time\" content=\"2021-10-29T12:30:58+00:00\" \/>\n<meta property=\"og:image\" content=\"https:\/\/mdkoswiecim.pl\/wp-content\/uploads\/2021\/09\/MOJE-MIEJSCE.jpg\" \/>\n\t<meta property=\"og:image:width\" content=\"607\" \/>\n\t<meta property=\"og:image:height\" content=\"327\" \/>\n<meta name=\"twitter:card\" content=\"summary_large_image\" \/>\n<meta name=\"twitter:label1\" content=\"Szacowany czas czytania\">\n\t<meta name=\"twitter:data1\" content=\"3 minuty\">\n<script type=\"application\/ld+json\" class=\"yoast-schema-graph\">{\"@context\":\"https:\/\/schema.org\",\"@graph\":[{\"@type\":\"WebSite\",\"@id\":\"https:\/\/mdkoswiecim.pl\/#website\",\"url\":\"https:\/\/mdkoswiecim.pl\/\",\"name\":\"MDK\",\"description\":\"M\\u0142odzie\\u017cowy Dom Kultury w O\\u015bwi\\u0119cimiu\",\"potentialAction\":[{\"@type\":\"SearchAction\",\"target\":\"https:\/\/mdkoswiecim.pl\/?s={search_term_string}\",\"query-input\":\"required name=search_term_string\"}],\"inLanguage\":\"pl-PL\"},{\"@type\":\"ImageObject\",\"@id\":\"https:\/\/mdkoswiecim.pl\/index.php\/2021\/10\/29\/wyniki-viii-ogolnopolskiego-konkursu-fotograficznego-moje-miejsce-na-ziemi\/#primaryimage\",\"inLanguage\":\"pl-PL\",\"url\":\"https:\/\/mdkoswiecim.pl\/wp-content\/uploads\/2021\/09\/MOJE-MIEJSCE.jpg\",\"contentUrl\":\"https:\/\/mdkoswiecim.pl\/wp-content\/uploads\/2021\/09\/MOJE-MIEJSCE.jpg\",\"width\":607,\"height\":327},{\"@type\":\"WebPage\",\"@id\":\"https:\/\/mdkoswiecim.pl\/index.php\/2021\/10\/29\/wyniki-viii-ogolnopolskiego-konkursu-fotograficznego-moje-miejsce-na-ziemi\/#webpage\",\"url\":\"https:\/\/mdkoswiecim.pl\/index.php\/2021\/10\/29\/wyniki-viii-ogolnopolskiego-konkursu-fotograficznego-moje-miejsce-na-ziemi\/\",\"name\":\"Wyniki VIII Og\\u00f3lnopolskiego konkursu fotograficznego \\\"Moje miejsce na Ziemi\\\" - MDK\",\"isPartOf\":{\"@id\":\"https:\/\/mdkoswiecim.pl\/#website\"},\"primaryImageOfPage\":{\"@id\":\"https:\/\/mdkoswiecim.pl\/index.php\/2021\/10\/29\/wyniki-viii-ogolnopolskiego-konkursu-fotograficznego-moje-miejsce-na-ziemi\/#primaryimage\"},\"datePublished\":\"2021-10-29T11:27:52+00:00\",\"dateModified\":\"2021-10-29T12:30:58+00:00\",\"author\":{\"@id\":\"https:\/\/mdkoswiecim.pl\/#\/schema\/person\/de4e1c3f9f9805d4834a83cd933e83a4\"},\"breadcrumb\":{\"@id\":\"https:\/\/mdkoswiecim.pl\/index.php\/2021\/10\/29\/wyniki-viii-ogolnopolskiego-konkursu-fotograficznego-moje-miejsce-na-ziemi\/#breadcrumb\"},\"inLanguage\":\"pl-PL\",\"potentialAction\":[{\"@type\":\"ReadAction\",\"target\":[\"https:\/\/mdkoswiecim.pl\/index.php\/2021\/10\/29\/wyniki-viii-ogolnopolskiego-konkursu-fotograficznego-moje-miejsce-na-ziemi\/\"]}]},{\"@type\":\"BreadcrumbList\",\"@id\":\"https:\/\/mdkoswiecim.pl\/index.php\/2021\/10\/29\/wyniki-viii-ogolnopolskiego-konkursu-fotograficznego-moje-miejsce-na-ziemi\/#breadcrumb\",\"itemListElement\":[{\"@type\":\"ListItem\",\"position\":1,\"item\":{\"@type\":\"WebPage\",\"@id\":\"https:\/\/mdkoswiecim.pl\/\",\"url\":\"https:\/\/mdkoswiecim.pl\/\",\"name\":\"Strona g\\u0142\\u00f3wna\"}},{\"@type\":\"ListItem\",\"position\":2,\"item\":{\"@type\":\"WebPage\",\"@id\":\"https:\/\/mdkoswiecim.pl\/index.php\/2021\/10\/29\/wyniki-viii-ogolnopolskiego-konkursu-fotograficznego-moje-miejsce-na-ziemi\/\",\"url\":\"https:\/\/mdkoswiecim.pl\/index.php\/2021\/10\/29\/wyniki-viii-ogolnopolskiego-konkursu-fotograficznego-moje-miejsce-na-ziemi\/\",\"name\":\"Wyniki VIII Og\\u00f3lnopolskiego konkursu fotograficznego &#8220;Moje miejsce na Ziemi&#8221;\"}}]},{\"@type\":\"Person\",\"@id\":\"https:\/\/mdkoswiecim.pl\/#\/schema\/person\/de4e1c3f9f9805d4834a83cd933e83a4\",\"name\":\"janusz.majcherek\",\"image\":{\"@type\":\"ImageObject\",\"@id\":\"https:\/\/mdkoswiecim.pl\/#personlogo\",\"inLanguage\":\"pl-PL\",\"url\":\"https:\/\/secure.gravatar.com\/avatar\/841ee0bdfc0ec9800cdb49de086063cd2bdca44d52221b7fee4d6a2db5eafb17?s=96&d=mm&r=g\",\"contentUrl\":\"https:\/\/secure.gravatar.com\/avatar\/841ee0bdfc0ec9800cdb49de086063cd2bdca44d52221b7fee4d6a2db5eafb17?s=96&d=mm&r=g\",\"caption\":\"janusz.majcherek\"}}]}<\/script>\n<!-- \/ Yoast SEO plugin. -->","_links":{"self":[{"href":"https:\/\/mdkoswiecim.pl\/index.php\/wp-json\/wp\/v2\/posts\/14705","targetHints":{"allow":["GET"]}}],"collection":[{"href":"https:\/\/mdkoswiecim.pl\/index.php\/wp-json\/wp\/v2\/posts"}],"about":[{"href":"https:\/\/mdkoswiecim.pl\/index.php\/wp-json\/wp\/v2\/types\/post"}],"author":[{"embeddable":true,"href":"https:\/\/mdkoswiecim.pl\/index.php\/wp-json\/wp\/v2\/users\/2"}],"replies":[{"embeddable":true,"href":"https:\/\/mdkoswiecim.pl\/index.php\/wp-json\/wp\/v2\/comments?post=14705"}],"version-history":[{"count":2,"href":"https:\/\/mdkoswiecim.pl\/index.php\/wp-json\/wp\/v2\/posts\/14705\/revisions"}],"predecessor-version":[{"id":14724,"href":"https:\/\/mdkoswiecim.pl\/index.php\/wp-json\/wp\/v2\/posts\/14705\/revisions\/14724"}],"wp:featuredmedia":[{"embeddable":true,"href":"https:\/\/mdkoswiecim.pl\/index.php\/wp-json\/wp\/v2\/media\/14476"}],"wp:attachment":[{"href":"https:\/\/mdkoswiecim.pl\/index.php\/wp-json\/wp\/v2\/media?parent=14705"}],"wp:term":[{"taxonomy":"category","embeddable":true,"href":"https:\/\/mdkoswiecim.pl\/index.php\/wp-json\/wp\/v2\/categories?post=14705"},{"taxonomy":"post_tag","embeddable":true,"href":"https:\/\/mdkoswiecim.pl\/index.php\/wp-json\/wp\/v2\/tags?post=14705"}],"curies":[{"name":"wp","href":"https:\/\/api.w.org\/{rel}","templated":true}]}}