{"id":14690,"date":"2021-10-28T09:46:24","date_gmt":"2021-10-28T07:46:24","guid":{"rendered":"https:\/\/mdkoswiecim.pl\/?p=14690"},"modified":"2021-10-28T09:46:27","modified_gmt":"2021-10-28T07:46:27","slug":"mdk-pamieta","status":"publish","type":"post","link":"https:\/\/mdkoswiecim.pl\/index.php\/2021\/10\/28\/mdk-pamieta\/","title":{"rendered":"MDK PAMI\u0118TA"},"content":{"rendered":"\n<p>M\u0142odzie\u017cowy Dom Kultury przyst\u0105pi\u0142 do akcji Ministerstwa Edukacji i Nauki &#8220;Szko\u0142a pami\u0119ta&#8221;. Celem akcji jest upami\u0119tnienie wa\u017cnych rocznic, wydarze\u0144 i postaci historycznych zwi\u0105zanych z regionem. Jedn\u0105 z akcji przez nas podj\u0119tych by\u0142o odwiedzenie miejsca pami\u0119ci w Che\u0142mku. Grupa plastyczna z opiekunem &#8211; pani\u0105 Agnieszk\u0105 Much\u0105 odwiedzi\u0142a lokalne miejsce pami\u0119ci jakim jest che\u0142mecki Pomnik Ofiar Faszyzmu Uczestnicy zaj\u0119\u0107 zg\u0142\u0119bili jego histori\u0119, zapalili znicz i uczcili ofiary minut\u0105 ciszy.<\/p>\n\n\n\n<figure class=\"wp-block-gallery columns-3 is-cropped wp-block-gallery-1 is-layout-flex wp-block-gallery-is-layout-flex\"><ul class=\"blocks-gallery-grid\"><li class=\"blocks-gallery-item\"><figure><a href=\"https:\/\/mdkoswiecim.pl\/wp-content\/uploads\/2021\/10\/20211026_150136-scaled.jpg\"><img loading=\"lazy\" decoding=\"async\" width=\"1024\" height=\"768\" src=\"https:\/\/mdkoswiecim.pl\/wp-content\/uploads\/2021\/10\/20211026_150136-1024x768.jpg\" alt=\"\" data-id=\"14691\" data-full-url=\"https:\/\/mdkoswiecim.pl\/wp-content\/uploads\/2021\/10\/20211026_150136-scaled.jpg\" data-link=\"https:\/\/mdkoswiecim.pl\/?attachment_id=14691\" class=\"wp-image-14691\" srcset=\"https:\/\/mdkoswiecim.pl\/wp-content\/uploads\/2021\/10\/20211026_150136-1024x768.jpg 1024w, https:\/\/mdkoswiecim.pl\/wp-content\/uploads\/2021\/10\/20211026_150136-300x225.jpg 300w, https:\/\/mdkoswiecim.pl\/wp-content\/uploads\/2021\/10\/20211026_150136-768x576.jpg 768w, https:\/\/mdkoswiecim.pl\/wp-content\/uploads\/2021\/10\/20211026_150136-1536x1152.jpg 1536w, https:\/\/mdkoswiecim.pl\/wp-content\/uploads\/2021\/10\/20211026_150136-2048x1536.jpg 2048w\" sizes=\"auto, (max-width: 1024px) 100vw, 1024px\" \/><\/a><\/figure><\/li><li class=\"blocks-gallery-item\"><figure><a href=\"https:\/\/mdkoswiecim.pl\/wp-content\/uploads\/2021\/10\/20211026_150147-scaled.jpg\"><img loading=\"lazy\" decoding=\"async\" width=\"768\" height=\"1024\" src=\"https:\/\/mdkoswiecim.pl\/wp-content\/uploads\/2021\/10\/20211026_150147-768x1024.jpg\" alt=\"\" data-id=\"14692\" data-full-url=\"https:\/\/mdkoswiecim.pl\/wp-content\/uploads\/2021\/10\/20211026_150147-scaled.jpg\" data-link=\"https:\/\/mdkoswiecim.pl\/?attachment_id=14692\" class=\"wp-image-14692\" srcset=\"https:\/\/mdkoswiecim.pl\/wp-content\/uploads\/2021\/10\/20211026_150147-768x1024.jpg 768w, https:\/\/mdkoswiecim.pl\/wp-content\/uploads\/2021\/10\/20211026_150147-225x300.jpg 225w, https:\/\/mdkoswiecim.pl\/wp-content\/uploads\/2021\/10\/20211026_150147-1152x1536.jpg 1152w, https:\/\/mdkoswiecim.pl\/wp-content\/uploads\/2021\/10\/20211026_150147-1536x2048.jpg 1536w, https:\/\/mdkoswiecim.pl\/wp-content\/uploads\/2021\/10\/20211026_150147-scaled.jpg 1920w\" sizes=\"auto, (max-width: 768px) 100vw, 768px\" \/><\/a><\/figure><\/li><li class=\"blocks-gallery-item\"><figure><a href=\"https:\/\/mdkoswiecim.pl\/wp-content\/uploads\/2021\/10\/20211026_150409-scaled.jpg\"><img loading=\"lazy\" decoding=\"async\" width=\"768\" height=\"1024\" src=\"https:\/\/mdkoswiecim.pl\/wp-content\/uploads\/2021\/10\/20211026_150409-768x1024.jpg\" alt=\"\" data-id=\"14694\" data-full-url=\"https:\/\/mdkoswiecim.pl\/wp-content\/uploads\/2021\/10\/20211026_150409-scaled.jpg\" data-link=\"https:\/\/mdkoswiecim.pl\/?attachment_id=14694\" class=\"wp-image-14694\" srcset=\"https:\/\/mdkoswiecim.pl\/wp-content\/uploads\/2021\/10\/20211026_150409-768x1024.jpg 768w, https:\/\/mdkoswiecim.pl\/wp-content\/uploads\/2021\/10\/20211026_150409-225x300.jpg 225w, https:\/\/mdkoswiecim.pl\/wp-content\/uploads\/2021\/10\/20211026_150409-1152x1536.jpg 1152w, https:\/\/mdkoswiecim.pl\/wp-content\/uploads\/2021\/10\/20211026_150409-1536x2048.jpg 1536w, https:\/\/mdkoswiecim.pl\/wp-content\/uploads\/2021\/10\/20211026_150409-scaled.jpg 1920w\" sizes=\"auto, (max-width: 768px) 100vw, 768px\" \/><\/a><\/figure><\/li><li class=\"blocks-gallery-item\"><figure><a href=\"https:\/\/mdkoswiecim.pl\/wp-content\/uploads\/2021\/10\/20211026_150700-scaled.jpg\"><img loading=\"lazy\" decoding=\"async\" width=\"768\" height=\"1024\" src=\"https:\/\/mdkoswiecim.pl\/wp-content\/uploads\/2021\/10\/20211026_150700-768x1024.jpg\" alt=\"\" data-id=\"14696\" data-full-url=\"https:\/\/mdkoswiecim.pl\/wp-content\/uploads\/2021\/10\/20211026_150700-scaled.jpg\" data-link=\"https:\/\/mdkoswiecim.pl\/?attachment_id=14696\" class=\"wp-image-14696\" srcset=\"https:\/\/mdkoswiecim.pl\/wp-content\/uploads\/2021\/10\/20211026_150700-768x1024.jpg 768w, https:\/\/mdkoswiecim.pl\/wp-content\/uploads\/2021\/10\/20211026_150700-225x300.jpg 225w, https:\/\/mdkoswiecim.pl\/wp-content\/uploads\/2021\/10\/20211026_150700-1152x1536.jpg 1152w, https:\/\/mdkoswiecim.pl\/wp-content\/uploads\/2021\/10\/20211026_150700-1536x2048.jpg 1536w, https:\/\/mdkoswiecim.pl\/wp-content\/uploads\/2021\/10\/20211026_150700-scaled.jpg 1920w\" sizes=\"auto, (max-width: 768px) 100vw, 768px\" \/><\/a><\/figure><\/li><li class=\"blocks-gallery-item\"><figure><a href=\"https:\/\/mdkoswiecim.pl\/wp-content\/uploads\/2021\/10\/20211026_150939-scaled.jpg\"><img loading=\"lazy\" decoding=\"async\" width=\"768\" height=\"1024\" src=\"https:\/\/mdkoswiecim.pl\/wp-content\/uploads\/2021\/10\/20211026_150939-768x1024.jpg\" alt=\"\" data-id=\"14697\" data-full-url=\"https:\/\/mdkoswiecim.pl\/wp-content\/uploads\/2021\/10\/20211026_150939-scaled.jpg\" data-link=\"https:\/\/mdkoswiecim.pl\/?attachment_id=14697\" class=\"wp-image-14697\" srcset=\"https:\/\/mdkoswiecim.pl\/wp-content\/uploads\/2021\/10\/20211026_150939-768x1024.jpg 768w, https:\/\/mdkoswiecim.pl\/wp-content\/uploads\/2021\/10\/20211026_150939-225x300.jpg 225w, https:\/\/mdkoswiecim.pl\/wp-content\/uploads\/2021\/10\/20211026_150939-1152x1536.jpg 1152w, https:\/\/mdkoswiecim.pl\/wp-content\/uploads\/2021\/10\/20211026_150939-1536x2048.jpg 1536w, https:\/\/mdkoswiecim.pl\/wp-content\/uploads\/2021\/10\/20211026_150939-scaled.jpg 1920w\" sizes=\"auto, (max-width: 768px) 100vw, 768px\" \/><\/a><\/figure><\/li><li class=\"blocks-gallery-item\"><figure><a href=\"https:\/\/mdkoswiecim.pl\/wp-content\/uploads\/2021\/10\/20211026_1513582-scaled.jpg\"><img loading=\"lazy\" decoding=\"async\" width=\"527\" height=\"1024\" src=\"https:\/\/mdkoswiecim.pl\/wp-content\/uploads\/2021\/10\/20211026_1513582-527x1024.jpg\" alt=\"\" data-id=\"14698\" data-full-url=\"https:\/\/mdkoswiecim.pl\/wp-content\/uploads\/2021\/10\/20211026_1513582-scaled.jpg\" data-link=\"https:\/\/mdkoswiecim.pl\/?attachment_id=14698\" class=\"wp-image-14698\" srcset=\"https:\/\/mdkoswiecim.pl\/wp-content\/uploads\/2021\/10\/20211026_1513582-527x1024.jpg 527w, https:\/\/mdkoswiecim.pl\/wp-content\/uploads\/2021\/10\/20211026_1513582-154x300.jpg 154w, https:\/\/mdkoswiecim.pl\/wp-content\/uploads\/2021\/10\/20211026_1513582-768x1492.jpg 768w, https:\/\/mdkoswiecim.pl\/wp-content\/uploads\/2021\/10\/20211026_1513582-791x1536.jpg 791w, https:\/\/mdkoswiecim.pl\/wp-content\/uploads\/2021\/10\/20211026_1513582-1055x2048.jpg 1055w, https:\/\/mdkoswiecim.pl\/wp-content\/uploads\/2021\/10\/20211026_1513582-scaled.jpg 1318w\" sizes=\"auto, (max-width: 527px) 100vw, 527px\" \/><\/a><\/figure><\/li><li class=\"blocks-gallery-item\"><figure><a href=\"https:\/\/mdkoswiecim.pl\/wp-content\/uploads\/2021\/10\/20211026_151425-scaled.jpg\"><img loading=\"lazy\" decoding=\"async\" width=\"768\" height=\"1024\" src=\"https:\/\/mdkoswiecim.pl\/wp-content\/uploads\/2021\/10\/20211026_151425-768x1024.jpg\" alt=\"\" data-id=\"14699\" data-full-url=\"https:\/\/mdkoswiecim.pl\/wp-content\/uploads\/2021\/10\/20211026_151425-scaled.jpg\" data-link=\"https:\/\/mdkoswiecim.pl\/?attachment_id=14699\" class=\"wp-image-14699\" srcset=\"https:\/\/mdkoswiecim.pl\/wp-content\/uploads\/2021\/10\/20211026_151425-768x1024.jpg 768w, https:\/\/mdkoswiecim.pl\/wp-content\/uploads\/2021\/10\/20211026_151425-225x300.jpg 225w, https:\/\/mdkoswiecim.pl\/wp-content\/uploads\/2021\/10\/20211026_151425-1152x1536.jpg 1152w, https:\/\/mdkoswiecim.pl\/wp-content\/uploads\/2021\/10\/20211026_151425-1536x2048.jpg 1536w, https:\/\/mdkoswiecim.pl\/wp-content\/uploads\/2021\/10\/20211026_151425-scaled.jpg 1920w\" sizes=\"auto, (max-width: 768px) 100vw, 768px\" \/><\/a><\/figure><\/li><li class=\"blocks-gallery-item\"><figure><a href=\"https:\/\/mdkoswiecim.pl\/wp-content\/uploads\/2021\/10\/20211026_151556-scaled.jpg\"><img loading=\"lazy\" decoding=\"async\" width=\"1024\" height=\"768\" src=\"https:\/\/mdkoswiecim.pl\/wp-content\/uploads\/2021\/10\/20211026_151556-1024x768.jpg\" alt=\"\" data-id=\"14700\" data-full-url=\"https:\/\/mdkoswiecim.pl\/wp-content\/uploads\/2021\/10\/20211026_151556-scaled.jpg\" data-link=\"https:\/\/mdkoswiecim.pl\/?attachment_id=14700\" class=\"wp-image-14700\" srcset=\"https:\/\/mdkoswiecim.pl\/wp-content\/uploads\/2021\/10\/20211026_151556-1024x768.jpg 1024w, https:\/\/mdkoswiecim.pl\/wp-content\/uploads\/2021\/10\/20211026_151556-300x225.jpg 300w, https:\/\/mdkoswiecim.pl\/wp-content\/uploads\/2021\/10\/20211026_151556-768x576.jpg 768w, https:\/\/mdkoswiecim.pl\/wp-content\/uploads\/2021\/10\/20211026_151556-1536x1152.jpg 1536w, https:\/\/mdkoswiecim.pl\/wp-content\/uploads\/2021\/10\/20211026_151556-2048x1536.jpg 2048w\" sizes=\"auto, (max-width: 1024px) 100vw, 1024px\" \/><\/a><\/figure><\/li><li class=\"blocks-gallery-item\"><figure><a href=\"https:\/\/mdkoswiecim.pl\/wp-content\/uploads\/2021\/10\/20211026_151601-scaled.jpg\"><img loading=\"lazy\" decoding=\"async\" width=\"1024\" height=\"768\" src=\"https:\/\/mdkoswiecim.pl\/wp-content\/uploads\/2021\/10\/20211026_151601-1024x768.jpg\" alt=\"\" data-id=\"14701\" data-full-url=\"https:\/\/mdkoswiecim.pl\/wp-content\/uploads\/2021\/10\/20211026_151601-scaled.jpg\" data-link=\"https:\/\/mdkoswiecim.pl\/?attachment_id=14701\" class=\"wp-image-14701\" srcset=\"https:\/\/mdkoswiecim.pl\/wp-content\/uploads\/2021\/10\/20211026_151601-1024x768.jpg 1024w, https:\/\/mdkoswiecim.pl\/wp-content\/uploads\/2021\/10\/20211026_151601-300x225.jpg 300w, https:\/\/mdkoswiecim.pl\/wp-content\/uploads\/2021\/10\/20211026_151601-768x576.jpg 768w, https:\/\/mdkoswiecim.pl\/wp-content\/uploads\/2021\/10\/20211026_151601-1536x1152.jpg 1536w, https:\/\/mdkoswiecim.pl\/wp-content\/uploads\/2021\/10\/20211026_151601-2048x1536.jpg 2048w\" sizes=\"auto, (max-width: 1024px) 100vw, 1024px\" \/><\/a><\/figure><\/li><li class=\"blocks-gallery-item\"><figure><a href=\"https:\/\/mdkoswiecim.pl\/wp-content\/uploads\/2021\/10\/20211026_151702-scaled.jpg\"><img loading=\"lazy\" decoding=\"async\" width=\"768\" height=\"1024\" src=\"https:\/\/mdkoswiecim.pl\/wp-content\/uploads\/2021\/10\/20211026_151702-768x1024.jpg\" alt=\"\" data-id=\"14702\" data-full-url=\"https:\/\/mdkoswiecim.pl\/wp-content\/uploads\/2021\/10\/20211026_151702-scaled.jpg\" data-link=\"https:\/\/mdkoswiecim.pl\/?attachment_id=14702\" class=\"wp-image-14702\" srcset=\"https:\/\/mdkoswiecim.pl\/wp-content\/uploads\/2021\/10\/20211026_151702-768x1024.jpg 768w, https:\/\/mdkoswiecim.pl\/wp-content\/uploads\/2021\/10\/20211026_151702-225x300.jpg 225w, https:\/\/mdkoswiecim.pl\/wp-content\/uploads\/2021\/10\/20211026_151702-1152x1536.jpg 1152w, https:\/\/mdkoswiecim.pl\/wp-content\/uploads\/2021\/10\/20211026_151702-1536x2048.jpg 1536w, https:\/\/mdkoswiecim.pl\/wp-content\/uploads\/2021\/10\/20211026_151702-scaled.jpg 1920w\" sizes=\"auto, (max-width: 768px) 100vw, 768px\" \/><\/a><\/figure><\/li><li class=\"blocks-gallery-item\"><figure><a href=\"https:\/\/mdkoswiecim.pl\/wp-content\/uploads\/2021\/10\/20211026_151716-scaled.jpg\"><img loading=\"lazy\" decoding=\"async\" width=\"768\" height=\"1024\" src=\"https:\/\/mdkoswiecim.pl\/wp-content\/uploads\/2021\/10\/20211026_151716-768x1024.jpg\" alt=\"\" data-id=\"14703\" data-full-url=\"https:\/\/mdkoswiecim.pl\/wp-content\/uploads\/2021\/10\/20211026_151716-scaled.jpg\" data-link=\"https:\/\/mdkoswiecim.pl\/?attachment_id=14703\" class=\"wp-image-14703\" srcset=\"https:\/\/mdkoswiecim.pl\/wp-content\/uploads\/2021\/10\/20211026_151716-768x1024.jpg 768w, https:\/\/mdkoswiecim.pl\/wp-content\/uploads\/2021\/10\/20211026_151716-225x300.jpg 225w, https:\/\/mdkoswiecim.pl\/wp-content\/uploads\/2021\/10\/20211026_151716-1152x1536.jpg 1152w, https:\/\/mdkoswiecim.pl\/wp-content\/uploads\/2021\/10\/20211026_151716-1536x2048.jpg 1536w, https:\/\/mdkoswiecim.pl\/wp-content\/uploads\/2021\/10\/20211026_151716-scaled.jpg 1920w\" sizes=\"auto, (max-width: 768px) 100vw, 768px\" \/><\/a><\/figure><\/li><\/ul><figcaption class=\"blocks-gallery-caption\">Dzieci przy Pomniku Ofiar Faszyzmu w Che\u0142mku<\/figcaption><\/figure>\n","protected":false},"excerpt":{"rendered":"<p>M\u0142odzie\u017cowy Dom Kultury przyst\u0105pi\u0142 do akcji Ministerstwa Edukacji i Nauki &#8220;Szko\u0142a pami\u0119ta&#8221;. Celem akcji jest upami\u0119tnienie wa\u017cnych rocznic, wydarze\u0144 i postaci historycznych zwi\u0105zanych z regionem. Jedn\u0105 z akcji przez nas podj\u0119tych by\u0142o odwiedzenie miejsca pami\u0119ci w Che\u0142mku. Grupa plastyczna z opiekunem &#8211; pani\u0105 Agnieszk\u0105 Much\u0105 odwiedzi\u0142a lokalne miejsce pami\u0119ci jakim jest che\u0142mecki Pomnik Ofiar Faszyzmu [&hellip;]<\/p>\n","protected":false},"author":3,"featured_media":14693,"comment_status":"closed","ping_status":"open","sticky":false,"template":"","format":"standard","meta":{"footnotes":""},"categories":[108],"tags":[],"class_list":["post-14690","post","type-post","status-publish","format-standard","has-post-thumbnail","hentry","category-aktualnosci"],"yoast_head":"<!-- This site is optimized with the Yoast SEO plugin v16.1.1 - https:\/\/yoast.com\/wordpress\/plugins\/seo\/ -->\n<title>MDK PAMI\u0118TA - MDK<\/title>\n<link rel=\"canonical\" href=\"https:\/\/mdkoswiecim.pl\/index.php\/2021\/10\/28\/mdk-pamieta\/\" \/>\n<meta property=\"og:locale\" content=\"pl_PL\" \/>\n<meta property=\"og:type\" content=\"article\" \/>\n<meta property=\"og:title\" content=\"MDK PAMI\u0118TA - MDK\" \/>\n<meta property=\"og:description\" content=\"M\u0142odzie\u017cowy Dom Kultury przyst\u0105pi\u0142 do akcji Ministerstwa Edukacji i Nauki &#8220;Szko\u0142a pami\u0119ta&#8221;. Celem akcji jest upami\u0119tnienie wa\u017cnych rocznic, wydarze\u0144 i postaci historycznych zwi\u0105zanych z regionem. Jedn\u0105 z akcji przez nas podj\u0119tych by\u0142o odwiedzenie miejsca pami\u0119ci w Che\u0142mku. Grupa plastyczna z opiekunem &#8211; pani\u0105 Agnieszk\u0105 Much\u0105 odwiedzi\u0142a lokalne miejsce pami\u0119ci jakim jest che\u0142mecki Pomnik Ofiar Faszyzmu [&hellip;]\" \/>\n<meta property=\"og:url\" content=\"https:\/\/mdkoswiecim.pl\/index.php\/2021\/10\/28\/mdk-pamieta\/\" \/>\n<meta property=\"og:site_name\" content=\"MDK\" \/>\n<meta property=\"article:published_time\" content=\"2021-10-28T07:46:24+00:00\" \/>\n<meta property=\"article:modified_time\" content=\"2021-10-28T07:46:27+00:00\" \/>\n<meta property=\"og:image\" content=\"https:\/\/mdkoswiecim.pl\/wp-content\/uploads\/2021\/10\/SzkolapamietaLOGOTYP-scaled.jpg\" \/>\n\t<meta property=\"og:image:width\" content=\"2560\" \/>\n\t<meta property=\"og:image:height\" content=\"1811\" \/>\n<meta name=\"twitter:card\" content=\"summary_large_image\" \/>\n<meta name=\"twitter:label1\" content=\"Szacowany czas czytania\">\n\t<meta name=\"twitter:data1\" content=\"3 minuty\">\n<script type=\"application\/ld+json\" class=\"yoast-schema-graph\">{\"@context\":\"https:\/\/schema.org\",\"@graph\":[{\"@type\":\"WebSite\",\"@id\":\"https:\/\/mdkoswiecim.pl\/#website\",\"url\":\"https:\/\/mdkoswiecim.pl\/\",\"name\":\"MDK\",\"description\":\"M\\u0142odzie\\u017cowy Dom Kultury w O\\u015bwi\\u0119cimiu\",\"potentialAction\":[{\"@type\":\"SearchAction\",\"target\":\"https:\/\/mdkoswiecim.pl\/?s={search_term_string}\",\"query-input\":\"required name=search_term_string\"}],\"inLanguage\":\"pl-PL\"},{\"@type\":\"ImageObject\",\"@id\":\"https:\/\/mdkoswiecim.pl\/index.php\/2021\/10\/28\/mdk-pamieta\/#primaryimage\",\"inLanguage\":\"pl-PL\",\"url\":\"https:\/\/mdkoswiecim.pl\/wp-content\/uploads\/2021\/10\/SzkolapamietaLOGOTYP-scaled.jpg\",\"contentUrl\":\"https:\/\/mdkoswiecim.pl\/wp-content\/uploads\/2021\/10\/SzkolapamietaLOGOTYP-scaled.jpg\",\"width\":2560,\"height\":1811},{\"@type\":\"WebPage\",\"@id\":\"https:\/\/mdkoswiecim.pl\/index.php\/2021\/10\/28\/mdk-pamieta\/#webpage\",\"url\":\"https:\/\/mdkoswiecim.pl\/index.php\/2021\/10\/28\/mdk-pamieta\/\",\"name\":\"MDK PAMI\\u0118TA - MDK\",\"isPartOf\":{\"@id\":\"https:\/\/mdkoswiecim.pl\/#website\"},\"primaryImageOfPage\":{\"@id\":\"https:\/\/mdkoswiecim.pl\/index.php\/2021\/10\/28\/mdk-pamieta\/#primaryimage\"},\"datePublished\":\"2021-10-28T07:46:24+00:00\",\"dateModified\":\"2021-10-28T07:46:27+00:00\",\"author\":{\"@id\":\"https:\/\/mdkoswiecim.pl\/#\/schema\/person\/d9c1081e4cfefcbccad7ec11fa250f7a\"},\"breadcrumb\":{\"@id\":\"https:\/\/mdkoswiecim.pl\/index.php\/2021\/10\/28\/mdk-pamieta\/#breadcrumb\"},\"inLanguage\":\"pl-PL\",\"potentialAction\":[{\"@type\":\"ReadAction\",\"target\":[\"https:\/\/mdkoswiecim.pl\/index.php\/2021\/10\/28\/mdk-pamieta\/\"]}]},{\"@type\":\"BreadcrumbList\",\"@id\":\"https:\/\/mdkoswiecim.pl\/index.php\/2021\/10\/28\/mdk-pamieta\/#breadcrumb\",\"itemListElement\":[{\"@type\":\"ListItem\",\"position\":1,\"item\":{\"@type\":\"WebPage\",\"@id\":\"https:\/\/mdkoswiecim.pl\/\",\"url\":\"https:\/\/mdkoswiecim.pl\/\",\"name\":\"Strona g\\u0142\\u00f3wna\"}},{\"@type\":\"ListItem\",\"position\":2,\"item\":{\"@type\":\"WebPage\",\"@id\":\"https:\/\/mdkoswiecim.pl\/index.php\/2021\/10\/28\/mdk-pamieta\/\",\"url\":\"https:\/\/mdkoswiecim.pl\/index.php\/2021\/10\/28\/mdk-pamieta\/\",\"name\":\"MDK PAMI\\u0118TA\"}}]},{\"@type\":\"Person\",\"@id\":\"https:\/\/mdkoswiecim.pl\/#\/schema\/person\/d9c1081e4cfefcbccad7ec11fa250f7a\",\"name\":\"alina.kwarciak\",\"image\":{\"@type\":\"ImageObject\",\"@id\":\"https:\/\/mdkoswiecim.pl\/#personlogo\",\"inLanguage\":\"pl-PL\",\"url\":\"https:\/\/secure.gravatar.com\/avatar\/cce8f640650bbd69c0efc0afd2dddb7945a94129b978796401e58cac1eb8b87b?s=96&d=mm&r=g\",\"contentUrl\":\"https:\/\/secure.gravatar.com\/avatar\/cce8f640650bbd69c0efc0afd2dddb7945a94129b978796401e58cac1eb8b87b?s=96&d=mm&r=g\",\"caption\":\"alina.kwarciak\"}}]}<\/script>\n<!-- \/ Yoast SEO plugin. -->","_links":{"self":[{"href":"https:\/\/mdkoswiecim.pl\/index.php\/wp-json\/wp\/v2\/posts\/14690","targetHints":{"allow":["GET"]}}],"collection":[{"href":"https:\/\/mdkoswiecim.pl\/index.php\/wp-json\/wp\/v2\/posts"}],"about":[{"href":"https:\/\/mdkoswiecim.pl\/index.php\/wp-json\/wp\/v2\/types\/post"}],"author":[{"embeddable":true,"href":"https:\/\/mdkoswiecim.pl\/index.php\/wp-json\/wp\/v2\/users\/3"}],"replies":[{"embeddable":true,"href":"https:\/\/mdkoswiecim.pl\/index.php\/wp-json\/wp\/v2\/comments?post=14690"}],"version-history":[{"count":1,"href":"https:\/\/mdkoswiecim.pl\/index.php\/wp-json\/wp\/v2\/posts\/14690\/revisions"}],"predecessor-version":[{"id":14704,"href":"https:\/\/mdkoswiecim.pl\/index.php\/wp-json\/wp\/v2\/posts\/14690\/revisions\/14704"}],"wp:featuredmedia":[{"embeddable":true,"href":"https:\/\/mdkoswiecim.pl\/index.php\/wp-json\/wp\/v2\/media\/14693"}],"wp:attachment":[{"href":"https:\/\/mdkoswiecim.pl\/index.php\/wp-json\/wp\/v2\/media?parent=14690"}],"wp:term":[{"taxonomy":"category","embeddable":true,"href":"https:\/\/mdkoswiecim.pl\/index.php\/wp-json\/wp\/v2\/categories?post=14690"},{"taxonomy":"post_tag","embeddable":true,"href":"https:\/\/mdkoswiecim.pl\/index.php\/wp-json\/wp\/v2\/tags?post=14690"}],"curies":[{"name":"wp","href":"https:\/\/api.w.org\/{rel}","templated":true}]}}