{"id":14644,"date":"2021-10-21T08:46:24","date_gmt":"2021-10-21T06:46:24","guid":{"rendered":"https:\/\/mdkoswiecim.pl\/?p=14644"},"modified":"2021-10-27T11:41:04","modified_gmt":"2021-10-27T09:41:04","slug":"wolontariusz-roku-2021","status":"publish","type":"post","link":"https:\/\/mdkoswiecim.pl\/index.php\/2021\/10\/21\/wolontariusz-roku-2021\/","title":{"rendered":"WOLONTARIUSZ ROKU 2021"},"content":{"rendered":"\n<p>Fundacja Ma\u0142a Orkiestra Wielkiej Pomocy oraz Powiat O\u015bwi\u0119cimski og\u0142aszaj\u0105 doroczny konkurs \u201cWolontariusz Roku 2021\u201d. Mo\u017cna do niego nominowa\u0107 ludzi, kt\u00f3rzy w swoim dzia\u0142aniu na rzecz innych, wyr\u00f3\u017cniaj\u0105 si\u0119 empati\u0105, charyzm\u0105 oraz bezinteresowno\u015bci\u0105.<br>Kandydat\u00f3w do tytu\u0142u mo\u017cna zg\u0142asza\u0107 do 6 grudnia br.<br>Laureaci zostan\u0105 wyr\u00f3\u017cnieni w 5 r\u00f3wnorz\u0119dnych kategoriach:<\/p>\n\n\n\n<ol class=\"wp-block-list\"><li>m\u0142odzie\u017cowej \u2013 dla os\u00f3b poni\u017cej 19. roku \u017cycia<\/li><li>indywidualnej \u2013 dla os\u00f3b powy\u017cej 19. roku \u017cycia<\/li><li>zespo\u0142owej \u2013 dla grup prowadz\u0105cych dzia\u0142ania o charakterze wolontariackim;<\/li><li>wolontariat szkolny \u2013 dla zespo\u0142\u00f3w dzia\u0142aj\u0105cych w ramach szkolnych k\u00f3\u0142 wolontariatu<\/li><li>wolontariusz publiczno\u015bci &#8211; nagroda mieszka\u0144c\u00f3w, kt\u00f3r\u0105 tradycyjnie otrzyma jeden ze zg\u0142oszonych kandydat\u00f3w\/zespo\u0142\u00f3w w g\u0142osowaniu internetowym<\/li><\/ol>\n\n\n\n<p>Spo\u015br\u00f3d zg\u0142oszonych os\u00f3b i zespo\u0142\u00f3w Kapitu\u0142a Konkursu wy\u0142oni zwyci\u0119zc\u00f3w. Otrzymaj\u0105 oni nagrody finansowe (2000 PLN) , statuetki autorstwa artystki Moniki D\u0105browskiej-Picewicz i certyfikaty. Nagrody wr\u0119czone zostan\u0105 podczas uroczystej gali zorganizowanej przez organizator\u00f3w.<\/p>\n\n\n\n<p>Pomys\u0142odawc\u0105 konkursu jest Fundacja MOWP. Wsp\u00f3\u0142organizatorem konkursu jest Powiat O\u015bwi\u0119cimski, a partnerem przedsi\u0119wzi\u0119cia \u2013 M\u0142odzie\u017cowy Dom Kultury.<\/p>\n\n\n\n<p>Tak jak w roku ubieg\u0142ym Nasz\u0105 ide\u0105 jest uhonorowanie dobroczynnej, spo\u0142ecznej dzia\u0142alno\u015bci os\u00f3b, grup i instytucji, kt\u00f3re pracuj\u0105 nieodp\u0142atnie na rzecz mieszka\u0144c\u00f3w, a tak\u017ce promowanie aktywnych dzia\u0142a\u0144 wolontarystycznych organizowanych na terenie powiatu o\u015bwi\u0119cimskiego.<\/p>\n\n\n\n<p>Formularze zg\u0142oszeniowe mo\u017cna pobra\u0107 ze strony <a href=\"http:\/\/www.mowp.pl\/\">www.mowp.pl<\/a> (tam te\u017c znajduje si\u0119 Regulamin Konkursu).<\/p>\n\n\n\n<p>Nale\u017cy je dor\u0119czy\u0107 poczt\u0105 lub sk\u0142ada\u0107 osobi\u015bcie w Biurze Podawczym Starostwa Powiatowego w O\u015bwi\u0119cimiu (ul. St. Wyspia\u0144skiego 10) \u2013 zawsze w zamkni\u0119tej kopercie, z dopiskiem \u201eWolontariusz Roku\u201d, w nieprzekraczalnym terminie do <strong>6 grudnia<\/strong><strong> br<\/strong>. Decyduje data dor\u0119czenia. Uwaga: nale\u017cy poinformowa\u0107 zainteresowane osoby i organizacje o zg\u0142oszeniu ich do konkursu.<\/p>\n\n\n\n<p>&#8211; Chcemy doceni\u0107 docenia zaanga\u017cowanie i bezinteresown\u0105 pomoc, jak\u0105 nios\u0105 wolontariusze, organizuj\u0105c ju\u017c po raz drugi konkurs na Wolontariusza Roku. Cieszymy si\u0119, \u017ce konkurs wpisa\u0142 si\u0119 si\u0119 w kalendarz dorocznych wydarze\u0144 organizowanych na ziemi o\u015bwi\u0119cimskiej i cieszy\u0142 si\u0119 ogromn\u0105 popularno\u015bci\u0105. Wolontariat jest nie tylko prac\u0105 na rzecz innych, ale r\u00f3wnie\u017c rozwija emocjonalnie, uczy empatii i wra\u017cliwo\u015bci. To bardzo wa\u017cne, aby go zauwa\u017ca\u0107 i wyr\u00f3\u017cnia\u0107 &#8211; twierdz\u0105 organizatorzy.<\/p>\n\n\n\n<p>Osoby do kontaktu:<br>Monika Bartosz 575&nbsp;995&nbsp;915<\/p>\n\n\n\n<p><a><\/a>Agnieszka Komendera 692&nbsp;950 692<br><a href=\"mailto:fundacjamowp@gmail.com\">fundacjamowp@gmail.com<\/a><br><a href=\"https:\/\/www.facebook.com\/mowposwiecim\">www.facebook.com\/mowposwiecim<\/a><\/p>\n\n\n\n<p>Organizator: Fundacja Ma\u0142a Orkiestra Wielkiej Pomocy<\/p>\n\n\n\n<p>Wsp\u00f3\u0142organizator: Powiat O\u015bwi\u0119cimski<\/p>\n\n\n\n<p>Partner: M\u0142odzie\u017cowy Dom Kultury w O\u015bwi\u0119cimiu<\/p>\n\n\n\n<div class=\"wp-block-file\"><a href=\"https:\/\/mdkoswiecim.pl\/wp-content\/uploads\/2021\/10\/Wolontariusz-Roku-FORMULARZ-ZGLOSZENIOWY.docx\">Wolontariusz-Roku-FORMULARZ-ZGLOSZENIOWY<\/a><a href=\"https:\/\/mdkoswiecim.pl\/wp-content\/uploads\/2021\/10\/Wolontariusz-Roku-FORMULARZ-ZGLOSZENIOWY.docx\" class=\"wp-block-file__button\" download>Pobierz<\/a><\/div>\n\n\n\n<div class=\"wp-block-file\"><a href=\"https:\/\/mdkoswiecim.pl\/wp-content\/uploads\/2021\/10\/Regulamin-2021.odt\">Regulamin-2021<\/a><a href=\"https:\/\/mdkoswiecim.pl\/wp-content\/uploads\/2021\/10\/Regulamin-2021.odt\" class=\"wp-block-file__button\" download>Pobierz<\/a><\/div>\n\n\n\n<figure class=\"wp-block-image size-large\"><img loading=\"lazy\" decoding=\"async\" width=\"725\" height=\"1024\" src=\"https:\/\/mdkoswiecim.pl\/wp-content\/uploads\/2021\/10\/plakat-2021-725x1024.jpg\" alt=\"\" class=\"wp-image-14647\" srcset=\"https:\/\/mdkoswiecim.pl\/wp-content\/uploads\/2021\/10\/plakat-2021-725x1024.jpg 725w, https:\/\/mdkoswiecim.pl\/wp-content\/uploads\/2021\/10\/plakat-2021-212x300.jpg 212w, https:\/\/mdkoswiecim.pl\/wp-content\/uploads\/2021\/10\/plakat-2021-768x1085.jpg 768w, https:\/\/mdkoswiecim.pl\/wp-content\/uploads\/2021\/10\/plakat-2021-1087x1536.jpg 1087w, https:\/\/mdkoswiecim.pl\/wp-content\/uploads\/2021\/10\/plakat-2021-1449x2048.jpg 1449w, https:\/\/mdkoswiecim.pl\/wp-content\/uploads\/2021\/10\/plakat-2021-scaled.jpg 1811w\" sizes=\"auto, (max-width: 725px) 100vw, 725px\" \/><figcaption>Plakat &#8220;Wolontariusz roku 2021&#8221;<\/figcaption><\/figure>\n","protected":false},"excerpt":{"rendered":"<p>Fundacja Ma\u0142a Orkiestra Wielkiej Pomocy oraz Powiat O\u015bwi\u0119cimski og\u0142aszaj\u0105 doroczny konkurs \u201cWolontariusz Roku 2021\u201d. Mo\u017cna do niego nominowa\u0107 ludzi, kt\u00f3rzy w swoim dzia\u0142aniu na rzecz innych, wyr\u00f3\u017cniaj\u0105 si\u0119 empati\u0105, charyzm\u0105 oraz bezinteresowno\u015bci\u0105.Kandydat\u00f3w do tytu\u0142u mo\u017cna zg\u0142asza\u0107 do 6 grudnia br.Laureaci zostan\u0105 wyr\u00f3\u017cnieni w 5 r\u00f3wnorz\u0119dnych kategoriach: m\u0142odzie\u017cowej \u2013 dla os\u00f3b poni\u017cej 19. roku \u017cycia indywidualnej [&hellip;]<\/p>\n","protected":false},"author":3,"featured_media":14648,"comment_status":"closed","ping_status":"open","sticky":false,"template":"","format":"standard","meta":{"footnotes":""},"categories":[108],"tags":[],"class_list":["post-14644","post","type-post","status-publish","format-standard","has-post-thumbnail","hentry","category-aktualnosci"],"yoast_head":"<!-- This site is optimized with the Yoast SEO plugin v16.1.1 - https:\/\/yoast.com\/wordpress\/plugins\/seo\/ -->\n<title>WOLONTARIUSZ ROKU 2021 - MDK<\/title>\n<link rel=\"canonical\" href=\"https:\/\/mdkoswiecim.pl\/index.php\/2021\/10\/21\/wolontariusz-roku-2021\/\" \/>\n<meta property=\"og:locale\" content=\"pl_PL\" \/>\n<meta property=\"og:type\" content=\"article\" \/>\n<meta property=\"og:title\" content=\"WOLONTARIUSZ ROKU 2021 - MDK\" \/>\n<meta property=\"og:description\" content=\"Fundacja Ma\u0142a Orkiestra Wielkiej Pomocy oraz Powiat O\u015bwi\u0119cimski og\u0142aszaj\u0105 doroczny konkurs \u201cWolontariusz Roku 2021\u201d. Mo\u017cna do niego nominowa\u0107 ludzi, kt\u00f3rzy w swoim dzia\u0142aniu na rzecz innych, wyr\u00f3\u017cniaj\u0105 si\u0119 empati\u0105, charyzm\u0105 oraz bezinteresowno\u015bci\u0105.Kandydat\u00f3w do tytu\u0142u mo\u017cna zg\u0142asza\u0107 do 6 grudnia br.Laureaci zostan\u0105 wyr\u00f3\u017cnieni w 5 r\u00f3wnorz\u0119dnych kategoriach: m\u0142odzie\u017cowej \u2013 dla os\u00f3b poni\u017cej 19. roku \u017cycia indywidualnej [&hellip;]\" \/>\n<meta property=\"og:url\" content=\"https:\/\/mdkoswiecim.pl\/index.php\/2021\/10\/21\/wolontariusz-roku-2021\/\" \/>\n<meta property=\"og:site_name\" content=\"MDK\" \/>\n<meta property=\"article:published_time\" content=\"2021-10-21T06:46:24+00:00\" \/>\n<meta property=\"article:modified_time\" content=\"2021-10-27T09:41:04+00:00\" \/>\n<meta property=\"og:image\" content=\"https:\/\/mdkoswiecim.pl\/wp-content\/uploads\/2021\/10\/plakat-2021-1-scaled-e1634798770983.jpg\" \/>\n\t<meta property=\"og:image:width\" content=\"1811\" \/>\n\t<meta property=\"og:image:height\" content=\"1139\" \/>\n<meta name=\"twitter:card\" content=\"summary_large_image\" \/>\n<meta name=\"twitter:label1\" content=\"Szacowany czas czytania\">\n\t<meta name=\"twitter:data1\" content=\"2 minuty\">\n<script type=\"application\/ld+json\" class=\"yoast-schema-graph\">{\"@context\":\"https:\/\/schema.org\",\"@graph\":[{\"@type\":\"WebSite\",\"@id\":\"https:\/\/mdkoswiecim.pl\/#website\",\"url\":\"https:\/\/mdkoswiecim.pl\/\",\"name\":\"MDK\",\"description\":\"M\\u0142odzie\\u017cowy Dom Kultury w O\\u015bwi\\u0119cimiu\",\"potentialAction\":[{\"@type\":\"SearchAction\",\"target\":\"https:\/\/mdkoswiecim.pl\/?s={search_term_string}\",\"query-input\":\"required name=search_term_string\"}],\"inLanguage\":\"pl-PL\"},{\"@type\":\"ImageObject\",\"@id\":\"https:\/\/mdkoswiecim.pl\/index.php\/2021\/10\/21\/wolontariusz-roku-2021\/#primaryimage\",\"inLanguage\":\"pl-PL\",\"url\":\"https:\/\/mdkoswiecim.pl\/wp-content\/uploads\/2021\/10\/plakat-2021-1-scaled-e1634798770983.jpg\",\"contentUrl\":\"https:\/\/mdkoswiecim.pl\/wp-content\/uploads\/2021\/10\/plakat-2021-1-scaled-e1634798770983.jpg\",\"width\":1811,\"height\":1139},{\"@type\":\"WebPage\",\"@id\":\"https:\/\/mdkoswiecim.pl\/index.php\/2021\/10\/21\/wolontariusz-roku-2021\/#webpage\",\"url\":\"https:\/\/mdkoswiecim.pl\/index.php\/2021\/10\/21\/wolontariusz-roku-2021\/\",\"name\":\"WOLONTARIUSZ ROKU 2021 - MDK\",\"isPartOf\":{\"@id\":\"https:\/\/mdkoswiecim.pl\/#website\"},\"primaryImageOfPage\":{\"@id\":\"https:\/\/mdkoswiecim.pl\/index.php\/2021\/10\/21\/wolontariusz-roku-2021\/#primaryimage\"},\"datePublished\":\"2021-10-21T06:46:24+00:00\",\"dateModified\":\"2021-10-27T09:41:04+00:00\",\"author\":{\"@id\":\"https:\/\/mdkoswiecim.pl\/#\/schema\/person\/d9c1081e4cfefcbccad7ec11fa250f7a\"},\"breadcrumb\":{\"@id\":\"https:\/\/mdkoswiecim.pl\/index.php\/2021\/10\/21\/wolontariusz-roku-2021\/#breadcrumb\"},\"inLanguage\":\"pl-PL\",\"potentialAction\":[{\"@type\":\"ReadAction\",\"target\":[\"https:\/\/mdkoswiecim.pl\/index.php\/2021\/10\/21\/wolontariusz-roku-2021\/\"]}]},{\"@type\":\"BreadcrumbList\",\"@id\":\"https:\/\/mdkoswiecim.pl\/index.php\/2021\/10\/21\/wolontariusz-roku-2021\/#breadcrumb\",\"itemListElement\":[{\"@type\":\"ListItem\",\"position\":1,\"item\":{\"@type\":\"WebPage\",\"@id\":\"https:\/\/mdkoswiecim.pl\/\",\"url\":\"https:\/\/mdkoswiecim.pl\/\",\"name\":\"Strona g\\u0142\\u00f3wna\"}},{\"@type\":\"ListItem\",\"position\":2,\"item\":{\"@type\":\"WebPage\",\"@id\":\"https:\/\/mdkoswiecim.pl\/index.php\/2021\/10\/21\/wolontariusz-roku-2021\/\",\"url\":\"https:\/\/mdkoswiecim.pl\/index.php\/2021\/10\/21\/wolontariusz-roku-2021\/\",\"name\":\"WOLONTARIUSZ ROKU 2021\"}}]},{\"@type\":\"Person\",\"@id\":\"https:\/\/mdkoswiecim.pl\/#\/schema\/person\/d9c1081e4cfefcbccad7ec11fa250f7a\",\"name\":\"alina.kwarciak\",\"image\":{\"@type\":\"ImageObject\",\"@id\":\"https:\/\/mdkoswiecim.pl\/#personlogo\",\"inLanguage\":\"pl-PL\",\"url\":\"https:\/\/secure.gravatar.com\/avatar\/cce8f640650bbd69c0efc0afd2dddb7945a94129b978796401e58cac1eb8b87b?s=96&d=mm&r=g\",\"contentUrl\":\"https:\/\/secure.gravatar.com\/avatar\/cce8f640650bbd69c0efc0afd2dddb7945a94129b978796401e58cac1eb8b87b?s=96&d=mm&r=g\",\"caption\":\"alina.kwarciak\"}}]}<\/script>\n<!-- \/ Yoast SEO plugin. -->","_links":{"self":[{"href":"https:\/\/mdkoswiecim.pl\/index.php\/wp-json\/wp\/v2\/posts\/14644","targetHints":{"allow":["GET"]}}],"collection":[{"href":"https:\/\/mdkoswiecim.pl\/index.php\/wp-json\/wp\/v2\/posts"}],"about":[{"href":"https:\/\/mdkoswiecim.pl\/index.php\/wp-json\/wp\/v2\/types\/post"}],"author":[{"embeddable":true,"href":"https:\/\/mdkoswiecim.pl\/index.php\/wp-json\/wp\/v2\/users\/3"}],"replies":[{"embeddable":true,"href":"https:\/\/mdkoswiecim.pl\/index.php\/wp-json\/wp\/v2\/comments?post=14644"}],"version-history":[{"count":2,"href":"https:\/\/mdkoswiecim.pl\/index.php\/wp-json\/wp\/v2\/posts\/14644\/revisions"}],"predecessor-version":[{"id":14672,"href":"https:\/\/mdkoswiecim.pl\/index.php\/wp-json\/wp\/v2\/posts\/14644\/revisions\/14672"}],"wp:featuredmedia":[{"embeddable":true,"href":"https:\/\/mdkoswiecim.pl\/index.php\/wp-json\/wp\/v2\/media\/14648"}],"wp:attachment":[{"href":"https:\/\/mdkoswiecim.pl\/index.php\/wp-json\/wp\/v2\/media?parent=14644"}],"wp:term":[{"taxonomy":"category","embeddable":true,"href":"https:\/\/mdkoswiecim.pl\/index.php\/wp-json\/wp\/v2\/categories?post=14644"},{"taxonomy":"post_tag","embeddable":true,"href":"https:\/\/mdkoswiecim.pl\/index.php\/wp-json\/wp\/v2\/tags?post=14644"}],"curies":[{"name":"wp","href":"https:\/\/api.w.org\/{rel}","templated":true}]}}