{"id":14630,"date":"2021-10-12T13:23:20","date_gmt":"2021-10-12T11:23:20","guid":{"rendered":"https:\/\/mdkoswiecim.pl\/?p=14630"},"modified":"2021-10-12T13:23:23","modified_gmt":"2021-10-12T11:23:23","slug":"mdk-partnerem-ogolnopolskiej-akcji-rozowa-skrzyneczka","status":"publish","type":"post","link":"https:\/\/mdkoswiecim.pl\/index.php\/2021\/10\/12\/mdk-partnerem-ogolnopolskiej-akcji-rozowa-skrzyneczka\/","title":{"rendered":"MDK partnerem og\u00f3lnopolskiej akcji &#8220;R\u00f3\u017cowa skrzyneczka&#8221;."},"content":{"rendered":"\n<p>M\u0142odzie\u017cowy Dom Kultury w O\u015bwi\u0119cimiu zosta\u0142 partnerem og\u00f3lnopolskiej akcji &#8220;R\u00f3\u017cowa skrzyneczka&#8221;. Jest to projekt, kt\u00f3rego celem jest u\u0142atwienie dost\u0119pu do \u015brodk\u00f3w higieny osobistej dla dziewcz\u0105t oraz walka z wykluczeniem i tabu menstruacyjnym. <\/p>\n\n\n\n<p>Do akcji MDK zosta\u0142 zaproszony przez O\u015bwi\u0119cimski Instytut Praw Cz\u0142owieka. Oficjalne przekazanie skrzyneczki odby\u0142o si\u0119 11 pa\u017adziernika w o\u015bwi\u0119cimskiej Galerii Ksi\u0105\u017cki. <\/p>\n\n\n\n<figure class=\"wp-block-image size-full\"><img loading=\"lazy\" decoding=\"async\" width=\"1024\" height=\"768\" src=\"https:\/\/mdkoswiecim.pl\/wp-content\/uploads\/2021\/10\/rozowa-skrzyneczka-1024x768-1.jpg\" alt=\"\" class=\"wp-image-14631\" srcset=\"https:\/\/mdkoswiecim.pl\/wp-content\/uploads\/2021\/10\/rozowa-skrzyneczka-1024x768-1.jpg 1024w, https:\/\/mdkoswiecim.pl\/wp-content\/uploads\/2021\/10\/rozowa-skrzyneczka-1024x768-1-300x225.jpg 300w, https:\/\/mdkoswiecim.pl\/wp-content\/uploads\/2021\/10\/rozowa-skrzyneczka-1024x768-1-768x576.jpg 768w\" sizes=\"auto, (max-width: 1024px) 100vw, 1024px\" \/><figcaption>Grafika lokalizacji r\u00f3\u017cowych skrzyneczek w powiecie o\u015bwi\u0119cimskim.<\/figcaption><\/figure>\n\n\n\n<figure class=\"wp-block-image size-full\"><img loading=\"lazy\" decoding=\"async\" width=\"648\" height=\"864\" src=\"https:\/\/mdkoswiecim.pl\/wp-content\/uploads\/2021\/10\/245129597_591533998667335_7356464683747722177_n.jpg\" alt=\"\" class=\"wp-image-14632\" srcset=\"https:\/\/mdkoswiecim.pl\/wp-content\/uploads\/2021\/10\/245129597_591533998667335_7356464683747722177_n.jpg 648w, https:\/\/mdkoswiecim.pl\/wp-content\/uploads\/2021\/10\/245129597_591533998667335_7356464683747722177_n-225x300.jpg 225w\" sizes=\"auto, (max-width: 648px) 100vw, 648px\" \/><figcaption>R\u00f3\u017cowa skrzyneczka <\/figcaption><\/figure>\n","protected":false},"excerpt":{"rendered":"<p>M\u0142odzie\u017cowy Dom Kultury w O\u015bwi\u0119cimiu zosta\u0142 partnerem og\u00f3lnopolskiej akcji &#8220;R\u00f3\u017cowa skrzyneczka&#8221;. Jest to projekt, kt\u00f3rego celem jest u\u0142atwienie dost\u0119pu do \u015brodk\u00f3w higieny osobistej dla dziewcz\u0105t oraz walka z wykluczeniem i tabu menstruacyjnym. Do akcji MDK zosta\u0142 zaproszony przez O\u015bwi\u0119cimski Instytut Praw Cz\u0142owieka. Oficjalne przekazanie skrzyneczki odby\u0142o si\u0119 11 pa\u017adziernika w o\u015bwi\u0119cimskiej Galerii Ksi\u0105\u017cki.<\/p>\n","protected":false},"author":2,"featured_media":14631,"comment_status":"closed","ping_status":"open","sticky":false,"template":"","format":"standard","meta":{"footnotes":""},"categories":[108],"tags":[],"class_list":["post-14630","post","type-post","status-publish","format-standard","has-post-thumbnail","hentry","category-aktualnosci"],"yoast_head":"<!-- This site is optimized with the Yoast SEO plugin v16.1.1 - https:\/\/yoast.com\/wordpress\/plugins\/seo\/ -->\n<title>MDK partnerem og\u00f3lnopolskiej akcji &quot;R\u00f3\u017cowa skrzyneczka&quot;. - MDK<\/title>\n<link rel=\"canonical\" href=\"https:\/\/mdkoswiecim.pl\/index.php\/2021\/10\/12\/mdk-partnerem-ogolnopolskiej-akcji-rozowa-skrzyneczka\/\" \/>\n<meta property=\"og:locale\" content=\"pl_PL\" \/>\n<meta property=\"og:type\" content=\"article\" \/>\n<meta property=\"og:title\" content=\"MDK partnerem og\u00f3lnopolskiej akcji &quot;R\u00f3\u017cowa skrzyneczka&quot;. - MDK\" \/>\n<meta property=\"og:description\" content=\"M\u0142odzie\u017cowy Dom Kultury w O\u015bwi\u0119cimiu zosta\u0142 partnerem og\u00f3lnopolskiej akcji &#8220;R\u00f3\u017cowa skrzyneczka&#8221;. Jest to projekt, kt\u00f3rego celem jest u\u0142atwienie dost\u0119pu do \u015brodk\u00f3w higieny osobistej dla dziewcz\u0105t oraz walka z wykluczeniem i tabu menstruacyjnym. Do akcji MDK zosta\u0142 zaproszony przez O\u015bwi\u0119cimski Instytut Praw Cz\u0142owieka. Oficjalne przekazanie skrzyneczki odby\u0142o si\u0119 11 pa\u017adziernika w o\u015bwi\u0119cimskiej Galerii Ksi\u0105\u017cki.\" \/>\n<meta property=\"og:url\" content=\"https:\/\/mdkoswiecim.pl\/index.php\/2021\/10\/12\/mdk-partnerem-ogolnopolskiej-akcji-rozowa-skrzyneczka\/\" \/>\n<meta property=\"og:site_name\" content=\"MDK\" \/>\n<meta property=\"article:published_time\" content=\"2021-10-12T11:23:20+00:00\" \/>\n<meta property=\"article:modified_time\" content=\"2021-10-12T11:23:23+00:00\" \/>\n<meta property=\"og:image\" content=\"https:\/\/mdkoswiecim.pl\/wp-content\/uploads\/2021\/10\/rozowa-skrzyneczka-1024x768-1.jpg\" \/>\n\t<meta property=\"og:image:width\" content=\"1024\" \/>\n\t<meta property=\"og:image:height\" content=\"768\" \/>\n<meta name=\"twitter:card\" content=\"summary_large_image\" \/>\n<meta name=\"twitter:label1\" content=\"Szacowany czas czytania\">\n\t<meta name=\"twitter:data1\" content=\"1 minuta\">\n<script type=\"application\/ld+json\" class=\"yoast-schema-graph\">{\"@context\":\"https:\/\/schema.org\",\"@graph\":[{\"@type\":\"WebSite\",\"@id\":\"https:\/\/mdkoswiecim.pl\/#website\",\"url\":\"https:\/\/mdkoswiecim.pl\/\",\"name\":\"MDK\",\"description\":\"M\\u0142odzie\\u017cowy Dom Kultury w O\\u015bwi\\u0119cimiu\",\"potentialAction\":[{\"@type\":\"SearchAction\",\"target\":\"https:\/\/mdkoswiecim.pl\/?s={search_term_string}\",\"query-input\":\"required name=search_term_string\"}],\"inLanguage\":\"pl-PL\"},{\"@type\":\"ImageObject\",\"@id\":\"https:\/\/mdkoswiecim.pl\/index.php\/2021\/10\/12\/mdk-partnerem-ogolnopolskiej-akcji-rozowa-skrzyneczka\/#primaryimage\",\"inLanguage\":\"pl-PL\",\"url\":\"https:\/\/mdkoswiecim.pl\/wp-content\/uploads\/2021\/10\/rozowa-skrzyneczka-1024x768-1.jpg\",\"contentUrl\":\"https:\/\/mdkoswiecim.pl\/wp-content\/uploads\/2021\/10\/rozowa-skrzyneczka-1024x768-1.jpg\",\"width\":1024,\"height\":768},{\"@type\":\"WebPage\",\"@id\":\"https:\/\/mdkoswiecim.pl\/index.php\/2021\/10\/12\/mdk-partnerem-ogolnopolskiej-akcji-rozowa-skrzyneczka\/#webpage\",\"url\":\"https:\/\/mdkoswiecim.pl\/index.php\/2021\/10\/12\/mdk-partnerem-ogolnopolskiej-akcji-rozowa-skrzyneczka\/\",\"name\":\"MDK partnerem og\\u00f3lnopolskiej akcji \\\"R\\u00f3\\u017cowa skrzyneczka\\\". - MDK\",\"isPartOf\":{\"@id\":\"https:\/\/mdkoswiecim.pl\/#website\"},\"primaryImageOfPage\":{\"@id\":\"https:\/\/mdkoswiecim.pl\/index.php\/2021\/10\/12\/mdk-partnerem-ogolnopolskiej-akcji-rozowa-skrzyneczka\/#primaryimage\"},\"datePublished\":\"2021-10-12T11:23:20+00:00\",\"dateModified\":\"2021-10-12T11:23:23+00:00\",\"author\":{\"@id\":\"https:\/\/mdkoswiecim.pl\/#\/schema\/person\/de4e1c3f9f9805d4834a83cd933e83a4\"},\"breadcrumb\":{\"@id\":\"https:\/\/mdkoswiecim.pl\/index.php\/2021\/10\/12\/mdk-partnerem-ogolnopolskiej-akcji-rozowa-skrzyneczka\/#breadcrumb\"},\"inLanguage\":\"pl-PL\",\"potentialAction\":[{\"@type\":\"ReadAction\",\"target\":[\"https:\/\/mdkoswiecim.pl\/index.php\/2021\/10\/12\/mdk-partnerem-ogolnopolskiej-akcji-rozowa-skrzyneczka\/\"]}]},{\"@type\":\"BreadcrumbList\",\"@id\":\"https:\/\/mdkoswiecim.pl\/index.php\/2021\/10\/12\/mdk-partnerem-ogolnopolskiej-akcji-rozowa-skrzyneczka\/#breadcrumb\",\"itemListElement\":[{\"@type\":\"ListItem\",\"position\":1,\"item\":{\"@type\":\"WebPage\",\"@id\":\"https:\/\/mdkoswiecim.pl\/\",\"url\":\"https:\/\/mdkoswiecim.pl\/\",\"name\":\"Strona g\\u0142\\u00f3wna\"}},{\"@type\":\"ListItem\",\"position\":2,\"item\":{\"@type\":\"WebPage\",\"@id\":\"https:\/\/mdkoswiecim.pl\/index.php\/2021\/10\/12\/mdk-partnerem-ogolnopolskiej-akcji-rozowa-skrzyneczka\/\",\"url\":\"https:\/\/mdkoswiecim.pl\/index.php\/2021\/10\/12\/mdk-partnerem-ogolnopolskiej-akcji-rozowa-skrzyneczka\/\",\"name\":\"MDK partnerem og\\u00f3lnopolskiej akcji &#8220;R\\u00f3\\u017cowa skrzyneczka&#8221;.\"}}]},{\"@type\":\"Person\",\"@id\":\"https:\/\/mdkoswiecim.pl\/#\/schema\/person\/de4e1c3f9f9805d4834a83cd933e83a4\",\"name\":\"janusz.majcherek\",\"image\":{\"@type\":\"ImageObject\",\"@id\":\"https:\/\/mdkoswiecim.pl\/#personlogo\",\"inLanguage\":\"pl-PL\",\"url\":\"https:\/\/secure.gravatar.com\/avatar\/841ee0bdfc0ec9800cdb49de086063cd2bdca44d52221b7fee4d6a2db5eafb17?s=96&d=mm&r=g\",\"contentUrl\":\"https:\/\/secure.gravatar.com\/avatar\/841ee0bdfc0ec9800cdb49de086063cd2bdca44d52221b7fee4d6a2db5eafb17?s=96&d=mm&r=g\",\"caption\":\"janusz.majcherek\"}}]}<\/script>\n<!-- \/ Yoast SEO plugin. -->","_links":{"self":[{"href":"https:\/\/mdkoswiecim.pl\/index.php\/wp-json\/wp\/v2\/posts\/14630","targetHints":{"allow":["GET"]}}],"collection":[{"href":"https:\/\/mdkoswiecim.pl\/index.php\/wp-json\/wp\/v2\/posts"}],"about":[{"href":"https:\/\/mdkoswiecim.pl\/index.php\/wp-json\/wp\/v2\/types\/post"}],"author":[{"embeddable":true,"href":"https:\/\/mdkoswiecim.pl\/index.php\/wp-json\/wp\/v2\/users\/2"}],"replies":[{"embeddable":true,"href":"https:\/\/mdkoswiecim.pl\/index.php\/wp-json\/wp\/v2\/comments?post=14630"}],"version-history":[{"count":1,"href":"https:\/\/mdkoswiecim.pl\/index.php\/wp-json\/wp\/v2\/posts\/14630\/revisions"}],"predecessor-version":[{"id":14633,"href":"https:\/\/mdkoswiecim.pl\/index.php\/wp-json\/wp\/v2\/posts\/14630\/revisions\/14633"}],"wp:featuredmedia":[{"embeddable":true,"href":"https:\/\/mdkoswiecim.pl\/index.php\/wp-json\/wp\/v2\/media\/14631"}],"wp:attachment":[{"href":"https:\/\/mdkoswiecim.pl\/index.php\/wp-json\/wp\/v2\/media?parent=14630"}],"wp:term":[{"taxonomy":"category","embeddable":true,"href":"https:\/\/mdkoswiecim.pl\/index.php\/wp-json\/wp\/v2\/categories?post=14630"},{"taxonomy":"post_tag","embeddable":true,"href":"https:\/\/mdkoswiecim.pl\/index.php\/wp-json\/wp\/v2\/tags?post=14630"}],"curies":[{"name":"wp","href":"https:\/\/api.w.org\/{rel}","templated":true}]}}