{"id":14611,"date":"2021-10-08T10:44:12","date_gmt":"2021-10-08T08:44:12","guid":{"rendered":"https:\/\/mdkoswiecim.pl\/?p=14611"},"modified":"2021-10-08T10:54:14","modified_gmt":"2021-10-08T08:54:14","slug":"synthos-inwestuje-w-kulture","status":"publish","type":"post","link":"https:\/\/mdkoswiecim.pl\/index.php\/2021\/10\/08\/synthos-inwestuje-w-kulture\/","title":{"rendered":"SYNTHOS INWESTUJE W KULTUR\u0118"},"content":{"rendered":"\n<p>Z ogromn\u0105 przyjemno\u015bci\u0105 informujemy, \u017ce w \u015brod\u0119 6 pa\u017adziernika Prezes Zarz\u0105du Grupy Synthos, pan Zbigniew Warmuz,  przekaza\u0142 na r\u0119ce dyrektor MDK, pani Aliny Kwarciak, 6 laptop\u00f3w Lenovo ufundowanych przez Zarz\u0105d Grupy Synthos. Jednocze\u015bnie bud\u017cet M\u0142odzie\u017cowego Domu Kultury w O\u015bwi\u0119cimiu, dzi\u0119ki szczodro\u015bci ofiarodawc\u00f3w, zosta\u0142 wzbogacony o 10.000 z\u0142. \u015arodki finansowe zostan\u0105 wydatkowane na cele statutowe plac\u00f3wki, mi\u0119dzy innymi na nagrody dla zwyci\u0119zc\u00f3w konkurs\u00f3w organizowanych przez MDK, czy pomoce dydaktyczne, wykorzystywane w czasie zaj\u0119\u0107. Dzi\u0119ki laptopom nasza oferta zostanie wzbogacona o zaj\u0119cia z grafiki komputerowej. <\/p>\n\n\n\n<p>Dyrektor MDK sk\u0142ada gor\u0105ce podzi\u0119kowania panu Zbigniewowi Warmuzowi, Prezesowi Zarz\u0105du Grupy Synthos oraz Cz\u0142onkom Zarz\u0105du Grupy Synthos za ciep\u0142e s\u0142owa, okazan\u0105 sympati\u0119 oraz gest, dzi\u0119ki kt\u00f3remu M\u0142odzie\u017cowy Dom Kultury mo\u017ce w bardziej atrakcyjny spos\u00f3b &#8220;wkr\u0119ca\u0107 dzieci i m\u0142odzie\u017c w kultur\u0119&#8221;.<\/p>\n\n\n\n<figure class=\"wp-block-gallery columns-3 is-cropped wp-block-gallery-1 is-layout-flex wp-block-gallery-is-layout-flex\"><ul class=\"blocks-gallery-grid\"><li class=\"blocks-gallery-item\"><figure><a href=\"https:\/\/mdkoswiecim.pl\/wp-content\/uploads\/2021\/10\/DSC_8373-scaled.jpg\"><img loading=\"lazy\" decoding=\"async\" width=\"1024\" height=\"835\" src=\"https:\/\/mdkoswiecim.pl\/wp-content\/uploads\/2021\/10\/DSC_8373-1024x835.jpg\" alt=\"\" data-id=\"14612\" data-full-url=\"https:\/\/mdkoswiecim.pl\/wp-content\/uploads\/2021\/10\/DSC_8373-scaled.jpg\" data-link=\"https:\/\/mdkoswiecim.pl\/?attachment_id=14612\" class=\"wp-image-14612\" srcset=\"https:\/\/mdkoswiecim.pl\/wp-content\/uploads\/2021\/10\/DSC_8373-1024x835.jpg 1024w, https:\/\/mdkoswiecim.pl\/wp-content\/uploads\/2021\/10\/DSC_8373-300x245.jpg 300w, https:\/\/mdkoswiecim.pl\/wp-content\/uploads\/2021\/10\/DSC_8373-768x626.jpg 768w, https:\/\/mdkoswiecim.pl\/wp-content\/uploads\/2021\/10\/DSC_8373-1536x1253.jpg 1536w, https:\/\/mdkoswiecim.pl\/wp-content\/uploads\/2021\/10\/DSC_8373-2048x1670.jpg 2048w\" sizes=\"auto, (max-width: 1024px) 100vw, 1024px\" \/><\/a><\/figure><\/li><li class=\"blocks-gallery-item\"><figure><a href=\"https:\/\/mdkoswiecim.pl\/wp-content\/uploads\/2021\/10\/DSC_8389-scaled.jpg\"><img loading=\"lazy\" decoding=\"async\" width=\"1024\" height=\"681\" src=\"https:\/\/mdkoswiecim.pl\/wp-content\/uploads\/2021\/10\/DSC_8389-1024x681.jpg\" alt=\"\" data-id=\"14614\" data-full-url=\"https:\/\/mdkoswiecim.pl\/wp-content\/uploads\/2021\/10\/DSC_8389-scaled.jpg\" data-link=\"https:\/\/mdkoswiecim.pl\/?attachment_id=14614\" class=\"wp-image-14614\" srcset=\"https:\/\/mdkoswiecim.pl\/wp-content\/uploads\/2021\/10\/DSC_8389-1024x681.jpg 1024w, https:\/\/mdkoswiecim.pl\/wp-content\/uploads\/2021\/10\/DSC_8389-300x200.jpg 300w, https:\/\/mdkoswiecim.pl\/wp-content\/uploads\/2021\/10\/DSC_8389-768x511.jpg 768w, https:\/\/mdkoswiecim.pl\/wp-content\/uploads\/2021\/10\/DSC_8389-1536x1022.jpg 1536w, https:\/\/mdkoswiecim.pl\/wp-content\/uploads\/2021\/10\/DSC_8389-2048x1363.jpg 2048w\" sizes=\"auto, (max-width: 1024px) 100vw, 1024px\" \/><\/a><\/figure><\/li><li class=\"blocks-gallery-item\"><figure><a href=\"https:\/\/mdkoswiecim.pl\/wp-content\/uploads\/2021\/10\/DSC_8385-scaled.jpg\"><img loading=\"lazy\" decoding=\"async\" width=\"1024\" height=\"792\" src=\"https:\/\/mdkoswiecim.pl\/wp-content\/uploads\/2021\/10\/DSC_8385-1024x792.jpg\" alt=\"\" data-id=\"14615\" data-full-url=\"https:\/\/mdkoswiecim.pl\/wp-content\/uploads\/2021\/10\/DSC_8385-scaled.jpg\" data-link=\"https:\/\/mdkoswiecim.pl\/?attachment_id=14615\" class=\"wp-image-14615\" srcset=\"https:\/\/mdkoswiecim.pl\/wp-content\/uploads\/2021\/10\/DSC_8385-1024x792.jpg 1024w, https:\/\/mdkoswiecim.pl\/wp-content\/uploads\/2021\/10\/DSC_8385-300x232.jpg 300w, https:\/\/mdkoswiecim.pl\/wp-content\/uploads\/2021\/10\/DSC_8385-768x594.jpg 768w, https:\/\/mdkoswiecim.pl\/wp-content\/uploads\/2021\/10\/DSC_8385-1536x1188.jpg 1536w, https:\/\/mdkoswiecim.pl\/wp-content\/uploads\/2021\/10\/DSC_8385-2048x1584.jpg 2048w\" sizes=\"auto, (max-width: 1024px) 100vw, 1024px\" \/><\/a><\/figure><\/li><li class=\"blocks-gallery-item\"><figure><a href=\"https:\/\/mdkoswiecim.pl\/wp-content\/uploads\/2021\/10\/logo_SYNTHOS_RGB.png\"><img loading=\"lazy\" decoding=\"async\" width=\"1024\" height=\"345\" src=\"https:\/\/mdkoswiecim.pl\/wp-content\/uploads\/2021\/10\/logo_SYNTHOS_RGB-1024x345.png\" alt=\"\" data-id=\"14606\" data-full-url=\"https:\/\/mdkoswiecim.pl\/wp-content\/uploads\/2021\/10\/logo_SYNTHOS_RGB.png\" data-link=\"https:\/\/mdkoswiecim.pl\/index.php\/2021\/10\/04\/viii-powiatowy-turniej-szachowy-za-nami\/logo_synthos_rgb\/\" class=\"wp-image-14606\" srcset=\"https:\/\/mdkoswiecim.pl\/wp-content\/uploads\/2021\/10\/logo_SYNTHOS_RGB-1024x345.png 1024w, https:\/\/mdkoswiecim.pl\/wp-content\/uploads\/2021\/10\/logo_SYNTHOS_RGB-300x101.png 300w, https:\/\/mdkoswiecim.pl\/wp-content\/uploads\/2021\/10\/logo_SYNTHOS_RGB-768x259.png 768w, https:\/\/mdkoswiecim.pl\/wp-content\/uploads\/2021\/10\/logo_SYNTHOS_RGB.png 1286w\" sizes=\"auto, (max-width: 1024px) 100vw, 1024px\" \/><\/a><\/figure><\/li><\/ul><\/figure>\n","protected":false},"excerpt":{"rendered":"<p>Z ogromn\u0105 przyjemno\u015bci\u0105 informujemy, \u017ce w \u015brod\u0119 6 pa\u017adziernika Prezes Zarz\u0105du Grupy Synthos, pan Zbigniew Warmuz, przekaza\u0142 na r\u0119ce dyrektor MDK, pani Aliny Kwarciak, 6 laptop\u00f3w Lenovo ufundowanych przez Zarz\u0105d Grupy Synthos. Jednocze\u015bnie bud\u017cet M\u0142odzie\u017cowego Domu Kultury w O\u015bwi\u0119cimiu, dzi\u0119ki szczodro\u015bci ofiarodawc\u00f3w, zosta\u0142 wzbogacony o 10.000 z\u0142. \u015arodki finansowe zostan\u0105 wydatkowane na cele statutowe plac\u00f3wki, [&hellip;]<\/p>\n","protected":false},"author":3,"featured_media":14615,"comment_status":"closed","ping_status":"open","sticky":false,"template":"","format":"standard","meta":{"footnotes":""},"categories":[108],"tags":[],"class_list":["post-14611","post","type-post","status-publish","format-standard","has-post-thumbnail","hentry","category-aktualnosci"],"yoast_head":"<!-- This site is optimized with the Yoast SEO plugin v16.1.1 - https:\/\/yoast.com\/wordpress\/plugins\/seo\/ -->\n<title>SYNTHOS INWESTUJE W KULTUR\u0118 - MDK<\/title>\n<link rel=\"canonical\" href=\"https:\/\/mdkoswiecim.pl\/index.php\/2021\/10\/08\/synthos-inwestuje-w-kulture\/\" \/>\n<meta property=\"og:locale\" content=\"pl_PL\" \/>\n<meta property=\"og:type\" content=\"article\" \/>\n<meta property=\"og:title\" content=\"SYNTHOS INWESTUJE W KULTUR\u0118 - MDK\" \/>\n<meta property=\"og:description\" content=\"Z ogromn\u0105 przyjemno\u015bci\u0105 informujemy, \u017ce w \u015brod\u0119 6 pa\u017adziernika Prezes Zarz\u0105du Grupy Synthos, pan Zbigniew Warmuz, przekaza\u0142 na r\u0119ce dyrektor MDK, pani Aliny Kwarciak, 6 laptop\u00f3w Lenovo ufundowanych przez Zarz\u0105d Grupy Synthos. Jednocze\u015bnie bud\u017cet M\u0142odzie\u017cowego Domu Kultury w O\u015bwi\u0119cimiu, dzi\u0119ki szczodro\u015bci ofiarodawc\u00f3w, zosta\u0142 wzbogacony o 10.000 z\u0142. \u015arodki finansowe zostan\u0105 wydatkowane na cele statutowe plac\u00f3wki, [&hellip;]\" \/>\n<meta property=\"og:url\" content=\"https:\/\/mdkoswiecim.pl\/index.php\/2021\/10\/08\/synthos-inwestuje-w-kulture\/\" \/>\n<meta property=\"og:site_name\" content=\"MDK\" \/>\n<meta property=\"article:published_time\" content=\"2021-10-08T08:44:12+00:00\" \/>\n<meta property=\"article:modified_time\" content=\"2021-10-08T08:54:14+00:00\" \/>\n<meta property=\"og:image\" content=\"https:\/\/mdkoswiecim.pl\/wp-content\/uploads\/2021\/10\/DSC_8385-scaled.jpg\" \/>\n\t<meta property=\"og:image:width\" content=\"2560\" \/>\n\t<meta property=\"og:image:height\" content=\"1980\" \/>\n<meta name=\"twitter:card\" content=\"summary_large_image\" \/>\n<meta name=\"twitter:label1\" content=\"Szacowany czas czytania\">\n\t<meta name=\"twitter:data1\" content=\"2 minuty\">\n<script type=\"application\/ld+json\" class=\"yoast-schema-graph\">{\"@context\":\"https:\/\/schema.org\",\"@graph\":[{\"@type\":\"WebSite\",\"@id\":\"https:\/\/mdkoswiecim.pl\/#website\",\"url\":\"https:\/\/mdkoswiecim.pl\/\",\"name\":\"MDK\",\"description\":\"M\\u0142odzie\\u017cowy Dom Kultury w O\\u015bwi\\u0119cimiu\",\"potentialAction\":[{\"@type\":\"SearchAction\",\"target\":\"https:\/\/mdkoswiecim.pl\/?s={search_term_string}\",\"query-input\":\"required name=search_term_string\"}],\"inLanguage\":\"pl-PL\"},{\"@type\":\"ImageObject\",\"@id\":\"https:\/\/mdkoswiecim.pl\/index.php\/2021\/10\/08\/synthos-inwestuje-w-kulture\/#primaryimage\",\"inLanguage\":\"pl-PL\",\"url\":\"https:\/\/mdkoswiecim.pl\/wp-content\/uploads\/2021\/10\/DSC_8385-scaled.jpg\",\"contentUrl\":\"https:\/\/mdkoswiecim.pl\/wp-content\/uploads\/2021\/10\/DSC_8385-scaled.jpg\",\"width\":2560,\"height\":1980},{\"@type\":\"WebPage\",\"@id\":\"https:\/\/mdkoswiecim.pl\/index.php\/2021\/10\/08\/synthos-inwestuje-w-kulture\/#webpage\",\"url\":\"https:\/\/mdkoswiecim.pl\/index.php\/2021\/10\/08\/synthos-inwestuje-w-kulture\/\",\"name\":\"SYNTHOS INWESTUJE W KULTUR\\u0118 - MDK\",\"isPartOf\":{\"@id\":\"https:\/\/mdkoswiecim.pl\/#website\"},\"primaryImageOfPage\":{\"@id\":\"https:\/\/mdkoswiecim.pl\/index.php\/2021\/10\/08\/synthos-inwestuje-w-kulture\/#primaryimage\"},\"datePublished\":\"2021-10-08T08:44:12+00:00\",\"dateModified\":\"2021-10-08T08:54:14+00:00\",\"author\":{\"@id\":\"https:\/\/mdkoswiecim.pl\/#\/schema\/person\/d9c1081e4cfefcbccad7ec11fa250f7a\"},\"breadcrumb\":{\"@id\":\"https:\/\/mdkoswiecim.pl\/index.php\/2021\/10\/08\/synthos-inwestuje-w-kulture\/#breadcrumb\"},\"inLanguage\":\"pl-PL\",\"potentialAction\":[{\"@type\":\"ReadAction\",\"target\":[\"https:\/\/mdkoswiecim.pl\/index.php\/2021\/10\/08\/synthos-inwestuje-w-kulture\/\"]}]},{\"@type\":\"BreadcrumbList\",\"@id\":\"https:\/\/mdkoswiecim.pl\/index.php\/2021\/10\/08\/synthos-inwestuje-w-kulture\/#breadcrumb\",\"itemListElement\":[{\"@type\":\"ListItem\",\"position\":1,\"item\":{\"@type\":\"WebPage\",\"@id\":\"https:\/\/mdkoswiecim.pl\/\",\"url\":\"https:\/\/mdkoswiecim.pl\/\",\"name\":\"Strona g\\u0142\\u00f3wna\"}},{\"@type\":\"ListItem\",\"position\":2,\"item\":{\"@type\":\"WebPage\",\"@id\":\"https:\/\/mdkoswiecim.pl\/index.php\/2021\/10\/08\/synthos-inwestuje-w-kulture\/\",\"url\":\"https:\/\/mdkoswiecim.pl\/index.php\/2021\/10\/08\/synthos-inwestuje-w-kulture\/\",\"name\":\"SYNTHOS INWESTUJE W KULTUR\\u0118\"}}]},{\"@type\":\"Person\",\"@id\":\"https:\/\/mdkoswiecim.pl\/#\/schema\/person\/d9c1081e4cfefcbccad7ec11fa250f7a\",\"name\":\"alina.kwarciak\",\"image\":{\"@type\":\"ImageObject\",\"@id\":\"https:\/\/mdkoswiecim.pl\/#personlogo\",\"inLanguage\":\"pl-PL\",\"url\":\"https:\/\/secure.gravatar.com\/avatar\/cce8f640650bbd69c0efc0afd2dddb7945a94129b978796401e58cac1eb8b87b?s=96&d=mm&r=g\",\"contentUrl\":\"https:\/\/secure.gravatar.com\/avatar\/cce8f640650bbd69c0efc0afd2dddb7945a94129b978796401e58cac1eb8b87b?s=96&d=mm&r=g\",\"caption\":\"alina.kwarciak\"}}]}<\/script>\n<!-- \/ Yoast SEO plugin. -->","_links":{"self":[{"href":"https:\/\/mdkoswiecim.pl\/index.php\/wp-json\/wp\/v2\/posts\/14611","targetHints":{"allow":["GET"]}}],"collection":[{"href":"https:\/\/mdkoswiecim.pl\/index.php\/wp-json\/wp\/v2\/posts"}],"about":[{"href":"https:\/\/mdkoswiecim.pl\/index.php\/wp-json\/wp\/v2\/types\/post"}],"author":[{"embeddable":true,"href":"https:\/\/mdkoswiecim.pl\/index.php\/wp-json\/wp\/v2\/users\/3"}],"replies":[{"embeddable":true,"href":"https:\/\/mdkoswiecim.pl\/index.php\/wp-json\/wp\/v2\/comments?post=14611"}],"version-history":[{"count":2,"href":"https:\/\/mdkoswiecim.pl\/index.php\/wp-json\/wp\/v2\/posts\/14611\/revisions"}],"predecessor-version":[{"id":14617,"href":"https:\/\/mdkoswiecim.pl\/index.php\/wp-json\/wp\/v2\/posts\/14611\/revisions\/14617"}],"wp:featuredmedia":[{"embeddable":true,"href":"https:\/\/mdkoswiecim.pl\/index.php\/wp-json\/wp\/v2\/media\/14615"}],"wp:attachment":[{"href":"https:\/\/mdkoswiecim.pl\/index.php\/wp-json\/wp\/v2\/media?parent=14611"}],"wp:term":[{"taxonomy":"category","embeddable":true,"href":"https:\/\/mdkoswiecim.pl\/index.php\/wp-json\/wp\/v2\/categories?post=14611"},{"taxonomy":"post_tag","embeddable":true,"href":"https:\/\/mdkoswiecim.pl\/index.php\/wp-json\/wp\/v2\/tags?post=14611"}],"curies":[{"name":"wp","href":"https:\/\/api.w.org\/{rel}","templated":true}]}}