{"id":14557,"date":"2021-09-29T18:47:40","date_gmt":"2021-09-29T16:47:40","guid":{"rendered":"https:\/\/mdkoswiecim.pl\/?p=14557"},"modified":"2021-10-02T18:56:14","modified_gmt":"2021-10-02T16:56:14","slug":"nagrodzeni-w-konkursie-rzezbiarskim-podroz-w-poszukiwaniu-siebie","status":"publish","type":"post","link":"https:\/\/mdkoswiecim.pl\/index.php\/2021\/09\/29\/nagrodzeni-w-konkursie-rzezbiarskim-podroz-w-poszukiwaniu-siebie\/","title":{"rendered":"NAGRODZENI W KONKURSIE RZE\u0179BIARSKIM &#8220;PODR\u00d3\u017b W POSZUKIWANIU SIEBIE&#8221;"},"content":{"rendered":"\n<p>22 pa\u017adziernika 2021 roku w galerii &#8220;Tyle \u015bwiat\u00f3w&#8221; O\u015bwi\u0119cimskiego Centrum Kultury odby\u0142o si\u0119 podsumowanie konkursu i  otwarcie pokonkursowej wystawy I Konkursu Rze\u017abiarskiego Ziemi O\u015bwi\u0119cimskiej &#8220;Podr\u00f3\u017c w poszukiwaniu siebie&#8221;, zorganizowanego przez Laboratorium Sztuki w O\u015bwi\u0119cimiu, we wsp\u00f3\u0142pracy z O\u015bwi\u0119cimskim Centrum Kultury.<strong><br><br><\/strong>Konkurs odbywa\u0142 si\u0119 w dniach 17-19 wrze\u015bnia 2021 roku w O\u015bwi\u0119cimskim Centrum Kultury w trzech kategoriach wiekowych &#8211; uczni\u00f3w szk\u00f3\u0142 podstawowych klas IV-VI i VII-VIII oraz szk\u00f3\u0142 ponadpodstawowych.<\/p>\n\n\n\n<p>W\u015br\u00f3d nagrodzonych znale\u017ali si\u0119 te\u017c uczestnicy zaj\u0119\u0107 M\u0142odzie\u017cowego Domu Kultury w O\u015bwi\u0119cimiu:<\/p>\n\n\n\n<p><strong>Nagroda W\u00f3jta Gminy O\u015bwi\u0119cim<\/strong> &#8211; Kalina Smrek <\/p>\n\n\n\n<p><strong>Kategoria wiekowa \u2013 uczniowie klas IV\u2013VI<\/strong>: <strong>wyr\u00f3\u017cnienie<\/strong> &#8211; Alicja Janik<\/p>\n\n\n\n<p><strong>Kategoria wiekowa \u2013 uczniowie szk\u00f3\u0142 ponadpodstawowych<\/strong>:<strong> wyr\u00f3\u017cnienie<\/strong> &#8211; Wiktoria Chylaszek<\/p>\n\n\n\n<p><strong>Wyr\u00f3\u017cnienie przez kwalifikacj\u0119 do wystawy<\/strong>: Joanna Janik, Marta Brz\u0119k, Karolina D\u0105bro\u015b<\/p>\n\n\n\n<p>NAGRODZONYM GRATULUJEMY \ud83d\ude42<\/p>\n","protected":false},"excerpt":{"rendered":"<p>22 pa\u017adziernika 2021 roku w galerii &#8220;Tyle \u015bwiat\u00f3w&#8221; O\u015bwi\u0119cimskiego Centrum Kultury odby\u0142o si\u0119 podsumowanie konkursu i otwarcie pokonkursowej wystawy I Konkursu Rze\u017abiarskiego Ziemi O\u015bwi\u0119cimskiej &#8220;Podr\u00f3\u017c w poszukiwaniu siebie&#8221;, zorganizowanego przez Laboratorium Sztuki w O\u015bwi\u0119cimiu, we wsp\u00f3\u0142pracy z O\u015bwi\u0119cimskim Centrum Kultury. Konkurs odbywa\u0142 si\u0119 w dniach 17-19 wrze\u015bnia 2021 roku w O\u015bwi\u0119cimskim Centrum Kultury w trzech [&hellip;]<\/p>\n","protected":false},"author":3,"featured_media":14558,"comment_status":"closed","ping_status":"open","sticky":false,"template":"","format":"standard","meta":{"footnotes":""},"categories":[108],"tags":[],"class_list":["post-14557","post","type-post","status-publish","format-standard","has-post-thumbnail","hentry","category-aktualnosci"],"yoast_head":"<!-- This site is optimized with the Yoast SEO plugin v16.1.1 - https:\/\/yoast.com\/wordpress\/plugins\/seo\/ -->\n<title>NAGRODZENI W KONKURSIE RZE\u0179BIARSKIM &quot;PODR\u00d3\u017b W POSZUKIWANIU SIEBIE&quot; - MDK<\/title>\n<link rel=\"canonical\" href=\"https:\/\/mdkoswiecim.pl\/index.php\/2021\/09\/29\/nagrodzeni-w-konkursie-rzezbiarskim-podroz-w-poszukiwaniu-siebie\/\" \/>\n<meta property=\"og:locale\" content=\"pl_PL\" \/>\n<meta property=\"og:type\" content=\"article\" \/>\n<meta property=\"og:title\" content=\"NAGRODZENI W KONKURSIE RZE\u0179BIARSKIM &quot;PODR\u00d3\u017b W POSZUKIWANIU SIEBIE&quot; - MDK\" \/>\n<meta property=\"og:description\" content=\"22 pa\u017adziernika 2021 roku w galerii &#8220;Tyle \u015bwiat\u00f3w&#8221; O\u015bwi\u0119cimskiego Centrum Kultury odby\u0142o si\u0119 podsumowanie konkursu i otwarcie pokonkursowej wystawy I Konkursu Rze\u017abiarskiego Ziemi O\u015bwi\u0119cimskiej &#8220;Podr\u00f3\u017c w poszukiwaniu siebie&#8221;, zorganizowanego przez Laboratorium Sztuki w O\u015bwi\u0119cimiu, we wsp\u00f3\u0142pracy z O\u015bwi\u0119cimskim Centrum Kultury. Konkurs odbywa\u0142 si\u0119 w dniach 17-19 wrze\u015bnia 2021 roku w O\u015bwi\u0119cimskim Centrum Kultury w trzech [&hellip;]\" \/>\n<meta property=\"og:url\" content=\"https:\/\/mdkoswiecim.pl\/index.php\/2021\/09\/29\/nagrodzeni-w-konkursie-rzezbiarskim-podroz-w-poszukiwaniu-siebie\/\" \/>\n<meta property=\"og:site_name\" content=\"MDK\" \/>\n<meta property=\"article:published_time\" content=\"2021-09-29T16:47:40+00:00\" \/>\n<meta property=\"article:modified_time\" content=\"2021-10-02T16:56:14+00:00\" \/>\n<meta property=\"og:image\" content=\"https:\/\/mdkoswiecim.pl\/wp-content\/uploads\/2021\/09\/g6686d-e1632934026909.jpg\" \/>\n\t<meta property=\"og:image:width\" content=\"421\" \/>\n\t<meta property=\"og:image:height\" content=\"238\" \/>\n<meta name=\"twitter:card\" content=\"summary_large_image\" \/>\n<meta name=\"twitter:label1\" content=\"Szacowany czas czytania\">\n\t<meta name=\"twitter:data1\" content=\"1 minuta\">\n<script type=\"application\/ld+json\" class=\"yoast-schema-graph\">{\"@context\":\"https:\/\/schema.org\",\"@graph\":[{\"@type\":\"WebSite\",\"@id\":\"https:\/\/mdkoswiecim.pl\/#website\",\"url\":\"https:\/\/mdkoswiecim.pl\/\",\"name\":\"MDK\",\"description\":\"M\\u0142odzie\\u017cowy Dom Kultury w O\\u015bwi\\u0119cimiu\",\"potentialAction\":[{\"@type\":\"SearchAction\",\"target\":\"https:\/\/mdkoswiecim.pl\/?s={search_term_string}\",\"query-input\":\"required name=search_term_string\"}],\"inLanguage\":\"pl-PL\"},{\"@type\":\"ImageObject\",\"@id\":\"https:\/\/mdkoswiecim.pl\/index.php\/2021\/09\/29\/nagrodzeni-w-konkursie-rzezbiarskim-podroz-w-poszukiwaniu-siebie\/#primaryimage\",\"inLanguage\":\"pl-PL\",\"url\":\"https:\/\/mdkoswiecim.pl\/wp-content\/uploads\/2021\/09\/g6686d-e1632934026909.jpg\",\"contentUrl\":\"https:\/\/mdkoswiecim.pl\/wp-content\/uploads\/2021\/09\/g6686d-e1632934026909.jpg\",\"width\":421,\"height\":238},{\"@type\":\"WebPage\",\"@id\":\"https:\/\/mdkoswiecim.pl\/index.php\/2021\/09\/29\/nagrodzeni-w-konkursie-rzezbiarskim-podroz-w-poszukiwaniu-siebie\/#webpage\",\"url\":\"https:\/\/mdkoswiecim.pl\/index.php\/2021\/09\/29\/nagrodzeni-w-konkursie-rzezbiarskim-podroz-w-poszukiwaniu-siebie\/\",\"name\":\"NAGRODZENI W KONKURSIE RZE\\u0179BIARSKIM \\\"PODR\\u00d3\\u017b W POSZUKIWANIU SIEBIE\\\" - MDK\",\"isPartOf\":{\"@id\":\"https:\/\/mdkoswiecim.pl\/#website\"},\"primaryImageOfPage\":{\"@id\":\"https:\/\/mdkoswiecim.pl\/index.php\/2021\/09\/29\/nagrodzeni-w-konkursie-rzezbiarskim-podroz-w-poszukiwaniu-siebie\/#primaryimage\"},\"datePublished\":\"2021-09-29T16:47:40+00:00\",\"dateModified\":\"2021-10-02T16:56:14+00:00\",\"author\":{\"@id\":\"https:\/\/mdkoswiecim.pl\/#\/schema\/person\/d9c1081e4cfefcbccad7ec11fa250f7a\"},\"breadcrumb\":{\"@id\":\"https:\/\/mdkoswiecim.pl\/index.php\/2021\/09\/29\/nagrodzeni-w-konkursie-rzezbiarskim-podroz-w-poszukiwaniu-siebie\/#breadcrumb\"},\"inLanguage\":\"pl-PL\",\"potentialAction\":[{\"@type\":\"ReadAction\",\"target\":[\"https:\/\/mdkoswiecim.pl\/index.php\/2021\/09\/29\/nagrodzeni-w-konkursie-rzezbiarskim-podroz-w-poszukiwaniu-siebie\/\"]}]},{\"@type\":\"BreadcrumbList\",\"@id\":\"https:\/\/mdkoswiecim.pl\/index.php\/2021\/09\/29\/nagrodzeni-w-konkursie-rzezbiarskim-podroz-w-poszukiwaniu-siebie\/#breadcrumb\",\"itemListElement\":[{\"@type\":\"ListItem\",\"position\":1,\"item\":{\"@type\":\"WebPage\",\"@id\":\"https:\/\/mdkoswiecim.pl\/\",\"url\":\"https:\/\/mdkoswiecim.pl\/\",\"name\":\"Strona g\\u0142\\u00f3wna\"}},{\"@type\":\"ListItem\",\"position\":2,\"item\":{\"@type\":\"WebPage\",\"@id\":\"https:\/\/mdkoswiecim.pl\/index.php\/2021\/09\/29\/nagrodzeni-w-konkursie-rzezbiarskim-podroz-w-poszukiwaniu-siebie\/\",\"url\":\"https:\/\/mdkoswiecim.pl\/index.php\/2021\/09\/29\/nagrodzeni-w-konkursie-rzezbiarskim-podroz-w-poszukiwaniu-siebie\/\",\"name\":\"NAGRODZENI W KONKURSIE RZE\\u0179BIARSKIM &#8220;PODR\\u00d3\\u017b W POSZUKIWANIU SIEBIE&#8221;\"}}]},{\"@type\":\"Person\",\"@id\":\"https:\/\/mdkoswiecim.pl\/#\/schema\/person\/d9c1081e4cfefcbccad7ec11fa250f7a\",\"name\":\"alina.kwarciak\",\"image\":{\"@type\":\"ImageObject\",\"@id\":\"https:\/\/mdkoswiecim.pl\/#personlogo\",\"inLanguage\":\"pl-PL\",\"url\":\"https:\/\/secure.gravatar.com\/avatar\/cce8f640650bbd69c0efc0afd2dddb7945a94129b978796401e58cac1eb8b87b?s=96&d=mm&r=g\",\"contentUrl\":\"https:\/\/secure.gravatar.com\/avatar\/cce8f640650bbd69c0efc0afd2dddb7945a94129b978796401e58cac1eb8b87b?s=96&d=mm&r=g\",\"caption\":\"alina.kwarciak\"}}]}<\/script>\n<!-- \/ Yoast SEO plugin. -->","_links":{"self":[{"href":"https:\/\/mdkoswiecim.pl\/index.php\/wp-json\/wp\/v2\/posts\/14557","targetHints":{"allow":["GET"]}}],"collection":[{"href":"https:\/\/mdkoswiecim.pl\/index.php\/wp-json\/wp\/v2\/posts"}],"about":[{"href":"https:\/\/mdkoswiecim.pl\/index.php\/wp-json\/wp\/v2\/types\/post"}],"author":[{"embeddable":true,"href":"https:\/\/mdkoswiecim.pl\/index.php\/wp-json\/wp\/v2\/users\/3"}],"replies":[{"embeddable":true,"href":"https:\/\/mdkoswiecim.pl\/index.php\/wp-json\/wp\/v2\/comments?post=14557"}],"version-history":[{"count":2,"href":"https:\/\/mdkoswiecim.pl\/index.php\/wp-json\/wp\/v2\/posts\/14557\/revisions"}],"predecessor-version":[{"id":14571,"href":"https:\/\/mdkoswiecim.pl\/index.php\/wp-json\/wp\/v2\/posts\/14557\/revisions\/14571"}],"wp:featuredmedia":[{"embeddable":true,"href":"https:\/\/mdkoswiecim.pl\/index.php\/wp-json\/wp\/v2\/media\/14558"}],"wp:attachment":[{"href":"https:\/\/mdkoswiecim.pl\/index.php\/wp-json\/wp\/v2\/media?parent=14557"}],"wp:term":[{"taxonomy":"category","embeddable":true,"href":"https:\/\/mdkoswiecim.pl\/index.php\/wp-json\/wp\/v2\/categories?post=14557"},{"taxonomy":"post_tag","embeddable":true,"href":"https:\/\/mdkoswiecim.pl\/index.php\/wp-json\/wp\/v2\/tags?post=14557"}],"curies":[{"name":"wp","href":"https:\/\/api.w.org\/{rel}","templated":true}]}}